{"id":17924,"date":"2014-03-06T13:27:29","date_gmt":"2014-03-06T13:27:29","guid":{"rendered":"http:\/\/www.tvcnoticias.com.ar\/?p=17924"},"modified":"2014-03-06T13:27:29","modified_gmt":"2014-03-06T13:27:29","slug":"calido-recibimiento-de-la-cruz-de-san-damian-que-recorre-instituciones-de-la-comunidad-fotos-y-proximamente-video","status":"publish","type":"post","link":"https:\/\/www.celttv.com.ar\/index.php\/2014\/03\/06\/calido-recibimiento-de-la-cruz-de-san-damian-que-recorre-instituciones-de-la-comunidad-fotos-y-proximamente-video\/","title":{"rendered":"CALIDO RECIBIMIENTO DE LA CRUZ DE SAN DAMIAN QUE RECORRE INSTITUCIONES DE LA COMUNIDAD (Fotos y pr\u00f3ximamente video)"},"content":{"rendered":"<p><a rel=\"attachment wp-att-17973\" href=\"http:\/\/www.tvcnoticias.com.ar\/?attachment_id=17973\"><br \/>\n<img loading=\"lazy\" decoding=\"async\" class=\"aligncenter size-medium wp-image-17973\" title=\"DSC02478 (Small)\" src=\"http:\/\/www.tvcnoticias.com.ar\/wp-content\/uploads\/2014\/03\/DSC02478-Small-450x337.jpg\" alt=\"\" width=\"450\" height=\"337\" \/><\/a><br \/>\nUna importante cantidad de feligreses, autoridades, representantes de instituciones y alumnos del Colegio Nuestra Se\u00f1ora de Luj\u00e1n recibieron esta ma\u00f1ana la Cruz de San Damian bendecida por el Papa Francisco.<br \/>\nLa Cruz de San Damian arrib\u00f3 a Tornquist a las 08:30 hs. y fue esperada con aplausos en ingreso a la ciudad por Avda. Belgrano desde donde comenz\u00f3 su peregrinar por distintas instituciones de la comunidad.<br \/>\nLa procesi\u00f3n se desplaz\u00f3 por Avda. Belgrano hasta calle Italia, haciendo un alto en el Colegio Nuestra Se\u00f1ora de Luj\u00e1n donde era esperada por alumnos, docentes y miembros de la comunidad educativa del establecimiento.<br \/>\nHace algunos minutos lleg\u00f3 hasta el Cuartel de Bomberos Voluntarios de Tornquist, posteriormente la Comisar\u00eda local y luego estaba previsto el\u00a0Centro de D\u00eda, el\u00a0Hogar de Ni\u00f1os Saavedra Lamas el\u00a0\u00a0Hospital Municipal, el\u00a0Geri\u00e1trico del Hospital y el\u00a0Hogar de ancianos Adela Frizza.<br \/>\nA las 12:30 hs. ser\u00e1 celebrada Santa Misa en el Templo y durante la misma se entregar\u00e1n las cajas con las peticiones y agradecimientos de la comunidad.<\/p>\n","protected":false},"excerpt":{"rendered":"<p>Una importante cantidad de feligreses, autoridades, representantes de instituciones y alumnos del Colegio Nuestra Se\u00f1ora de Luj\u00e1n recibieron esta ma\u00f1ana la Cruz de San Damian bendecida por el Papa Francisco. La Cruz de San Damian arrib\u00f3 a Tornquist a las 08:30 hs. y fue esperada con aplausos en ingreso a la ciudad por Avda. Belgrano [&hellip;]<\/p>\n","protected":false},"author":1,"featured_media":0,"comment_status":"closed","ping_status":"open","sticky":false,"template":"","format":"standard","meta":{"footnotes":""},"categories":[51,52],"tags":[],"class_list":["post-17924","post","type-post","status-publish","format-standard","hentry","category-comunidad","category-destacadas"],"yoast_head":"<!-- This site is optimized with the Yoast SEO plugin v19.7.1 - https:\/\/yoast.com\/wordpress\/plugins\/seo\/ -->\n<title>CALIDO RECIBIMIENTO DE LA CRUZ DE SAN DAMIAN QUE RECORRE INSTITUCIONES DE LA COMUNIDAD (Fotos y pr\u00f3ximamente video) - CELTTV<\/title>\n<meta name=\"description\" content=\"Sitio web de noticias de la localidad de Tornquist, provincia de Buenos Aires, Rep\u00fablica Argentina. Contenido propio originado por periodistas de CELTTV, el canal de TV local de la Cooperativa El\u00e9ctrica de Tornquist. Turismo, Pol\u00edtica, Sociedad, Deporte, Cultura y todo el contenido de inter\u00e9s general que la gente del pueblo y la regi\u00f3n debe conocer.\" \/>\n<meta name=\"robots\" content=\"index, follow, max-snippet:-1, max-image-preview:large, max-video-preview:-1\" \/>\n<link rel=\"canonical\" href=\"https:\/\/www.celttv.com.ar\/index.php\/2014\/03\/06\/calido-recibimiento-de-la-cruz-de-san-damian-que-recorre-instituciones-de-la-comunidad-fotos-y-proximamente-video\/\" \/>\n<meta property=\"og:locale\" content=\"es_ES\" \/>\n<meta property=\"og:type\" content=\"article\" \/>\n<meta property=\"og:title\" content=\"CALIDO RECIBIMIENTO DE LA CRUZ DE SAN DAMIAN QUE RECORRE INSTITUCIONES DE LA COMUNIDAD (Fotos y pr\u00f3ximamente video) - CELTTV\" \/>\n<meta property=\"og:description\" content=\"Sitio web de noticias de la localidad de Tornquist, provincia de Buenos Aires, Rep\u00fablica Argentina. Contenido propio originado por periodistas de CELTTV, el canal de TV local de la Cooperativa El\u00e9ctrica de Tornquist. Turismo, Pol\u00edtica, Sociedad, Deporte, Cultura y todo el contenido de inter\u00e9s general que la gente del pueblo y la regi\u00f3n debe conocer.\" \/>\n<meta property=\"og:url\" content=\"https:\/\/www.celttv.com.ar\/index.php\/2014\/03\/06\/calido-recibimiento-de-la-cruz-de-san-damian-que-recorre-instituciones-de-la-comunidad-fotos-y-proximamente-video\/\" \/>\n<meta property=\"og:site_name\" content=\"CELTTV\" \/>\n<meta property=\"article:publisher\" content=\"https:\/\/www.facebook.com\/celtTV\/\" \/>\n<meta property=\"article:published_time\" content=\"2014-03-06T13:27:29+00:00\" \/>\n<meta property=\"og:image\" content=\"http:\/\/www.tvcnoticias.com.ar\/wp-content\/uploads\/2014\/03\/DSC02478-Small-450x337.jpg\" \/>\n<meta name=\"author\" content=\"ulises\" \/>\n<meta name=\"twitter:card\" content=\"summary_large_image\" \/>\n<meta name=\"twitter:label1\" content=\"Escrito por\" \/>\n\t<meta name=\"twitter:data1\" content=\"ulises\" \/>\n\t<meta name=\"twitter:label2\" content=\"Tiempo de lectura\" \/>\n\t<meta name=\"twitter:data2\" content=\"1 minuto\" \/>\n<script type=\"application\/ld+json\" class=\"yoast-schema-graph\">{\"@context\":\"https:\/\/schema.org\",\"@graph\":[{\"@type\":\"NewsArticle\",\"@id\":\"https:\/\/www.celttv.com.ar\/index.php\/2014\/03\/06\/calido-recibimiento-de-la-cruz-de-san-damian-que-recorre-instituciones-de-la-comunidad-fotos-y-proximamente-video\/#article\",\"isPartOf\":{\"@id\":\"https:\/\/www.celttv.com.ar\/index.php\/2014\/03\/06\/calido-recibimiento-de-la-cruz-de-san-damian-que-recorre-instituciones-de-la-comunidad-fotos-y-proximamente-video\/\"},\"author\":{\"name\":\"ulises\",\"@id\":\"https:\/\/www.celttv.com.ar\/#\/schema\/person\/6d99c072dba59953809c81446e9d0ace\"},\"headline\":\"CALIDO RECIBIMIENTO DE LA CRUZ DE SAN DAMIAN QUE RECORRE INSTITUCIONES DE LA COMUNIDAD (Fotos y pr\u00f3ximamente video)\",\"datePublished\":\"2014-03-06T13:27:29+00:00\",\"dateModified\":\"2014-03-06T13:27:29+00:00\",\"mainEntityOfPage\":{\"@id\":\"https:\/\/www.celttv.com.ar\/index.php\/2014\/03\/06\/calido-recibimiento-de-la-cruz-de-san-damian-que-recorre-instituciones-de-la-comunidad-fotos-y-proximamente-video\/\"},\"wordCount\":203,\"publisher\":{\"@id\":\"https:\/\/www.celttv.com.ar\/#organization\"},\"articleSection\":[\"Comunidad\",\"Destacadas\"],\"inLanguage\":\"es\"},{\"@type\":\"WebPage\",\"@id\":\"https:\/\/www.celttv.com.ar\/index.php\/2014\/03\/06\/calido-recibimiento-de-la-cruz-de-san-damian-que-recorre-instituciones-de-la-comunidad-fotos-y-proximamente-video\/\",\"url\":\"https:\/\/www.celttv.com.ar\/index.php\/2014\/03\/06\/calido-recibimiento-de-la-cruz-de-san-damian-que-recorre-instituciones-de-la-comunidad-fotos-y-proximamente-video\/\",\"name\":\"CALIDO RECIBIMIENTO DE LA CRUZ DE SAN DAMIAN QUE RECORRE INSTITUCIONES DE LA COMUNIDAD (Fotos y pr\u00f3ximamente video) - CELTTV\",\"isPartOf\":{\"@id\":\"https:\/\/www.celttv.com.ar\/#website\"},\"datePublished\":\"2014-03-06T13:27:29+00:00\",\"dateModified\":\"2014-03-06T13:27:29+00:00\",\"description\":\"Sitio web de noticias de la localidad de Tornquist, provincia de Buenos Aires, Rep\u00fablica Argentina. Contenido propio originado por periodistas de CELTTV, el canal de TV local de la Cooperativa El\u00e9ctrica de Tornquist. Turismo, Pol\u00edtica, Sociedad, Deporte, Cultura y todo el contenido de inter\u00e9s general que la gente del pueblo y la regi\u00f3n debe conocer.\",\"breadcrumb\":{\"@id\":\"https:\/\/www.celttv.com.ar\/index.php\/2014\/03\/06\/calido-recibimiento-de-la-cruz-de-san-damian-que-recorre-instituciones-de-la-comunidad-fotos-y-proximamente-video\/#breadcrumb\"},\"inLanguage\":\"es\",\"potentialAction\":[{\"@type\":\"ReadAction\",\"target\":[\"https:\/\/www.celttv.com.ar\/index.php\/2014\/03\/06\/calido-recibimiento-de-la-cruz-de-san-damian-que-recorre-instituciones-de-la-comunidad-fotos-y-proximamente-video\/\"]}]},{\"@type\":\"BreadcrumbList\",\"@id\":\"https:\/\/www.celttv.com.ar\/index.php\/2014\/03\/06\/calido-recibimiento-de-la-cruz-de-san-damian-que-recorre-instituciones-de-la-comunidad-fotos-y-proximamente-video\/#breadcrumb\",\"itemListElement\":[{\"@type\":\"ListItem\",\"position\":1,\"name\":\"Inicio\",\"item\":\"https:\/\/www.celttv.com.ar\/\"},{\"@type\":\"ListItem\",\"position\":2,\"name\":\"CALIDO RECIBIMIENTO DE LA CRUZ DE SAN DAMIAN QUE RECORRE INSTITUCIONES DE LA COMUNIDAD (Fotos y pr\u00f3ximamente video)\"}]},{\"@type\":\"WebSite\",\"@id\":\"https:\/\/www.celttv.com.ar\/#website\",\"url\":\"https:\/\/www.celttv.com.ar\/\",\"name\":\"CELTTV\",\"description\":\"Cooperativa El\u00e9ctrica de Tornquist\",\"publisher\":{\"@id\":\"https:\/\/www.celttv.com.ar\/#organization\"},\"potentialAction\":[{\"@type\":\"SearchAction\",\"target\":{\"@type\":\"EntryPoint\",\"urlTemplate\":\"https:\/\/www.celttv.com.ar\/?s={search_term_string}\"},\"query-input\":\"required name=search_term_string\"}],\"inLanguage\":\"es\"},{\"@type\":\"Organization\",\"@id\":\"https:\/\/www.celttv.com.ar\/#organization\",\"name\":\"CELTTV\",\"url\":\"https:\/\/www.celttv.com.ar\/\",\"sameAs\":[\"https:\/\/www.youtube.com\/channel\/UCz_oIt8Hig64Ub-EmcNPIhg\",\"https:\/\/www.facebook.com\/celtTV\/\"],\"logo\":{\"@type\":\"ImageObject\",\"inLanguage\":\"es\",\"@id\":\"https:\/\/www.celttv.com.ar\/#\/schema\/logo\/image\/\",\"url\":\"http:\/\/www.celttv.com.ar\/wp-content\/uploads\/2022\/08\/logo-1.png\",\"contentUrl\":\"http:\/\/www.celttv.com.ar\/wp-content\/uploads\/2022\/08\/logo-1.png\",\"width\":461,\"height\":159,\"caption\":\"CELTTV\"},\"image\":{\"@id\":\"https:\/\/www.celttv.com.ar\/#\/schema\/logo\/image\/\"}},{\"@type\":\"Person\",\"@id\":\"https:\/\/www.celttv.com.ar\/#\/schema\/person\/6d99c072dba59953809c81446e9d0ace\",\"name\":\"ulises\",\"image\":{\"@type\":\"ImageObject\",\"inLanguage\":\"es\",\"@id\":\"https:\/\/www.celttv.com.ar\/#\/schema\/person\/image\/\",\"url\":\"https:\/\/secure.gravatar.com\/avatar\/7f2c48bdc33b30088f941fb6082e555f2874c98e20cb159d7b92b50eadfce793?s=96&d=mm&r=g\",\"contentUrl\":\"https:\/\/secure.gravatar.com\/avatar\/7f2c48bdc33b30088f941fb6082e555f2874c98e20cb159d7b92b50eadfce793?s=96&d=mm&r=g\",\"caption\":\"ulises\"},\"sameAs\":[\"http:\/\/www.celttv.com.ar\"]}]}<\/script>\n<!-- \/ Yoast SEO plugin. -->","yoast_head_json":{"title":"CALIDO RECIBIMIENTO DE LA CRUZ DE SAN DAMIAN QUE RECORRE INSTITUCIONES DE LA COMUNIDAD (Fotos y pr\u00f3ximamente video) - CELTTV","description":"Sitio web de noticias de la localidad de Tornquist, provincia de Buenos Aires, Rep\u00fablica Argentina. Contenido propio originado por periodistas de CELTTV, el canal de TV local de la Cooperativa El\u00e9ctrica de Tornquist. Turismo, Pol\u00edtica, Sociedad, Deporte, Cultura y todo el contenido de inter\u00e9s general que la gente del pueblo y la regi\u00f3n debe conocer.","robots":{"index":"index","follow":"follow","max-snippet":"max-snippet:-1","max-image-preview":"max-image-preview:large","max-video-preview":"max-video-preview:-1"},"canonical":"https:\/\/www.celttv.com.ar\/index.php\/2014\/03\/06\/calido-recibimiento-de-la-cruz-de-san-damian-que-recorre-instituciones-de-la-comunidad-fotos-y-proximamente-video\/","og_locale":"es_ES","og_type":"article","og_title":"CALIDO RECIBIMIENTO DE LA CRUZ DE SAN DAMIAN QUE RECORRE INSTITUCIONES DE LA COMUNIDAD (Fotos y pr\u00f3ximamente video) - CELTTV","og_description":"Sitio web de noticias de la localidad de Tornquist, provincia de Buenos Aires, Rep\u00fablica Argentina. Contenido propio originado por periodistas de CELTTV, el canal de TV local de la Cooperativa El\u00e9ctrica de Tornquist. Turismo, Pol\u00edtica, Sociedad, Deporte, Cultura y todo el contenido de inter\u00e9s general que la gente del pueblo y la regi\u00f3n debe conocer.","og_url":"https:\/\/www.celttv.com.ar\/index.php\/2014\/03\/06\/calido-recibimiento-de-la-cruz-de-san-damian-que-recorre-instituciones-de-la-comunidad-fotos-y-proximamente-video\/","og_site_name":"CELTTV","article_publisher":"https:\/\/www.facebook.com\/celtTV\/","article_published_time":"2014-03-06T13:27:29+00:00","og_image":[{"url":"http:\/\/www.tvcnoticias.com.ar\/wp-content\/uploads\/2014\/03\/DSC02478-Small-450x337.jpg"}],"author":"ulises","twitter_card":"summary_large_image","twitter_misc":{"Escrito por":"ulises","Tiempo de lectura":"1 minuto"},"schema":{"@context":"https:\/\/schema.org","@graph":[{"@type":"NewsArticle","@id":"https:\/\/www.celttv.com.ar\/index.php\/2014\/03\/06\/calido-recibimiento-de-la-cruz-de-san-damian-que-recorre-instituciones-de-la-comunidad-fotos-y-proximamente-video\/#article","isPartOf":{"@id":"https:\/\/www.celttv.com.ar\/index.php\/2014\/03\/06\/calido-recibimiento-de-la-cruz-de-san-damian-que-recorre-instituciones-de-la-comunidad-fotos-y-proximamente-video\/"},"author":{"name":"ulises","@id":"https:\/\/www.celttv.com.ar\/#\/schema\/person\/6d99c072dba59953809c81446e9d0ace"},"headline":"CALIDO RECIBIMIENTO DE LA CRUZ DE SAN DAMIAN QUE RECORRE INSTITUCIONES DE LA COMUNIDAD (Fotos y pr\u00f3ximamente video)","datePublished":"2014-03-06T13:27:29+00:00","dateModified":"2014-03-06T13:27:29+00:00","mainEntityOfPage":{"@id":"https:\/\/www.celttv.com.ar\/index.php\/2014\/03\/06\/calido-recibimiento-de-la-cruz-de-san-damian-que-recorre-instituciones-de-la-comunidad-fotos-y-proximamente-video\/"},"wordCount":203,"publisher":{"@id":"https:\/\/www.celttv.com.ar\/#organization"},"articleSection":["Comunidad","Destacadas"],"inLanguage":"es"},{"@type":"WebPage","@id":"https:\/\/www.celttv.com.ar\/index.php\/2014\/03\/06\/calido-recibimiento-de-la-cruz-de-san-damian-que-recorre-instituciones-de-la-comunidad-fotos-y-proximamente-video\/","url":"https:\/\/www.celttv.com.ar\/index.php\/2014\/03\/06\/calido-recibimiento-de-la-cruz-de-san-damian-que-recorre-instituciones-de-la-comunidad-fotos-y-proximamente-video\/","name":"CALIDO RECIBIMIENTO DE LA CRUZ DE SAN DAMIAN QUE RECORRE INSTITUCIONES DE LA COMUNIDAD (Fotos y pr\u00f3ximamente video) - CELTTV","isPartOf":{"@id":"https:\/\/www.celttv.com.ar\/#website"},"datePublished":"2014-03-06T13:27:29+00:00","dateModified":"2014-03-06T13:27:29+00:00","description":"Sitio web de noticias de la localidad de Tornquist, provincia de Buenos Aires, Rep\u00fablica Argentina. Contenido propio originado por periodistas de CELTTV, el canal de TV local de la Cooperativa El\u00e9ctrica de Tornquist. Turismo, Pol\u00edtica, Sociedad, Deporte, Cultura y todo el contenido de inter\u00e9s general que la gente del pueblo y la regi\u00f3n debe conocer.","breadcrumb":{"@id":"https:\/\/www.celttv.com.ar\/index.php\/2014\/03\/06\/calido-recibimiento-de-la-cruz-de-san-damian-que-recorre-instituciones-de-la-comunidad-fotos-y-proximamente-video\/#breadcrumb"},"inLanguage":"es","potentialAction":[{"@type":"ReadAction","target":["https:\/\/www.celttv.com.ar\/index.php\/2014\/03\/06\/calido-recibimiento-de-la-cruz-de-san-damian-que-recorre-instituciones-de-la-comunidad-fotos-y-proximamente-video\/"]}]},{"@type":"BreadcrumbList","@id":"https:\/\/www.celttv.com.ar\/index.php\/2014\/03\/06\/calido-recibimiento-de-la-cruz-de-san-damian-que-recorre-instituciones-de-la-comunidad-fotos-y-proximamente-video\/#breadcrumb","itemListElement":[{"@type":"ListItem","position":1,"name":"Inicio","item":"https:\/\/www.celttv.com.ar\/"},{"@type":"ListItem","position":2,"name":"CALIDO RECIBIMIENTO DE LA CRUZ DE SAN DAMIAN QUE RECORRE INSTITUCIONES DE LA COMUNIDAD (Fotos y pr\u00f3ximamente video)"}]},{"@type":"WebSite","@id":"https:\/\/www.celttv.com.ar\/#website","url":"https:\/\/www.celttv.com.ar\/","name":"CELTTV","description":"Cooperativa El\u00e9ctrica de Tornquist","publisher":{"@id":"https:\/\/www.celttv.com.ar\/#organization"},"potentialAction":[{"@type":"SearchAction","target":{"@type":"EntryPoint","urlTemplate":"https:\/\/www.celttv.com.ar\/?s={search_term_string}"},"query-input":"required name=search_term_string"}],"inLanguage":"es"},{"@type":"Organization","@id":"https:\/\/www.celttv.com.ar\/#organization","name":"CELTTV","url":"https:\/\/www.celttv.com.ar\/","sameAs":["https:\/\/www.youtube.com\/channel\/UCz_oIt8Hig64Ub-EmcNPIhg","https:\/\/www.facebook.com\/celtTV\/"],"logo":{"@type":"ImageObject","inLanguage":"es","@id":"https:\/\/www.celttv.com.ar\/#\/schema\/logo\/image\/","url":"http:\/\/www.celttv.com.ar\/wp-content\/uploads\/2022\/08\/logo-1.png","contentUrl":"http:\/\/www.celttv.com.ar\/wp-content\/uploads\/2022\/08\/logo-1.png","width":461,"height":159,"caption":"CELTTV"},"image":{"@id":"https:\/\/www.celttv.com.ar\/#\/schema\/logo\/image\/"}},{"@type":"Person","@id":"https:\/\/www.celttv.com.ar\/#\/schema\/person\/6d99c072dba59953809c81446e9d0ace","name":"ulises","image":{"@type":"ImageObject","inLanguage":"es","@id":"https:\/\/www.celttv.com.ar\/#\/schema\/person\/image\/","url":"https:\/\/secure.gravatar.com\/avatar\/7f2c48bdc33b30088f941fb6082e555f2874c98e20cb159d7b92b50eadfce793?s=96&d=mm&r=g","contentUrl":"https:\/\/secure.gravatar.com\/avatar\/7f2c48bdc33b30088f941fb6082e555f2874c98e20cb159d7b92b50eadfce793?s=96&d=mm&r=g","caption":"ulises"},"sameAs":["http:\/\/www.celttv.com.ar"]}]}},"_links":{"self":[{"href":"https:\/\/www.celttv.com.ar\/index.php\/wp-json\/wp\/v2\/posts\/17924","targetHints":{"allow":["GET"]}}],"collection":[{"href":"https:\/\/www.celttv.com.ar\/index.php\/wp-json\/wp\/v2\/posts"}],"about":[{"href":"https:\/\/www.celttv.com.ar\/index.php\/wp-json\/wp\/v2\/types\/post"}],"author":[{"embeddable":true,"href":"https:\/\/www.celttv.com.ar\/index.php\/wp-json\/wp\/v2\/users\/1"}],"replies":[{"embeddable":true,"href":"https:\/\/www.celttv.com.ar\/index.php\/wp-json\/wp\/v2\/comments?post=17924"}],"version-history":[{"count":0,"href":"https:\/\/www.celttv.com.ar\/index.php\/wp-json\/wp\/v2\/posts\/17924\/revisions"}],"wp:attachment":[{"href":"https:\/\/www.celttv.com.ar\/index.php\/wp-json\/wp\/v2\/media?parent=17924"}],"wp:term":[{"taxonomy":"category","embeddable":true,"href":"https:\/\/www.celttv.com.ar\/index.php\/wp-json\/wp\/v2\/categories?post=17924"},{"taxonomy":"post_tag","embeddable":true,"href":"https:\/\/www.celttv.com.ar\/index.php\/wp-json\/wp\/v2\/tags?post=17924"}],"curies":[{"name":"wp","href":"https:\/\/api.w.org\/{rel}","templated":true}]}}