{"id":17986,"date":"2014-03-06T19:03:26","date_gmt":"2014-03-06T19:03:26","guid":{"rendered":"http:\/\/www.tvcnoticias.com.ar\/?p=17986"},"modified":"2014-03-06T19:03:26","modified_gmt":"2014-03-06T19:03:26","slug":"emotivo-paso-de-la-cruz-de-san-damian-bendecida-por-el-papa-fotos-y-proximamente-videos","status":"publish","type":"post","link":"https:\/\/www.celttv.com.ar\/index.php\/2014\/03\/06\/emotivo-paso-de-la-cruz-de-san-damian-bendecida-por-el-papa-fotos-y-proximamente-videos\/","title":{"rendered":"EMOTIVO PASO DE LA CRUZ DE SAN DAMIAN BENDECIDA POR EL PAPA (fotos y pr\u00f3ximamente videos)"},"content":{"rendered":"<p>&nbsp;<br \/>\n<br \/>\nUn momento hist\u00f3rico vivi\u00f3 la comunidad de Tornquist, con la visita de la Cruz de San Dami\u00e1n, bendecida por el Papa Francisco en la JMJ de R\u00edo 2013, la cual recorri\u00f3 diferentes instituciones de la ciudad y donde TVC Noticias fue testigo de un hecho que quedar\u00e1 grabado en el coraz\u00f3n de los tornquistenses.<br \/>\nLa Cruz arrib\u00f3 a las 8.30, en el acceso a la ciudad sobre la avenida Belgrano, donde grandes y chicos, acompa\u00f1aron el peregrinar de la imagen que visit\u00f3 el cuartel de Bomberos Voluntarios, la Estaci\u00f3n de Polic\u00eda Comunal, el Centro de D\u00eda, el Hogar de Ni\u00f1os Saavedra Lamas, el Hospital Municipal, el geri\u00e1trico municipal y el hogar de ancianos Adela Frizza.<br \/>\nMomentos de gran emoci\u00f3n y de profunda devoci\u00f3n a Cristo, se pudo evidenciar por parte de la gente que se acerc\u00f3 a cada uno de los destinos, donde la cruz fue portada por j\u00f3venes integrantes de la Parroquia Santa Rosa de Lima y de la Escuela de Cadetes del cuartel local, entre otros.<br \/>\nA su vez, el padre Norberto L\u00f3pez, fue el responsable de realizar una reflexi\u00f3n en cada una de las instituciones que visit\u00f3 la Cruz.<br \/>\nCantos de alabanza, rezo y mucha alegr\u00eda, fue el clima que rein\u00f3 durante las cinco horas que permaneci\u00f3 la Cruz de San Dami\u00e1n en la ciudad.\u00a0 \u00a0El recorrido, finaliz\u00f3 con la Santa Misa celebrada por el padre Norberto, con una iglesia colmada de feligreses que vivieron intensamente la celebraci\u00f3n, en algunos casos, con l\u00e1grimas en los ojos.<br \/>\n\u201cLa presencia de la cruz que bendijo el Papa Francisco en nuestra ciudad, tiene que marcar un antes y un despu\u00e9s. Es una bendici\u00f3n que Dios nos regala y que debemos agradecer\u201d, manifest\u00f3 el p\u00e1rroco local, durante la misa.<br \/>\nFRASES.<br \/>\n\u201cPara la comunidad de Tornquist representa un momento especial que nos visite la Cruz que bendijo el Papa Francisco. Quienes somos cat\u00f3licos nos moviliza este momento, ya que es una prueba m\u00e1s de que Dios nos ama\u201d, sostuvo el intendente Gustavo Trankels, tras participar de la peregrinaci\u00f3n y la Santa Misa celebrada en la iglesia Santa Rosa de Lima.<br \/>\n\u201cEs una gran emoci\u00f3n que nos hayan tenido en cuenta para que la Cruz llegue hasta el cuartel de bomberos. Es un envi\u00f3n espiritual muy grande para todos los bomberos que, d\u00eda a d\u00eda, nos cuidan y protegen\u201d, expres\u00f3 visiblemente emocionado H\u00e9ctor Di Nunzio, presidente del cuartel local.<br \/>\n\u201cEstamos muy contentos de que la Cruz haya llegado hasta el Centro de D\u00eda, ya que a los chicos y a todo el personal les hace muy bien \u00e9sta visita que, sin dudas, es una caricia al coraz\u00f3n. Nuestros concurrentes conocen a Jes\u00fas, muchos de ellos han tomado la comuni\u00f3n y, por eso, podemos ver la alegr\u00eda que manifestaron cuando tuvieron contacto con la Cruz\u201d, remarc\u00f3 Elsa Kaltembach, integrante de la comisi\u00f3n directiva del Centro de D\u00eda Tornquist.<br \/>\n&nbsp;<\/p>\n","protected":false},"excerpt":{"rendered":"<p>&nbsp; Un momento hist\u00f3rico vivi\u00f3 la comunidad de Tornquist, con la visita de la Cruz de San Dami\u00e1n, bendecida por el Papa Francisco en la JMJ de R\u00edo 2013, la cual recorri\u00f3 diferentes instituciones de la ciudad y donde TVC Noticias fue testigo de un hecho que quedar\u00e1 grabado en el coraz\u00f3n de los tornquistenses. [&hellip;]<\/p>\n","protected":false},"author":1,"featured_media":0,"comment_status":"closed","ping_status":"open","sticky":false,"template":"","format":"standard","meta":{"footnotes":""},"categories":[51,52],"tags":[],"class_list":["post-17986","post","type-post","status-publish","format-standard","hentry","category-comunidad","category-destacadas"],"yoast_head":"<!-- This site is optimized with the Yoast SEO plugin v19.7.1 - https:\/\/yoast.com\/wordpress\/plugins\/seo\/ -->\n<title>EMOTIVO PASO DE LA CRUZ DE SAN DAMIAN BENDECIDA POR EL PAPA (fotos y pr\u00f3ximamente videos) - CELTTV<\/title>\n<meta name=\"description\" content=\"Sitio web de noticias de la localidad de Tornquist, provincia de Buenos Aires, Rep\u00fablica Argentina. Contenido propio originado por periodistas de CELTTV, el canal de TV local de la Cooperativa El\u00e9ctrica de Tornquist. Turismo, Pol\u00edtica, Sociedad, Deporte, Cultura y todo el contenido de inter\u00e9s general que la gente del pueblo y la regi\u00f3n debe conocer.\" \/>\n<meta name=\"robots\" content=\"index, follow, max-snippet:-1, max-image-preview:large, max-video-preview:-1\" \/>\n<link rel=\"canonical\" href=\"https:\/\/www.celttv.com.ar\/index.php\/2014\/03\/06\/emotivo-paso-de-la-cruz-de-san-damian-bendecida-por-el-papa-fotos-y-proximamente-videos\/\" \/>\n<meta property=\"og:locale\" content=\"es_ES\" \/>\n<meta property=\"og:type\" content=\"article\" \/>\n<meta property=\"og:title\" content=\"EMOTIVO PASO DE LA CRUZ DE SAN DAMIAN BENDECIDA POR EL PAPA (fotos y pr\u00f3ximamente videos) - CELTTV\" \/>\n<meta property=\"og:description\" content=\"Sitio web de noticias de la localidad de Tornquist, provincia de Buenos Aires, Rep\u00fablica Argentina. Contenido propio originado por periodistas de CELTTV, el canal de TV local de la Cooperativa El\u00e9ctrica de Tornquist. Turismo, Pol\u00edtica, Sociedad, Deporte, Cultura y todo el contenido de inter\u00e9s general que la gente del pueblo y la regi\u00f3n debe conocer.\" \/>\n<meta property=\"og:url\" content=\"https:\/\/www.celttv.com.ar\/index.php\/2014\/03\/06\/emotivo-paso-de-la-cruz-de-san-damian-bendecida-por-el-papa-fotos-y-proximamente-videos\/\" \/>\n<meta property=\"og:site_name\" content=\"CELTTV\" \/>\n<meta property=\"article:publisher\" content=\"https:\/\/www.facebook.com\/celtTV\/\" \/>\n<meta property=\"article:published_time\" content=\"2014-03-06T19:03:26+00:00\" \/>\n<meta name=\"author\" content=\"ulises\" \/>\n<meta name=\"twitter:card\" content=\"summary_large_image\" \/>\n<meta name=\"twitter:label1\" content=\"Escrito por\" \/>\n\t<meta name=\"twitter:data1\" content=\"ulises\" \/>\n\t<meta name=\"twitter:label2\" content=\"Tiempo de lectura\" \/>\n\t<meta name=\"twitter:data2\" content=\"3 minutos\" \/>\n<script type=\"application\/ld+json\" class=\"yoast-schema-graph\">{\"@context\":\"https:\/\/schema.org\",\"@graph\":[{\"@type\":\"NewsArticle\",\"@id\":\"https:\/\/www.celttv.com.ar\/index.php\/2014\/03\/06\/emotivo-paso-de-la-cruz-de-san-damian-bendecida-por-el-papa-fotos-y-proximamente-videos\/#article\",\"isPartOf\":{\"@id\":\"https:\/\/www.celttv.com.ar\/index.php\/2014\/03\/06\/emotivo-paso-de-la-cruz-de-san-damian-bendecida-por-el-papa-fotos-y-proximamente-videos\/\"},\"author\":{\"name\":\"ulises\",\"@id\":\"https:\/\/www.celttv.com.ar\/#\/schema\/person\/6d99c072dba59953809c81446e9d0ace\"},\"headline\":\"EMOTIVO PASO DE LA CRUZ DE SAN DAMIAN BENDECIDA POR EL PAPA (fotos y pr\u00f3ximamente videos)\",\"datePublished\":\"2014-03-06T19:03:26+00:00\",\"dateModified\":\"2014-03-06T19:03:26+00:00\",\"mainEntityOfPage\":{\"@id\":\"https:\/\/www.celttv.com.ar\/index.php\/2014\/03\/06\/emotivo-paso-de-la-cruz-de-san-damian-bendecida-por-el-papa-fotos-y-proximamente-videos\/\"},\"wordCount\":532,\"publisher\":{\"@id\":\"https:\/\/www.celttv.com.ar\/#organization\"},\"articleSection\":[\"Comunidad\",\"Destacadas\"],\"inLanguage\":\"es\"},{\"@type\":\"WebPage\",\"@id\":\"https:\/\/www.celttv.com.ar\/index.php\/2014\/03\/06\/emotivo-paso-de-la-cruz-de-san-damian-bendecida-por-el-papa-fotos-y-proximamente-videos\/\",\"url\":\"https:\/\/www.celttv.com.ar\/index.php\/2014\/03\/06\/emotivo-paso-de-la-cruz-de-san-damian-bendecida-por-el-papa-fotos-y-proximamente-videos\/\",\"name\":\"EMOTIVO PASO DE LA CRUZ DE SAN DAMIAN BENDECIDA POR EL PAPA (fotos y pr\u00f3ximamente videos) - CELTTV\",\"isPartOf\":{\"@id\":\"https:\/\/www.celttv.com.ar\/#website\"},\"datePublished\":\"2014-03-06T19:03:26+00:00\",\"dateModified\":\"2014-03-06T19:03:26+00:00\",\"description\":\"Sitio web de noticias de la localidad de Tornquist, provincia de Buenos Aires, Rep\u00fablica Argentina. Contenido propio originado por periodistas de CELTTV, el canal de TV local de la Cooperativa El\u00e9ctrica de Tornquist. Turismo, Pol\u00edtica, Sociedad, Deporte, Cultura y todo el contenido de inter\u00e9s general que la gente del pueblo y la regi\u00f3n debe conocer.\",\"breadcrumb\":{\"@id\":\"https:\/\/www.celttv.com.ar\/index.php\/2014\/03\/06\/emotivo-paso-de-la-cruz-de-san-damian-bendecida-por-el-papa-fotos-y-proximamente-videos\/#breadcrumb\"},\"inLanguage\":\"es\",\"potentialAction\":[{\"@type\":\"ReadAction\",\"target\":[\"https:\/\/www.celttv.com.ar\/index.php\/2014\/03\/06\/emotivo-paso-de-la-cruz-de-san-damian-bendecida-por-el-papa-fotos-y-proximamente-videos\/\"]}]},{\"@type\":\"BreadcrumbList\",\"@id\":\"https:\/\/www.celttv.com.ar\/index.php\/2014\/03\/06\/emotivo-paso-de-la-cruz-de-san-damian-bendecida-por-el-papa-fotos-y-proximamente-videos\/#breadcrumb\",\"itemListElement\":[{\"@type\":\"ListItem\",\"position\":1,\"name\":\"Inicio\",\"item\":\"https:\/\/www.celttv.com.ar\/\"},{\"@type\":\"ListItem\",\"position\":2,\"name\":\"EMOTIVO PASO DE LA CRUZ DE SAN DAMIAN BENDECIDA POR EL PAPA (fotos y pr\u00f3ximamente videos)\"}]},{\"@type\":\"WebSite\",\"@id\":\"https:\/\/www.celttv.com.ar\/#website\",\"url\":\"https:\/\/www.celttv.com.ar\/\",\"name\":\"CELTTV\",\"description\":\"Cooperativa El\u00e9ctrica de Tornquist\",\"publisher\":{\"@id\":\"https:\/\/www.celttv.com.ar\/#organization\"},\"potentialAction\":[{\"@type\":\"SearchAction\",\"target\":{\"@type\":\"EntryPoint\",\"urlTemplate\":\"https:\/\/www.celttv.com.ar\/?s={search_term_string}\"},\"query-input\":\"required name=search_term_string\"}],\"inLanguage\":\"es\"},{\"@type\":\"Organization\",\"@id\":\"https:\/\/www.celttv.com.ar\/#organization\",\"name\":\"CELTTV\",\"url\":\"https:\/\/www.celttv.com.ar\/\",\"sameAs\":[\"https:\/\/www.youtube.com\/channel\/UCz_oIt8Hig64Ub-EmcNPIhg\",\"https:\/\/www.facebook.com\/celtTV\/\"],\"logo\":{\"@type\":\"ImageObject\",\"inLanguage\":\"es\",\"@id\":\"https:\/\/www.celttv.com.ar\/#\/schema\/logo\/image\/\",\"url\":\"http:\/\/www.celttv.com.ar\/wp-content\/uploads\/2022\/08\/logo-1.png\",\"contentUrl\":\"http:\/\/www.celttv.com.ar\/wp-content\/uploads\/2022\/08\/logo-1.png\",\"width\":461,\"height\":159,\"caption\":\"CELTTV\"},\"image\":{\"@id\":\"https:\/\/www.celttv.com.ar\/#\/schema\/logo\/image\/\"}},{\"@type\":\"Person\",\"@id\":\"https:\/\/www.celttv.com.ar\/#\/schema\/person\/6d99c072dba59953809c81446e9d0ace\",\"name\":\"ulises\",\"image\":{\"@type\":\"ImageObject\",\"inLanguage\":\"es\",\"@id\":\"https:\/\/www.celttv.com.ar\/#\/schema\/person\/image\/\",\"url\":\"https:\/\/secure.gravatar.com\/avatar\/7f2c48bdc33b30088f941fb6082e555f2874c98e20cb159d7b92b50eadfce793?s=96&d=mm&r=g\",\"contentUrl\":\"https:\/\/secure.gravatar.com\/avatar\/7f2c48bdc33b30088f941fb6082e555f2874c98e20cb159d7b92b50eadfce793?s=96&d=mm&r=g\",\"caption\":\"ulises\"},\"sameAs\":[\"http:\/\/www.celttv.com.ar\"]}]}<\/script>\n<!-- \/ Yoast SEO plugin. -->","yoast_head_json":{"title":"EMOTIVO PASO DE LA CRUZ DE SAN DAMIAN BENDECIDA POR EL PAPA (fotos y pr\u00f3ximamente videos) - CELTTV","description":"Sitio web de noticias de la localidad de Tornquist, provincia de Buenos Aires, Rep\u00fablica Argentina. Contenido propio originado por periodistas de CELTTV, el canal de TV local de la Cooperativa El\u00e9ctrica de Tornquist. Turismo, Pol\u00edtica, Sociedad, Deporte, Cultura y todo el contenido de inter\u00e9s general que la gente del pueblo y la regi\u00f3n debe conocer.","robots":{"index":"index","follow":"follow","max-snippet":"max-snippet:-1","max-image-preview":"max-image-preview:large","max-video-preview":"max-video-preview:-1"},"canonical":"https:\/\/www.celttv.com.ar\/index.php\/2014\/03\/06\/emotivo-paso-de-la-cruz-de-san-damian-bendecida-por-el-papa-fotos-y-proximamente-videos\/","og_locale":"es_ES","og_type":"article","og_title":"EMOTIVO PASO DE LA CRUZ DE SAN DAMIAN BENDECIDA POR EL PAPA (fotos y pr\u00f3ximamente videos) - CELTTV","og_description":"Sitio web de noticias de la localidad de Tornquist, provincia de Buenos Aires, Rep\u00fablica Argentina. Contenido propio originado por periodistas de CELTTV, el canal de TV local de la Cooperativa El\u00e9ctrica de Tornquist. Turismo, Pol\u00edtica, Sociedad, Deporte, Cultura y todo el contenido de inter\u00e9s general que la gente del pueblo y la regi\u00f3n debe conocer.","og_url":"https:\/\/www.celttv.com.ar\/index.php\/2014\/03\/06\/emotivo-paso-de-la-cruz-de-san-damian-bendecida-por-el-papa-fotos-y-proximamente-videos\/","og_site_name":"CELTTV","article_publisher":"https:\/\/www.facebook.com\/celtTV\/","article_published_time":"2014-03-06T19:03:26+00:00","author":"ulises","twitter_card":"summary_large_image","twitter_misc":{"Escrito por":"ulises","Tiempo de lectura":"3 minutos"},"schema":{"@context":"https:\/\/schema.org","@graph":[{"@type":"NewsArticle","@id":"https:\/\/www.celttv.com.ar\/index.php\/2014\/03\/06\/emotivo-paso-de-la-cruz-de-san-damian-bendecida-por-el-papa-fotos-y-proximamente-videos\/#article","isPartOf":{"@id":"https:\/\/www.celttv.com.ar\/index.php\/2014\/03\/06\/emotivo-paso-de-la-cruz-de-san-damian-bendecida-por-el-papa-fotos-y-proximamente-videos\/"},"author":{"name":"ulises","@id":"https:\/\/www.celttv.com.ar\/#\/schema\/person\/6d99c072dba59953809c81446e9d0ace"},"headline":"EMOTIVO PASO DE LA CRUZ DE SAN DAMIAN BENDECIDA POR EL PAPA (fotos y pr\u00f3ximamente videos)","datePublished":"2014-03-06T19:03:26+00:00","dateModified":"2014-03-06T19:03:26+00:00","mainEntityOfPage":{"@id":"https:\/\/www.celttv.com.ar\/index.php\/2014\/03\/06\/emotivo-paso-de-la-cruz-de-san-damian-bendecida-por-el-papa-fotos-y-proximamente-videos\/"},"wordCount":532,"publisher":{"@id":"https:\/\/www.celttv.com.ar\/#organization"},"articleSection":["Comunidad","Destacadas"],"inLanguage":"es"},{"@type":"WebPage","@id":"https:\/\/www.celttv.com.ar\/index.php\/2014\/03\/06\/emotivo-paso-de-la-cruz-de-san-damian-bendecida-por-el-papa-fotos-y-proximamente-videos\/","url":"https:\/\/www.celttv.com.ar\/index.php\/2014\/03\/06\/emotivo-paso-de-la-cruz-de-san-damian-bendecida-por-el-papa-fotos-y-proximamente-videos\/","name":"EMOTIVO PASO DE LA CRUZ DE SAN DAMIAN BENDECIDA POR EL PAPA (fotos y pr\u00f3ximamente videos) - CELTTV","isPartOf":{"@id":"https:\/\/www.celttv.com.ar\/#website"},"datePublished":"2014-03-06T19:03:26+00:00","dateModified":"2014-03-06T19:03:26+00:00","description":"Sitio web de noticias de la localidad de Tornquist, provincia de Buenos Aires, Rep\u00fablica Argentina. Contenido propio originado por periodistas de CELTTV, el canal de TV local de la Cooperativa El\u00e9ctrica de Tornquist. Turismo, Pol\u00edtica, Sociedad, Deporte, Cultura y todo el contenido de inter\u00e9s general que la gente del pueblo y la regi\u00f3n debe conocer.","breadcrumb":{"@id":"https:\/\/www.celttv.com.ar\/index.php\/2014\/03\/06\/emotivo-paso-de-la-cruz-de-san-damian-bendecida-por-el-papa-fotos-y-proximamente-videos\/#breadcrumb"},"inLanguage":"es","potentialAction":[{"@type":"ReadAction","target":["https:\/\/www.celttv.com.ar\/index.php\/2014\/03\/06\/emotivo-paso-de-la-cruz-de-san-damian-bendecida-por-el-papa-fotos-y-proximamente-videos\/"]}]},{"@type":"BreadcrumbList","@id":"https:\/\/www.celttv.com.ar\/index.php\/2014\/03\/06\/emotivo-paso-de-la-cruz-de-san-damian-bendecida-por-el-papa-fotos-y-proximamente-videos\/#breadcrumb","itemListElement":[{"@type":"ListItem","position":1,"name":"Inicio","item":"https:\/\/www.celttv.com.ar\/"},{"@type":"ListItem","position":2,"name":"EMOTIVO PASO DE LA CRUZ DE SAN DAMIAN BENDECIDA POR EL PAPA (fotos y pr\u00f3ximamente videos)"}]},{"@type":"WebSite","@id":"https:\/\/www.celttv.com.ar\/#website","url":"https:\/\/www.celttv.com.ar\/","name":"CELTTV","description":"Cooperativa El\u00e9ctrica de Tornquist","publisher":{"@id":"https:\/\/www.celttv.com.ar\/#organization"},"potentialAction":[{"@type":"SearchAction","target":{"@type":"EntryPoint","urlTemplate":"https:\/\/www.celttv.com.ar\/?s={search_term_string}"},"query-input":"required name=search_term_string"}],"inLanguage":"es"},{"@type":"Organization","@id":"https:\/\/www.celttv.com.ar\/#organization","name":"CELTTV","url":"https:\/\/www.celttv.com.ar\/","sameAs":["https:\/\/www.youtube.com\/channel\/UCz_oIt8Hig64Ub-EmcNPIhg","https:\/\/www.facebook.com\/celtTV\/"],"logo":{"@type":"ImageObject","inLanguage":"es","@id":"https:\/\/www.celttv.com.ar\/#\/schema\/logo\/image\/","url":"http:\/\/www.celttv.com.ar\/wp-content\/uploads\/2022\/08\/logo-1.png","contentUrl":"http:\/\/www.celttv.com.ar\/wp-content\/uploads\/2022\/08\/logo-1.png","width":461,"height":159,"caption":"CELTTV"},"image":{"@id":"https:\/\/www.celttv.com.ar\/#\/schema\/logo\/image\/"}},{"@type":"Person","@id":"https:\/\/www.celttv.com.ar\/#\/schema\/person\/6d99c072dba59953809c81446e9d0ace","name":"ulises","image":{"@type":"ImageObject","inLanguage":"es","@id":"https:\/\/www.celttv.com.ar\/#\/schema\/person\/image\/","url":"https:\/\/secure.gravatar.com\/avatar\/7f2c48bdc33b30088f941fb6082e555f2874c98e20cb159d7b92b50eadfce793?s=96&d=mm&r=g","contentUrl":"https:\/\/secure.gravatar.com\/avatar\/7f2c48bdc33b30088f941fb6082e555f2874c98e20cb159d7b92b50eadfce793?s=96&d=mm&r=g","caption":"ulises"},"sameAs":["http:\/\/www.celttv.com.ar"]}]}},"_links":{"self":[{"href":"https:\/\/www.celttv.com.ar\/index.php\/wp-json\/wp\/v2\/posts\/17986","targetHints":{"allow":["GET"]}}],"collection":[{"href":"https:\/\/www.celttv.com.ar\/index.php\/wp-json\/wp\/v2\/posts"}],"about":[{"href":"https:\/\/www.celttv.com.ar\/index.php\/wp-json\/wp\/v2\/types\/post"}],"author":[{"embeddable":true,"href":"https:\/\/www.celttv.com.ar\/index.php\/wp-json\/wp\/v2\/users\/1"}],"replies":[{"embeddable":true,"href":"https:\/\/www.celttv.com.ar\/index.php\/wp-json\/wp\/v2\/comments?post=17986"}],"version-history":[{"count":0,"href":"https:\/\/www.celttv.com.ar\/index.php\/wp-json\/wp\/v2\/posts\/17986\/revisions"}],"wp:attachment":[{"href":"https:\/\/www.celttv.com.ar\/index.php\/wp-json\/wp\/v2\/media?parent=17986"}],"wp:term":[{"taxonomy":"category","embeddable":true,"href":"https:\/\/www.celttv.com.ar\/index.php\/wp-json\/wp\/v2\/categories?post=17986"},{"taxonomy":"post_tag","embeddable":true,"href":"https:\/\/www.celttv.com.ar\/index.php\/wp-json\/wp\/v2\/tags?post=17986"}],"curies":[{"name":"wp","href":"https:\/\/api.w.org\/{rel}","templated":true}]}}