{"id":18045,"date":"2014-03-06T20:51:21","date_gmt":"2014-03-06T20:51:21","guid":{"rendered":"http:\/\/www.tvcnoticias.com.ar\/?p=18045"},"modified":"2014-03-06T20:51:21","modified_gmt":"2014-03-06T20:51:21","slug":"la-cruz-bendecida-por-el-papa-visito-instituciones-de-la-comunidad-video-compacto","status":"publish","type":"post","link":"https:\/\/www.celttv.com.ar\/index.php\/2014\/03\/06\/la-cruz-bendecida-por-el-papa-visito-instituciones-de-la-comunidad-video-compacto\/","title":{"rendered":"LA CRUZ BENDECIDA POR EL PAPA VISITO INSTITUCIONES DE LA COMUNIDAD (video compacto)"},"content":{"rendered":"<p><a href=\"https:\/\/www.youtube.com\/watch?v=QiS7aVKVlhQ\">httpv:\/\/www.youtube.com\/watch?v=QiS7aVKVlhQ<\/a><br \/>\nLa Cruz arrib\u00f3 a las 8.30, en el acceso a la ciudad sobre la avenida Belgrano, donde grandes y chicos, acompa\u00f1aron el peregrinar de la imagen que visit\u00f3 el cuartel de Bomberos Voluntarios, la Estaci\u00f3n de Polic\u00eda Comunal, el Centro de D\u00eda, el Hogar de Ni\u00f1os Saavedra Lamas, el Hospital Municipal, el geri\u00e1trico municipal y el hogar de ancianos Adela Frizza.<br \/>\nMomentos de gran emoci\u00f3n y de profunda devoci\u00f3n a Cristo, se pudo evidenciar por parte de la gente que se acerc\u00f3 a cada uno de los destinos, donde la cruz fue portada por j\u00f3venes integrantes de la Parroquia Santa Rosa de Lima y de la Escuela de Cadetes del cuartel local, entre otros.<br \/>\nA su vez, el padre Norberto L\u00f3pez, fue el responsable de realizar una reflexi\u00f3n en cada una de las instituciones que visit\u00f3 la Cruz.<br \/>\n&nbsp;<\/p>\n","protected":false},"excerpt":{"rendered":"<p>httpv:\/\/www.youtube.com\/watch?v=QiS7aVKVlhQ La Cruz arrib\u00f3 a las 8.30, en el acceso a la ciudad sobre la avenida Belgrano, donde grandes y chicos, acompa\u00f1aron el peregrinar de la imagen que visit\u00f3 el cuartel de Bomberos Voluntarios, la Estaci\u00f3n de Polic\u00eda Comunal, el Centro de D\u00eda, el Hogar de Ni\u00f1os Saavedra Lamas, el Hospital Municipal, el geri\u00e1trico municipal [&hellip;]<\/p>\n","protected":false},"author":1,"featured_media":0,"comment_status":"closed","ping_status":"open","sticky":false,"template":"","format":"standard","meta":{"footnotes":""},"categories":[51,52],"tags":[],"class_list":["post-18045","post","type-post","status-publish","format-standard","hentry","category-comunidad","category-destacadas"],"yoast_head":"<!-- This site is optimized with the Yoast SEO plugin v19.7.1 - https:\/\/yoast.com\/wordpress\/plugins\/seo\/ -->\n<title>LA CRUZ BENDECIDA POR EL PAPA VISITO INSTITUCIONES DE LA COMUNIDAD (video compacto) - CELTTV<\/title>\n<meta name=\"description\" content=\"Sitio web de noticias de la localidad de Tornquist, provincia de Buenos Aires, Rep\u00fablica Argentina. Contenido propio originado por periodistas de CELTTV, el canal de TV local de la Cooperativa El\u00e9ctrica de Tornquist. Turismo, Pol\u00edtica, Sociedad, Deporte, Cultura y todo el contenido de inter\u00e9s general que la gente del pueblo y la regi\u00f3n debe conocer.\" \/>\n<meta name=\"robots\" content=\"index, follow, max-snippet:-1, max-image-preview:large, max-video-preview:-1\" \/>\n<link rel=\"canonical\" href=\"https:\/\/www.celttv.com.ar\/index.php\/2014\/03\/06\/la-cruz-bendecida-por-el-papa-visito-instituciones-de-la-comunidad-video-compacto\/\" \/>\n<meta property=\"og:locale\" content=\"es_ES\" \/>\n<meta property=\"og:type\" content=\"article\" \/>\n<meta property=\"og:title\" content=\"LA CRUZ BENDECIDA POR EL PAPA VISITO INSTITUCIONES DE LA COMUNIDAD (video compacto) - CELTTV\" \/>\n<meta property=\"og:description\" content=\"Sitio web de noticias de la localidad de Tornquist, provincia de Buenos Aires, Rep\u00fablica Argentina. Contenido propio originado por periodistas de CELTTV, el canal de TV local de la Cooperativa El\u00e9ctrica de Tornquist. Turismo, Pol\u00edtica, Sociedad, Deporte, Cultura y todo el contenido de inter\u00e9s general que la gente del pueblo y la regi\u00f3n debe conocer.\" \/>\n<meta property=\"og:url\" content=\"https:\/\/www.celttv.com.ar\/index.php\/2014\/03\/06\/la-cruz-bendecida-por-el-papa-visito-instituciones-de-la-comunidad-video-compacto\/\" \/>\n<meta property=\"og:site_name\" content=\"CELTTV\" \/>\n<meta property=\"article:publisher\" content=\"https:\/\/www.facebook.com\/celtTV\/\" \/>\n<meta property=\"article:published_time\" content=\"2014-03-06T20:51:21+00:00\" \/>\n<meta name=\"author\" content=\"ulises\" \/>\n<meta name=\"twitter:card\" content=\"summary_large_image\" \/>\n<meta name=\"twitter:label1\" content=\"Escrito por\" \/>\n\t<meta name=\"twitter:data1\" content=\"ulises\" \/>\n\t<meta name=\"twitter:label2\" content=\"Tiempo de lectura\" \/>\n\t<meta name=\"twitter:data2\" content=\"1 minuto\" \/>\n<script type=\"application\/ld+json\" class=\"yoast-schema-graph\">{\"@context\":\"https:\/\/schema.org\",\"@graph\":[{\"@type\":\"NewsArticle\",\"@id\":\"https:\/\/www.celttv.com.ar\/index.php\/2014\/03\/06\/la-cruz-bendecida-por-el-papa-visito-instituciones-de-la-comunidad-video-compacto\/#article\",\"isPartOf\":{\"@id\":\"https:\/\/www.celttv.com.ar\/index.php\/2014\/03\/06\/la-cruz-bendecida-por-el-papa-visito-instituciones-de-la-comunidad-video-compacto\/\"},\"author\":{\"name\":\"ulises\",\"@id\":\"https:\/\/www.celttv.com.ar\/#\/schema\/person\/6d99c072dba59953809c81446e9d0ace\"},\"headline\":\"LA CRUZ BENDECIDA POR EL PAPA VISITO INSTITUCIONES DE LA COMUNIDAD (video compacto)\",\"datePublished\":\"2014-03-06T20:51:21+00:00\",\"dateModified\":\"2014-03-06T20:51:21+00:00\",\"mainEntityOfPage\":{\"@id\":\"https:\/\/www.celttv.com.ar\/index.php\/2014\/03\/06\/la-cruz-bendecida-por-el-papa-visito-instituciones-de-la-comunidad-video-compacto\/\"},\"wordCount\":170,\"publisher\":{\"@id\":\"https:\/\/www.celttv.com.ar\/#organization\"},\"articleSection\":[\"Comunidad\",\"Destacadas\"],\"inLanguage\":\"es\"},{\"@type\":\"WebPage\",\"@id\":\"https:\/\/www.celttv.com.ar\/index.php\/2014\/03\/06\/la-cruz-bendecida-por-el-papa-visito-instituciones-de-la-comunidad-video-compacto\/\",\"url\":\"https:\/\/www.celttv.com.ar\/index.php\/2014\/03\/06\/la-cruz-bendecida-por-el-papa-visito-instituciones-de-la-comunidad-video-compacto\/\",\"name\":\"LA CRUZ BENDECIDA POR EL PAPA VISITO INSTITUCIONES DE LA COMUNIDAD (video compacto) - CELTTV\",\"isPartOf\":{\"@id\":\"https:\/\/www.celttv.com.ar\/#website\"},\"datePublished\":\"2014-03-06T20:51:21+00:00\",\"dateModified\":\"2014-03-06T20:51:21+00:00\",\"description\":\"Sitio web de noticias de la localidad de Tornquist, provincia de Buenos Aires, Rep\u00fablica Argentina. Contenido propio originado por periodistas de CELTTV, el canal de TV local de la Cooperativa El\u00e9ctrica de Tornquist. Turismo, Pol\u00edtica, Sociedad, Deporte, Cultura y todo el contenido de inter\u00e9s general que la gente del pueblo y la regi\u00f3n debe conocer.\",\"breadcrumb\":{\"@id\":\"https:\/\/www.celttv.com.ar\/index.php\/2014\/03\/06\/la-cruz-bendecida-por-el-papa-visito-instituciones-de-la-comunidad-video-compacto\/#breadcrumb\"},\"inLanguage\":\"es\",\"potentialAction\":[{\"@type\":\"ReadAction\",\"target\":[\"https:\/\/www.celttv.com.ar\/index.php\/2014\/03\/06\/la-cruz-bendecida-por-el-papa-visito-instituciones-de-la-comunidad-video-compacto\/\"]}]},{\"@type\":\"BreadcrumbList\",\"@id\":\"https:\/\/www.celttv.com.ar\/index.php\/2014\/03\/06\/la-cruz-bendecida-por-el-papa-visito-instituciones-de-la-comunidad-video-compacto\/#breadcrumb\",\"itemListElement\":[{\"@type\":\"ListItem\",\"position\":1,\"name\":\"Inicio\",\"item\":\"https:\/\/www.celttv.com.ar\/\"},{\"@type\":\"ListItem\",\"position\":2,\"name\":\"LA CRUZ BENDECIDA POR EL PAPA VISITO INSTITUCIONES DE LA COMUNIDAD (video compacto)\"}]},{\"@type\":\"WebSite\",\"@id\":\"https:\/\/www.celttv.com.ar\/#website\",\"url\":\"https:\/\/www.celttv.com.ar\/\",\"name\":\"CELTTV\",\"description\":\"Cooperativa El\u00e9ctrica de Tornquist\",\"publisher\":{\"@id\":\"https:\/\/www.celttv.com.ar\/#organization\"},\"potentialAction\":[{\"@type\":\"SearchAction\",\"target\":{\"@type\":\"EntryPoint\",\"urlTemplate\":\"https:\/\/www.celttv.com.ar\/?s={search_term_string}\"},\"query-input\":\"required name=search_term_string\"}],\"inLanguage\":\"es\"},{\"@type\":\"Organization\",\"@id\":\"https:\/\/www.celttv.com.ar\/#organization\",\"name\":\"CELTTV\",\"url\":\"https:\/\/www.celttv.com.ar\/\",\"sameAs\":[\"https:\/\/www.youtube.com\/channel\/UCz_oIt8Hig64Ub-EmcNPIhg\",\"https:\/\/www.facebook.com\/celtTV\/\"],\"logo\":{\"@type\":\"ImageObject\",\"inLanguage\":\"es\",\"@id\":\"https:\/\/www.celttv.com.ar\/#\/schema\/logo\/image\/\",\"url\":\"http:\/\/www.celttv.com.ar\/wp-content\/uploads\/2022\/08\/logo-1.png\",\"contentUrl\":\"http:\/\/www.celttv.com.ar\/wp-content\/uploads\/2022\/08\/logo-1.png\",\"width\":461,\"height\":159,\"caption\":\"CELTTV\"},\"image\":{\"@id\":\"https:\/\/www.celttv.com.ar\/#\/schema\/logo\/image\/\"}},{\"@type\":\"Person\",\"@id\":\"https:\/\/www.celttv.com.ar\/#\/schema\/person\/6d99c072dba59953809c81446e9d0ace\",\"name\":\"ulises\",\"image\":{\"@type\":\"ImageObject\",\"inLanguage\":\"es\",\"@id\":\"https:\/\/www.celttv.com.ar\/#\/schema\/person\/image\/\",\"url\":\"https:\/\/secure.gravatar.com\/avatar\/7f2c48bdc33b30088f941fb6082e555f2874c98e20cb159d7b92b50eadfce793?s=96&d=mm&r=g\",\"contentUrl\":\"https:\/\/secure.gravatar.com\/avatar\/7f2c48bdc33b30088f941fb6082e555f2874c98e20cb159d7b92b50eadfce793?s=96&d=mm&r=g\",\"caption\":\"ulises\"},\"sameAs\":[\"http:\/\/www.celttv.com.ar\"]}]}<\/script>\n<!-- \/ Yoast SEO plugin. -->","yoast_head_json":{"title":"LA CRUZ BENDECIDA POR EL PAPA VISITO INSTITUCIONES DE LA COMUNIDAD (video compacto) - CELTTV","description":"Sitio web de noticias de la localidad de Tornquist, provincia de Buenos Aires, Rep\u00fablica Argentina. Contenido propio originado por periodistas de CELTTV, el canal de TV local de la Cooperativa El\u00e9ctrica de Tornquist. Turismo, Pol\u00edtica, Sociedad, Deporte, Cultura y todo el contenido de inter\u00e9s general que la gente del pueblo y la regi\u00f3n debe conocer.","robots":{"index":"index","follow":"follow","max-snippet":"max-snippet:-1","max-image-preview":"max-image-preview:large","max-video-preview":"max-video-preview:-1"},"canonical":"https:\/\/www.celttv.com.ar\/index.php\/2014\/03\/06\/la-cruz-bendecida-por-el-papa-visito-instituciones-de-la-comunidad-video-compacto\/","og_locale":"es_ES","og_type":"article","og_title":"LA CRUZ BENDECIDA POR EL PAPA VISITO INSTITUCIONES DE LA COMUNIDAD (video compacto) - CELTTV","og_description":"Sitio web de noticias de la localidad de Tornquist, provincia de Buenos Aires, Rep\u00fablica Argentina. Contenido propio originado por periodistas de CELTTV, el canal de TV local de la Cooperativa El\u00e9ctrica de Tornquist. Turismo, Pol\u00edtica, Sociedad, Deporte, Cultura y todo el contenido de inter\u00e9s general que la gente del pueblo y la regi\u00f3n debe conocer.","og_url":"https:\/\/www.celttv.com.ar\/index.php\/2014\/03\/06\/la-cruz-bendecida-por-el-papa-visito-instituciones-de-la-comunidad-video-compacto\/","og_site_name":"CELTTV","article_publisher":"https:\/\/www.facebook.com\/celtTV\/","article_published_time":"2014-03-06T20:51:21+00:00","author":"ulises","twitter_card":"summary_large_image","twitter_misc":{"Escrito por":"ulises","Tiempo de lectura":"1 minuto"},"schema":{"@context":"https:\/\/schema.org","@graph":[{"@type":"NewsArticle","@id":"https:\/\/www.celttv.com.ar\/index.php\/2014\/03\/06\/la-cruz-bendecida-por-el-papa-visito-instituciones-de-la-comunidad-video-compacto\/#article","isPartOf":{"@id":"https:\/\/www.celttv.com.ar\/index.php\/2014\/03\/06\/la-cruz-bendecida-por-el-papa-visito-instituciones-de-la-comunidad-video-compacto\/"},"author":{"name":"ulises","@id":"https:\/\/www.celttv.com.ar\/#\/schema\/person\/6d99c072dba59953809c81446e9d0ace"},"headline":"LA CRUZ BENDECIDA POR EL PAPA VISITO INSTITUCIONES DE LA COMUNIDAD (video compacto)","datePublished":"2014-03-06T20:51:21+00:00","dateModified":"2014-03-06T20:51:21+00:00","mainEntityOfPage":{"@id":"https:\/\/www.celttv.com.ar\/index.php\/2014\/03\/06\/la-cruz-bendecida-por-el-papa-visito-instituciones-de-la-comunidad-video-compacto\/"},"wordCount":170,"publisher":{"@id":"https:\/\/www.celttv.com.ar\/#organization"},"articleSection":["Comunidad","Destacadas"],"inLanguage":"es"},{"@type":"WebPage","@id":"https:\/\/www.celttv.com.ar\/index.php\/2014\/03\/06\/la-cruz-bendecida-por-el-papa-visito-instituciones-de-la-comunidad-video-compacto\/","url":"https:\/\/www.celttv.com.ar\/index.php\/2014\/03\/06\/la-cruz-bendecida-por-el-papa-visito-instituciones-de-la-comunidad-video-compacto\/","name":"LA CRUZ BENDECIDA POR EL PAPA VISITO INSTITUCIONES DE LA COMUNIDAD (video compacto) - CELTTV","isPartOf":{"@id":"https:\/\/www.celttv.com.ar\/#website"},"datePublished":"2014-03-06T20:51:21+00:00","dateModified":"2014-03-06T20:51:21+00:00","description":"Sitio web de noticias de la localidad de Tornquist, provincia de Buenos Aires, Rep\u00fablica Argentina. Contenido propio originado por periodistas de CELTTV, el canal de TV local de la Cooperativa El\u00e9ctrica de Tornquist. Turismo, Pol\u00edtica, Sociedad, Deporte, Cultura y todo el contenido de inter\u00e9s general que la gente del pueblo y la regi\u00f3n debe conocer.","breadcrumb":{"@id":"https:\/\/www.celttv.com.ar\/index.php\/2014\/03\/06\/la-cruz-bendecida-por-el-papa-visito-instituciones-de-la-comunidad-video-compacto\/#breadcrumb"},"inLanguage":"es","potentialAction":[{"@type":"ReadAction","target":["https:\/\/www.celttv.com.ar\/index.php\/2014\/03\/06\/la-cruz-bendecida-por-el-papa-visito-instituciones-de-la-comunidad-video-compacto\/"]}]},{"@type":"BreadcrumbList","@id":"https:\/\/www.celttv.com.ar\/index.php\/2014\/03\/06\/la-cruz-bendecida-por-el-papa-visito-instituciones-de-la-comunidad-video-compacto\/#breadcrumb","itemListElement":[{"@type":"ListItem","position":1,"name":"Inicio","item":"https:\/\/www.celttv.com.ar\/"},{"@type":"ListItem","position":2,"name":"LA CRUZ BENDECIDA POR EL PAPA VISITO INSTITUCIONES DE LA COMUNIDAD (video compacto)"}]},{"@type":"WebSite","@id":"https:\/\/www.celttv.com.ar\/#website","url":"https:\/\/www.celttv.com.ar\/","name":"CELTTV","description":"Cooperativa El\u00e9ctrica de Tornquist","publisher":{"@id":"https:\/\/www.celttv.com.ar\/#organization"},"potentialAction":[{"@type":"SearchAction","target":{"@type":"EntryPoint","urlTemplate":"https:\/\/www.celttv.com.ar\/?s={search_term_string}"},"query-input":"required name=search_term_string"}],"inLanguage":"es"},{"@type":"Organization","@id":"https:\/\/www.celttv.com.ar\/#organization","name":"CELTTV","url":"https:\/\/www.celttv.com.ar\/","sameAs":["https:\/\/www.youtube.com\/channel\/UCz_oIt8Hig64Ub-EmcNPIhg","https:\/\/www.facebook.com\/celtTV\/"],"logo":{"@type":"ImageObject","inLanguage":"es","@id":"https:\/\/www.celttv.com.ar\/#\/schema\/logo\/image\/","url":"http:\/\/www.celttv.com.ar\/wp-content\/uploads\/2022\/08\/logo-1.png","contentUrl":"http:\/\/www.celttv.com.ar\/wp-content\/uploads\/2022\/08\/logo-1.png","width":461,"height":159,"caption":"CELTTV"},"image":{"@id":"https:\/\/www.celttv.com.ar\/#\/schema\/logo\/image\/"}},{"@type":"Person","@id":"https:\/\/www.celttv.com.ar\/#\/schema\/person\/6d99c072dba59953809c81446e9d0ace","name":"ulises","image":{"@type":"ImageObject","inLanguage":"es","@id":"https:\/\/www.celttv.com.ar\/#\/schema\/person\/image\/","url":"https:\/\/secure.gravatar.com\/avatar\/7f2c48bdc33b30088f941fb6082e555f2874c98e20cb159d7b92b50eadfce793?s=96&d=mm&r=g","contentUrl":"https:\/\/secure.gravatar.com\/avatar\/7f2c48bdc33b30088f941fb6082e555f2874c98e20cb159d7b92b50eadfce793?s=96&d=mm&r=g","caption":"ulises"},"sameAs":["http:\/\/www.celttv.com.ar"]}]}},"_links":{"self":[{"href":"https:\/\/www.celttv.com.ar\/index.php\/wp-json\/wp\/v2\/posts\/18045","targetHints":{"allow":["GET"]}}],"collection":[{"href":"https:\/\/www.celttv.com.ar\/index.php\/wp-json\/wp\/v2\/posts"}],"about":[{"href":"https:\/\/www.celttv.com.ar\/index.php\/wp-json\/wp\/v2\/types\/post"}],"author":[{"embeddable":true,"href":"https:\/\/www.celttv.com.ar\/index.php\/wp-json\/wp\/v2\/users\/1"}],"replies":[{"embeddable":true,"href":"https:\/\/www.celttv.com.ar\/index.php\/wp-json\/wp\/v2\/comments?post=18045"}],"version-history":[{"count":0,"href":"https:\/\/www.celttv.com.ar\/index.php\/wp-json\/wp\/v2\/posts\/18045\/revisions"}],"wp:attachment":[{"href":"https:\/\/www.celttv.com.ar\/index.php\/wp-json\/wp\/v2\/media?parent=18045"}],"wp:term":[{"taxonomy":"category","embeddable":true,"href":"https:\/\/www.celttv.com.ar\/index.php\/wp-json\/wp\/v2\/categories?post=18045"},{"taxonomy":"post_tag","embeddable":true,"href":"https:\/\/www.celttv.com.ar\/index.php\/wp-json\/wp\/v2\/tags?post=18045"}],"curies":[{"name":"wp","href":"https:\/\/api.w.org\/{rel}","templated":true}]}}