{"id":18057,"date":"2014-03-07T18:25:51","date_gmt":"2014-03-07T18:25:51","guid":{"rendered":"http:\/\/www.tvcnoticias.com.ar\/?p=18057"},"modified":"2014-03-07T18:25:51","modified_gmt":"2014-03-07T18:25:51","slug":"saludo-del-hcd-por-el-dia-internacional-de-la-mujer","status":"publish","type":"post","link":"https:\/\/www.celttv.com.ar\/index.php\/2014\/03\/07\/saludo-del-hcd-por-el-dia-internacional-de-la-mujer\/","title":{"rendered":"SALUDO DEL HCD. POR EL DIA INTERNACIONAL DE LA MUJER"},"content":{"rendered":"<p><span style=\"font-size: 13px;\"><a rel=\"attachment wp-att-18058\" href=\"http:\/\/www.tvcnoticias.com.ar\/?attachment_id=18058\"><img loading=\"lazy\" decoding=\"async\" class=\"aligncenter size-full wp-image-18058\" title=\"dia d ela mujer\" src=\"http:\/\/www.tvcnoticias.com.ar\/wp-content\/uploads\/2014\/03\/dia-d-ela-mujer.jpg\" alt=\"\" width=\"299\" height=\"168\" \/><\/a>La mujer no se ha ganado gratuitamente el sitio que hoy en d\u00eda ocupa y por el que sigue luchando. El 8 de Marzo se conmemora el\u00a0 D\u00eda Internacional de la Mujer que reivindica y reconoce los derechos de las mujeres cualquiera sea su edad, raza y condici\u00f3n, a partir de un hecho tr\u00e1gico que cost\u00f3 la vida de 146 obreras textiles en marzo de 1911.<\/span><br \/>\n&nbsp;<br \/>\nMujer y var\u00f3n son corresponsables de la construcci\u00f3n del presente y el futuro de nuestra sociedad humana, m\u00e1s all\u00e1 de las diferentes naciones, lenguas, religiones o culturas; desde la reciprocidad y\u00a0 colaboraci\u00f3n mutua, por ser creados distintos en esencia, pero\u00a0 iguales en dignidad.<br \/>\n&nbsp;<br \/>\nEn este d\u00eda tan especial quisiera saludar con mucho cari\u00f1o a todas las mujeres en su d\u00eda, hijas, madres, esposas, trabajadoras, profesionales, estudiantes y voluntarias que ayudan con su aporte al bienestar de la sociedad, reconociendo y valorando todos los roles que cumplen, enfrent\u00e1ndose cada d\u00eda a tantos\u00a0 nuevos desaf\u00edos, convirti\u00e9ndose en un pilar fundamental dentro de los hogares y de sus familias.<br \/>\n&nbsp;<br \/>\n\u00a1MUY FEL\u00cdZ D\u00cdA PARA TODAS!<br \/>\n&nbsp;<br \/>\n&nbsp;<br \/>\nSergio Fabi\u00e1n Bordoni<br \/>\nPresidente HCD<br \/>\n&nbsp;<br \/>\n&nbsp;<\/p>\n","protected":false},"excerpt":{"rendered":"<p>La mujer no se ha ganado gratuitamente el sitio que hoy en d\u00eda ocupa y por el que sigue luchando. El 8 de Marzo se conmemora el\u00a0 D\u00eda Internacional de la Mujer que reivindica y reconoce los derechos de las mujeres cualquiera sea su edad, raza y condici\u00f3n, a partir de un hecho tr\u00e1gico que [&hellip;]<\/p>\n","protected":false},"author":1,"featured_media":0,"comment_status":"closed","ping_status":"open","sticky":false,"template":"","format":"standard","meta":{"footnotes":""},"categories":[51,53],"tags":[],"class_list":["post-18057","post","type-post","status-publish","format-standard","hentry","category-comunidad","category-politica"],"yoast_head":"<!-- This site is optimized with the Yoast SEO plugin v19.7.1 - https:\/\/yoast.com\/wordpress\/plugins\/seo\/ -->\n<title>SALUDO DEL HCD. POR EL DIA INTERNACIONAL DE LA MUJER - CELTTV<\/title>\n<meta name=\"description\" content=\"Sitio web de noticias de la localidad de Tornquist, provincia de Buenos Aires, Rep\u00fablica Argentina. Contenido propio originado por periodistas de CELTTV, el canal de TV local de la Cooperativa El\u00e9ctrica de Tornquist. Turismo, Pol\u00edtica, Sociedad, Deporte, Cultura y todo el contenido de inter\u00e9s general que la gente del pueblo y la regi\u00f3n debe conocer.\" \/>\n<meta name=\"robots\" content=\"index, follow, max-snippet:-1, max-image-preview:large, max-video-preview:-1\" \/>\n<link rel=\"canonical\" href=\"https:\/\/www.celttv.com.ar\/index.php\/2014\/03\/07\/saludo-del-hcd-por-el-dia-internacional-de-la-mujer\/\" \/>\n<meta property=\"og:locale\" content=\"es_ES\" \/>\n<meta property=\"og:type\" content=\"article\" \/>\n<meta property=\"og:title\" content=\"SALUDO DEL HCD. POR EL DIA INTERNACIONAL DE LA MUJER - CELTTV\" \/>\n<meta property=\"og:description\" content=\"Sitio web de noticias de la localidad de Tornquist, provincia de Buenos Aires, Rep\u00fablica Argentina. Contenido propio originado por periodistas de CELTTV, el canal de TV local de la Cooperativa El\u00e9ctrica de Tornquist. Turismo, Pol\u00edtica, Sociedad, Deporte, Cultura y todo el contenido de inter\u00e9s general que la gente del pueblo y la regi\u00f3n debe conocer.\" \/>\n<meta property=\"og:url\" content=\"https:\/\/www.celttv.com.ar\/index.php\/2014\/03\/07\/saludo-del-hcd-por-el-dia-internacional-de-la-mujer\/\" \/>\n<meta property=\"og:site_name\" content=\"CELTTV\" \/>\n<meta property=\"article:publisher\" content=\"https:\/\/www.facebook.com\/celtTV\/\" \/>\n<meta property=\"article:published_time\" content=\"2014-03-07T18:25:51+00:00\" \/>\n<meta property=\"og:image\" content=\"http:\/\/www.tvcnoticias.com.ar\/wp-content\/uploads\/2014\/03\/dia-d-ela-mujer.jpg\" \/>\n<meta name=\"author\" content=\"ulises\" \/>\n<meta name=\"twitter:card\" content=\"summary_large_image\" \/>\n<meta name=\"twitter:label1\" content=\"Escrito por\" \/>\n\t<meta name=\"twitter:data1\" content=\"ulises\" \/>\n\t<meta name=\"twitter:label2\" content=\"Tiempo de lectura\" \/>\n\t<meta name=\"twitter:data2\" content=\"1 minuto\" \/>\n<script type=\"application\/ld+json\" class=\"yoast-schema-graph\">{\"@context\":\"https:\/\/schema.org\",\"@graph\":[{\"@type\":\"NewsArticle\",\"@id\":\"https:\/\/www.celttv.com.ar\/index.php\/2014\/03\/07\/saludo-del-hcd-por-el-dia-internacional-de-la-mujer\/#article\",\"isPartOf\":{\"@id\":\"https:\/\/www.celttv.com.ar\/index.php\/2014\/03\/07\/saludo-del-hcd-por-el-dia-internacional-de-la-mujer\/\"},\"author\":{\"name\":\"ulises\",\"@id\":\"https:\/\/www.celttv.com.ar\/#\/schema\/person\/6d99c072dba59953809c81446e9d0ace\"},\"headline\":\"SALUDO DEL HCD. POR EL DIA INTERNACIONAL DE LA MUJER\",\"datePublished\":\"2014-03-07T18:25:51+00:00\",\"dateModified\":\"2014-03-07T18:25:51+00:00\",\"mainEntityOfPage\":{\"@id\":\"https:\/\/www.celttv.com.ar\/index.php\/2014\/03\/07\/saludo-del-hcd-por-el-dia-internacional-de-la-mujer\/\"},\"wordCount\":214,\"publisher\":{\"@id\":\"https:\/\/www.celttv.com.ar\/#organization\"},\"articleSection\":[\"Comunidad\",\"Pol\u00edtica\"],\"inLanguage\":\"es\"},{\"@type\":\"WebPage\",\"@id\":\"https:\/\/www.celttv.com.ar\/index.php\/2014\/03\/07\/saludo-del-hcd-por-el-dia-internacional-de-la-mujer\/\",\"url\":\"https:\/\/www.celttv.com.ar\/index.php\/2014\/03\/07\/saludo-del-hcd-por-el-dia-internacional-de-la-mujer\/\",\"name\":\"SALUDO DEL HCD. POR EL DIA INTERNACIONAL DE LA MUJER - CELTTV\",\"isPartOf\":{\"@id\":\"https:\/\/www.celttv.com.ar\/#website\"},\"datePublished\":\"2014-03-07T18:25:51+00:00\",\"dateModified\":\"2014-03-07T18:25:51+00:00\",\"description\":\"Sitio web de noticias de la localidad de Tornquist, provincia de Buenos Aires, Rep\u00fablica Argentina. Contenido propio originado por periodistas de CELTTV, el canal de TV local de la Cooperativa El\u00e9ctrica de Tornquist. Turismo, Pol\u00edtica, Sociedad, Deporte, Cultura y todo el contenido de inter\u00e9s general que la gente del pueblo y la regi\u00f3n debe conocer.\",\"breadcrumb\":{\"@id\":\"https:\/\/www.celttv.com.ar\/index.php\/2014\/03\/07\/saludo-del-hcd-por-el-dia-internacional-de-la-mujer\/#breadcrumb\"},\"inLanguage\":\"es\",\"potentialAction\":[{\"@type\":\"ReadAction\",\"target\":[\"https:\/\/www.celttv.com.ar\/index.php\/2014\/03\/07\/saludo-del-hcd-por-el-dia-internacional-de-la-mujer\/\"]}]},{\"@type\":\"BreadcrumbList\",\"@id\":\"https:\/\/www.celttv.com.ar\/index.php\/2014\/03\/07\/saludo-del-hcd-por-el-dia-internacional-de-la-mujer\/#breadcrumb\",\"itemListElement\":[{\"@type\":\"ListItem\",\"position\":1,\"name\":\"Inicio\",\"item\":\"https:\/\/www.celttv.com.ar\/\"},{\"@type\":\"ListItem\",\"position\":2,\"name\":\"SALUDO DEL HCD. POR EL DIA INTERNACIONAL DE LA MUJER\"}]},{\"@type\":\"WebSite\",\"@id\":\"https:\/\/www.celttv.com.ar\/#website\",\"url\":\"https:\/\/www.celttv.com.ar\/\",\"name\":\"CELTTV\",\"description\":\"Cooperativa El\u00e9ctrica de Tornquist\",\"publisher\":{\"@id\":\"https:\/\/www.celttv.com.ar\/#organization\"},\"potentialAction\":[{\"@type\":\"SearchAction\",\"target\":{\"@type\":\"EntryPoint\",\"urlTemplate\":\"https:\/\/www.celttv.com.ar\/?s={search_term_string}\"},\"query-input\":\"required name=search_term_string\"}],\"inLanguage\":\"es\"},{\"@type\":\"Organization\",\"@id\":\"https:\/\/www.celttv.com.ar\/#organization\",\"name\":\"CELTTV\",\"url\":\"https:\/\/www.celttv.com.ar\/\",\"sameAs\":[\"https:\/\/www.youtube.com\/channel\/UCz_oIt8Hig64Ub-EmcNPIhg\",\"https:\/\/www.facebook.com\/celtTV\/\"],\"logo\":{\"@type\":\"ImageObject\",\"inLanguage\":\"es\",\"@id\":\"https:\/\/www.celttv.com.ar\/#\/schema\/logo\/image\/\",\"url\":\"http:\/\/www.celttv.com.ar\/wp-content\/uploads\/2022\/08\/logo-1.png\",\"contentUrl\":\"http:\/\/www.celttv.com.ar\/wp-content\/uploads\/2022\/08\/logo-1.png\",\"width\":461,\"height\":159,\"caption\":\"CELTTV\"},\"image\":{\"@id\":\"https:\/\/www.celttv.com.ar\/#\/schema\/logo\/image\/\"}},{\"@type\":\"Person\",\"@id\":\"https:\/\/www.celttv.com.ar\/#\/schema\/person\/6d99c072dba59953809c81446e9d0ace\",\"name\":\"ulises\",\"image\":{\"@type\":\"ImageObject\",\"inLanguage\":\"es\",\"@id\":\"https:\/\/www.celttv.com.ar\/#\/schema\/person\/image\/\",\"url\":\"https:\/\/secure.gravatar.com\/avatar\/7f2c48bdc33b30088f941fb6082e555f2874c98e20cb159d7b92b50eadfce793?s=96&d=mm&r=g\",\"contentUrl\":\"https:\/\/secure.gravatar.com\/avatar\/7f2c48bdc33b30088f941fb6082e555f2874c98e20cb159d7b92b50eadfce793?s=96&d=mm&r=g\",\"caption\":\"ulises\"},\"sameAs\":[\"http:\/\/www.celttv.com.ar\"]}]}<\/script>\n<!-- \/ Yoast SEO plugin. -->","yoast_head_json":{"title":"SALUDO DEL HCD. POR EL DIA INTERNACIONAL DE LA MUJER - CELTTV","description":"Sitio web de noticias de la localidad de Tornquist, provincia de Buenos Aires, Rep\u00fablica Argentina. Contenido propio originado por periodistas de CELTTV, el canal de TV local de la Cooperativa El\u00e9ctrica de Tornquist. Turismo, Pol\u00edtica, Sociedad, Deporte, Cultura y todo el contenido de inter\u00e9s general que la gente del pueblo y la regi\u00f3n debe conocer.","robots":{"index":"index","follow":"follow","max-snippet":"max-snippet:-1","max-image-preview":"max-image-preview:large","max-video-preview":"max-video-preview:-1"},"canonical":"https:\/\/www.celttv.com.ar\/index.php\/2014\/03\/07\/saludo-del-hcd-por-el-dia-internacional-de-la-mujer\/","og_locale":"es_ES","og_type":"article","og_title":"SALUDO DEL HCD. POR EL DIA INTERNACIONAL DE LA MUJER - CELTTV","og_description":"Sitio web de noticias de la localidad de Tornquist, provincia de Buenos Aires, Rep\u00fablica Argentina. Contenido propio originado por periodistas de CELTTV, el canal de TV local de la Cooperativa El\u00e9ctrica de Tornquist. Turismo, Pol\u00edtica, Sociedad, Deporte, Cultura y todo el contenido de inter\u00e9s general que la gente del pueblo y la regi\u00f3n debe conocer.","og_url":"https:\/\/www.celttv.com.ar\/index.php\/2014\/03\/07\/saludo-del-hcd-por-el-dia-internacional-de-la-mujer\/","og_site_name":"CELTTV","article_publisher":"https:\/\/www.facebook.com\/celtTV\/","article_published_time":"2014-03-07T18:25:51+00:00","og_image":[{"url":"http:\/\/www.tvcnoticias.com.ar\/wp-content\/uploads\/2014\/03\/dia-d-ela-mujer.jpg"}],"author":"ulises","twitter_card":"summary_large_image","twitter_misc":{"Escrito por":"ulises","Tiempo de lectura":"1 minuto"},"schema":{"@context":"https:\/\/schema.org","@graph":[{"@type":"NewsArticle","@id":"https:\/\/www.celttv.com.ar\/index.php\/2014\/03\/07\/saludo-del-hcd-por-el-dia-internacional-de-la-mujer\/#article","isPartOf":{"@id":"https:\/\/www.celttv.com.ar\/index.php\/2014\/03\/07\/saludo-del-hcd-por-el-dia-internacional-de-la-mujer\/"},"author":{"name":"ulises","@id":"https:\/\/www.celttv.com.ar\/#\/schema\/person\/6d99c072dba59953809c81446e9d0ace"},"headline":"SALUDO DEL HCD. POR EL DIA INTERNACIONAL DE LA MUJER","datePublished":"2014-03-07T18:25:51+00:00","dateModified":"2014-03-07T18:25:51+00:00","mainEntityOfPage":{"@id":"https:\/\/www.celttv.com.ar\/index.php\/2014\/03\/07\/saludo-del-hcd-por-el-dia-internacional-de-la-mujer\/"},"wordCount":214,"publisher":{"@id":"https:\/\/www.celttv.com.ar\/#organization"},"articleSection":["Comunidad","Pol\u00edtica"],"inLanguage":"es"},{"@type":"WebPage","@id":"https:\/\/www.celttv.com.ar\/index.php\/2014\/03\/07\/saludo-del-hcd-por-el-dia-internacional-de-la-mujer\/","url":"https:\/\/www.celttv.com.ar\/index.php\/2014\/03\/07\/saludo-del-hcd-por-el-dia-internacional-de-la-mujer\/","name":"SALUDO DEL HCD. POR EL DIA INTERNACIONAL DE LA MUJER - CELTTV","isPartOf":{"@id":"https:\/\/www.celttv.com.ar\/#website"},"datePublished":"2014-03-07T18:25:51+00:00","dateModified":"2014-03-07T18:25:51+00:00","description":"Sitio web de noticias de la localidad de Tornquist, provincia de Buenos Aires, Rep\u00fablica Argentina. Contenido propio originado por periodistas de CELTTV, el canal de TV local de la Cooperativa El\u00e9ctrica de Tornquist. Turismo, Pol\u00edtica, Sociedad, Deporte, Cultura y todo el contenido de inter\u00e9s general que la gente del pueblo y la regi\u00f3n debe conocer.","breadcrumb":{"@id":"https:\/\/www.celttv.com.ar\/index.php\/2014\/03\/07\/saludo-del-hcd-por-el-dia-internacional-de-la-mujer\/#breadcrumb"},"inLanguage":"es","potentialAction":[{"@type":"ReadAction","target":["https:\/\/www.celttv.com.ar\/index.php\/2014\/03\/07\/saludo-del-hcd-por-el-dia-internacional-de-la-mujer\/"]}]},{"@type":"BreadcrumbList","@id":"https:\/\/www.celttv.com.ar\/index.php\/2014\/03\/07\/saludo-del-hcd-por-el-dia-internacional-de-la-mujer\/#breadcrumb","itemListElement":[{"@type":"ListItem","position":1,"name":"Inicio","item":"https:\/\/www.celttv.com.ar\/"},{"@type":"ListItem","position":2,"name":"SALUDO DEL HCD. POR EL DIA INTERNACIONAL DE LA MUJER"}]},{"@type":"WebSite","@id":"https:\/\/www.celttv.com.ar\/#website","url":"https:\/\/www.celttv.com.ar\/","name":"CELTTV","description":"Cooperativa El\u00e9ctrica de Tornquist","publisher":{"@id":"https:\/\/www.celttv.com.ar\/#organization"},"potentialAction":[{"@type":"SearchAction","target":{"@type":"EntryPoint","urlTemplate":"https:\/\/www.celttv.com.ar\/?s={search_term_string}"},"query-input":"required name=search_term_string"}],"inLanguage":"es"},{"@type":"Organization","@id":"https:\/\/www.celttv.com.ar\/#organization","name":"CELTTV","url":"https:\/\/www.celttv.com.ar\/","sameAs":["https:\/\/www.youtube.com\/channel\/UCz_oIt8Hig64Ub-EmcNPIhg","https:\/\/www.facebook.com\/celtTV\/"],"logo":{"@type":"ImageObject","inLanguage":"es","@id":"https:\/\/www.celttv.com.ar\/#\/schema\/logo\/image\/","url":"http:\/\/www.celttv.com.ar\/wp-content\/uploads\/2022\/08\/logo-1.png","contentUrl":"http:\/\/www.celttv.com.ar\/wp-content\/uploads\/2022\/08\/logo-1.png","width":461,"height":159,"caption":"CELTTV"},"image":{"@id":"https:\/\/www.celttv.com.ar\/#\/schema\/logo\/image\/"}},{"@type":"Person","@id":"https:\/\/www.celttv.com.ar\/#\/schema\/person\/6d99c072dba59953809c81446e9d0ace","name":"ulises","image":{"@type":"ImageObject","inLanguage":"es","@id":"https:\/\/www.celttv.com.ar\/#\/schema\/person\/image\/","url":"https:\/\/secure.gravatar.com\/avatar\/7f2c48bdc33b30088f941fb6082e555f2874c98e20cb159d7b92b50eadfce793?s=96&d=mm&r=g","contentUrl":"https:\/\/secure.gravatar.com\/avatar\/7f2c48bdc33b30088f941fb6082e555f2874c98e20cb159d7b92b50eadfce793?s=96&d=mm&r=g","caption":"ulises"},"sameAs":["http:\/\/www.celttv.com.ar"]}]}},"_links":{"self":[{"href":"https:\/\/www.celttv.com.ar\/index.php\/wp-json\/wp\/v2\/posts\/18057","targetHints":{"allow":["GET"]}}],"collection":[{"href":"https:\/\/www.celttv.com.ar\/index.php\/wp-json\/wp\/v2\/posts"}],"about":[{"href":"https:\/\/www.celttv.com.ar\/index.php\/wp-json\/wp\/v2\/types\/post"}],"author":[{"embeddable":true,"href":"https:\/\/www.celttv.com.ar\/index.php\/wp-json\/wp\/v2\/users\/1"}],"replies":[{"embeddable":true,"href":"https:\/\/www.celttv.com.ar\/index.php\/wp-json\/wp\/v2\/comments?post=18057"}],"version-history":[{"count":0,"href":"https:\/\/www.celttv.com.ar\/index.php\/wp-json\/wp\/v2\/posts\/18057\/revisions"}],"wp:attachment":[{"href":"https:\/\/www.celttv.com.ar\/index.php\/wp-json\/wp\/v2\/media?parent=18057"}],"wp:term":[{"taxonomy":"category","embeddable":true,"href":"https:\/\/www.celttv.com.ar\/index.php\/wp-json\/wp\/v2\/categories?post=18057"},{"taxonomy":"post_tag","embeddable":true,"href":"https:\/\/www.celttv.com.ar\/index.php\/wp-json\/wp\/v2\/tags?post=18057"}],"curies":[{"name":"wp","href":"https:\/\/api.w.org\/{rel}","templated":true}]}}