{"id":18186,"date":"2014-03-10T20:09:57","date_gmt":"2014-03-10T20:09:57","guid":{"rendered":"http:\/\/www.tvcnoticias.com.ar\/?p=18186"},"modified":"2014-03-10T20:09:57","modified_gmt":"2014-03-10T20:09:57","slug":"hcd-inta-y-municipio-definen-la-agenda-del-comite-coordinador","status":"publish","type":"post","link":"https:\/\/www.celttv.com.ar\/index.php\/2014\/03\/10\/hcd-inta-y-municipio-definen-la-agenda-del-comite-coordinador\/","title":{"rendered":"HCD.: INTA Y MUNICIPIO DEFINEN LA AGENDA DEL COMITE COORDINADOR"},"content":{"rendered":"<p><br \/>\nEl pasado jueves 6 del corriente\u00a0 se dieron cita en el Honorable Concejo Deliberante el Jefe de la  Agencia de Extensi\u00f3n Rural del INTA\u00a0 Ingeniero\u00a0 Agr\u00f3nomo Federico Labarthe, acompa\u00f1ado por el Ingeniero H\u00e9ctor Pelta, a ra\u00edz de una reuni\u00f3n que ellos solicitaron, para conformar y poner en funcionamiento el Comit\u00e9 Coordinador \u00a0que surge del Convenio de Cooperaci\u00f3n T\u00e9cnica firmado entre el Instituto Nacional de Tecnolog\u00eda Agropecuaria (INTA), y la Municipalidad de Tornquist.<br \/>\nSe hicieron presentes los Concejales pertenecientes a los distintos Bloques partidarios, y el Sr. Walter Taylor \u00a0en representaci\u00f3n del Departamento Ejecutivo.<br \/>\nSe plantea como fundamental y prioritario definir las fechas de reuni\u00f3n del Comit\u00e9, \u00a0horarios, y establecer en conjunto una agenda de trabajo, para una \u00f3ptima organizaci\u00f3n.<br \/>\nLos representantes del INTA presentaron varios temas que es necesario abordar en lo inmediato para discutir y analizar las posibles soluciones.<br \/>\nEntres estos temas, se presentaron como muy importante comenzar a trabajar en buscar soluciones a las roturas de caminos que se producen con las precipitaciones abundantes con lo que se forman cuencas que rompen caminos generando altos costos, por lo que se quiere llegar a soluciones definitivas.\u00a0 Seguir trabajando con el tema hort\u00edcola de la regi\u00f3n, especialmente\u00a0 en Nueva Roma, para que los productores logren optimizar la producci\u00f3n, capacit\u00e1ndolos a trav\u00e9s de jornadas sobre buenas pr\u00e1cticas de la utilizaci\u00f3n de agroqu\u00edmicos, buen uso del riego, etc. Otro objetivo planteado para ser tratado por este Comit\u00e9 es el de avanzar sobre la sanci\u00f3n de la Ordenanza que regule el correcto uso de agroqu\u00edmicos, y \u00a0el funcionamiento de la cocina comunitaria en Saldungaray.<br \/>\nConcluida esta reuni\u00f3n, se hace presente la Arquitecta Anabella Madue\u00f1a, Secretaria de Obras y Servicios P\u00fablicos, para intercambiar opiniones con los Concejales sobre el sentido y la circulaci\u00f3n de las calles en Tornquist, entre otros temas.<br \/>\n&nbsp;<br \/>\n&nbsp;<br \/>\nHONORABLE CONCEJO DELIBERANTE<br \/>\n&nbsp;<\/p>\n","protected":false},"excerpt":{"rendered":"<p>El pasado jueves 6 del corriente\u00a0 se dieron cita en el Honorable Concejo Deliberante el Jefe de la Agencia de Extensi\u00f3n Rural del INTA\u00a0 Ingeniero\u00a0 Agr\u00f3nomo Federico Labarthe, acompa\u00f1ado por el Ingeniero H\u00e9ctor Pelta, a ra\u00edz de una reuni\u00f3n que ellos solicitaron, para conformar y poner en funcionamiento el Comit\u00e9 Coordinador \u00a0que surge del Convenio [&hellip;]<\/p>\n","protected":false},"author":1,"featured_media":0,"comment_status":"closed","ping_status":"open","sticky":false,"template":"","format":"standard","meta":{"footnotes":""},"categories":[51,52,53],"tags":[],"class_list":["post-18186","post","type-post","status-publish","format-standard","hentry","category-comunidad","category-destacadas","category-politica"],"yoast_head":"<!-- This site is optimized with the Yoast SEO plugin v19.7.1 - https:\/\/yoast.com\/wordpress\/plugins\/seo\/ -->\n<title>HCD.: INTA Y MUNICIPIO DEFINEN LA AGENDA DEL COMITE COORDINADOR - CELTTV<\/title>\n<meta name=\"description\" content=\"Sitio web de noticias de la localidad de Tornquist, provincia de Buenos Aires, Rep\u00fablica Argentina. Contenido propio originado por periodistas de CELTTV, el canal de TV local de la Cooperativa El\u00e9ctrica de Tornquist. Turismo, Pol\u00edtica, Sociedad, Deporte, Cultura y todo el contenido de inter\u00e9s general que la gente del pueblo y la regi\u00f3n debe conocer.\" \/>\n<meta name=\"robots\" content=\"index, follow, max-snippet:-1, max-image-preview:large, max-video-preview:-1\" \/>\n<link rel=\"canonical\" href=\"https:\/\/www.celttv.com.ar\/index.php\/2014\/03\/10\/hcd-inta-y-municipio-definen-la-agenda-del-comite-coordinador\/\" \/>\n<meta property=\"og:locale\" content=\"es_ES\" \/>\n<meta property=\"og:type\" content=\"article\" \/>\n<meta property=\"og:title\" content=\"HCD.: INTA Y MUNICIPIO DEFINEN LA AGENDA DEL COMITE COORDINADOR - CELTTV\" \/>\n<meta property=\"og:description\" content=\"Sitio web de noticias de la localidad de Tornquist, provincia de Buenos Aires, Rep\u00fablica Argentina. Contenido propio originado por periodistas de CELTTV, el canal de TV local de la Cooperativa El\u00e9ctrica de Tornquist. Turismo, Pol\u00edtica, Sociedad, Deporte, Cultura y todo el contenido de inter\u00e9s general que la gente del pueblo y la regi\u00f3n debe conocer.\" \/>\n<meta property=\"og:url\" content=\"https:\/\/www.celttv.com.ar\/index.php\/2014\/03\/10\/hcd-inta-y-municipio-definen-la-agenda-del-comite-coordinador\/\" \/>\n<meta property=\"og:site_name\" content=\"CELTTV\" \/>\n<meta property=\"article:publisher\" content=\"https:\/\/www.facebook.com\/celtTV\/\" \/>\n<meta property=\"article:published_time\" content=\"2014-03-10T20:09:57+00:00\" \/>\n<meta name=\"author\" content=\"ulises\" \/>\n<meta name=\"twitter:card\" content=\"summary_large_image\" \/>\n<meta name=\"twitter:label1\" content=\"Escrito por\" \/>\n\t<meta name=\"twitter:data1\" content=\"ulises\" \/>\n\t<meta name=\"twitter:label2\" content=\"Tiempo de lectura\" \/>\n\t<meta name=\"twitter:data2\" content=\"2 minutos\" \/>\n<script type=\"application\/ld+json\" class=\"yoast-schema-graph\">{\"@context\":\"https:\/\/schema.org\",\"@graph\":[{\"@type\":\"NewsArticle\",\"@id\":\"https:\/\/www.celttv.com.ar\/index.php\/2014\/03\/10\/hcd-inta-y-municipio-definen-la-agenda-del-comite-coordinador\/#article\",\"isPartOf\":{\"@id\":\"https:\/\/www.celttv.com.ar\/index.php\/2014\/03\/10\/hcd-inta-y-municipio-definen-la-agenda-del-comite-coordinador\/\"},\"author\":{\"name\":\"ulises\",\"@id\":\"https:\/\/www.celttv.com.ar\/#\/schema\/person\/6d99c072dba59953809c81446e9d0ace\"},\"headline\":\"HCD.: INTA Y MUNICIPIO DEFINEN LA AGENDA DEL COMITE COORDINADOR\",\"datePublished\":\"2014-03-10T20:09:57+00:00\",\"dateModified\":\"2014-03-10T20:09:57+00:00\",\"mainEntityOfPage\":{\"@id\":\"https:\/\/www.celttv.com.ar\/index.php\/2014\/03\/10\/hcd-inta-y-municipio-definen-la-agenda-del-comite-coordinador\/\"},\"wordCount\":342,\"publisher\":{\"@id\":\"https:\/\/www.celttv.com.ar\/#organization\"},\"articleSection\":[\"Comunidad\",\"Destacadas\",\"Pol\u00edtica\"],\"inLanguage\":\"es\"},{\"@type\":\"WebPage\",\"@id\":\"https:\/\/www.celttv.com.ar\/index.php\/2014\/03\/10\/hcd-inta-y-municipio-definen-la-agenda-del-comite-coordinador\/\",\"url\":\"https:\/\/www.celttv.com.ar\/index.php\/2014\/03\/10\/hcd-inta-y-municipio-definen-la-agenda-del-comite-coordinador\/\",\"name\":\"HCD.: INTA Y MUNICIPIO DEFINEN LA AGENDA DEL COMITE COORDINADOR - CELTTV\",\"isPartOf\":{\"@id\":\"https:\/\/www.celttv.com.ar\/#website\"},\"datePublished\":\"2014-03-10T20:09:57+00:00\",\"dateModified\":\"2014-03-10T20:09:57+00:00\",\"description\":\"Sitio web de noticias de la localidad de Tornquist, provincia de Buenos Aires, Rep\u00fablica Argentina. Contenido propio originado por periodistas de CELTTV, el canal de TV local de la Cooperativa El\u00e9ctrica de Tornquist. Turismo, Pol\u00edtica, Sociedad, Deporte, Cultura y todo el contenido de inter\u00e9s general que la gente del pueblo y la regi\u00f3n debe conocer.\",\"breadcrumb\":{\"@id\":\"https:\/\/www.celttv.com.ar\/index.php\/2014\/03\/10\/hcd-inta-y-municipio-definen-la-agenda-del-comite-coordinador\/#breadcrumb\"},\"inLanguage\":\"es\",\"potentialAction\":[{\"@type\":\"ReadAction\",\"target\":[\"https:\/\/www.celttv.com.ar\/index.php\/2014\/03\/10\/hcd-inta-y-municipio-definen-la-agenda-del-comite-coordinador\/\"]}]},{\"@type\":\"BreadcrumbList\",\"@id\":\"https:\/\/www.celttv.com.ar\/index.php\/2014\/03\/10\/hcd-inta-y-municipio-definen-la-agenda-del-comite-coordinador\/#breadcrumb\",\"itemListElement\":[{\"@type\":\"ListItem\",\"position\":1,\"name\":\"Inicio\",\"item\":\"https:\/\/www.celttv.com.ar\/\"},{\"@type\":\"ListItem\",\"position\":2,\"name\":\"HCD.: INTA Y MUNICIPIO DEFINEN LA AGENDA DEL COMITE COORDINADOR\"}]},{\"@type\":\"WebSite\",\"@id\":\"https:\/\/www.celttv.com.ar\/#website\",\"url\":\"https:\/\/www.celttv.com.ar\/\",\"name\":\"CELTTV\",\"description\":\"Cooperativa El\u00e9ctrica de Tornquist\",\"publisher\":{\"@id\":\"https:\/\/www.celttv.com.ar\/#organization\"},\"potentialAction\":[{\"@type\":\"SearchAction\",\"target\":{\"@type\":\"EntryPoint\",\"urlTemplate\":\"https:\/\/www.celttv.com.ar\/?s={search_term_string}\"},\"query-input\":\"required name=search_term_string\"}],\"inLanguage\":\"es\"},{\"@type\":\"Organization\",\"@id\":\"https:\/\/www.celttv.com.ar\/#organization\",\"name\":\"CELTTV\",\"url\":\"https:\/\/www.celttv.com.ar\/\",\"sameAs\":[\"https:\/\/www.youtube.com\/channel\/UCz_oIt8Hig64Ub-EmcNPIhg\",\"https:\/\/www.facebook.com\/celtTV\/\"],\"logo\":{\"@type\":\"ImageObject\",\"inLanguage\":\"es\",\"@id\":\"https:\/\/www.celttv.com.ar\/#\/schema\/logo\/image\/\",\"url\":\"http:\/\/www.celttv.com.ar\/wp-content\/uploads\/2022\/08\/logo-1.png\",\"contentUrl\":\"http:\/\/www.celttv.com.ar\/wp-content\/uploads\/2022\/08\/logo-1.png\",\"width\":461,\"height\":159,\"caption\":\"CELTTV\"},\"image\":{\"@id\":\"https:\/\/www.celttv.com.ar\/#\/schema\/logo\/image\/\"}},{\"@type\":\"Person\",\"@id\":\"https:\/\/www.celttv.com.ar\/#\/schema\/person\/6d99c072dba59953809c81446e9d0ace\",\"name\":\"ulises\",\"image\":{\"@type\":\"ImageObject\",\"inLanguage\":\"es\",\"@id\":\"https:\/\/www.celttv.com.ar\/#\/schema\/person\/image\/\",\"url\":\"https:\/\/secure.gravatar.com\/avatar\/7f2c48bdc33b30088f941fb6082e555f2874c98e20cb159d7b92b50eadfce793?s=96&d=mm&r=g\",\"contentUrl\":\"https:\/\/secure.gravatar.com\/avatar\/7f2c48bdc33b30088f941fb6082e555f2874c98e20cb159d7b92b50eadfce793?s=96&d=mm&r=g\",\"caption\":\"ulises\"},\"sameAs\":[\"http:\/\/www.celttv.com.ar\"]}]}<\/script>\n<!-- \/ Yoast SEO plugin. -->","yoast_head_json":{"title":"HCD.: INTA Y MUNICIPIO DEFINEN LA AGENDA DEL COMITE COORDINADOR - CELTTV","description":"Sitio web de noticias de la localidad de Tornquist, provincia de Buenos Aires, Rep\u00fablica Argentina. Contenido propio originado por periodistas de CELTTV, el canal de TV local de la Cooperativa El\u00e9ctrica de Tornquist. Turismo, Pol\u00edtica, Sociedad, Deporte, Cultura y todo el contenido de inter\u00e9s general que la gente del pueblo y la regi\u00f3n debe conocer.","robots":{"index":"index","follow":"follow","max-snippet":"max-snippet:-1","max-image-preview":"max-image-preview:large","max-video-preview":"max-video-preview:-1"},"canonical":"https:\/\/www.celttv.com.ar\/index.php\/2014\/03\/10\/hcd-inta-y-municipio-definen-la-agenda-del-comite-coordinador\/","og_locale":"es_ES","og_type":"article","og_title":"HCD.: INTA Y MUNICIPIO DEFINEN LA AGENDA DEL COMITE COORDINADOR - CELTTV","og_description":"Sitio web de noticias de la localidad de Tornquist, provincia de Buenos Aires, Rep\u00fablica Argentina. Contenido propio originado por periodistas de CELTTV, el canal de TV local de la Cooperativa El\u00e9ctrica de Tornquist. Turismo, Pol\u00edtica, Sociedad, Deporte, Cultura y todo el contenido de inter\u00e9s general que la gente del pueblo y la regi\u00f3n debe conocer.","og_url":"https:\/\/www.celttv.com.ar\/index.php\/2014\/03\/10\/hcd-inta-y-municipio-definen-la-agenda-del-comite-coordinador\/","og_site_name":"CELTTV","article_publisher":"https:\/\/www.facebook.com\/celtTV\/","article_published_time":"2014-03-10T20:09:57+00:00","author":"ulises","twitter_card":"summary_large_image","twitter_misc":{"Escrito por":"ulises","Tiempo de lectura":"2 minutos"},"schema":{"@context":"https:\/\/schema.org","@graph":[{"@type":"NewsArticle","@id":"https:\/\/www.celttv.com.ar\/index.php\/2014\/03\/10\/hcd-inta-y-municipio-definen-la-agenda-del-comite-coordinador\/#article","isPartOf":{"@id":"https:\/\/www.celttv.com.ar\/index.php\/2014\/03\/10\/hcd-inta-y-municipio-definen-la-agenda-del-comite-coordinador\/"},"author":{"name":"ulises","@id":"https:\/\/www.celttv.com.ar\/#\/schema\/person\/6d99c072dba59953809c81446e9d0ace"},"headline":"HCD.: INTA Y MUNICIPIO DEFINEN LA AGENDA DEL COMITE COORDINADOR","datePublished":"2014-03-10T20:09:57+00:00","dateModified":"2014-03-10T20:09:57+00:00","mainEntityOfPage":{"@id":"https:\/\/www.celttv.com.ar\/index.php\/2014\/03\/10\/hcd-inta-y-municipio-definen-la-agenda-del-comite-coordinador\/"},"wordCount":342,"publisher":{"@id":"https:\/\/www.celttv.com.ar\/#organization"},"articleSection":["Comunidad","Destacadas","Pol\u00edtica"],"inLanguage":"es"},{"@type":"WebPage","@id":"https:\/\/www.celttv.com.ar\/index.php\/2014\/03\/10\/hcd-inta-y-municipio-definen-la-agenda-del-comite-coordinador\/","url":"https:\/\/www.celttv.com.ar\/index.php\/2014\/03\/10\/hcd-inta-y-municipio-definen-la-agenda-del-comite-coordinador\/","name":"HCD.: INTA Y MUNICIPIO DEFINEN LA AGENDA DEL COMITE COORDINADOR - CELTTV","isPartOf":{"@id":"https:\/\/www.celttv.com.ar\/#website"},"datePublished":"2014-03-10T20:09:57+00:00","dateModified":"2014-03-10T20:09:57+00:00","description":"Sitio web de noticias de la localidad de Tornquist, provincia de Buenos Aires, Rep\u00fablica Argentina. Contenido propio originado por periodistas de CELTTV, el canal de TV local de la Cooperativa El\u00e9ctrica de Tornquist. Turismo, Pol\u00edtica, Sociedad, Deporte, Cultura y todo el contenido de inter\u00e9s general que la gente del pueblo y la regi\u00f3n debe conocer.","breadcrumb":{"@id":"https:\/\/www.celttv.com.ar\/index.php\/2014\/03\/10\/hcd-inta-y-municipio-definen-la-agenda-del-comite-coordinador\/#breadcrumb"},"inLanguage":"es","potentialAction":[{"@type":"ReadAction","target":["https:\/\/www.celttv.com.ar\/index.php\/2014\/03\/10\/hcd-inta-y-municipio-definen-la-agenda-del-comite-coordinador\/"]}]},{"@type":"BreadcrumbList","@id":"https:\/\/www.celttv.com.ar\/index.php\/2014\/03\/10\/hcd-inta-y-municipio-definen-la-agenda-del-comite-coordinador\/#breadcrumb","itemListElement":[{"@type":"ListItem","position":1,"name":"Inicio","item":"https:\/\/www.celttv.com.ar\/"},{"@type":"ListItem","position":2,"name":"HCD.: INTA Y MUNICIPIO DEFINEN LA AGENDA DEL COMITE COORDINADOR"}]},{"@type":"WebSite","@id":"https:\/\/www.celttv.com.ar\/#website","url":"https:\/\/www.celttv.com.ar\/","name":"CELTTV","description":"Cooperativa El\u00e9ctrica de Tornquist","publisher":{"@id":"https:\/\/www.celttv.com.ar\/#organization"},"potentialAction":[{"@type":"SearchAction","target":{"@type":"EntryPoint","urlTemplate":"https:\/\/www.celttv.com.ar\/?s={search_term_string}"},"query-input":"required name=search_term_string"}],"inLanguage":"es"},{"@type":"Organization","@id":"https:\/\/www.celttv.com.ar\/#organization","name":"CELTTV","url":"https:\/\/www.celttv.com.ar\/","sameAs":["https:\/\/www.youtube.com\/channel\/UCz_oIt8Hig64Ub-EmcNPIhg","https:\/\/www.facebook.com\/celtTV\/"],"logo":{"@type":"ImageObject","inLanguage":"es","@id":"https:\/\/www.celttv.com.ar\/#\/schema\/logo\/image\/","url":"http:\/\/www.celttv.com.ar\/wp-content\/uploads\/2022\/08\/logo-1.png","contentUrl":"http:\/\/www.celttv.com.ar\/wp-content\/uploads\/2022\/08\/logo-1.png","width":461,"height":159,"caption":"CELTTV"},"image":{"@id":"https:\/\/www.celttv.com.ar\/#\/schema\/logo\/image\/"}},{"@type":"Person","@id":"https:\/\/www.celttv.com.ar\/#\/schema\/person\/6d99c072dba59953809c81446e9d0ace","name":"ulises","image":{"@type":"ImageObject","inLanguage":"es","@id":"https:\/\/www.celttv.com.ar\/#\/schema\/person\/image\/","url":"https:\/\/secure.gravatar.com\/avatar\/7f2c48bdc33b30088f941fb6082e555f2874c98e20cb159d7b92b50eadfce793?s=96&d=mm&r=g","contentUrl":"https:\/\/secure.gravatar.com\/avatar\/7f2c48bdc33b30088f941fb6082e555f2874c98e20cb159d7b92b50eadfce793?s=96&d=mm&r=g","caption":"ulises"},"sameAs":["http:\/\/www.celttv.com.ar"]}]}},"_links":{"self":[{"href":"https:\/\/www.celttv.com.ar\/index.php\/wp-json\/wp\/v2\/posts\/18186","targetHints":{"allow":["GET"]}}],"collection":[{"href":"https:\/\/www.celttv.com.ar\/index.php\/wp-json\/wp\/v2\/posts"}],"about":[{"href":"https:\/\/www.celttv.com.ar\/index.php\/wp-json\/wp\/v2\/types\/post"}],"author":[{"embeddable":true,"href":"https:\/\/www.celttv.com.ar\/index.php\/wp-json\/wp\/v2\/users\/1"}],"replies":[{"embeddable":true,"href":"https:\/\/www.celttv.com.ar\/index.php\/wp-json\/wp\/v2\/comments?post=18186"}],"version-history":[{"count":0,"href":"https:\/\/www.celttv.com.ar\/index.php\/wp-json\/wp\/v2\/posts\/18186\/revisions"}],"wp:attachment":[{"href":"https:\/\/www.celttv.com.ar\/index.php\/wp-json\/wp\/v2\/media?parent=18186"}],"wp:term":[{"taxonomy":"category","embeddable":true,"href":"https:\/\/www.celttv.com.ar\/index.php\/wp-json\/wp\/v2\/categories?post=18186"},{"taxonomy":"post_tag","embeddable":true,"href":"https:\/\/www.celttv.com.ar\/index.php\/wp-json\/wp\/v2\/tags?post=18186"}],"curies":[{"name":"wp","href":"https:\/\/api.w.org\/{rel}","templated":true}]}}