{"id":18562,"date":"2014-03-17T22:10:10","date_gmt":"2014-03-17T22:10:10","guid":{"rendered":"http:\/\/www.tvcnoticias.com.ar\/?p=18562"},"modified":"2014-03-17T22:10:10","modified_gmt":"2014-03-17T22:10:10","slug":"hcd-polemica-por-el-veto-al-proyecto-del-frente-renovador","status":"publish","type":"post","link":"https:\/\/www.celttv.com.ar\/index.php\/2014\/03\/17\/hcd-polemica-por-el-veto-al-proyecto-del-frente-renovador\/","title":{"rendered":"HCD: POLEMICA POR EL VETO AL PROYECTO DEL FRENTE RENOVADOR"},"content":{"rendered":"<p><a href=\"http:\/\/www.youtube.com\/watch?v=8YxS0a_jExo\">httpv:\/\/www.youtube.com\/watch?v=8YxS0a_jExo<\/a><br \/>\n<a href=\"http:\/\/www.youtube.com\/watch?v=hDVA5LL4GnQ\">httpv:\/\/www.youtube.com\/watch?v=hDVA5LL4GnQ<\/a><br \/>\nTranscribimos la respuesta de la Concejal Noel\u00ed Kloster del Frente Renovador al titular del ejecutivo del Distrito de Tornquist respecto al Veto sobre la ordenanza que propon\u00eda la realizaci\u00f3n de un censo para los pobladores de Villa Ventana, Villa Serrana La Gruta y San Andr\u00e9s de las Sierras:<br \/>\n&nbsp;<br \/>\nConsiderando el veto del PE sobre el proyecto de ordenanza 2637\/14 que propone la realizaci\u00f3n de un censo poblacional en las localidades de Villa Serrana\u00a0La Gruta, San Andr\u00e9s de\u00a0la Sierra, y Villa Ventana, el FR reafirma su compromiso con los pobladores e instituciones del distrito. Especialmente con los vecinos que nos acercaron el presente petitorio del cual se exponen las inquietudes en los p\u00e1rrafos siguientes.<br \/>\nPlantear que el proyecto presentado carece de \u201csustento constitucional\u201d y en modo potencial el mismo generar\u00eda un \u201cposible conflicto de poderes entre liberativo y ejecutivo\u201d es continuar sin querer escuchar a la comunidad.<br \/>\nEl Frente Renovador propone con esta Ordenanza sincerar la realidad y la solicitud de los pobladores de las localidades nombradas que en un petitorio presentado por los vecinos ante el HCD el 13 de enero del corriente a\u00f1o, mencionan problem\u00e1ticas concretas vinculadas a los siguientes temas:<br \/>\nInseguridad; prevenci\u00f3n de incendios; suministro de agua potable; falta de capacitaciones en relaci\u00f3n a tem\u00e1ticas tales como, manejo del fuego; planes de evacuaci\u00f3n de las villas; limpieza de terrenos bald\u00edos; falta de presencia policial, entre otros.<br \/>\nAnte esta situaci\u00f3n planteada, el FR escucha estos reclamos del petitorio vecinal que adem\u00e1s, tuvo fecha de ingreso en el PE el mismo d\u00eda, y elabora este Proyecto de Ordenanza que no hace m\u00e1s que proporcionar al PE una herramienta de car\u00e1cter preventivo para conocer realmente la situaci\u00f3n social de los peticionantes.<br \/>\nAnte la posibilidad de futuros siniestros, saber realmente d\u00f3nde se encuentran, en qu\u00e9 condici\u00f3n, con los medios que pueden contar y c\u00f3mo se componen las familias de los residentes, es el esp\u00edritu de\u00a0la Ordenanza\u00a0aprobada que propone el \u201cCenso\u201d como metodolog\u00eda \u2013herramienta de estad\u00edstica- que no hace m\u00e1s que contribuir y colaborar con los servidores p\u00fablicos en cat\u00e1strofes venideras. En ning\u00fan momento esta propuesta \u201cavasalla el presupuesto de gastos del corriente a\u00f1o\u201d como indica el Veto municipal, sino todo lo contrario, ya que no exige erogaci\u00f3n monetaria alguna.<br \/>\nAs\u00ed mismo a los t\u00e9rminos vertidos en el veto del PE tales como: \u201cnormativa lugare\u00f1a que ha querido imponer representantes que no est\u00e1n normados\u201d; le recordamos al Se\u00f1or Intendente que las Instituciones Intermedias reconocidas, tal es el caso de las comisiones de Fomento y dem\u00e1s organizaciones no gubernamentales tienen en sus comisiones representantes elegidos por las comunidades y son reconocidas a nivel Provincial mediante un registro que lleva\u00a0la Direcci\u00f3n Provincial\u00a0de Personas Jur\u00eddicas, dependiente del Ministerio de Justicia.<br \/>\nNo es voluntad de esta Concejal imponer personas, ni plazos, ni ser intrusa en el PE, sino todo lo contrario, sugerir a nuestros gobernantes herramientas que sirven como prevenci\u00f3n. Y que surgen principalmente de las necesidades de los vecinos.<br \/>\nY quiero recordar que el uso de la \u201cBanca\u00a013\u201d\u00a0que se argumenta en el veto, como un desconocimiento de parte del Bloque que integro, s\u00f3lo puede ser utilizada en per\u00edodos legislativos ordinarios. Por lo expuesto, uno, como Concejal, es elegido por el Pueblo para representarlo todo el a\u00f1o, no solamente en per\u00edodo de sesiones ordinarias.<br \/>\nEl FR no desconoce\u00a0la Constituci\u00f3n Nacional, que seg\u00fan expresa el PE \u201ces la biblia de la\u00a0\u00a0\u00a0 democracia\u201d. Si realmente fuera as\u00ed nuestro pa\u00eds no estar\u00eda ocupando un lugar importante en el\u00a0 ranking de los m\u00e1s corruptos.<br \/>\nEn cuanto a que los concejales no actuamos para combatir \u201cinequidades sociales\u201d \u00bfhay inequidad m\u00e1s grave que la que padece el inspector de tr\u00e1nsito que ni siquiera posee un vehiculo para realizar su tarea? \u00bfC\u00f3mo se puede controlar que las ordenanzas sean cumplidas?<br \/>\nEl PE\u00a0 hace referencia a que \u201cla democracia pierde sus sue\u00f1os, cuando se convierte en especulaci\u00f3n permanente\u201d y s\u00ed\u2026es lo que ha hecho este Gobierno Nacional y Popular\u2026hemos perdido los sue\u00f1os, la dignidad, los valores, el respeto\u2026<br \/>\nPor \u00faltimo, la concejal del FR no especula con fines electorales porque trabaja para los vecinos. No est\u00e1 preocupado el FR por las elecciones, quiz\u00e1\u2026otros s\u00ed\u2026<br \/>\n&nbsp;<br \/>\nLamentamos profundamente que esta Ordenanza haya sido vetada por el Intendente Gustavo Trankels, cuando fue aprobada con fecha 05 de Febrero del corriente por unanimidad en el Honorable Concejo Deliberante, incluido los cinco concejales del Bloque Oficialista, o sea, la incapacidad, para el INTENDENTE, es de los doce concejales.<br \/>\nTambi\u00e9n quiero recordarle que las fortalezas se nutren de las diferencias. Por lo tanto, seria bueno que se instale el debate, se escuchen todas las voces, empecemos a caminar juntos y de una buena vez comencemos a crecer en serio como distrito. La gente lo est\u00e1 esperando\u2026<br \/>\n&nbsp;<br \/>\nSin otro particular saluda atte.<br \/>\nNOELI KLOSTER<br \/>\nCONCEJAL DEL FRENTE RENOVADOR.<br \/>\n&nbsp;<\/p>\n","protected":false},"excerpt":{"rendered":"<p>httpv:\/\/www.youtube.com\/watch?v=8YxS0a_jExo httpv:\/\/www.youtube.com\/watch?v=hDVA5LL4GnQ Transcribimos la respuesta de la Concejal Noel\u00ed Kloster del Frente Renovador al titular del ejecutivo del Distrito de Tornquist respecto al Veto sobre la ordenanza que propon\u00eda la realizaci\u00f3n de un censo para los pobladores de Villa Ventana, Villa Serrana La Gruta y San Andr\u00e9s de las Sierras: &nbsp; Considerando el veto del [&hellip;]<\/p>\n","protected":false},"author":1,"featured_media":0,"comment_status":"closed","ping_status":"open","sticky":false,"template":"","format":"standard","meta":{"footnotes":""},"categories":[51,52,53,64],"tags":[],"class_list":["post-18562","post","type-post","status-publish","format-standard","hentry","category-comunidad","category-destacadas","category-politica","category-videos-destacados"],"yoast_head":"<!-- This site is optimized with the Yoast SEO plugin v19.7.1 - https:\/\/yoast.com\/wordpress\/plugins\/seo\/ -->\n<title>HCD: POLEMICA POR EL VETO AL PROYECTO DEL FRENTE RENOVADOR - CELTTV<\/title>\n<meta name=\"description\" content=\"Sitio web de noticias de la localidad de Tornquist, provincia de Buenos Aires, Rep\u00fablica Argentina. Contenido propio originado por periodistas de CELTTV, el canal de TV local de la Cooperativa El\u00e9ctrica de Tornquist. Turismo, Pol\u00edtica, Sociedad, Deporte, Cultura y todo el contenido de inter\u00e9s general que la gente del pueblo y la regi\u00f3n debe conocer.\" \/>\n<meta name=\"robots\" content=\"index, follow, max-snippet:-1, max-image-preview:large, max-video-preview:-1\" \/>\n<link rel=\"canonical\" href=\"https:\/\/www.celttv.com.ar\/index.php\/2014\/03\/17\/hcd-polemica-por-el-veto-al-proyecto-del-frente-renovador\/\" \/>\n<meta property=\"og:locale\" content=\"es_ES\" \/>\n<meta property=\"og:type\" content=\"article\" \/>\n<meta property=\"og:title\" content=\"HCD: POLEMICA POR EL VETO AL PROYECTO DEL FRENTE RENOVADOR - CELTTV\" \/>\n<meta property=\"og:description\" content=\"Sitio web de noticias de la localidad de Tornquist, provincia de Buenos Aires, Rep\u00fablica Argentina. Contenido propio originado por periodistas de CELTTV, el canal de TV local de la Cooperativa El\u00e9ctrica de Tornquist. Turismo, Pol\u00edtica, Sociedad, Deporte, Cultura y todo el contenido de inter\u00e9s general que la gente del pueblo y la regi\u00f3n debe conocer.\" \/>\n<meta property=\"og:url\" content=\"https:\/\/www.celttv.com.ar\/index.php\/2014\/03\/17\/hcd-polemica-por-el-veto-al-proyecto-del-frente-renovador\/\" \/>\n<meta property=\"og:site_name\" content=\"CELTTV\" \/>\n<meta property=\"article:publisher\" content=\"https:\/\/www.facebook.com\/celtTV\/\" \/>\n<meta property=\"article:published_time\" content=\"2014-03-17T22:10:10+00:00\" \/>\n<meta name=\"author\" content=\"ulises\" \/>\n<meta name=\"twitter:card\" content=\"summary_large_image\" \/>\n<meta name=\"twitter:label1\" content=\"Escrito por\" \/>\n\t<meta name=\"twitter:data1\" content=\"ulises\" \/>\n\t<meta name=\"twitter:label2\" content=\"Tiempo de lectura\" \/>\n\t<meta name=\"twitter:data2\" content=\"4 minutos\" \/>\n<script type=\"application\/ld+json\" class=\"yoast-schema-graph\">{\"@context\":\"https:\/\/schema.org\",\"@graph\":[{\"@type\":\"NewsArticle\",\"@id\":\"https:\/\/www.celttv.com.ar\/index.php\/2014\/03\/17\/hcd-polemica-por-el-veto-al-proyecto-del-frente-renovador\/#article\",\"isPartOf\":{\"@id\":\"https:\/\/www.celttv.com.ar\/index.php\/2014\/03\/17\/hcd-polemica-por-el-veto-al-proyecto-del-frente-renovador\/\"},\"author\":{\"name\":\"ulises\",\"@id\":\"https:\/\/www.celttv.com.ar\/#\/schema\/person\/6d99c072dba59953809c81446e9d0ace\"},\"headline\":\"HCD: POLEMICA POR EL VETO AL PROYECTO DEL FRENTE RENOVADOR\",\"datePublished\":\"2014-03-17T22:10:10+00:00\",\"dateModified\":\"2014-03-17T22:10:10+00:00\",\"mainEntityOfPage\":{\"@id\":\"https:\/\/www.celttv.com.ar\/index.php\/2014\/03\/17\/hcd-polemica-por-el-veto-al-proyecto-del-frente-renovador\/\"},\"wordCount\":882,\"publisher\":{\"@id\":\"https:\/\/www.celttv.com.ar\/#organization\"},\"articleSection\":[\"Comunidad\",\"Destacadas\",\"Pol\u00edtica\",\"Videos Destacados\"],\"inLanguage\":\"es\"},{\"@type\":\"WebPage\",\"@id\":\"https:\/\/www.celttv.com.ar\/index.php\/2014\/03\/17\/hcd-polemica-por-el-veto-al-proyecto-del-frente-renovador\/\",\"url\":\"https:\/\/www.celttv.com.ar\/index.php\/2014\/03\/17\/hcd-polemica-por-el-veto-al-proyecto-del-frente-renovador\/\",\"name\":\"HCD: POLEMICA POR EL VETO AL PROYECTO DEL FRENTE RENOVADOR - CELTTV\",\"isPartOf\":{\"@id\":\"https:\/\/www.celttv.com.ar\/#website\"},\"datePublished\":\"2014-03-17T22:10:10+00:00\",\"dateModified\":\"2014-03-17T22:10:10+00:00\",\"description\":\"Sitio web de noticias de la localidad de Tornquist, provincia de Buenos Aires, Rep\u00fablica Argentina. Contenido propio originado por periodistas de CELTTV, el canal de TV local de la Cooperativa El\u00e9ctrica de Tornquist. Turismo, Pol\u00edtica, Sociedad, Deporte, Cultura y todo el contenido de inter\u00e9s general que la gente del pueblo y la regi\u00f3n debe conocer.\",\"breadcrumb\":{\"@id\":\"https:\/\/www.celttv.com.ar\/index.php\/2014\/03\/17\/hcd-polemica-por-el-veto-al-proyecto-del-frente-renovador\/#breadcrumb\"},\"inLanguage\":\"es\",\"potentialAction\":[{\"@type\":\"ReadAction\",\"target\":[\"https:\/\/www.celttv.com.ar\/index.php\/2014\/03\/17\/hcd-polemica-por-el-veto-al-proyecto-del-frente-renovador\/\"]}]},{\"@type\":\"BreadcrumbList\",\"@id\":\"https:\/\/www.celttv.com.ar\/index.php\/2014\/03\/17\/hcd-polemica-por-el-veto-al-proyecto-del-frente-renovador\/#breadcrumb\",\"itemListElement\":[{\"@type\":\"ListItem\",\"position\":1,\"name\":\"Inicio\",\"item\":\"https:\/\/www.celttv.com.ar\/\"},{\"@type\":\"ListItem\",\"position\":2,\"name\":\"HCD: POLEMICA POR EL VETO AL PROYECTO DEL FRENTE RENOVADOR\"}]},{\"@type\":\"WebSite\",\"@id\":\"https:\/\/www.celttv.com.ar\/#website\",\"url\":\"https:\/\/www.celttv.com.ar\/\",\"name\":\"CELTTV\",\"description\":\"Cooperativa El\u00e9ctrica de Tornquist\",\"publisher\":{\"@id\":\"https:\/\/www.celttv.com.ar\/#organization\"},\"potentialAction\":[{\"@type\":\"SearchAction\",\"target\":{\"@type\":\"EntryPoint\",\"urlTemplate\":\"https:\/\/www.celttv.com.ar\/?s={search_term_string}\"},\"query-input\":\"required name=search_term_string\"}],\"inLanguage\":\"es\"},{\"@type\":\"Organization\",\"@id\":\"https:\/\/www.celttv.com.ar\/#organization\",\"name\":\"CELTTV\",\"url\":\"https:\/\/www.celttv.com.ar\/\",\"sameAs\":[\"https:\/\/www.youtube.com\/channel\/UCz_oIt8Hig64Ub-EmcNPIhg\",\"https:\/\/www.facebook.com\/celtTV\/\"],\"logo\":{\"@type\":\"ImageObject\",\"inLanguage\":\"es\",\"@id\":\"https:\/\/www.celttv.com.ar\/#\/schema\/logo\/image\/\",\"url\":\"http:\/\/www.celttv.com.ar\/wp-content\/uploads\/2022\/08\/logo-1.png\",\"contentUrl\":\"http:\/\/www.celttv.com.ar\/wp-content\/uploads\/2022\/08\/logo-1.png\",\"width\":461,\"height\":159,\"caption\":\"CELTTV\"},\"image\":{\"@id\":\"https:\/\/www.celttv.com.ar\/#\/schema\/logo\/image\/\"}},{\"@type\":\"Person\",\"@id\":\"https:\/\/www.celttv.com.ar\/#\/schema\/person\/6d99c072dba59953809c81446e9d0ace\",\"name\":\"ulises\",\"image\":{\"@type\":\"ImageObject\",\"inLanguage\":\"es\",\"@id\":\"https:\/\/www.celttv.com.ar\/#\/schema\/person\/image\/\",\"url\":\"https:\/\/secure.gravatar.com\/avatar\/7f2c48bdc33b30088f941fb6082e555f2874c98e20cb159d7b92b50eadfce793?s=96&d=mm&r=g\",\"contentUrl\":\"https:\/\/secure.gravatar.com\/avatar\/7f2c48bdc33b30088f941fb6082e555f2874c98e20cb159d7b92b50eadfce793?s=96&d=mm&r=g\",\"caption\":\"ulises\"},\"sameAs\":[\"http:\/\/www.celttv.com.ar\"]}]}<\/script>\n<!-- \/ Yoast SEO plugin. -->","yoast_head_json":{"title":"HCD: POLEMICA POR EL VETO AL PROYECTO DEL FRENTE RENOVADOR - CELTTV","description":"Sitio web de noticias de la localidad de Tornquist, provincia de Buenos Aires, Rep\u00fablica Argentina. Contenido propio originado por periodistas de CELTTV, el canal de TV local de la Cooperativa El\u00e9ctrica de Tornquist. Turismo, Pol\u00edtica, Sociedad, Deporte, Cultura y todo el contenido de inter\u00e9s general que la gente del pueblo y la regi\u00f3n debe conocer.","robots":{"index":"index","follow":"follow","max-snippet":"max-snippet:-1","max-image-preview":"max-image-preview:large","max-video-preview":"max-video-preview:-1"},"canonical":"https:\/\/www.celttv.com.ar\/index.php\/2014\/03\/17\/hcd-polemica-por-el-veto-al-proyecto-del-frente-renovador\/","og_locale":"es_ES","og_type":"article","og_title":"HCD: POLEMICA POR EL VETO AL PROYECTO DEL FRENTE RENOVADOR - CELTTV","og_description":"Sitio web de noticias de la localidad de Tornquist, provincia de Buenos Aires, Rep\u00fablica Argentina. Contenido propio originado por periodistas de CELTTV, el canal de TV local de la Cooperativa El\u00e9ctrica de Tornquist. Turismo, Pol\u00edtica, Sociedad, Deporte, Cultura y todo el contenido de inter\u00e9s general que la gente del pueblo y la regi\u00f3n debe conocer.","og_url":"https:\/\/www.celttv.com.ar\/index.php\/2014\/03\/17\/hcd-polemica-por-el-veto-al-proyecto-del-frente-renovador\/","og_site_name":"CELTTV","article_publisher":"https:\/\/www.facebook.com\/celtTV\/","article_published_time":"2014-03-17T22:10:10+00:00","author":"ulises","twitter_card":"summary_large_image","twitter_misc":{"Escrito por":"ulises","Tiempo de lectura":"4 minutos"},"schema":{"@context":"https:\/\/schema.org","@graph":[{"@type":"NewsArticle","@id":"https:\/\/www.celttv.com.ar\/index.php\/2014\/03\/17\/hcd-polemica-por-el-veto-al-proyecto-del-frente-renovador\/#article","isPartOf":{"@id":"https:\/\/www.celttv.com.ar\/index.php\/2014\/03\/17\/hcd-polemica-por-el-veto-al-proyecto-del-frente-renovador\/"},"author":{"name":"ulises","@id":"https:\/\/www.celttv.com.ar\/#\/schema\/person\/6d99c072dba59953809c81446e9d0ace"},"headline":"HCD: POLEMICA POR EL VETO AL PROYECTO DEL FRENTE RENOVADOR","datePublished":"2014-03-17T22:10:10+00:00","dateModified":"2014-03-17T22:10:10+00:00","mainEntityOfPage":{"@id":"https:\/\/www.celttv.com.ar\/index.php\/2014\/03\/17\/hcd-polemica-por-el-veto-al-proyecto-del-frente-renovador\/"},"wordCount":882,"publisher":{"@id":"https:\/\/www.celttv.com.ar\/#organization"},"articleSection":["Comunidad","Destacadas","Pol\u00edtica","Videos Destacados"],"inLanguage":"es"},{"@type":"WebPage","@id":"https:\/\/www.celttv.com.ar\/index.php\/2014\/03\/17\/hcd-polemica-por-el-veto-al-proyecto-del-frente-renovador\/","url":"https:\/\/www.celttv.com.ar\/index.php\/2014\/03\/17\/hcd-polemica-por-el-veto-al-proyecto-del-frente-renovador\/","name":"HCD: POLEMICA POR EL VETO AL PROYECTO DEL FRENTE RENOVADOR - CELTTV","isPartOf":{"@id":"https:\/\/www.celttv.com.ar\/#website"},"datePublished":"2014-03-17T22:10:10+00:00","dateModified":"2014-03-17T22:10:10+00:00","description":"Sitio web de noticias de la localidad de Tornquist, provincia de Buenos Aires, Rep\u00fablica Argentina. Contenido propio originado por periodistas de CELTTV, el canal de TV local de la Cooperativa El\u00e9ctrica de Tornquist. Turismo, Pol\u00edtica, Sociedad, Deporte, Cultura y todo el contenido de inter\u00e9s general que la gente del pueblo y la regi\u00f3n debe conocer.","breadcrumb":{"@id":"https:\/\/www.celttv.com.ar\/index.php\/2014\/03\/17\/hcd-polemica-por-el-veto-al-proyecto-del-frente-renovador\/#breadcrumb"},"inLanguage":"es","potentialAction":[{"@type":"ReadAction","target":["https:\/\/www.celttv.com.ar\/index.php\/2014\/03\/17\/hcd-polemica-por-el-veto-al-proyecto-del-frente-renovador\/"]}]},{"@type":"BreadcrumbList","@id":"https:\/\/www.celttv.com.ar\/index.php\/2014\/03\/17\/hcd-polemica-por-el-veto-al-proyecto-del-frente-renovador\/#breadcrumb","itemListElement":[{"@type":"ListItem","position":1,"name":"Inicio","item":"https:\/\/www.celttv.com.ar\/"},{"@type":"ListItem","position":2,"name":"HCD: POLEMICA POR EL VETO AL PROYECTO DEL FRENTE RENOVADOR"}]},{"@type":"WebSite","@id":"https:\/\/www.celttv.com.ar\/#website","url":"https:\/\/www.celttv.com.ar\/","name":"CELTTV","description":"Cooperativa El\u00e9ctrica de Tornquist","publisher":{"@id":"https:\/\/www.celttv.com.ar\/#organization"},"potentialAction":[{"@type":"SearchAction","target":{"@type":"EntryPoint","urlTemplate":"https:\/\/www.celttv.com.ar\/?s={search_term_string}"},"query-input":"required name=search_term_string"}],"inLanguage":"es"},{"@type":"Organization","@id":"https:\/\/www.celttv.com.ar\/#organization","name":"CELTTV","url":"https:\/\/www.celttv.com.ar\/","sameAs":["https:\/\/www.youtube.com\/channel\/UCz_oIt8Hig64Ub-EmcNPIhg","https:\/\/www.facebook.com\/celtTV\/"],"logo":{"@type":"ImageObject","inLanguage":"es","@id":"https:\/\/www.celttv.com.ar\/#\/schema\/logo\/image\/","url":"http:\/\/www.celttv.com.ar\/wp-content\/uploads\/2022\/08\/logo-1.png","contentUrl":"http:\/\/www.celttv.com.ar\/wp-content\/uploads\/2022\/08\/logo-1.png","width":461,"height":159,"caption":"CELTTV"},"image":{"@id":"https:\/\/www.celttv.com.ar\/#\/schema\/logo\/image\/"}},{"@type":"Person","@id":"https:\/\/www.celttv.com.ar\/#\/schema\/person\/6d99c072dba59953809c81446e9d0ace","name":"ulises","image":{"@type":"ImageObject","inLanguage":"es","@id":"https:\/\/www.celttv.com.ar\/#\/schema\/person\/image\/","url":"https:\/\/secure.gravatar.com\/avatar\/7f2c48bdc33b30088f941fb6082e555f2874c98e20cb159d7b92b50eadfce793?s=96&d=mm&r=g","contentUrl":"https:\/\/secure.gravatar.com\/avatar\/7f2c48bdc33b30088f941fb6082e555f2874c98e20cb159d7b92b50eadfce793?s=96&d=mm&r=g","caption":"ulises"},"sameAs":["http:\/\/www.celttv.com.ar"]}]}},"_links":{"self":[{"href":"https:\/\/www.celttv.com.ar\/index.php\/wp-json\/wp\/v2\/posts\/18562","targetHints":{"allow":["GET"]}}],"collection":[{"href":"https:\/\/www.celttv.com.ar\/index.php\/wp-json\/wp\/v2\/posts"}],"about":[{"href":"https:\/\/www.celttv.com.ar\/index.php\/wp-json\/wp\/v2\/types\/post"}],"author":[{"embeddable":true,"href":"https:\/\/www.celttv.com.ar\/index.php\/wp-json\/wp\/v2\/users\/1"}],"replies":[{"embeddable":true,"href":"https:\/\/www.celttv.com.ar\/index.php\/wp-json\/wp\/v2\/comments?post=18562"}],"version-history":[{"count":0,"href":"https:\/\/www.celttv.com.ar\/index.php\/wp-json\/wp\/v2\/posts\/18562\/revisions"}],"wp:attachment":[{"href":"https:\/\/www.celttv.com.ar\/index.php\/wp-json\/wp\/v2\/media?parent=18562"}],"wp:term":[{"taxonomy":"category","embeddable":true,"href":"https:\/\/www.celttv.com.ar\/index.php\/wp-json\/wp\/v2\/categories?post=18562"},{"taxonomy":"post_tag","embeddable":true,"href":"https:\/\/www.celttv.com.ar\/index.php\/wp-json\/wp\/v2\/tags?post=18562"}],"curies":[{"name":"wp","href":"https:\/\/api.w.org\/{rel}","templated":true}]}}