{"id":18635,"date":"2014-03-18T20:47:36","date_gmt":"2014-03-18T20:47:36","guid":{"rendered":"http:\/\/www.tvcnoticias.com.ar\/?p=18635"},"modified":"2014-03-18T20:47:36","modified_gmt":"2014-03-18T20:47:36","slug":"cuenta-regresiva-para-la-fiesta-provincial-de-la-vendimia","status":"publish","type":"post","link":"https:\/\/www.celttv.com.ar\/index.php\/2014\/03\/18\/cuenta-regresiva-para-la-fiesta-provincial-de-la-vendimia\/","title":{"rendered":"CUENTA REGRESIVA PARA LA FIESTA PROVINCIAL DE LA VENDIMIA"},"content":{"rendered":"<p><br \/>\n<a href=\"https:\/\/www.youtube.com\/watch?v=CH6d9S7gjbg\">httpv:\/\/www.youtube.com\/watch?v=CH6d9S7gjbg<\/a><br \/>\n<span style=\"font-size: 13px;\">Ya se palpita. Los acordes y las notas de los artistas empiezan a sentirse cada vez m\u00e1s cerca, los artesanos y expositores aguardan el momento de exhibir sus productos, y en el predio se ultiman los detalles. La 3\u00aa Fiesta Provincial de la Vendimia est\u00e1 cada vez m\u00e1s cerca y eso se traduce en la expectativa generada en el distrito.<\/span><br \/>\nLa celebraci\u00f3n se llevar\u00e1 a cabo este s\u00e1bado y domingo en el predio de las ruinas del Club Hotel de la Ventana, en Villa Ventana, con la presencia de artistas locales, regionales y nacionales, que le otorgar\u00e1n un marco de excelencia a la propuesta que organiza la Municipalidad de Tornquist.<br \/>\nLa fiesta contendr\u00e1, como propuestas salientes, las actuaciones del grupo rockero Guasones, el humorista Carlos S\u00e1nchez y el folklorista Facundo Saravia, que le otorgar\u00e1n un toque de distinci\u00f3n al predio ubicado en un lugar \u00fanico y especial.<br \/>\nEn el predio se podr\u00e1 disfrutar, adem\u00e1s, de la exposici\u00f3n de las bodegas y productores de vinos del distrito y la regi\u00f3n, que propondr\u00e1n catas dirigidas y exhibir\u00e1n sus excelentes productos, un patio de comidas con una variada oferta gastron\u00f3mica, un paseo de artesanos y excursiones a las ruinas del Club Hotel.<br \/>\nLa grilla de artistas se completar\u00e1 con variadas alternativas. El s\u00e1bado, actuar\u00e1n Los Creadores (folklore), la cantante l\u00edrica tornquistense Paola Polinori, La Branka Rock, Florencia Dom\u00ednguez (folklore) y Carlos S\u00e1nchez en el horario central, mientras que el cierre ser\u00e1 a puro baile con Cumbia Manija.<br \/>\nEl domingo, el escenario ser\u00e1 testigo de las presentaciones de Omar Araya (\u201cEl Cantor Serrano\u201d, folklore\/payador), Pacman (Mat\u00edas y Romina, m\u00fasica de los \u00b480), el grupo rockero tornquistense La Morocha, Facundo Saravia y Guasones.<br \/>\nLa conducci\u00f3n durante ambas jornadas estar\u00e1 nuevamente a cargo del Mago Mariano, quien estar\u00e1 acompa\u00f1ado de Marcelo Alejandro Le\u00f3n.<br \/>\nLa diversidad y la calidad de los n\u00fameros ser\u00e1 una de las caracter\u00edsticas de la fiesta, que poco a poco se va convirtiendo en un cl\u00e1sico. Carlos S\u00e1nchez llegar\u00e1 con su humor, ese que lo llev\u00f3 a convertirse en uno de los preferidos de los argentinos. Seguramente ser\u00e1 un momento a pura diversi\u00f3n.<br \/>\nEl domingo habr\u00e1 dos puntos bien altos. La presencia del ex Chalchalero Facundo Saravia significar\u00e1 un toque de distinci\u00f3n, que incluir\u00e1 temas de su propia autor\u00eda y los cl\u00e1sicos que consagraron al mencionado grupo folkl\u00f3rico.<br \/>\nEl cierre de la fiesta estar\u00e1 en manos de Guasones. Con la potencia y la fuerza que lo caracteriza, el grupo platense desplegar\u00e1 sobre el escenario el arsenal de canciones que lo llev\u00f3 a convertirse en uno de los preferidos del p\u00fablico rockero argentino.<br \/>\nA todos ellos se sumar\u00e1n otros shows de primer nivel, entre ellos La Morocha, Paola Polinori y Omar Araya, artistas locales que seguramente cautivar\u00e1n al p\u00fablico que se dar\u00e1 cita en el predio.<br \/>\nEl s\u00e1bado, la apertura del predio se realizar\u00e1 a las 16.30, mientras que los shows musicales tendr\u00e1n su punto de partida a las 17. El domingo, los stands y puestos gastron\u00f3micos estar\u00e1n disponibles desde el mediod\u00eda y los espect\u00e1culos desde las 17. El derecho de acceso a las reun\u00edas tendr\u00e1 un costo de 20 pesos.<br \/>\n&nbsp;<br \/>\n&nbsp;<\/p>\n","protected":false},"excerpt":{"rendered":"<p>httpv:\/\/www.youtube.com\/watch?v=CH6d9S7gjbg Ya se palpita. Los acordes y las notas de los artistas empiezan a sentirse cada vez m\u00e1s cerca, los artesanos y expositores aguardan el momento de exhibir sus productos, y en el predio se ultiman los detalles. La 3\u00aa Fiesta Provincial de la Vendimia est\u00e1 cada vez m\u00e1s cerca y eso se traduce en [&hellip;]<\/p>\n","protected":false},"author":1,"featured_media":0,"comment_status":"closed","ping_status":"open","sticky":false,"template":"","format":"standard","meta":{"footnotes":""},"categories":[51,52,56,64],"tags":[],"class_list":["post-18635","post","type-post","status-publish","format-standard","hentry","category-comunidad","category-destacadas","category-espectaculos","category-videos-destacados"],"yoast_head":"<!-- This site is optimized with the Yoast SEO plugin v19.7.1 - https:\/\/yoast.com\/wordpress\/plugins\/seo\/ -->\n<title>CUENTA REGRESIVA PARA LA FIESTA PROVINCIAL DE LA VENDIMIA - CELTTV<\/title>\n<meta name=\"description\" content=\"Sitio web de noticias de la localidad de Tornquist, provincia de Buenos Aires, Rep\u00fablica Argentina. Contenido propio originado por periodistas de CELTTV, el canal de TV local de la Cooperativa El\u00e9ctrica de Tornquist. Turismo, Pol\u00edtica, Sociedad, Deporte, Cultura y todo el contenido de inter\u00e9s general que la gente del pueblo y la regi\u00f3n debe conocer.\" \/>\n<meta name=\"robots\" content=\"index, follow, max-snippet:-1, max-image-preview:large, max-video-preview:-1\" \/>\n<link rel=\"canonical\" href=\"https:\/\/www.celttv.com.ar\/index.php\/2014\/03\/18\/cuenta-regresiva-para-la-fiesta-provincial-de-la-vendimia\/\" \/>\n<meta property=\"og:locale\" content=\"es_ES\" \/>\n<meta property=\"og:type\" content=\"article\" \/>\n<meta property=\"og:title\" content=\"CUENTA REGRESIVA PARA LA FIESTA PROVINCIAL DE LA VENDIMIA - CELTTV\" \/>\n<meta property=\"og:description\" content=\"Sitio web de noticias de la localidad de Tornquist, provincia de Buenos Aires, Rep\u00fablica Argentina. Contenido propio originado por periodistas de CELTTV, el canal de TV local de la Cooperativa El\u00e9ctrica de Tornquist. Turismo, Pol\u00edtica, Sociedad, Deporte, Cultura y todo el contenido de inter\u00e9s general que la gente del pueblo y la regi\u00f3n debe conocer.\" \/>\n<meta property=\"og:url\" content=\"https:\/\/www.celttv.com.ar\/index.php\/2014\/03\/18\/cuenta-regresiva-para-la-fiesta-provincial-de-la-vendimia\/\" \/>\n<meta property=\"og:site_name\" content=\"CELTTV\" \/>\n<meta property=\"article:publisher\" content=\"https:\/\/www.facebook.com\/celtTV\/\" \/>\n<meta property=\"article:published_time\" content=\"2014-03-18T20:47:36+00:00\" \/>\n<meta name=\"author\" content=\"ulises\" \/>\n<meta name=\"twitter:card\" content=\"summary_large_image\" \/>\n<meta name=\"twitter:label1\" content=\"Escrito por\" \/>\n\t<meta name=\"twitter:data1\" content=\"ulises\" \/>\n\t<meta name=\"twitter:label2\" content=\"Tiempo de lectura\" \/>\n\t<meta name=\"twitter:data2\" content=\"3 minutos\" \/>\n<script type=\"application\/ld+json\" class=\"yoast-schema-graph\">{\"@context\":\"https:\/\/schema.org\",\"@graph\":[{\"@type\":\"NewsArticle\",\"@id\":\"https:\/\/www.celttv.com.ar\/index.php\/2014\/03\/18\/cuenta-regresiva-para-la-fiesta-provincial-de-la-vendimia\/#article\",\"isPartOf\":{\"@id\":\"https:\/\/www.celttv.com.ar\/index.php\/2014\/03\/18\/cuenta-regresiva-para-la-fiesta-provincial-de-la-vendimia\/\"},\"author\":{\"name\":\"ulises\",\"@id\":\"https:\/\/www.celttv.com.ar\/#\/schema\/person\/6d99c072dba59953809c81446e9d0ace\"},\"headline\":\"CUENTA REGRESIVA PARA LA FIESTA PROVINCIAL DE LA VENDIMIA\",\"datePublished\":\"2014-03-18T20:47:36+00:00\",\"dateModified\":\"2014-03-18T20:47:36+00:00\",\"mainEntityOfPage\":{\"@id\":\"https:\/\/www.celttv.com.ar\/index.php\/2014\/03\/18\/cuenta-regresiva-para-la-fiesta-provincial-de-la-vendimia\/\"},\"wordCount\":581,\"publisher\":{\"@id\":\"https:\/\/www.celttv.com.ar\/#organization\"},\"articleSection\":[\"Comunidad\",\"Destacadas\",\"Espect\u00e1culos\",\"Videos Destacados\"],\"inLanguage\":\"es\"},{\"@type\":\"WebPage\",\"@id\":\"https:\/\/www.celttv.com.ar\/index.php\/2014\/03\/18\/cuenta-regresiva-para-la-fiesta-provincial-de-la-vendimia\/\",\"url\":\"https:\/\/www.celttv.com.ar\/index.php\/2014\/03\/18\/cuenta-regresiva-para-la-fiesta-provincial-de-la-vendimia\/\",\"name\":\"CUENTA REGRESIVA PARA LA FIESTA PROVINCIAL DE LA VENDIMIA - CELTTV\",\"isPartOf\":{\"@id\":\"https:\/\/www.celttv.com.ar\/#website\"},\"datePublished\":\"2014-03-18T20:47:36+00:00\",\"dateModified\":\"2014-03-18T20:47:36+00:00\",\"description\":\"Sitio web de noticias de la localidad de Tornquist, provincia de Buenos Aires, Rep\u00fablica Argentina. Contenido propio originado por periodistas de CELTTV, el canal de TV local de la Cooperativa El\u00e9ctrica de Tornquist. Turismo, Pol\u00edtica, Sociedad, Deporte, Cultura y todo el contenido de inter\u00e9s general que la gente del pueblo y la regi\u00f3n debe conocer.\",\"breadcrumb\":{\"@id\":\"https:\/\/www.celttv.com.ar\/index.php\/2014\/03\/18\/cuenta-regresiva-para-la-fiesta-provincial-de-la-vendimia\/#breadcrumb\"},\"inLanguage\":\"es\",\"potentialAction\":[{\"@type\":\"ReadAction\",\"target\":[\"https:\/\/www.celttv.com.ar\/index.php\/2014\/03\/18\/cuenta-regresiva-para-la-fiesta-provincial-de-la-vendimia\/\"]}]},{\"@type\":\"BreadcrumbList\",\"@id\":\"https:\/\/www.celttv.com.ar\/index.php\/2014\/03\/18\/cuenta-regresiva-para-la-fiesta-provincial-de-la-vendimia\/#breadcrumb\",\"itemListElement\":[{\"@type\":\"ListItem\",\"position\":1,\"name\":\"Inicio\",\"item\":\"https:\/\/www.celttv.com.ar\/\"},{\"@type\":\"ListItem\",\"position\":2,\"name\":\"CUENTA REGRESIVA PARA LA FIESTA PROVINCIAL DE LA VENDIMIA\"}]},{\"@type\":\"WebSite\",\"@id\":\"https:\/\/www.celttv.com.ar\/#website\",\"url\":\"https:\/\/www.celttv.com.ar\/\",\"name\":\"CELTTV\",\"description\":\"Cooperativa El\u00e9ctrica de Tornquist\",\"publisher\":{\"@id\":\"https:\/\/www.celttv.com.ar\/#organization\"},\"potentialAction\":[{\"@type\":\"SearchAction\",\"target\":{\"@type\":\"EntryPoint\",\"urlTemplate\":\"https:\/\/www.celttv.com.ar\/?s={search_term_string}\"},\"query-input\":\"required name=search_term_string\"}],\"inLanguage\":\"es\"},{\"@type\":\"Organization\",\"@id\":\"https:\/\/www.celttv.com.ar\/#organization\",\"name\":\"CELTTV\",\"url\":\"https:\/\/www.celttv.com.ar\/\",\"sameAs\":[\"https:\/\/www.youtube.com\/channel\/UCz_oIt8Hig64Ub-EmcNPIhg\",\"https:\/\/www.facebook.com\/celtTV\/\"],\"logo\":{\"@type\":\"ImageObject\",\"inLanguage\":\"es\",\"@id\":\"https:\/\/www.celttv.com.ar\/#\/schema\/logo\/image\/\",\"url\":\"http:\/\/www.celttv.com.ar\/wp-content\/uploads\/2022\/08\/logo-1.png\",\"contentUrl\":\"http:\/\/www.celttv.com.ar\/wp-content\/uploads\/2022\/08\/logo-1.png\",\"width\":461,\"height\":159,\"caption\":\"CELTTV\"},\"image\":{\"@id\":\"https:\/\/www.celttv.com.ar\/#\/schema\/logo\/image\/\"}},{\"@type\":\"Person\",\"@id\":\"https:\/\/www.celttv.com.ar\/#\/schema\/person\/6d99c072dba59953809c81446e9d0ace\",\"name\":\"ulises\",\"image\":{\"@type\":\"ImageObject\",\"inLanguage\":\"es\",\"@id\":\"https:\/\/www.celttv.com.ar\/#\/schema\/person\/image\/\",\"url\":\"https:\/\/secure.gravatar.com\/avatar\/7f2c48bdc33b30088f941fb6082e555f2874c98e20cb159d7b92b50eadfce793?s=96&d=mm&r=g\",\"contentUrl\":\"https:\/\/secure.gravatar.com\/avatar\/7f2c48bdc33b30088f941fb6082e555f2874c98e20cb159d7b92b50eadfce793?s=96&d=mm&r=g\",\"caption\":\"ulises\"},\"sameAs\":[\"http:\/\/www.celttv.com.ar\"]}]}<\/script>\n<!-- \/ Yoast SEO plugin. -->","yoast_head_json":{"title":"CUENTA REGRESIVA PARA LA FIESTA PROVINCIAL DE LA VENDIMIA - CELTTV","description":"Sitio web de noticias de la localidad de Tornquist, provincia de Buenos Aires, Rep\u00fablica Argentina. Contenido propio originado por periodistas de CELTTV, el canal de TV local de la Cooperativa El\u00e9ctrica de Tornquist. Turismo, Pol\u00edtica, Sociedad, Deporte, Cultura y todo el contenido de inter\u00e9s general que la gente del pueblo y la regi\u00f3n debe conocer.","robots":{"index":"index","follow":"follow","max-snippet":"max-snippet:-1","max-image-preview":"max-image-preview:large","max-video-preview":"max-video-preview:-1"},"canonical":"https:\/\/www.celttv.com.ar\/index.php\/2014\/03\/18\/cuenta-regresiva-para-la-fiesta-provincial-de-la-vendimia\/","og_locale":"es_ES","og_type":"article","og_title":"CUENTA REGRESIVA PARA LA FIESTA PROVINCIAL DE LA VENDIMIA - CELTTV","og_description":"Sitio web de noticias de la localidad de Tornquist, provincia de Buenos Aires, Rep\u00fablica Argentina. Contenido propio originado por periodistas de CELTTV, el canal de TV local de la Cooperativa El\u00e9ctrica de Tornquist. Turismo, Pol\u00edtica, Sociedad, Deporte, Cultura y todo el contenido de inter\u00e9s general que la gente del pueblo y la regi\u00f3n debe conocer.","og_url":"https:\/\/www.celttv.com.ar\/index.php\/2014\/03\/18\/cuenta-regresiva-para-la-fiesta-provincial-de-la-vendimia\/","og_site_name":"CELTTV","article_publisher":"https:\/\/www.facebook.com\/celtTV\/","article_published_time":"2014-03-18T20:47:36+00:00","author":"ulises","twitter_card":"summary_large_image","twitter_misc":{"Escrito por":"ulises","Tiempo de lectura":"3 minutos"},"schema":{"@context":"https:\/\/schema.org","@graph":[{"@type":"NewsArticle","@id":"https:\/\/www.celttv.com.ar\/index.php\/2014\/03\/18\/cuenta-regresiva-para-la-fiesta-provincial-de-la-vendimia\/#article","isPartOf":{"@id":"https:\/\/www.celttv.com.ar\/index.php\/2014\/03\/18\/cuenta-regresiva-para-la-fiesta-provincial-de-la-vendimia\/"},"author":{"name":"ulises","@id":"https:\/\/www.celttv.com.ar\/#\/schema\/person\/6d99c072dba59953809c81446e9d0ace"},"headline":"CUENTA REGRESIVA PARA LA FIESTA PROVINCIAL DE LA VENDIMIA","datePublished":"2014-03-18T20:47:36+00:00","dateModified":"2014-03-18T20:47:36+00:00","mainEntityOfPage":{"@id":"https:\/\/www.celttv.com.ar\/index.php\/2014\/03\/18\/cuenta-regresiva-para-la-fiesta-provincial-de-la-vendimia\/"},"wordCount":581,"publisher":{"@id":"https:\/\/www.celttv.com.ar\/#organization"},"articleSection":["Comunidad","Destacadas","Espect\u00e1culos","Videos Destacados"],"inLanguage":"es"},{"@type":"WebPage","@id":"https:\/\/www.celttv.com.ar\/index.php\/2014\/03\/18\/cuenta-regresiva-para-la-fiesta-provincial-de-la-vendimia\/","url":"https:\/\/www.celttv.com.ar\/index.php\/2014\/03\/18\/cuenta-regresiva-para-la-fiesta-provincial-de-la-vendimia\/","name":"CUENTA REGRESIVA PARA LA FIESTA PROVINCIAL DE LA VENDIMIA - CELTTV","isPartOf":{"@id":"https:\/\/www.celttv.com.ar\/#website"},"datePublished":"2014-03-18T20:47:36+00:00","dateModified":"2014-03-18T20:47:36+00:00","description":"Sitio web de noticias de la localidad de Tornquist, provincia de Buenos Aires, Rep\u00fablica Argentina. Contenido propio originado por periodistas de CELTTV, el canal de TV local de la Cooperativa El\u00e9ctrica de Tornquist. Turismo, Pol\u00edtica, Sociedad, Deporte, Cultura y todo el contenido de inter\u00e9s general que la gente del pueblo y la regi\u00f3n debe conocer.","breadcrumb":{"@id":"https:\/\/www.celttv.com.ar\/index.php\/2014\/03\/18\/cuenta-regresiva-para-la-fiesta-provincial-de-la-vendimia\/#breadcrumb"},"inLanguage":"es","potentialAction":[{"@type":"ReadAction","target":["https:\/\/www.celttv.com.ar\/index.php\/2014\/03\/18\/cuenta-regresiva-para-la-fiesta-provincial-de-la-vendimia\/"]}]},{"@type":"BreadcrumbList","@id":"https:\/\/www.celttv.com.ar\/index.php\/2014\/03\/18\/cuenta-regresiva-para-la-fiesta-provincial-de-la-vendimia\/#breadcrumb","itemListElement":[{"@type":"ListItem","position":1,"name":"Inicio","item":"https:\/\/www.celttv.com.ar\/"},{"@type":"ListItem","position":2,"name":"CUENTA REGRESIVA PARA LA FIESTA PROVINCIAL DE LA VENDIMIA"}]},{"@type":"WebSite","@id":"https:\/\/www.celttv.com.ar\/#website","url":"https:\/\/www.celttv.com.ar\/","name":"CELTTV","description":"Cooperativa El\u00e9ctrica de Tornquist","publisher":{"@id":"https:\/\/www.celttv.com.ar\/#organization"},"potentialAction":[{"@type":"SearchAction","target":{"@type":"EntryPoint","urlTemplate":"https:\/\/www.celttv.com.ar\/?s={search_term_string}"},"query-input":"required name=search_term_string"}],"inLanguage":"es"},{"@type":"Organization","@id":"https:\/\/www.celttv.com.ar\/#organization","name":"CELTTV","url":"https:\/\/www.celttv.com.ar\/","sameAs":["https:\/\/www.youtube.com\/channel\/UCz_oIt8Hig64Ub-EmcNPIhg","https:\/\/www.facebook.com\/celtTV\/"],"logo":{"@type":"ImageObject","inLanguage":"es","@id":"https:\/\/www.celttv.com.ar\/#\/schema\/logo\/image\/","url":"http:\/\/www.celttv.com.ar\/wp-content\/uploads\/2022\/08\/logo-1.png","contentUrl":"http:\/\/www.celttv.com.ar\/wp-content\/uploads\/2022\/08\/logo-1.png","width":461,"height":159,"caption":"CELTTV"},"image":{"@id":"https:\/\/www.celttv.com.ar\/#\/schema\/logo\/image\/"}},{"@type":"Person","@id":"https:\/\/www.celttv.com.ar\/#\/schema\/person\/6d99c072dba59953809c81446e9d0ace","name":"ulises","image":{"@type":"ImageObject","inLanguage":"es","@id":"https:\/\/www.celttv.com.ar\/#\/schema\/person\/image\/","url":"https:\/\/secure.gravatar.com\/avatar\/7f2c48bdc33b30088f941fb6082e555f2874c98e20cb159d7b92b50eadfce793?s=96&d=mm&r=g","contentUrl":"https:\/\/secure.gravatar.com\/avatar\/7f2c48bdc33b30088f941fb6082e555f2874c98e20cb159d7b92b50eadfce793?s=96&d=mm&r=g","caption":"ulises"},"sameAs":["http:\/\/www.celttv.com.ar"]}]}},"_links":{"self":[{"href":"https:\/\/www.celttv.com.ar\/index.php\/wp-json\/wp\/v2\/posts\/18635","targetHints":{"allow":["GET"]}}],"collection":[{"href":"https:\/\/www.celttv.com.ar\/index.php\/wp-json\/wp\/v2\/posts"}],"about":[{"href":"https:\/\/www.celttv.com.ar\/index.php\/wp-json\/wp\/v2\/types\/post"}],"author":[{"embeddable":true,"href":"https:\/\/www.celttv.com.ar\/index.php\/wp-json\/wp\/v2\/users\/1"}],"replies":[{"embeddable":true,"href":"https:\/\/www.celttv.com.ar\/index.php\/wp-json\/wp\/v2\/comments?post=18635"}],"version-history":[{"count":0,"href":"https:\/\/www.celttv.com.ar\/index.php\/wp-json\/wp\/v2\/posts\/18635\/revisions"}],"wp:attachment":[{"href":"https:\/\/www.celttv.com.ar\/index.php\/wp-json\/wp\/v2\/media?parent=18635"}],"wp:term":[{"taxonomy":"category","embeddable":true,"href":"https:\/\/www.celttv.com.ar\/index.php\/wp-json\/wp\/v2\/categories?post=18635"},{"taxonomy":"post_tag","embeddable":true,"href":"https:\/\/www.celttv.com.ar\/index.php\/wp-json\/wp\/v2\/tags?post=18635"}],"curies":[{"name":"wp","href":"https:\/\/api.w.org\/{rel}","templated":true}]}}