{"id":18725,"date":"2014-03-21T16:43:16","date_gmt":"2014-03-21T16:43:16","guid":{"rendered":"http:\/\/www.tvcnoticias.com.ar\/?p=18725"},"modified":"2014-03-21T16:43:16","modified_gmt":"2014-03-21T16:43:16","slug":"tornquist-sera-sede-de-una-jornada-sobre-el-sindrome-uremico-hemolitico","status":"publish","type":"post","link":"https:\/\/www.celttv.com.ar\/index.php\/2014\/03\/21\/tornquist-sera-sede-de-una-jornada-sobre-el-sindrome-uremico-hemolitico\/","title":{"rendered":"TORNQUIST SERA SEDE DE UNA JORNADA SOBRE EL SINDROME UREMICO HEMOLITICO"},"content":{"rendered":"<p><span style=\"font-size: 13px;\"><img loading=\"lazy\" decoding=\"async\" class=\"aligncenter size-medium wp-image-18726\" title=\"Invitaci+\u00a6n talleres SUH (Medium)\" src=\"http:\/\/www.tvcnoticias.com.ar\/wp-content\/uploads\/2014\/03\/Invitaci+\u00a6n-talleres-SUH-Medium-450x318.jpg\" alt=\"\" width=\"450\" height=\"318\" \/>Una jornada que comprender\u00e1 charlas y talleres sobre las estrategias para la prevenci\u00f3n del S\u00edndrome Ur\u00e9mico Hemol\u00edtico (SUH), se llevar\u00e1 a cabo el viernes 28 del corriente en el Teatro Municipal \u201cRodolfo Funke\u201d, bajo la organizaci\u00f3n del Ministerio de Salud de la Provincia de Buenos Aires y la Municipalidad de Tornquist.<\/span><br \/>\nLa iniciativa, que se realizar\u00e1 entre las 9 y las 12.30, se encuentra dirigida a m\u00e9dicos y equipos de salud de los hospitales, CAPS y centros sanitarios, docentes, auxiliares y equipos del nivel educativo municipal y provincial, directores de bromatolog\u00eda, veterinarios agrarios zonales y comunidad en general.<br \/>\nLos temas que se abordar\u00e1n ser\u00e1n los siguientes:<br \/>\n&#8211;\u00a0\u00a0\u00a0\u00a0\u00a0\u00a0\u00a0\u00a0\u00a0 Epidemiolog\u00eda del SUH en los Municipios de la Regi\u00f3n Sur. A cargo del m\u00e9dico veterinario Fernando San Juan, responsable de la unidad centinela de la RSI.<br \/>\n&#8211;\u00a0\u00a0\u00a0\u00a0\u00a0\u00a0\u00a0\u00a0\u00a0 Generalidades, cl\u00ednica, s\u00edntomas y prevenci\u00f3n del SUH. Por la doctora Sandra Wac, jefa de departamento Vigilancia, Informaci\u00f3n y Educaci\u00f3n Alimentaria de la RSI y la Oficina de Alimentos BA.<br \/>\n&#8211;\u00a0\u00a0\u00a0\u00a0\u00a0\u00a0\u00a0\u00a0\u00a0 Contaminaci\u00f3n Cruzada. Las 5 claves\u00a0 de la inocuidad como prevenci\u00f3n del SUH. Dictado por la profesor a de Educaci\u00f3n Silvina L\u00f3pez, de la Oficina de Alimentos BA.<br \/>\n&#8211;\u00a0\u00a0\u00a0\u00a0\u00a0\u00a0\u00a0\u00a0\u00a0 Riesgos y puntos cr\u00edticos de la cadena agroalimentaria relacionados al SUH. Mesa redonda para directores de Bromatolog\u00eda de los Municipios (licenciada M\u00f3nica L\u00f3pez, doctora Adriana Biscayart y doctor Luciano Fontanes).<br \/>\n&nbsp;<\/p>\n","protected":false},"excerpt":{"rendered":"<p>Una jornada que comprender\u00e1 charlas y talleres sobre las estrategias para la prevenci\u00f3n del S\u00edndrome Ur\u00e9mico Hemol\u00edtico (SUH), se llevar\u00e1 a cabo el viernes 28 del corriente en el Teatro Municipal \u201cRodolfo Funke\u201d, bajo la organizaci\u00f3n del Ministerio de Salud de la Provincia de Buenos Aires y la Municipalidad de Tornquist. La iniciativa, que se [&hellip;]<\/p>\n","protected":false},"author":1,"featured_media":0,"comment_status":"closed","ping_status":"open","sticky":false,"template":"","format":"standard","meta":{"footnotes":""},"categories":[51,52,53],"tags":[],"class_list":["post-18725","post","type-post","status-publish","format-standard","hentry","category-comunidad","category-destacadas","category-politica"],"yoast_head":"<!-- This site is optimized with the Yoast SEO plugin v19.7.1 - https:\/\/yoast.com\/wordpress\/plugins\/seo\/ -->\n<title>TORNQUIST SERA SEDE DE UNA JORNADA SOBRE EL SINDROME UREMICO HEMOLITICO - CELTTV<\/title>\n<meta name=\"description\" content=\"Sitio web de noticias de la localidad de Tornquist, provincia de Buenos Aires, Rep\u00fablica Argentina. Contenido propio originado por periodistas de CELTTV, el canal de TV local de la Cooperativa El\u00e9ctrica de Tornquist. Turismo, Pol\u00edtica, Sociedad, Deporte, Cultura y todo el contenido de inter\u00e9s general que la gente del pueblo y la regi\u00f3n debe conocer.\" \/>\n<meta name=\"robots\" content=\"index, follow, max-snippet:-1, max-image-preview:large, max-video-preview:-1\" \/>\n<link rel=\"canonical\" href=\"https:\/\/www.celttv.com.ar\/index.php\/2014\/03\/21\/tornquist-sera-sede-de-una-jornada-sobre-el-sindrome-uremico-hemolitico\/\" \/>\n<meta property=\"og:locale\" content=\"es_ES\" \/>\n<meta property=\"og:type\" content=\"article\" \/>\n<meta property=\"og:title\" content=\"TORNQUIST SERA SEDE DE UNA JORNADA SOBRE EL SINDROME UREMICO HEMOLITICO - CELTTV\" \/>\n<meta property=\"og:description\" content=\"Sitio web de noticias de la localidad de Tornquist, provincia de Buenos Aires, Rep\u00fablica Argentina. Contenido propio originado por periodistas de CELTTV, el canal de TV local de la Cooperativa El\u00e9ctrica de Tornquist. Turismo, Pol\u00edtica, Sociedad, Deporte, Cultura y todo el contenido de inter\u00e9s general que la gente del pueblo y la regi\u00f3n debe conocer.\" \/>\n<meta property=\"og:url\" content=\"https:\/\/www.celttv.com.ar\/index.php\/2014\/03\/21\/tornquist-sera-sede-de-una-jornada-sobre-el-sindrome-uremico-hemolitico\/\" \/>\n<meta property=\"og:site_name\" content=\"CELTTV\" \/>\n<meta property=\"article:publisher\" content=\"https:\/\/www.facebook.com\/celtTV\/\" \/>\n<meta property=\"article:published_time\" content=\"2014-03-21T16:43:16+00:00\" \/>\n<meta name=\"author\" content=\"ulises\" \/>\n<meta name=\"twitter:card\" content=\"summary_large_image\" \/>\n<meta name=\"twitter:label1\" content=\"Escrito por\" \/>\n\t<meta name=\"twitter:data1\" content=\"ulises\" \/>\n\t<meta name=\"twitter:label2\" content=\"Tiempo de lectura\" \/>\n\t<meta name=\"twitter:data2\" content=\"1 minuto\" \/>\n<script type=\"application\/ld+json\" class=\"yoast-schema-graph\">{\"@context\":\"https:\/\/schema.org\",\"@graph\":[{\"@type\":\"NewsArticle\",\"@id\":\"https:\/\/www.celttv.com.ar\/index.php\/2014\/03\/21\/tornquist-sera-sede-de-una-jornada-sobre-el-sindrome-uremico-hemolitico\/#article\",\"isPartOf\":{\"@id\":\"https:\/\/www.celttv.com.ar\/index.php\/2014\/03\/21\/tornquist-sera-sede-de-una-jornada-sobre-el-sindrome-uremico-hemolitico\/\"},\"author\":{\"name\":\"ulises\",\"@id\":\"https:\/\/www.celttv.com.ar\/#\/schema\/person\/6d99c072dba59953809c81446e9d0ace\"},\"headline\":\"TORNQUIST SERA SEDE DE UNA JORNADA SOBRE EL SINDROME UREMICO HEMOLITICO\",\"datePublished\":\"2014-03-21T16:43:16+00:00\",\"dateModified\":\"2014-03-21T16:43:16+00:00\",\"mainEntityOfPage\":{\"@id\":\"https:\/\/www.celttv.com.ar\/index.php\/2014\/03\/21\/tornquist-sera-sede-de-una-jornada-sobre-el-sindrome-uremico-hemolitico\/\"},\"wordCount\":255,\"publisher\":{\"@id\":\"https:\/\/www.celttv.com.ar\/#organization\"},\"articleSection\":[\"Comunidad\",\"Destacadas\",\"Pol\u00edtica\"],\"inLanguage\":\"es\"},{\"@type\":\"WebPage\",\"@id\":\"https:\/\/www.celttv.com.ar\/index.php\/2014\/03\/21\/tornquist-sera-sede-de-una-jornada-sobre-el-sindrome-uremico-hemolitico\/\",\"url\":\"https:\/\/www.celttv.com.ar\/index.php\/2014\/03\/21\/tornquist-sera-sede-de-una-jornada-sobre-el-sindrome-uremico-hemolitico\/\",\"name\":\"TORNQUIST SERA SEDE DE UNA JORNADA SOBRE EL SINDROME UREMICO HEMOLITICO - CELTTV\",\"isPartOf\":{\"@id\":\"https:\/\/www.celttv.com.ar\/#website\"},\"datePublished\":\"2014-03-21T16:43:16+00:00\",\"dateModified\":\"2014-03-21T16:43:16+00:00\",\"description\":\"Sitio web de noticias de la localidad de Tornquist, provincia de Buenos Aires, Rep\u00fablica Argentina. Contenido propio originado por periodistas de CELTTV, el canal de TV local de la Cooperativa El\u00e9ctrica de Tornquist. Turismo, Pol\u00edtica, Sociedad, Deporte, Cultura y todo el contenido de inter\u00e9s general que la gente del pueblo y la regi\u00f3n debe conocer.\",\"breadcrumb\":{\"@id\":\"https:\/\/www.celttv.com.ar\/index.php\/2014\/03\/21\/tornquist-sera-sede-de-una-jornada-sobre-el-sindrome-uremico-hemolitico\/#breadcrumb\"},\"inLanguage\":\"es\",\"potentialAction\":[{\"@type\":\"ReadAction\",\"target\":[\"https:\/\/www.celttv.com.ar\/index.php\/2014\/03\/21\/tornquist-sera-sede-de-una-jornada-sobre-el-sindrome-uremico-hemolitico\/\"]}]},{\"@type\":\"BreadcrumbList\",\"@id\":\"https:\/\/www.celttv.com.ar\/index.php\/2014\/03\/21\/tornquist-sera-sede-de-una-jornada-sobre-el-sindrome-uremico-hemolitico\/#breadcrumb\",\"itemListElement\":[{\"@type\":\"ListItem\",\"position\":1,\"name\":\"Inicio\",\"item\":\"https:\/\/www.celttv.com.ar\/\"},{\"@type\":\"ListItem\",\"position\":2,\"name\":\"TORNQUIST SERA SEDE DE UNA JORNADA SOBRE EL SINDROME UREMICO HEMOLITICO\"}]},{\"@type\":\"WebSite\",\"@id\":\"https:\/\/www.celttv.com.ar\/#website\",\"url\":\"https:\/\/www.celttv.com.ar\/\",\"name\":\"CELTTV\",\"description\":\"Cooperativa El\u00e9ctrica de Tornquist\",\"publisher\":{\"@id\":\"https:\/\/www.celttv.com.ar\/#organization\"},\"potentialAction\":[{\"@type\":\"SearchAction\",\"target\":{\"@type\":\"EntryPoint\",\"urlTemplate\":\"https:\/\/www.celttv.com.ar\/?s={search_term_string}\"},\"query-input\":\"required name=search_term_string\"}],\"inLanguage\":\"es\"},{\"@type\":\"Organization\",\"@id\":\"https:\/\/www.celttv.com.ar\/#organization\",\"name\":\"CELTTV\",\"url\":\"https:\/\/www.celttv.com.ar\/\",\"sameAs\":[\"https:\/\/www.youtube.com\/channel\/UCz_oIt8Hig64Ub-EmcNPIhg\",\"https:\/\/www.facebook.com\/celtTV\/\"],\"logo\":{\"@type\":\"ImageObject\",\"inLanguage\":\"es\",\"@id\":\"https:\/\/www.celttv.com.ar\/#\/schema\/logo\/image\/\",\"url\":\"http:\/\/www.celttv.com.ar\/wp-content\/uploads\/2022\/08\/logo-1.png\",\"contentUrl\":\"http:\/\/www.celttv.com.ar\/wp-content\/uploads\/2022\/08\/logo-1.png\",\"width\":461,\"height\":159,\"caption\":\"CELTTV\"},\"image\":{\"@id\":\"https:\/\/www.celttv.com.ar\/#\/schema\/logo\/image\/\"}},{\"@type\":\"Person\",\"@id\":\"https:\/\/www.celttv.com.ar\/#\/schema\/person\/6d99c072dba59953809c81446e9d0ace\",\"name\":\"ulises\",\"image\":{\"@type\":\"ImageObject\",\"inLanguage\":\"es\",\"@id\":\"https:\/\/www.celttv.com.ar\/#\/schema\/person\/image\/\",\"url\":\"https:\/\/secure.gravatar.com\/avatar\/7f2c48bdc33b30088f941fb6082e555f2874c98e20cb159d7b92b50eadfce793?s=96&d=mm&r=g\",\"contentUrl\":\"https:\/\/secure.gravatar.com\/avatar\/7f2c48bdc33b30088f941fb6082e555f2874c98e20cb159d7b92b50eadfce793?s=96&d=mm&r=g\",\"caption\":\"ulises\"},\"sameAs\":[\"http:\/\/www.celttv.com.ar\"]}]}<\/script>\n<!-- \/ Yoast SEO plugin. -->","yoast_head_json":{"title":"TORNQUIST SERA SEDE DE UNA JORNADA SOBRE EL SINDROME UREMICO HEMOLITICO - CELTTV","description":"Sitio web de noticias de la localidad de Tornquist, provincia de Buenos Aires, Rep\u00fablica Argentina. Contenido propio originado por periodistas de CELTTV, el canal de TV local de la Cooperativa El\u00e9ctrica de Tornquist. Turismo, Pol\u00edtica, Sociedad, Deporte, Cultura y todo el contenido de inter\u00e9s general que la gente del pueblo y la regi\u00f3n debe conocer.","robots":{"index":"index","follow":"follow","max-snippet":"max-snippet:-1","max-image-preview":"max-image-preview:large","max-video-preview":"max-video-preview:-1"},"canonical":"https:\/\/www.celttv.com.ar\/index.php\/2014\/03\/21\/tornquist-sera-sede-de-una-jornada-sobre-el-sindrome-uremico-hemolitico\/","og_locale":"es_ES","og_type":"article","og_title":"TORNQUIST SERA SEDE DE UNA JORNADA SOBRE EL SINDROME UREMICO HEMOLITICO - CELTTV","og_description":"Sitio web de noticias de la localidad de Tornquist, provincia de Buenos Aires, Rep\u00fablica Argentina. Contenido propio originado por periodistas de CELTTV, el canal de TV local de la Cooperativa El\u00e9ctrica de Tornquist. Turismo, Pol\u00edtica, Sociedad, Deporte, Cultura y todo el contenido de inter\u00e9s general que la gente del pueblo y la regi\u00f3n debe conocer.","og_url":"https:\/\/www.celttv.com.ar\/index.php\/2014\/03\/21\/tornquist-sera-sede-de-una-jornada-sobre-el-sindrome-uremico-hemolitico\/","og_site_name":"CELTTV","article_publisher":"https:\/\/www.facebook.com\/celtTV\/","article_published_time":"2014-03-21T16:43:16+00:00","author":"ulises","twitter_card":"summary_large_image","twitter_misc":{"Escrito por":"ulises","Tiempo de lectura":"1 minuto"},"schema":{"@context":"https:\/\/schema.org","@graph":[{"@type":"NewsArticle","@id":"https:\/\/www.celttv.com.ar\/index.php\/2014\/03\/21\/tornquist-sera-sede-de-una-jornada-sobre-el-sindrome-uremico-hemolitico\/#article","isPartOf":{"@id":"https:\/\/www.celttv.com.ar\/index.php\/2014\/03\/21\/tornquist-sera-sede-de-una-jornada-sobre-el-sindrome-uremico-hemolitico\/"},"author":{"name":"ulises","@id":"https:\/\/www.celttv.com.ar\/#\/schema\/person\/6d99c072dba59953809c81446e9d0ace"},"headline":"TORNQUIST SERA SEDE DE UNA JORNADA SOBRE EL SINDROME UREMICO HEMOLITICO","datePublished":"2014-03-21T16:43:16+00:00","dateModified":"2014-03-21T16:43:16+00:00","mainEntityOfPage":{"@id":"https:\/\/www.celttv.com.ar\/index.php\/2014\/03\/21\/tornquist-sera-sede-de-una-jornada-sobre-el-sindrome-uremico-hemolitico\/"},"wordCount":255,"publisher":{"@id":"https:\/\/www.celttv.com.ar\/#organization"},"articleSection":["Comunidad","Destacadas","Pol\u00edtica"],"inLanguage":"es"},{"@type":"WebPage","@id":"https:\/\/www.celttv.com.ar\/index.php\/2014\/03\/21\/tornquist-sera-sede-de-una-jornada-sobre-el-sindrome-uremico-hemolitico\/","url":"https:\/\/www.celttv.com.ar\/index.php\/2014\/03\/21\/tornquist-sera-sede-de-una-jornada-sobre-el-sindrome-uremico-hemolitico\/","name":"TORNQUIST SERA SEDE DE UNA JORNADA SOBRE EL SINDROME UREMICO HEMOLITICO - CELTTV","isPartOf":{"@id":"https:\/\/www.celttv.com.ar\/#website"},"datePublished":"2014-03-21T16:43:16+00:00","dateModified":"2014-03-21T16:43:16+00:00","description":"Sitio web de noticias de la localidad de Tornquist, provincia de Buenos Aires, Rep\u00fablica Argentina. Contenido propio originado por periodistas de CELTTV, el canal de TV local de la Cooperativa El\u00e9ctrica de Tornquist. Turismo, Pol\u00edtica, Sociedad, Deporte, Cultura y todo el contenido de inter\u00e9s general que la gente del pueblo y la regi\u00f3n debe conocer.","breadcrumb":{"@id":"https:\/\/www.celttv.com.ar\/index.php\/2014\/03\/21\/tornquist-sera-sede-de-una-jornada-sobre-el-sindrome-uremico-hemolitico\/#breadcrumb"},"inLanguage":"es","potentialAction":[{"@type":"ReadAction","target":["https:\/\/www.celttv.com.ar\/index.php\/2014\/03\/21\/tornquist-sera-sede-de-una-jornada-sobre-el-sindrome-uremico-hemolitico\/"]}]},{"@type":"BreadcrumbList","@id":"https:\/\/www.celttv.com.ar\/index.php\/2014\/03\/21\/tornquist-sera-sede-de-una-jornada-sobre-el-sindrome-uremico-hemolitico\/#breadcrumb","itemListElement":[{"@type":"ListItem","position":1,"name":"Inicio","item":"https:\/\/www.celttv.com.ar\/"},{"@type":"ListItem","position":2,"name":"TORNQUIST SERA SEDE DE UNA JORNADA SOBRE EL SINDROME UREMICO HEMOLITICO"}]},{"@type":"WebSite","@id":"https:\/\/www.celttv.com.ar\/#website","url":"https:\/\/www.celttv.com.ar\/","name":"CELTTV","description":"Cooperativa El\u00e9ctrica de Tornquist","publisher":{"@id":"https:\/\/www.celttv.com.ar\/#organization"},"potentialAction":[{"@type":"SearchAction","target":{"@type":"EntryPoint","urlTemplate":"https:\/\/www.celttv.com.ar\/?s={search_term_string}"},"query-input":"required name=search_term_string"}],"inLanguage":"es"},{"@type":"Organization","@id":"https:\/\/www.celttv.com.ar\/#organization","name":"CELTTV","url":"https:\/\/www.celttv.com.ar\/","sameAs":["https:\/\/www.youtube.com\/channel\/UCz_oIt8Hig64Ub-EmcNPIhg","https:\/\/www.facebook.com\/celtTV\/"],"logo":{"@type":"ImageObject","inLanguage":"es","@id":"https:\/\/www.celttv.com.ar\/#\/schema\/logo\/image\/","url":"http:\/\/www.celttv.com.ar\/wp-content\/uploads\/2022\/08\/logo-1.png","contentUrl":"http:\/\/www.celttv.com.ar\/wp-content\/uploads\/2022\/08\/logo-1.png","width":461,"height":159,"caption":"CELTTV"},"image":{"@id":"https:\/\/www.celttv.com.ar\/#\/schema\/logo\/image\/"}},{"@type":"Person","@id":"https:\/\/www.celttv.com.ar\/#\/schema\/person\/6d99c072dba59953809c81446e9d0ace","name":"ulises","image":{"@type":"ImageObject","inLanguage":"es","@id":"https:\/\/www.celttv.com.ar\/#\/schema\/person\/image\/","url":"https:\/\/secure.gravatar.com\/avatar\/7f2c48bdc33b30088f941fb6082e555f2874c98e20cb159d7b92b50eadfce793?s=96&d=mm&r=g","contentUrl":"https:\/\/secure.gravatar.com\/avatar\/7f2c48bdc33b30088f941fb6082e555f2874c98e20cb159d7b92b50eadfce793?s=96&d=mm&r=g","caption":"ulises"},"sameAs":["http:\/\/www.celttv.com.ar"]}]}},"_links":{"self":[{"href":"https:\/\/www.celttv.com.ar\/index.php\/wp-json\/wp\/v2\/posts\/18725","targetHints":{"allow":["GET"]}}],"collection":[{"href":"https:\/\/www.celttv.com.ar\/index.php\/wp-json\/wp\/v2\/posts"}],"about":[{"href":"https:\/\/www.celttv.com.ar\/index.php\/wp-json\/wp\/v2\/types\/post"}],"author":[{"embeddable":true,"href":"https:\/\/www.celttv.com.ar\/index.php\/wp-json\/wp\/v2\/users\/1"}],"replies":[{"embeddable":true,"href":"https:\/\/www.celttv.com.ar\/index.php\/wp-json\/wp\/v2\/comments?post=18725"}],"version-history":[{"count":0,"href":"https:\/\/www.celttv.com.ar\/index.php\/wp-json\/wp\/v2\/posts\/18725\/revisions"}],"wp:attachment":[{"href":"https:\/\/www.celttv.com.ar\/index.php\/wp-json\/wp\/v2\/media?parent=18725"}],"wp:term":[{"taxonomy":"category","embeddable":true,"href":"https:\/\/www.celttv.com.ar\/index.php\/wp-json\/wp\/v2\/categories?post=18725"},{"taxonomy":"post_tag","embeddable":true,"href":"https:\/\/www.celttv.com.ar\/index.php\/wp-json\/wp\/v2\/tags?post=18725"}],"curies":[{"name":"wp","href":"https:\/\/api.w.org\/{rel}","templated":true}]}}