{"id":18744,"date":"2014-03-21T19:32:54","date_gmt":"2014-03-21T19:32:54","guid":{"rendered":"http:\/\/www.tvcnoticias.com.ar\/?p=18744"},"modified":"2014-03-21T19:32:54","modified_gmt":"2014-03-21T19:32:54","slug":"ultimos-aprestos-para-la-fiesta-provincial-de-la-vendimia","status":"publish","type":"post","link":"https:\/\/www.celttv.com.ar\/index.php\/2014\/03\/21\/ultimos-aprestos-para-la-fiesta-provincial-de-la-vendimia\/","title":{"rendered":"ULTIMOS APRESTOS PARA LA FIESTA PROVINCIAL DE LA VENDIMIA"},"content":{"rendered":"<p><span style=\"font-size: 13px;\"><br \/>\n<\/span><br \/>\n&nbsp;<br \/>\n[audio:http:\/\/www.tvcnoticias.com.ar\/wp-content\/uploads\/2014\/03\/GUSTAVO-TRANKELS-EN-EL-PREDI-DE-LA-FIESTA-DE-LA-VENDIMIA.mp3|titles=GUSTAVO TRANKELS EN EL PREDI DE LA FIESTA DE LA VENDIMIA]<br \/>\n<span style=\"font-size: 13px;\">Mientras se ultiman los detalles organizativos, crece la expectativa por la realizaci\u00f3n de la 3\u00aa Fiesta Provincial de la Vendimia, que se desarrollar\u00e1 este s\u00e1bado y domingo en el predio de las ruinas del Club Hotel de la Ventana, en la localidad de Villa Ventana, con la organizaci\u00f3n de la Municipalidad de Tornquist.<\/span><br \/>\nEl intendente municipal, licenciado Gustavo Trankels, recorri\u00f3 en la ma\u00f1ana de hoy el hist\u00f3rico lugar, donde se armar\u00e1 el escenario que albergar\u00e1 la actuaci\u00f3n de artistas locales, regionales y nacionales.<br \/>\n\u201cVemos c\u00f3mo va cambiando la fisonom\u00eda de este predio maravilloso, que fue recuperado para el disfrute de todos los vecinos del distrito y los ocasionales turistas. Es muy interesante que la gente pueda visitar y redescubrir este lugar, que tiene una importante historia\u201d, asegur\u00f3 el jefe comunal.<br \/>\n\u201cSe percibe un alto nivel de consultas en las oficinas de informes y en la propia Secretar\u00eda de Turismo. Estamos muy contentos con esta fiesta, que es para disfrutar en familia\u201d, explic\u00f3.<br \/>\nEl intendente Trankels destac\u00f3 que la Fiesta de la Vendimia no s\u00f3lo permite entretenerse con las actuaciones de artistas locales, regionales y nacionales de primer nivel, sino tambi\u00e9n recorrer los diferentes stands, conocer la producci\u00f3n vitivin\u00edcola y de emprendedores privados del distrito y la zona, y observar las creaciones de los artesanos.<br \/>\n\u201cEl primer paso fue recuperar el predio y luego fuimos dot\u00e1ndolo de infraestructura, como la obra de energ\u00eda el\u00e9ctrica y el servicio de internet. En esto quiero destacar el trabajo de la Cooperativa El\u00e9ctrica Limitada de Tornquist\u201d, manifest\u00f3 y destac\u00f3 el trabajo que vienen realizando en el lugar y en pos de la organizaci\u00f3n de la fiesta las diferentes dependencias comunales, como la delegaci\u00f3n de Villa Ventana, la Secretar\u00eda de Turismo, Cultura y Deportes, la Secretar\u00eda de Obras y Servicios P\u00fablicos y la direcci\u00f3n de Servicios Urbanos.<br \/>\nLa Fiesta de la Vendimia ya se convirti\u00f3 en un cl\u00e1sico de nuestro distrito. Entre ma\u00f1ana s\u00e1bado y el domingo se desplegar\u00e1 una interesante y variada grilla de artistas:<br \/>\n&#8211;\u00a0\u00a0\u00a0\u00a0\u00a0\u00a0\u00a0\u00a0\u00a0 S\u00e1bado: Los Creadores (folklore), Paola Polinori (l\u00edrico y mel\u00f3dico), La Branka Rock, Florencia Dom\u00ednguez (folklore), Carlos S\u00e1nchez y Cumbia Manija.<br \/>\n&#8211;\u00a0\u00a0\u00a0\u00a0\u00a0\u00a0\u00a0\u00a0\u00a0 Domingo: Omar Araya (\u201cEl Cantor Serrano\u201d, folklore\/payador), Pacman (m\u00fasica de los \u00b480), La Morocha, Facundo Saravia y Guasones.<br \/>\nEn el predio se podr\u00e1 disfrutar, adem\u00e1s, de la exposici\u00f3n de las bodegas y productores de vinos del distrito y la regi\u00f3n, que propondr\u00e1n catas dirigidas y exhibir\u00e1n sus excelentes productos, un patio de comidas con una variada oferta gastron\u00f3mica, un paseo de artesanos y excursiones a las ruinas del Club Hotel.<br \/>\nLa conducci\u00f3n durante ambas jornadas estar\u00e1 nuevamente a cargo del Mago Mariano, quien estar\u00e1 acompa\u00f1ado de Marcelo Alejandro Le\u00f3n.<br \/>\nEl s\u00e1bado, la apertura del predio se realizar\u00e1 a las 16.30, mientras que los shows musicales tendr\u00e1n su punto de partida a las 17. El domingo, los stands y puestos gastron\u00f3micos estar\u00e1n disponibles desde el mediod\u00eda y los espect\u00e1culos desde las 17. El derecho de acceso al predio tendr\u00e1 un costo de 20 pesos por persona.<br \/>\n&nbsp;<br \/>\n&nbsp;<\/p>\n","protected":false},"excerpt":{"rendered":"<p>&nbsp; [audio:http:\/\/www.tvcnoticias.com.ar\/wp-content\/uploads\/2014\/03\/GUSTAVO-TRANKELS-EN-EL-PREDI-DE-LA-FIESTA-DE-LA-VENDIMIA.mp3|titles=GUSTAVO TRANKELS EN EL PREDI DE LA FIESTA DE LA VENDIMIA] Mientras se ultiman los detalles organizativos, crece la expectativa por la realizaci\u00f3n de la 3\u00aa Fiesta Provincial de la Vendimia, que se desarrollar\u00e1 este s\u00e1bado y domingo en el predio de las ruinas del Club Hotel de la Ventana, en la localidad de [&hellip;]<\/p>\n","protected":false},"author":1,"featured_media":0,"comment_status":"closed","ping_status":"open","sticky":false,"template":"","format":"standard","meta":{"footnotes":""},"categories":[51,52,56,53],"tags":[],"class_list":["post-18744","post","type-post","status-publish","format-standard","hentry","category-comunidad","category-destacadas","category-espectaculos","category-politica"],"yoast_head":"<!-- This site is optimized with the Yoast SEO plugin v19.7.1 - https:\/\/yoast.com\/wordpress\/plugins\/seo\/ -->\n<title>ULTIMOS APRESTOS PARA LA FIESTA PROVINCIAL DE LA VENDIMIA - CELTTV<\/title>\n<meta name=\"description\" content=\"Sitio web de noticias de la localidad de Tornquist, provincia de Buenos Aires, Rep\u00fablica Argentina. Contenido propio originado por periodistas de CELTTV, el canal de TV local de la Cooperativa El\u00e9ctrica de Tornquist. Turismo, Pol\u00edtica, Sociedad, Deporte, Cultura y todo el contenido de inter\u00e9s general que la gente del pueblo y la regi\u00f3n debe conocer.\" \/>\n<meta name=\"robots\" content=\"index, follow, max-snippet:-1, max-image-preview:large, max-video-preview:-1\" \/>\n<link rel=\"canonical\" href=\"https:\/\/www.celttv.com.ar\/index.php\/2014\/03\/21\/ultimos-aprestos-para-la-fiesta-provincial-de-la-vendimia\/\" \/>\n<meta property=\"og:locale\" content=\"es_ES\" \/>\n<meta property=\"og:type\" content=\"article\" \/>\n<meta property=\"og:title\" content=\"ULTIMOS APRESTOS PARA LA FIESTA PROVINCIAL DE LA VENDIMIA - CELTTV\" \/>\n<meta property=\"og:description\" content=\"Sitio web de noticias de la localidad de Tornquist, provincia de Buenos Aires, Rep\u00fablica Argentina. Contenido propio originado por periodistas de CELTTV, el canal de TV local de la Cooperativa El\u00e9ctrica de Tornquist. Turismo, Pol\u00edtica, Sociedad, Deporte, Cultura y todo el contenido de inter\u00e9s general que la gente del pueblo y la regi\u00f3n debe conocer.\" \/>\n<meta property=\"og:url\" content=\"https:\/\/www.celttv.com.ar\/index.php\/2014\/03\/21\/ultimos-aprestos-para-la-fiesta-provincial-de-la-vendimia\/\" \/>\n<meta property=\"og:site_name\" content=\"CELTTV\" \/>\n<meta property=\"article:publisher\" content=\"https:\/\/www.facebook.com\/celtTV\/\" \/>\n<meta property=\"article:published_time\" content=\"2014-03-21T19:32:54+00:00\" \/>\n<meta name=\"author\" content=\"ulises\" \/>\n<meta name=\"twitter:card\" content=\"summary_large_image\" \/>\n<meta name=\"twitter:label1\" content=\"Escrito por\" \/>\n\t<meta name=\"twitter:data1\" content=\"ulises\" \/>\n\t<meta name=\"twitter:label2\" content=\"Tiempo de lectura\" \/>\n\t<meta name=\"twitter:data2\" content=\"3 minutos\" \/>\n<script type=\"application\/ld+json\" class=\"yoast-schema-graph\">{\"@context\":\"https:\/\/schema.org\",\"@graph\":[{\"@type\":\"NewsArticle\",\"@id\":\"https:\/\/www.celttv.com.ar\/index.php\/2014\/03\/21\/ultimos-aprestos-para-la-fiesta-provincial-de-la-vendimia\/#article\",\"isPartOf\":{\"@id\":\"https:\/\/www.celttv.com.ar\/index.php\/2014\/03\/21\/ultimos-aprestos-para-la-fiesta-provincial-de-la-vendimia\/\"},\"author\":{\"name\":\"ulises\",\"@id\":\"https:\/\/www.celttv.com.ar\/#\/schema\/person\/6d99c072dba59953809c81446e9d0ace\"},\"headline\":\"ULTIMOS APRESTOS PARA LA FIESTA PROVINCIAL DE LA VENDIMIA\",\"datePublished\":\"2014-03-21T19:32:54+00:00\",\"dateModified\":\"2014-03-21T19:32:54+00:00\",\"mainEntityOfPage\":{\"@id\":\"https:\/\/www.celttv.com.ar\/index.php\/2014\/03\/21\/ultimos-aprestos-para-la-fiesta-provincial-de-la-vendimia\/\"},\"wordCount\":577,\"publisher\":{\"@id\":\"https:\/\/www.celttv.com.ar\/#organization\"},\"articleSection\":[\"Comunidad\",\"Destacadas\",\"Espect\u00e1culos\",\"Pol\u00edtica\"],\"inLanguage\":\"es\"},{\"@type\":\"WebPage\",\"@id\":\"https:\/\/www.celttv.com.ar\/index.php\/2014\/03\/21\/ultimos-aprestos-para-la-fiesta-provincial-de-la-vendimia\/\",\"url\":\"https:\/\/www.celttv.com.ar\/index.php\/2014\/03\/21\/ultimos-aprestos-para-la-fiesta-provincial-de-la-vendimia\/\",\"name\":\"ULTIMOS APRESTOS PARA LA FIESTA PROVINCIAL DE LA VENDIMIA - CELTTV\",\"isPartOf\":{\"@id\":\"https:\/\/www.celttv.com.ar\/#website\"},\"datePublished\":\"2014-03-21T19:32:54+00:00\",\"dateModified\":\"2014-03-21T19:32:54+00:00\",\"description\":\"Sitio web de noticias de la localidad de Tornquist, provincia de Buenos Aires, Rep\u00fablica Argentina. Contenido propio originado por periodistas de CELTTV, el canal de TV local de la Cooperativa El\u00e9ctrica de Tornquist. Turismo, Pol\u00edtica, Sociedad, Deporte, Cultura y todo el contenido de inter\u00e9s general que la gente del pueblo y la regi\u00f3n debe conocer.\",\"breadcrumb\":{\"@id\":\"https:\/\/www.celttv.com.ar\/index.php\/2014\/03\/21\/ultimos-aprestos-para-la-fiesta-provincial-de-la-vendimia\/#breadcrumb\"},\"inLanguage\":\"es\",\"potentialAction\":[{\"@type\":\"ReadAction\",\"target\":[\"https:\/\/www.celttv.com.ar\/index.php\/2014\/03\/21\/ultimos-aprestos-para-la-fiesta-provincial-de-la-vendimia\/\"]}]},{\"@type\":\"BreadcrumbList\",\"@id\":\"https:\/\/www.celttv.com.ar\/index.php\/2014\/03\/21\/ultimos-aprestos-para-la-fiesta-provincial-de-la-vendimia\/#breadcrumb\",\"itemListElement\":[{\"@type\":\"ListItem\",\"position\":1,\"name\":\"Inicio\",\"item\":\"https:\/\/www.celttv.com.ar\/\"},{\"@type\":\"ListItem\",\"position\":2,\"name\":\"ULTIMOS APRESTOS PARA LA FIESTA PROVINCIAL DE LA VENDIMIA\"}]},{\"@type\":\"WebSite\",\"@id\":\"https:\/\/www.celttv.com.ar\/#website\",\"url\":\"https:\/\/www.celttv.com.ar\/\",\"name\":\"CELTTV\",\"description\":\"Cooperativa El\u00e9ctrica de Tornquist\",\"publisher\":{\"@id\":\"https:\/\/www.celttv.com.ar\/#organization\"},\"potentialAction\":[{\"@type\":\"SearchAction\",\"target\":{\"@type\":\"EntryPoint\",\"urlTemplate\":\"https:\/\/www.celttv.com.ar\/?s={search_term_string}\"},\"query-input\":\"required name=search_term_string\"}],\"inLanguage\":\"es\"},{\"@type\":\"Organization\",\"@id\":\"https:\/\/www.celttv.com.ar\/#organization\",\"name\":\"CELTTV\",\"url\":\"https:\/\/www.celttv.com.ar\/\",\"sameAs\":[\"https:\/\/www.youtube.com\/channel\/UCz_oIt8Hig64Ub-EmcNPIhg\",\"https:\/\/www.facebook.com\/celtTV\/\"],\"logo\":{\"@type\":\"ImageObject\",\"inLanguage\":\"es\",\"@id\":\"https:\/\/www.celttv.com.ar\/#\/schema\/logo\/image\/\",\"url\":\"http:\/\/www.celttv.com.ar\/wp-content\/uploads\/2022\/08\/logo-1.png\",\"contentUrl\":\"http:\/\/www.celttv.com.ar\/wp-content\/uploads\/2022\/08\/logo-1.png\",\"width\":461,\"height\":159,\"caption\":\"CELTTV\"},\"image\":{\"@id\":\"https:\/\/www.celttv.com.ar\/#\/schema\/logo\/image\/\"}},{\"@type\":\"Person\",\"@id\":\"https:\/\/www.celttv.com.ar\/#\/schema\/person\/6d99c072dba59953809c81446e9d0ace\",\"name\":\"ulises\",\"image\":{\"@type\":\"ImageObject\",\"inLanguage\":\"es\",\"@id\":\"https:\/\/www.celttv.com.ar\/#\/schema\/person\/image\/\",\"url\":\"https:\/\/secure.gravatar.com\/avatar\/7f2c48bdc33b30088f941fb6082e555f2874c98e20cb159d7b92b50eadfce793?s=96&d=mm&r=g\",\"contentUrl\":\"https:\/\/secure.gravatar.com\/avatar\/7f2c48bdc33b30088f941fb6082e555f2874c98e20cb159d7b92b50eadfce793?s=96&d=mm&r=g\",\"caption\":\"ulises\"},\"sameAs\":[\"http:\/\/www.celttv.com.ar\"]}]}<\/script>\n<!-- \/ Yoast SEO plugin. -->","yoast_head_json":{"title":"ULTIMOS APRESTOS PARA LA FIESTA PROVINCIAL DE LA VENDIMIA - CELTTV","description":"Sitio web de noticias de la localidad de Tornquist, provincia de Buenos Aires, Rep\u00fablica Argentina. Contenido propio originado por periodistas de CELTTV, el canal de TV local de la Cooperativa El\u00e9ctrica de Tornquist. Turismo, Pol\u00edtica, Sociedad, Deporte, Cultura y todo el contenido de inter\u00e9s general que la gente del pueblo y la regi\u00f3n debe conocer.","robots":{"index":"index","follow":"follow","max-snippet":"max-snippet:-1","max-image-preview":"max-image-preview:large","max-video-preview":"max-video-preview:-1"},"canonical":"https:\/\/www.celttv.com.ar\/index.php\/2014\/03\/21\/ultimos-aprestos-para-la-fiesta-provincial-de-la-vendimia\/","og_locale":"es_ES","og_type":"article","og_title":"ULTIMOS APRESTOS PARA LA FIESTA PROVINCIAL DE LA VENDIMIA - CELTTV","og_description":"Sitio web de noticias de la localidad de Tornquist, provincia de Buenos Aires, Rep\u00fablica Argentina. Contenido propio originado por periodistas de CELTTV, el canal de TV local de la Cooperativa El\u00e9ctrica de Tornquist. Turismo, Pol\u00edtica, Sociedad, Deporte, Cultura y todo el contenido de inter\u00e9s general que la gente del pueblo y la regi\u00f3n debe conocer.","og_url":"https:\/\/www.celttv.com.ar\/index.php\/2014\/03\/21\/ultimos-aprestos-para-la-fiesta-provincial-de-la-vendimia\/","og_site_name":"CELTTV","article_publisher":"https:\/\/www.facebook.com\/celtTV\/","article_published_time":"2014-03-21T19:32:54+00:00","author":"ulises","twitter_card":"summary_large_image","twitter_misc":{"Escrito por":"ulises","Tiempo de lectura":"3 minutos"},"schema":{"@context":"https:\/\/schema.org","@graph":[{"@type":"NewsArticle","@id":"https:\/\/www.celttv.com.ar\/index.php\/2014\/03\/21\/ultimos-aprestos-para-la-fiesta-provincial-de-la-vendimia\/#article","isPartOf":{"@id":"https:\/\/www.celttv.com.ar\/index.php\/2014\/03\/21\/ultimos-aprestos-para-la-fiesta-provincial-de-la-vendimia\/"},"author":{"name":"ulises","@id":"https:\/\/www.celttv.com.ar\/#\/schema\/person\/6d99c072dba59953809c81446e9d0ace"},"headline":"ULTIMOS APRESTOS PARA LA FIESTA PROVINCIAL DE LA VENDIMIA","datePublished":"2014-03-21T19:32:54+00:00","dateModified":"2014-03-21T19:32:54+00:00","mainEntityOfPage":{"@id":"https:\/\/www.celttv.com.ar\/index.php\/2014\/03\/21\/ultimos-aprestos-para-la-fiesta-provincial-de-la-vendimia\/"},"wordCount":577,"publisher":{"@id":"https:\/\/www.celttv.com.ar\/#organization"},"articleSection":["Comunidad","Destacadas","Espect\u00e1culos","Pol\u00edtica"],"inLanguage":"es"},{"@type":"WebPage","@id":"https:\/\/www.celttv.com.ar\/index.php\/2014\/03\/21\/ultimos-aprestos-para-la-fiesta-provincial-de-la-vendimia\/","url":"https:\/\/www.celttv.com.ar\/index.php\/2014\/03\/21\/ultimos-aprestos-para-la-fiesta-provincial-de-la-vendimia\/","name":"ULTIMOS APRESTOS PARA LA FIESTA PROVINCIAL DE LA VENDIMIA - CELTTV","isPartOf":{"@id":"https:\/\/www.celttv.com.ar\/#website"},"datePublished":"2014-03-21T19:32:54+00:00","dateModified":"2014-03-21T19:32:54+00:00","description":"Sitio web de noticias de la localidad de Tornquist, provincia de Buenos Aires, Rep\u00fablica Argentina. Contenido propio originado por periodistas de CELTTV, el canal de TV local de la Cooperativa El\u00e9ctrica de Tornquist. Turismo, Pol\u00edtica, Sociedad, Deporte, Cultura y todo el contenido de inter\u00e9s general que la gente del pueblo y la regi\u00f3n debe conocer.","breadcrumb":{"@id":"https:\/\/www.celttv.com.ar\/index.php\/2014\/03\/21\/ultimos-aprestos-para-la-fiesta-provincial-de-la-vendimia\/#breadcrumb"},"inLanguage":"es","potentialAction":[{"@type":"ReadAction","target":["https:\/\/www.celttv.com.ar\/index.php\/2014\/03\/21\/ultimos-aprestos-para-la-fiesta-provincial-de-la-vendimia\/"]}]},{"@type":"BreadcrumbList","@id":"https:\/\/www.celttv.com.ar\/index.php\/2014\/03\/21\/ultimos-aprestos-para-la-fiesta-provincial-de-la-vendimia\/#breadcrumb","itemListElement":[{"@type":"ListItem","position":1,"name":"Inicio","item":"https:\/\/www.celttv.com.ar\/"},{"@type":"ListItem","position":2,"name":"ULTIMOS APRESTOS PARA LA FIESTA PROVINCIAL DE LA VENDIMIA"}]},{"@type":"WebSite","@id":"https:\/\/www.celttv.com.ar\/#website","url":"https:\/\/www.celttv.com.ar\/","name":"CELTTV","description":"Cooperativa El\u00e9ctrica de Tornquist","publisher":{"@id":"https:\/\/www.celttv.com.ar\/#organization"},"potentialAction":[{"@type":"SearchAction","target":{"@type":"EntryPoint","urlTemplate":"https:\/\/www.celttv.com.ar\/?s={search_term_string}"},"query-input":"required name=search_term_string"}],"inLanguage":"es"},{"@type":"Organization","@id":"https:\/\/www.celttv.com.ar\/#organization","name":"CELTTV","url":"https:\/\/www.celttv.com.ar\/","sameAs":["https:\/\/www.youtube.com\/channel\/UCz_oIt8Hig64Ub-EmcNPIhg","https:\/\/www.facebook.com\/celtTV\/"],"logo":{"@type":"ImageObject","inLanguage":"es","@id":"https:\/\/www.celttv.com.ar\/#\/schema\/logo\/image\/","url":"http:\/\/www.celttv.com.ar\/wp-content\/uploads\/2022\/08\/logo-1.png","contentUrl":"http:\/\/www.celttv.com.ar\/wp-content\/uploads\/2022\/08\/logo-1.png","width":461,"height":159,"caption":"CELTTV"},"image":{"@id":"https:\/\/www.celttv.com.ar\/#\/schema\/logo\/image\/"}},{"@type":"Person","@id":"https:\/\/www.celttv.com.ar\/#\/schema\/person\/6d99c072dba59953809c81446e9d0ace","name":"ulises","image":{"@type":"ImageObject","inLanguage":"es","@id":"https:\/\/www.celttv.com.ar\/#\/schema\/person\/image\/","url":"https:\/\/secure.gravatar.com\/avatar\/7f2c48bdc33b30088f941fb6082e555f2874c98e20cb159d7b92b50eadfce793?s=96&d=mm&r=g","contentUrl":"https:\/\/secure.gravatar.com\/avatar\/7f2c48bdc33b30088f941fb6082e555f2874c98e20cb159d7b92b50eadfce793?s=96&d=mm&r=g","caption":"ulises"},"sameAs":["http:\/\/www.celttv.com.ar"]}]}},"_links":{"self":[{"href":"https:\/\/www.celttv.com.ar\/index.php\/wp-json\/wp\/v2\/posts\/18744","targetHints":{"allow":["GET"]}}],"collection":[{"href":"https:\/\/www.celttv.com.ar\/index.php\/wp-json\/wp\/v2\/posts"}],"about":[{"href":"https:\/\/www.celttv.com.ar\/index.php\/wp-json\/wp\/v2\/types\/post"}],"author":[{"embeddable":true,"href":"https:\/\/www.celttv.com.ar\/index.php\/wp-json\/wp\/v2\/users\/1"}],"replies":[{"embeddable":true,"href":"https:\/\/www.celttv.com.ar\/index.php\/wp-json\/wp\/v2\/comments?post=18744"}],"version-history":[{"count":0,"href":"https:\/\/www.celttv.com.ar\/index.php\/wp-json\/wp\/v2\/posts\/18744\/revisions"}],"wp:attachment":[{"href":"https:\/\/www.celttv.com.ar\/index.php\/wp-json\/wp\/v2\/media?parent=18744"}],"wp:term":[{"taxonomy":"category","embeddable":true,"href":"https:\/\/www.celttv.com.ar\/index.php\/wp-json\/wp\/v2\/categories?post=18744"},{"taxonomy":"post_tag","embeddable":true,"href":"https:\/\/www.celttv.com.ar\/index.php\/wp-json\/wp\/v2\/tags?post=18744"}],"curies":[{"name":"wp","href":"https:\/\/api.w.org\/{rel}","templated":true}]}}