{"id":18936,"date":"2014-03-26T13:17:19","date_gmt":"2014-03-26T13:17:19","guid":{"rendered":"http:\/\/www.tvcnoticias.com.ar\/?p=18936"},"modified":"2014-03-26T13:17:19","modified_gmt":"2014-03-26T13:17:19","slug":"futbolautomoto-y-sarmiento-jugaran-en-cancha-de-san-martin","status":"publish","type":"post","link":"https:\/\/www.celttv.com.ar\/index.php\/2014\/03\/26\/futbolautomoto-y-sarmiento-jugaran-en-cancha-de-san-martin\/","title":{"rendered":"FUTBOL:AUTOMOTO Y SARMIENTO JUGARAN EN CANCHA DE SAN MARTIN"},"content":{"rendered":"<p>F\u00daTBOL \/ SANCIONES DEL TRIBUNAL DE PENAS. En Primera divisi\u00f3n recibieron un partido Lautaro Graff (Blanco y Negro), Mat\u00edas Arag\u00f3n (San Mart\u00edn de Santa Trinidad) y Alberto Arce (Club Sarmiento). Con inhabilitaci\u00f3n provisoria quedaron Mart\u00edn Galgano (San Mart\u00edn de Saavedra, informado al t\u00e9rmino del partido frente a Automoto por el \u00e1rbitro Maximiliano Gonz\u00e1lez), Axel Oron\u00e1 (Empleados de Comercio), Maximiliano Rausch (Tiro Federal de Puan), Hugo Alderete (Racing Club) y Fernando Diel (preparador f\u00edsico de Blanco y Negro). Ezequiel Bohn (firm\u00f3 como kinesi\u00f3logo de El Progreso) recibi\u00f3 15 d\u00edas.<br \/>\nEn Reserva, Iv\u00e1n Salles (Deportivo Argentino) fue sancionado por 1 encuentro.<\/p>\n<div><span style=\"color: #37404e; font-family: 'lucida grande', tahoma, verdana, arial, sans-serif; font-size: x-small;\"><br \/>\n<\/span><\/div>\n<div>F\u00daTBOL \/ Inferiores. El pr\u00f3ximo s\u00e1bado, cuando comience el torneo Apertura de la Liga suarense, Blanco y Negro recibir\u00e1 a San Mart\u00edn de Carhu\u00e9 en la cancha de Tiro Federal de Villa Belgrano. A prop\u00f3sito del f\u00fatbol menor, El Progreso retir\u00f3 la 8va. divisi\u00f3n por inconvenientes para completar el plantel.<span style=\"color: #37404e; font-family: 'lucida grande', tahoma, verdana, arial, sans-serif; font-size: x-small;\"><br \/>\n<\/span><\/p>\n<div>F\u00daTBOL \/ LIGA REGIONAL. Automoto y Club Sarmiento, por la segunda fecha del torneo Apertura de Primera divisi\u00f3n, se enfrentar\u00e1n el pr\u00f3ximo domingo en la cancha de San Mart\u00edn de Saavedra, club que tiene jornada de descanso.<\/div>\n<\/div>\n<div>F\u00daTBOL \/ TORNEO DEL INTERIOR. A las 16:00 comenzar\u00e1 el pr\u00f3ximo domingo &#8211;en la cancha de Atl\u00e9tico Juarense&#8211; el partido entre Alumni de Benito Ju\u00e1rez y Deportivo Sarmiento, en la ida de la segunda etapa (semifinal) de la fase final del certamen que organiza el Consejo Federal de la AFA. La comunicaci\u00f3n oficial, de parte de la Liga Juarense, lleg\u00f3 a las 20:15 a la Liga Regional de F\u00fatbol de Coronel Su\u00e1rez.<\/div>\n<p><img loading=\"lazy\" decoding=\"async\" class=\"aligncenter size-medium wp-image-18937\" title=\"1430 - ARCO Y PELOTA (Medium)\" src=\"http:\/\/www.tvcnoticias.com.ar\/wp-content\/uploads\/2014\/03\/1430-ARCO-Y-PELOTA-Medium1-450x261.jpg\" alt=\"\" width=\"450\" height=\"261\" \/><\/p>\n","protected":false},"excerpt":{"rendered":"<p>F\u00daTBOL \/ SANCIONES DEL TRIBUNAL DE PENAS. En Primera divisi\u00f3n recibieron un partido Lautaro Graff (Blanco y Negro), Mat\u00edas Arag\u00f3n (San Mart\u00edn de Santa Trinidad) y Alberto Arce (Club Sarmiento). Con inhabilitaci\u00f3n provisoria quedaron Mart\u00edn Galgano (San Mart\u00edn de Saavedra, informado al t\u00e9rmino del partido frente a Automoto por el \u00e1rbitro Maximiliano Gonz\u00e1lez), Axel Oron\u00e1 [&hellip;]<\/p>\n","protected":false},"author":1,"featured_media":0,"comment_status":"closed","ping_status":"open","sticky":false,"template":"","format":"standard","meta":{"footnotes":""},"categories":[60,52],"tags":[],"class_list":["post-18936","post","type-post","status-publish","format-standard","hentry","category-deporte","category-destacadas"],"yoast_head":"<!-- This site is optimized with the Yoast SEO plugin v19.7.1 - https:\/\/yoast.com\/wordpress\/plugins\/seo\/ -->\n<title>FUTBOL:AUTOMOTO Y SARMIENTO JUGARAN EN CANCHA DE SAN MARTIN - CELTTV<\/title>\n<meta name=\"description\" content=\"Sitio web de noticias de la localidad de Tornquist, provincia de Buenos Aires, Rep\u00fablica Argentina. Contenido propio originado por periodistas de CELTTV, el canal de TV local de la Cooperativa El\u00e9ctrica de Tornquist. Turismo, Pol\u00edtica, Sociedad, Deporte, Cultura y todo el contenido de inter\u00e9s general que la gente del pueblo y la regi\u00f3n debe conocer.\" \/>\n<meta name=\"robots\" content=\"index, follow, max-snippet:-1, max-image-preview:large, max-video-preview:-1\" \/>\n<link rel=\"canonical\" href=\"https:\/\/www.celttv.com.ar\/index.php\/2014\/03\/26\/futbolautomoto-y-sarmiento-jugaran-en-cancha-de-san-martin\/\" \/>\n<meta property=\"og:locale\" content=\"es_ES\" \/>\n<meta property=\"og:type\" content=\"article\" \/>\n<meta property=\"og:title\" content=\"FUTBOL:AUTOMOTO Y SARMIENTO JUGARAN EN CANCHA DE SAN MARTIN - CELTTV\" \/>\n<meta property=\"og:description\" content=\"Sitio web de noticias de la localidad de Tornquist, provincia de Buenos Aires, Rep\u00fablica Argentina. Contenido propio originado por periodistas de CELTTV, el canal de TV local de la Cooperativa El\u00e9ctrica de Tornquist. Turismo, Pol\u00edtica, Sociedad, Deporte, Cultura y todo el contenido de inter\u00e9s general que la gente del pueblo y la regi\u00f3n debe conocer.\" \/>\n<meta property=\"og:url\" content=\"https:\/\/www.celttv.com.ar\/index.php\/2014\/03\/26\/futbolautomoto-y-sarmiento-jugaran-en-cancha-de-san-martin\/\" \/>\n<meta property=\"og:site_name\" content=\"CELTTV\" \/>\n<meta property=\"article:publisher\" content=\"https:\/\/www.facebook.com\/celtTV\/\" \/>\n<meta property=\"article:published_time\" content=\"2014-03-26T13:17:19+00:00\" \/>\n<meta property=\"og:image\" content=\"http:\/\/www.tvcnoticias.com.ar\/wp-content\/uploads\/2014\/03\/1430-ARCO-Y-PELOTA-Medium1-450x261.jpg\" \/>\n<meta name=\"author\" content=\"ulises\" \/>\n<meta name=\"twitter:card\" content=\"summary_large_image\" \/>\n<meta name=\"twitter:label1\" content=\"Escrito por\" \/>\n\t<meta name=\"twitter:data1\" content=\"ulises\" \/>\n\t<meta name=\"twitter:label2\" content=\"Tiempo de lectura\" \/>\n\t<meta name=\"twitter:data2\" content=\"1 minuto\" \/>\n<script type=\"application\/ld+json\" class=\"yoast-schema-graph\">{\"@context\":\"https:\/\/schema.org\",\"@graph\":[{\"@type\":\"NewsArticle\",\"@id\":\"https:\/\/www.celttv.com.ar\/index.php\/2014\/03\/26\/futbolautomoto-y-sarmiento-jugaran-en-cancha-de-san-martin\/#article\",\"isPartOf\":{\"@id\":\"https:\/\/www.celttv.com.ar\/index.php\/2014\/03\/26\/futbolautomoto-y-sarmiento-jugaran-en-cancha-de-san-martin\/\"},\"author\":{\"name\":\"ulises\",\"@id\":\"https:\/\/www.celttv.com.ar\/#\/schema\/person\/6d99c072dba59953809c81446e9d0ace\"},\"headline\":\"FUTBOL:AUTOMOTO Y SARMIENTO JUGARAN EN CANCHA DE SAN MARTIN\",\"datePublished\":\"2014-03-26T13:17:19+00:00\",\"dateModified\":\"2014-03-26T13:17:19+00:00\",\"mainEntityOfPage\":{\"@id\":\"https:\/\/www.celttv.com.ar\/index.php\/2014\/03\/26\/futbolautomoto-y-sarmiento-jugaran-en-cancha-de-san-martin\/\"},\"wordCount\":293,\"publisher\":{\"@id\":\"https:\/\/www.celttv.com.ar\/#organization\"},\"articleSection\":[\"Deporte\",\"Destacadas\"],\"inLanguage\":\"es\"},{\"@type\":\"WebPage\",\"@id\":\"https:\/\/www.celttv.com.ar\/index.php\/2014\/03\/26\/futbolautomoto-y-sarmiento-jugaran-en-cancha-de-san-martin\/\",\"url\":\"https:\/\/www.celttv.com.ar\/index.php\/2014\/03\/26\/futbolautomoto-y-sarmiento-jugaran-en-cancha-de-san-martin\/\",\"name\":\"FUTBOL:AUTOMOTO Y SARMIENTO JUGARAN EN CANCHA DE SAN MARTIN - CELTTV\",\"isPartOf\":{\"@id\":\"https:\/\/www.celttv.com.ar\/#website\"},\"datePublished\":\"2014-03-26T13:17:19+00:00\",\"dateModified\":\"2014-03-26T13:17:19+00:00\",\"description\":\"Sitio web de noticias de la localidad de Tornquist, provincia de Buenos Aires, Rep\u00fablica Argentina. Contenido propio originado por periodistas de CELTTV, el canal de TV local de la Cooperativa El\u00e9ctrica de Tornquist. Turismo, Pol\u00edtica, Sociedad, Deporte, Cultura y todo el contenido de inter\u00e9s general que la gente del pueblo y la regi\u00f3n debe conocer.\",\"breadcrumb\":{\"@id\":\"https:\/\/www.celttv.com.ar\/index.php\/2014\/03\/26\/futbolautomoto-y-sarmiento-jugaran-en-cancha-de-san-martin\/#breadcrumb\"},\"inLanguage\":\"es\",\"potentialAction\":[{\"@type\":\"ReadAction\",\"target\":[\"https:\/\/www.celttv.com.ar\/index.php\/2014\/03\/26\/futbolautomoto-y-sarmiento-jugaran-en-cancha-de-san-martin\/\"]}]},{\"@type\":\"BreadcrumbList\",\"@id\":\"https:\/\/www.celttv.com.ar\/index.php\/2014\/03\/26\/futbolautomoto-y-sarmiento-jugaran-en-cancha-de-san-martin\/#breadcrumb\",\"itemListElement\":[{\"@type\":\"ListItem\",\"position\":1,\"name\":\"Inicio\",\"item\":\"https:\/\/www.celttv.com.ar\/\"},{\"@type\":\"ListItem\",\"position\":2,\"name\":\"FUTBOL:AUTOMOTO Y SARMIENTO JUGARAN EN CANCHA DE SAN MARTIN\"}]},{\"@type\":\"WebSite\",\"@id\":\"https:\/\/www.celttv.com.ar\/#website\",\"url\":\"https:\/\/www.celttv.com.ar\/\",\"name\":\"CELTTV\",\"description\":\"Cooperativa El\u00e9ctrica de Tornquist\",\"publisher\":{\"@id\":\"https:\/\/www.celttv.com.ar\/#organization\"},\"potentialAction\":[{\"@type\":\"SearchAction\",\"target\":{\"@type\":\"EntryPoint\",\"urlTemplate\":\"https:\/\/www.celttv.com.ar\/?s={search_term_string}\"},\"query-input\":\"required name=search_term_string\"}],\"inLanguage\":\"es\"},{\"@type\":\"Organization\",\"@id\":\"https:\/\/www.celttv.com.ar\/#organization\",\"name\":\"CELTTV\",\"url\":\"https:\/\/www.celttv.com.ar\/\",\"sameAs\":[\"https:\/\/www.youtube.com\/channel\/UCz_oIt8Hig64Ub-EmcNPIhg\",\"https:\/\/www.facebook.com\/celtTV\/\"],\"logo\":{\"@type\":\"ImageObject\",\"inLanguage\":\"es\",\"@id\":\"https:\/\/www.celttv.com.ar\/#\/schema\/logo\/image\/\",\"url\":\"http:\/\/www.celttv.com.ar\/wp-content\/uploads\/2022\/08\/logo-1.png\",\"contentUrl\":\"http:\/\/www.celttv.com.ar\/wp-content\/uploads\/2022\/08\/logo-1.png\",\"width\":461,\"height\":159,\"caption\":\"CELTTV\"},\"image\":{\"@id\":\"https:\/\/www.celttv.com.ar\/#\/schema\/logo\/image\/\"}},{\"@type\":\"Person\",\"@id\":\"https:\/\/www.celttv.com.ar\/#\/schema\/person\/6d99c072dba59953809c81446e9d0ace\",\"name\":\"ulises\",\"image\":{\"@type\":\"ImageObject\",\"inLanguage\":\"es\",\"@id\":\"https:\/\/www.celttv.com.ar\/#\/schema\/person\/image\/\",\"url\":\"https:\/\/secure.gravatar.com\/avatar\/7f2c48bdc33b30088f941fb6082e555f2874c98e20cb159d7b92b50eadfce793?s=96&d=mm&r=g\",\"contentUrl\":\"https:\/\/secure.gravatar.com\/avatar\/7f2c48bdc33b30088f941fb6082e555f2874c98e20cb159d7b92b50eadfce793?s=96&d=mm&r=g\",\"caption\":\"ulises\"},\"sameAs\":[\"http:\/\/www.celttv.com.ar\"]}]}<\/script>\n<!-- \/ Yoast SEO plugin. -->","yoast_head_json":{"title":"FUTBOL:AUTOMOTO Y SARMIENTO JUGARAN EN CANCHA DE SAN MARTIN - CELTTV","description":"Sitio web de noticias de la localidad de Tornquist, provincia de Buenos Aires, Rep\u00fablica Argentina. Contenido propio originado por periodistas de CELTTV, el canal de TV local de la Cooperativa El\u00e9ctrica de Tornquist. Turismo, Pol\u00edtica, Sociedad, Deporte, Cultura y todo el contenido de inter\u00e9s general que la gente del pueblo y la regi\u00f3n debe conocer.","robots":{"index":"index","follow":"follow","max-snippet":"max-snippet:-1","max-image-preview":"max-image-preview:large","max-video-preview":"max-video-preview:-1"},"canonical":"https:\/\/www.celttv.com.ar\/index.php\/2014\/03\/26\/futbolautomoto-y-sarmiento-jugaran-en-cancha-de-san-martin\/","og_locale":"es_ES","og_type":"article","og_title":"FUTBOL:AUTOMOTO Y SARMIENTO JUGARAN EN CANCHA DE SAN MARTIN - CELTTV","og_description":"Sitio web de noticias de la localidad de Tornquist, provincia de Buenos Aires, Rep\u00fablica Argentina. Contenido propio originado por periodistas de CELTTV, el canal de TV local de la Cooperativa El\u00e9ctrica de Tornquist. Turismo, Pol\u00edtica, Sociedad, Deporte, Cultura y todo el contenido de inter\u00e9s general que la gente del pueblo y la regi\u00f3n debe conocer.","og_url":"https:\/\/www.celttv.com.ar\/index.php\/2014\/03\/26\/futbolautomoto-y-sarmiento-jugaran-en-cancha-de-san-martin\/","og_site_name":"CELTTV","article_publisher":"https:\/\/www.facebook.com\/celtTV\/","article_published_time":"2014-03-26T13:17:19+00:00","og_image":[{"url":"http:\/\/www.tvcnoticias.com.ar\/wp-content\/uploads\/2014\/03\/1430-ARCO-Y-PELOTA-Medium1-450x261.jpg"}],"author":"ulises","twitter_card":"summary_large_image","twitter_misc":{"Escrito por":"ulises","Tiempo de lectura":"1 minuto"},"schema":{"@context":"https:\/\/schema.org","@graph":[{"@type":"NewsArticle","@id":"https:\/\/www.celttv.com.ar\/index.php\/2014\/03\/26\/futbolautomoto-y-sarmiento-jugaran-en-cancha-de-san-martin\/#article","isPartOf":{"@id":"https:\/\/www.celttv.com.ar\/index.php\/2014\/03\/26\/futbolautomoto-y-sarmiento-jugaran-en-cancha-de-san-martin\/"},"author":{"name":"ulises","@id":"https:\/\/www.celttv.com.ar\/#\/schema\/person\/6d99c072dba59953809c81446e9d0ace"},"headline":"FUTBOL:AUTOMOTO Y SARMIENTO JUGARAN EN CANCHA DE SAN MARTIN","datePublished":"2014-03-26T13:17:19+00:00","dateModified":"2014-03-26T13:17:19+00:00","mainEntityOfPage":{"@id":"https:\/\/www.celttv.com.ar\/index.php\/2014\/03\/26\/futbolautomoto-y-sarmiento-jugaran-en-cancha-de-san-martin\/"},"wordCount":293,"publisher":{"@id":"https:\/\/www.celttv.com.ar\/#organization"},"articleSection":["Deporte","Destacadas"],"inLanguage":"es"},{"@type":"WebPage","@id":"https:\/\/www.celttv.com.ar\/index.php\/2014\/03\/26\/futbolautomoto-y-sarmiento-jugaran-en-cancha-de-san-martin\/","url":"https:\/\/www.celttv.com.ar\/index.php\/2014\/03\/26\/futbolautomoto-y-sarmiento-jugaran-en-cancha-de-san-martin\/","name":"FUTBOL:AUTOMOTO Y SARMIENTO JUGARAN EN CANCHA DE SAN MARTIN - CELTTV","isPartOf":{"@id":"https:\/\/www.celttv.com.ar\/#website"},"datePublished":"2014-03-26T13:17:19+00:00","dateModified":"2014-03-26T13:17:19+00:00","description":"Sitio web de noticias de la localidad de Tornquist, provincia de Buenos Aires, Rep\u00fablica Argentina. Contenido propio originado por periodistas de CELTTV, el canal de TV local de la Cooperativa El\u00e9ctrica de Tornquist. Turismo, Pol\u00edtica, Sociedad, Deporte, Cultura y todo el contenido de inter\u00e9s general que la gente del pueblo y la regi\u00f3n debe conocer.","breadcrumb":{"@id":"https:\/\/www.celttv.com.ar\/index.php\/2014\/03\/26\/futbolautomoto-y-sarmiento-jugaran-en-cancha-de-san-martin\/#breadcrumb"},"inLanguage":"es","potentialAction":[{"@type":"ReadAction","target":["https:\/\/www.celttv.com.ar\/index.php\/2014\/03\/26\/futbolautomoto-y-sarmiento-jugaran-en-cancha-de-san-martin\/"]}]},{"@type":"BreadcrumbList","@id":"https:\/\/www.celttv.com.ar\/index.php\/2014\/03\/26\/futbolautomoto-y-sarmiento-jugaran-en-cancha-de-san-martin\/#breadcrumb","itemListElement":[{"@type":"ListItem","position":1,"name":"Inicio","item":"https:\/\/www.celttv.com.ar\/"},{"@type":"ListItem","position":2,"name":"FUTBOL:AUTOMOTO Y SARMIENTO JUGARAN EN CANCHA DE SAN MARTIN"}]},{"@type":"WebSite","@id":"https:\/\/www.celttv.com.ar\/#website","url":"https:\/\/www.celttv.com.ar\/","name":"CELTTV","description":"Cooperativa El\u00e9ctrica de Tornquist","publisher":{"@id":"https:\/\/www.celttv.com.ar\/#organization"},"potentialAction":[{"@type":"SearchAction","target":{"@type":"EntryPoint","urlTemplate":"https:\/\/www.celttv.com.ar\/?s={search_term_string}"},"query-input":"required name=search_term_string"}],"inLanguage":"es"},{"@type":"Organization","@id":"https:\/\/www.celttv.com.ar\/#organization","name":"CELTTV","url":"https:\/\/www.celttv.com.ar\/","sameAs":["https:\/\/www.youtube.com\/channel\/UCz_oIt8Hig64Ub-EmcNPIhg","https:\/\/www.facebook.com\/celtTV\/"],"logo":{"@type":"ImageObject","inLanguage":"es","@id":"https:\/\/www.celttv.com.ar\/#\/schema\/logo\/image\/","url":"http:\/\/www.celttv.com.ar\/wp-content\/uploads\/2022\/08\/logo-1.png","contentUrl":"http:\/\/www.celttv.com.ar\/wp-content\/uploads\/2022\/08\/logo-1.png","width":461,"height":159,"caption":"CELTTV"},"image":{"@id":"https:\/\/www.celttv.com.ar\/#\/schema\/logo\/image\/"}},{"@type":"Person","@id":"https:\/\/www.celttv.com.ar\/#\/schema\/person\/6d99c072dba59953809c81446e9d0ace","name":"ulises","image":{"@type":"ImageObject","inLanguage":"es","@id":"https:\/\/www.celttv.com.ar\/#\/schema\/person\/image\/","url":"https:\/\/secure.gravatar.com\/avatar\/7f2c48bdc33b30088f941fb6082e555f2874c98e20cb159d7b92b50eadfce793?s=96&d=mm&r=g","contentUrl":"https:\/\/secure.gravatar.com\/avatar\/7f2c48bdc33b30088f941fb6082e555f2874c98e20cb159d7b92b50eadfce793?s=96&d=mm&r=g","caption":"ulises"},"sameAs":["http:\/\/www.celttv.com.ar"]}]}},"_links":{"self":[{"href":"https:\/\/www.celttv.com.ar\/index.php\/wp-json\/wp\/v2\/posts\/18936","targetHints":{"allow":["GET"]}}],"collection":[{"href":"https:\/\/www.celttv.com.ar\/index.php\/wp-json\/wp\/v2\/posts"}],"about":[{"href":"https:\/\/www.celttv.com.ar\/index.php\/wp-json\/wp\/v2\/types\/post"}],"author":[{"embeddable":true,"href":"https:\/\/www.celttv.com.ar\/index.php\/wp-json\/wp\/v2\/users\/1"}],"replies":[{"embeddable":true,"href":"https:\/\/www.celttv.com.ar\/index.php\/wp-json\/wp\/v2\/comments?post=18936"}],"version-history":[{"count":0,"href":"https:\/\/www.celttv.com.ar\/index.php\/wp-json\/wp\/v2\/posts\/18936\/revisions"}],"wp:attachment":[{"href":"https:\/\/www.celttv.com.ar\/index.php\/wp-json\/wp\/v2\/media?parent=18936"}],"wp:term":[{"taxonomy":"category","embeddable":true,"href":"https:\/\/www.celttv.com.ar\/index.php\/wp-json\/wp\/v2\/categories?post=18936"},{"taxonomy":"post_tag","embeddable":true,"href":"https:\/\/www.celttv.com.ar\/index.php\/wp-json\/wp\/v2\/tags?post=18936"}],"curies":[{"name":"wp","href":"https:\/\/api.w.org\/{rel}","templated":true}]}}