{"id":18940,"date":"2014-03-26T13:26:44","date_gmt":"2014-03-26T13:26:44","guid":{"rendered":"http:\/\/www.tvcnoticias.com.ar\/?p=18940"},"modified":"2014-03-26T13:26:44","modified_gmt":"2014-03-26T13:26:44","slug":"30-mil-veces-fuera-milani-comunicado-de-la-juventud-radical","status":"publish","type":"post","link":"https:\/\/www.celttv.com.ar\/index.php\/2014\/03\/26\/30-mil-veces-fuera-milani-comunicado-de-la-juventud-radical\/","title":{"rendered":"\u201c30 MIL VECES FUERA MILANI&#8221; (Comunicado de la Juventud Radical)"},"content":{"rendered":"<p>Que el proceso que comenz\u00f3 el 24 de Marzo de 1976 es sin lugar a dudas el comienzo del terrorismo de Estado m\u00e1s cruel y doloroso de la historia de nuestro pueblo. La violaci\u00f3n sistem\u00e1tica de los derechos humanos, la desaparici\u00f3n forzada de personas, la tortura, la persecuci\u00f3n, la cultura del miedo, el robo de bebes y los mas de 30000 desaparecidos por el cual todav\u00eda reclamamos Memoria, Verdad y Justicia.<br \/>\n&nbsp;<br \/>\n&nbsp;<br \/>\nQue la apertura democr\u00e1tica de la mano del Dr. Ra\u00fal Alfons\u00edn llevando a cabo el Juicio a las Juntas Militares, la creaci\u00f3n de la Comisi\u00f3n Nacional de Desaparici\u00f3n de Personas (CONADEP) y posterior informe del Nunca M\u00e1s entregado por Ernesto S\u00e1bato al por entonces Presidente de los Argentinos, sumado a la derogaci\u00f3n de la ley de Amnist\u00eda General han sido base fundamental para la b\u00fasqueda y descubrimiento de la Verdad.<br \/>\n&nbsp;<br \/>\n&nbsp;<br \/>\nQue la derogaci\u00f3n de las leyes de Punto Final y Obediencia Debida han venido a completar aquel desarrollo y posterior inicio de los Juicios por la Memoria donde se les ha garantizado a las v\u00edctimas y sus familias el derecho a una verdadera justicia en pos del esclarecimiento de los hechos.<br \/>\n&nbsp;<br \/>\n&nbsp;<br \/>\nQue lamentablemente el Gobierno Nacional ha perdido una linea en la lucha por los derechos humanos, ascendiendo al grado de General a Cesar Milani como Jefe del Ejercito Argentino siendo \u00e9ste acusado con importantes elementos probatorios de delitos de lesa humanidad.<br \/>\n&nbsp;<br \/>\n&nbsp;<br \/>\nQue las familias del soldado Alberto Ledo, Alfredo Olivera y Oscar Schaller reclaman Justicia ante el accionar del genocida y responsable del grupo de tareas que funcionaba en la \u00f3rbira del Batall\u00f3n de Ingenieros 144 de La Rioja como centro clandestino de detenci\u00f3n as\u00ed como su actuaci\u00f3n en la Provincia de Tucum\u00e1n.<br \/>\n&nbsp;<br \/>\n&nbsp;<br \/>\nQue el mismo Centro de Estudios Legales y Sociales (CELS) ha aportado pruebas contundentes en su informe suscripto por el Dr. Horacio Verbitzky donde confirma la participaci\u00f3n en el sumario de deserci\u00f3n del Soldado Ledo; siendo al \u201cdeserci\u00f3n\u201d una de las formas para blanquear la desaparici\u00f3n de personas. As\u00ed como la testimonial de los familiares de Olivera donde expresan que Milani fue a buscar a Alfredo Olivera a su domicilio personal mediante un \u201callanamiento\u201d.<br \/>\n&nbsp;<br \/>\n&nbsp;<br \/>\nSe suma tambi\u00e9n la declaraci\u00f3n ante la justicia del ex preso pol\u00edtico Plutarco Schaller donde afirma que Milani fue part\u00edcipe del secuestro de su hijo en la \u00faltima dictadura militar.<br \/>\n&nbsp;<br \/>\n&nbsp;<br \/>\nPor ello y con motivo del 38\u00ba aniversario del inicio del m\u00e1s tr\u00e1gico, sangriento y oscuro periodo de la historia Argentina y continuando fiel y coherentemente con la consigna Memoria Verdad y Justicia;\u00a0<strong>solicitamos al Poder Ejecutivo Nacional la destituci\u00f3n y correspondiente pase a Retiro del Jefe del Ejercito Argentino, Teniente General Cesar Milani, conforme a los art\u00edculos 118 inciso 6 y 12 de la Constituci\u00f3n Nacional.<\/strong><br \/>\n&nbsp;<br \/>\n&nbsp;<br \/>\nEn ese sentido convocamos al pueblo argentino a repudiar al Teniente General Cesar Milani sum\u00e1ndose a la Campa\u00f1a Nacional de firmas \u201c30 MIL VECES FUERA MILANI\u201d como una forma m\u00e1s de acercarle a la Presidenta de la Naci\u00f3n Cristina Fernandez de Kirchner la racionalidad que implica predicar con el ejemplo de la coherencia y acabar con este retroceso que es una mancha oscura en la historia democr\u00e1tica de nuestro Pa\u00eds.<br \/>\n&nbsp;<br \/>\n&nbsp;<br \/>\n<strong>CUANDO DECIAMOS NUNCA M\u00c1S DECIAMOS NUNCA M\u00c1S!!<\/strong><br \/>\n&nbsp;<br \/>\n&nbsp;<br \/>\n<strong>DEMOCRACIA PARA SIEMPRE!!<\/strong><br \/>\n<strong><br \/>\n<\/strong><\/p>\n<div>Para:<br \/>\nCristina Fern\u00e1ndez de Kirchner, Presidente de la Naci\u00f3n Argentina<\/div>\n<p><strong> <\/strong><\/p>\n<div>\n<div>Solicitamos al Poder Ejecutivo Nacional la destituci\u00f3n y correspondiente pase a Retiro del Jefe del Ejercito Argentino, Teniente General Cesar Milani, conforme a los art\u00edculos 118 inciso 6 y 12 de la Constituci\u00f3n Nacional.<\/div>\n<div>JR Nacional-JR Tornquist<\/div>\n<\/div>\n<p><img loading=\"lazy\" decoding=\"async\" class=\"aligncenter size-medium wp-image-18941\" title=\"FUERA MILANI (Medium)\" src=\"http:\/\/www.tvcnoticias.com.ar\/wp-content\/uploads\/2014\/03\/FUERA-MILANI-Medium-450x253.jpg\" alt=\"\" width=\"450\" height=\"253\" \/><br \/>\n&nbsp;<\/p>\n","protected":false},"excerpt":{"rendered":"<p>Que el proceso que comenz\u00f3 el 24 de Marzo de 1976 es sin lugar a dudas el comienzo del terrorismo de Estado m\u00e1s cruel y doloroso de la historia de nuestro pueblo. La violaci\u00f3n sistem\u00e1tica de los derechos humanos, la desaparici\u00f3n forzada de personas, la tortura, la persecuci\u00f3n, la cultura del miedo, el robo de [&hellip;]<\/p>\n","protected":false},"author":1,"featured_media":0,"comment_status":"closed","ping_status":"open","sticky":false,"template":"","format":"standard","meta":{"footnotes":""},"categories":[52,53],"tags":[],"class_list":["post-18940","post","type-post","status-publish","format-standard","hentry","category-destacadas","category-politica"],"yoast_head":"<!-- This site is optimized with the Yoast SEO plugin v19.7.1 - https:\/\/yoast.com\/wordpress\/plugins\/seo\/ -->\n<title>\u201c30 MIL VECES FUERA MILANI&quot; (Comunicado de la Juventud Radical) - CELTTV<\/title>\n<meta name=\"description\" content=\"Sitio web de noticias de la localidad de Tornquist, provincia de Buenos Aires, Rep\u00fablica Argentina. Contenido propio originado por periodistas de CELTTV, el canal de TV local de la Cooperativa El\u00e9ctrica de Tornquist. Turismo, Pol\u00edtica, Sociedad, Deporte, Cultura y todo el contenido de inter\u00e9s general que la gente del pueblo y la regi\u00f3n debe conocer.\" \/>\n<meta name=\"robots\" content=\"index, follow, max-snippet:-1, max-image-preview:large, max-video-preview:-1\" \/>\n<link rel=\"canonical\" href=\"https:\/\/www.celttv.com.ar\/index.php\/2014\/03\/26\/30-mil-veces-fuera-milani-comunicado-de-la-juventud-radical\/\" \/>\n<meta property=\"og:locale\" content=\"es_ES\" \/>\n<meta property=\"og:type\" content=\"article\" \/>\n<meta property=\"og:title\" content=\"\u201c30 MIL VECES FUERA MILANI&quot; (Comunicado de la Juventud Radical) - CELTTV\" \/>\n<meta property=\"og:description\" content=\"Sitio web de noticias de la localidad de Tornquist, provincia de Buenos Aires, Rep\u00fablica Argentina. Contenido propio originado por periodistas de CELTTV, el canal de TV local de la Cooperativa El\u00e9ctrica de Tornquist. Turismo, Pol\u00edtica, Sociedad, Deporte, Cultura y todo el contenido de inter\u00e9s general que la gente del pueblo y la regi\u00f3n debe conocer.\" \/>\n<meta property=\"og:url\" content=\"https:\/\/www.celttv.com.ar\/index.php\/2014\/03\/26\/30-mil-veces-fuera-milani-comunicado-de-la-juventud-radical\/\" \/>\n<meta property=\"og:site_name\" content=\"CELTTV\" \/>\n<meta property=\"article:publisher\" content=\"https:\/\/www.facebook.com\/celtTV\/\" \/>\n<meta property=\"article:published_time\" content=\"2014-03-26T13:26:44+00:00\" \/>\n<meta property=\"og:image\" content=\"http:\/\/www.tvcnoticias.com.ar\/wp-content\/uploads\/2014\/03\/FUERA-MILANI-Medium-450x253.jpg\" \/>\n<meta name=\"author\" content=\"ulises\" \/>\n<meta name=\"twitter:card\" content=\"summary_large_image\" \/>\n<meta name=\"twitter:label1\" content=\"Escrito por\" \/>\n\t<meta name=\"twitter:data1\" content=\"ulises\" \/>\n\t<meta name=\"twitter:label2\" content=\"Tiempo de lectura\" \/>\n\t<meta name=\"twitter:data2\" content=\"3 minutos\" \/>\n<script type=\"application\/ld+json\" class=\"yoast-schema-graph\">{\"@context\":\"https:\/\/schema.org\",\"@graph\":[{\"@type\":\"NewsArticle\",\"@id\":\"https:\/\/www.celttv.com.ar\/index.php\/2014\/03\/26\/30-mil-veces-fuera-milani-comunicado-de-la-juventud-radical\/#article\",\"isPartOf\":{\"@id\":\"https:\/\/www.celttv.com.ar\/index.php\/2014\/03\/26\/30-mil-veces-fuera-milani-comunicado-de-la-juventud-radical\/\"},\"author\":{\"name\":\"ulises\",\"@id\":\"https:\/\/www.celttv.com.ar\/#\/schema\/person\/6d99c072dba59953809c81446e9d0ace\"},\"headline\":\"\u201c30 MIL VECES FUERA MILANI&#8221; (Comunicado de la Juventud Radical)\",\"datePublished\":\"2014-03-26T13:26:44+00:00\",\"dateModified\":\"2014-03-26T13:26:44+00:00\",\"mainEntityOfPage\":{\"@id\":\"https:\/\/www.celttv.com.ar\/index.php\/2014\/03\/26\/30-mil-veces-fuera-milani-comunicado-de-la-juventud-radical\/\"},\"wordCount\":650,\"publisher\":{\"@id\":\"https:\/\/www.celttv.com.ar\/#organization\"},\"articleSection\":[\"Destacadas\",\"Pol\u00edtica\"],\"inLanguage\":\"es\"},{\"@type\":\"WebPage\",\"@id\":\"https:\/\/www.celttv.com.ar\/index.php\/2014\/03\/26\/30-mil-veces-fuera-milani-comunicado-de-la-juventud-radical\/\",\"url\":\"https:\/\/www.celttv.com.ar\/index.php\/2014\/03\/26\/30-mil-veces-fuera-milani-comunicado-de-la-juventud-radical\/\",\"name\":\"\u201c30 MIL VECES FUERA MILANI\\\" (Comunicado de la Juventud Radical) - CELTTV\",\"isPartOf\":{\"@id\":\"https:\/\/www.celttv.com.ar\/#website\"},\"datePublished\":\"2014-03-26T13:26:44+00:00\",\"dateModified\":\"2014-03-26T13:26:44+00:00\",\"description\":\"Sitio web de noticias de la localidad de Tornquist, provincia de Buenos Aires, Rep\u00fablica Argentina. Contenido propio originado por periodistas de CELTTV, el canal de TV local de la Cooperativa El\u00e9ctrica de Tornquist. Turismo, Pol\u00edtica, Sociedad, Deporte, Cultura y todo el contenido de inter\u00e9s general que la gente del pueblo y la regi\u00f3n debe conocer.\",\"breadcrumb\":{\"@id\":\"https:\/\/www.celttv.com.ar\/index.php\/2014\/03\/26\/30-mil-veces-fuera-milani-comunicado-de-la-juventud-radical\/#breadcrumb\"},\"inLanguage\":\"es\",\"potentialAction\":[{\"@type\":\"ReadAction\",\"target\":[\"https:\/\/www.celttv.com.ar\/index.php\/2014\/03\/26\/30-mil-veces-fuera-milani-comunicado-de-la-juventud-radical\/\"]}]},{\"@type\":\"BreadcrumbList\",\"@id\":\"https:\/\/www.celttv.com.ar\/index.php\/2014\/03\/26\/30-mil-veces-fuera-milani-comunicado-de-la-juventud-radical\/#breadcrumb\",\"itemListElement\":[{\"@type\":\"ListItem\",\"position\":1,\"name\":\"Inicio\",\"item\":\"https:\/\/www.celttv.com.ar\/\"},{\"@type\":\"ListItem\",\"position\":2,\"name\":\"\u201c30 MIL VECES FUERA MILANI&#8221; (Comunicado de la Juventud Radical)\"}]},{\"@type\":\"WebSite\",\"@id\":\"https:\/\/www.celttv.com.ar\/#website\",\"url\":\"https:\/\/www.celttv.com.ar\/\",\"name\":\"CELTTV\",\"description\":\"Cooperativa El\u00e9ctrica de Tornquist\",\"publisher\":{\"@id\":\"https:\/\/www.celttv.com.ar\/#organization\"},\"potentialAction\":[{\"@type\":\"SearchAction\",\"target\":{\"@type\":\"EntryPoint\",\"urlTemplate\":\"https:\/\/www.celttv.com.ar\/?s={search_term_string}\"},\"query-input\":\"required name=search_term_string\"}],\"inLanguage\":\"es\"},{\"@type\":\"Organization\",\"@id\":\"https:\/\/www.celttv.com.ar\/#organization\",\"name\":\"CELTTV\",\"url\":\"https:\/\/www.celttv.com.ar\/\",\"sameAs\":[\"https:\/\/www.youtube.com\/channel\/UCz_oIt8Hig64Ub-EmcNPIhg\",\"https:\/\/www.facebook.com\/celtTV\/\"],\"logo\":{\"@type\":\"ImageObject\",\"inLanguage\":\"es\",\"@id\":\"https:\/\/www.celttv.com.ar\/#\/schema\/logo\/image\/\",\"url\":\"http:\/\/www.celttv.com.ar\/wp-content\/uploads\/2022\/08\/logo-1.png\",\"contentUrl\":\"http:\/\/www.celttv.com.ar\/wp-content\/uploads\/2022\/08\/logo-1.png\",\"width\":461,\"height\":159,\"caption\":\"CELTTV\"},\"image\":{\"@id\":\"https:\/\/www.celttv.com.ar\/#\/schema\/logo\/image\/\"}},{\"@type\":\"Person\",\"@id\":\"https:\/\/www.celttv.com.ar\/#\/schema\/person\/6d99c072dba59953809c81446e9d0ace\",\"name\":\"ulises\",\"image\":{\"@type\":\"ImageObject\",\"inLanguage\":\"es\",\"@id\":\"https:\/\/www.celttv.com.ar\/#\/schema\/person\/image\/\",\"url\":\"https:\/\/secure.gravatar.com\/avatar\/7f2c48bdc33b30088f941fb6082e555f2874c98e20cb159d7b92b50eadfce793?s=96&d=mm&r=g\",\"contentUrl\":\"https:\/\/secure.gravatar.com\/avatar\/7f2c48bdc33b30088f941fb6082e555f2874c98e20cb159d7b92b50eadfce793?s=96&d=mm&r=g\",\"caption\":\"ulises\"},\"sameAs\":[\"http:\/\/www.celttv.com.ar\"]}]}<\/script>\n<!-- \/ Yoast SEO plugin. -->","yoast_head_json":{"title":"\u201c30 MIL VECES FUERA MILANI\" (Comunicado de la Juventud Radical) - CELTTV","description":"Sitio web de noticias de la localidad de Tornquist, provincia de Buenos Aires, Rep\u00fablica Argentina. Contenido propio originado por periodistas de CELTTV, el canal de TV local de la Cooperativa El\u00e9ctrica de Tornquist. Turismo, Pol\u00edtica, Sociedad, Deporte, Cultura y todo el contenido de inter\u00e9s general que la gente del pueblo y la regi\u00f3n debe conocer.","robots":{"index":"index","follow":"follow","max-snippet":"max-snippet:-1","max-image-preview":"max-image-preview:large","max-video-preview":"max-video-preview:-1"},"canonical":"https:\/\/www.celttv.com.ar\/index.php\/2014\/03\/26\/30-mil-veces-fuera-milani-comunicado-de-la-juventud-radical\/","og_locale":"es_ES","og_type":"article","og_title":"\u201c30 MIL VECES FUERA MILANI\" (Comunicado de la Juventud Radical) - CELTTV","og_description":"Sitio web de noticias de la localidad de Tornquist, provincia de Buenos Aires, Rep\u00fablica Argentina. Contenido propio originado por periodistas de CELTTV, el canal de TV local de la Cooperativa El\u00e9ctrica de Tornquist. Turismo, Pol\u00edtica, Sociedad, Deporte, Cultura y todo el contenido de inter\u00e9s general que la gente del pueblo y la regi\u00f3n debe conocer.","og_url":"https:\/\/www.celttv.com.ar\/index.php\/2014\/03\/26\/30-mil-veces-fuera-milani-comunicado-de-la-juventud-radical\/","og_site_name":"CELTTV","article_publisher":"https:\/\/www.facebook.com\/celtTV\/","article_published_time":"2014-03-26T13:26:44+00:00","og_image":[{"url":"http:\/\/www.tvcnoticias.com.ar\/wp-content\/uploads\/2014\/03\/FUERA-MILANI-Medium-450x253.jpg"}],"author":"ulises","twitter_card":"summary_large_image","twitter_misc":{"Escrito por":"ulises","Tiempo de lectura":"3 minutos"},"schema":{"@context":"https:\/\/schema.org","@graph":[{"@type":"NewsArticle","@id":"https:\/\/www.celttv.com.ar\/index.php\/2014\/03\/26\/30-mil-veces-fuera-milani-comunicado-de-la-juventud-radical\/#article","isPartOf":{"@id":"https:\/\/www.celttv.com.ar\/index.php\/2014\/03\/26\/30-mil-veces-fuera-milani-comunicado-de-la-juventud-radical\/"},"author":{"name":"ulises","@id":"https:\/\/www.celttv.com.ar\/#\/schema\/person\/6d99c072dba59953809c81446e9d0ace"},"headline":"\u201c30 MIL VECES FUERA MILANI&#8221; (Comunicado de la Juventud Radical)","datePublished":"2014-03-26T13:26:44+00:00","dateModified":"2014-03-26T13:26:44+00:00","mainEntityOfPage":{"@id":"https:\/\/www.celttv.com.ar\/index.php\/2014\/03\/26\/30-mil-veces-fuera-milani-comunicado-de-la-juventud-radical\/"},"wordCount":650,"publisher":{"@id":"https:\/\/www.celttv.com.ar\/#organization"},"articleSection":["Destacadas","Pol\u00edtica"],"inLanguage":"es"},{"@type":"WebPage","@id":"https:\/\/www.celttv.com.ar\/index.php\/2014\/03\/26\/30-mil-veces-fuera-milani-comunicado-de-la-juventud-radical\/","url":"https:\/\/www.celttv.com.ar\/index.php\/2014\/03\/26\/30-mil-veces-fuera-milani-comunicado-de-la-juventud-radical\/","name":"\u201c30 MIL VECES FUERA MILANI\" (Comunicado de la Juventud Radical) - CELTTV","isPartOf":{"@id":"https:\/\/www.celttv.com.ar\/#website"},"datePublished":"2014-03-26T13:26:44+00:00","dateModified":"2014-03-26T13:26:44+00:00","description":"Sitio web de noticias de la localidad de Tornquist, provincia de Buenos Aires, Rep\u00fablica Argentina. Contenido propio originado por periodistas de CELTTV, el canal de TV local de la Cooperativa El\u00e9ctrica de Tornquist. Turismo, Pol\u00edtica, Sociedad, Deporte, Cultura y todo el contenido de inter\u00e9s general que la gente del pueblo y la regi\u00f3n debe conocer.","breadcrumb":{"@id":"https:\/\/www.celttv.com.ar\/index.php\/2014\/03\/26\/30-mil-veces-fuera-milani-comunicado-de-la-juventud-radical\/#breadcrumb"},"inLanguage":"es","potentialAction":[{"@type":"ReadAction","target":["https:\/\/www.celttv.com.ar\/index.php\/2014\/03\/26\/30-mil-veces-fuera-milani-comunicado-de-la-juventud-radical\/"]}]},{"@type":"BreadcrumbList","@id":"https:\/\/www.celttv.com.ar\/index.php\/2014\/03\/26\/30-mil-veces-fuera-milani-comunicado-de-la-juventud-radical\/#breadcrumb","itemListElement":[{"@type":"ListItem","position":1,"name":"Inicio","item":"https:\/\/www.celttv.com.ar\/"},{"@type":"ListItem","position":2,"name":"\u201c30 MIL VECES FUERA MILANI&#8221; (Comunicado de la Juventud Radical)"}]},{"@type":"WebSite","@id":"https:\/\/www.celttv.com.ar\/#website","url":"https:\/\/www.celttv.com.ar\/","name":"CELTTV","description":"Cooperativa El\u00e9ctrica de Tornquist","publisher":{"@id":"https:\/\/www.celttv.com.ar\/#organization"},"potentialAction":[{"@type":"SearchAction","target":{"@type":"EntryPoint","urlTemplate":"https:\/\/www.celttv.com.ar\/?s={search_term_string}"},"query-input":"required name=search_term_string"}],"inLanguage":"es"},{"@type":"Organization","@id":"https:\/\/www.celttv.com.ar\/#organization","name":"CELTTV","url":"https:\/\/www.celttv.com.ar\/","sameAs":["https:\/\/www.youtube.com\/channel\/UCz_oIt8Hig64Ub-EmcNPIhg","https:\/\/www.facebook.com\/celtTV\/"],"logo":{"@type":"ImageObject","inLanguage":"es","@id":"https:\/\/www.celttv.com.ar\/#\/schema\/logo\/image\/","url":"http:\/\/www.celttv.com.ar\/wp-content\/uploads\/2022\/08\/logo-1.png","contentUrl":"http:\/\/www.celttv.com.ar\/wp-content\/uploads\/2022\/08\/logo-1.png","width":461,"height":159,"caption":"CELTTV"},"image":{"@id":"https:\/\/www.celttv.com.ar\/#\/schema\/logo\/image\/"}},{"@type":"Person","@id":"https:\/\/www.celttv.com.ar\/#\/schema\/person\/6d99c072dba59953809c81446e9d0ace","name":"ulises","image":{"@type":"ImageObject","inLanguage":"es","@id":"https:\/\/www.celttv.com.ar\/#\/schema\/person\/image\/","url":"https:\/\/secure.gravatar.com\/avatar\/7f2c48bdc33b30088f941fb6082e555f2874c98e20cb159d7b92b50eadfce793?s=96&d=mm&r=g","contentUrl":"https:\/\/secure.gravatar.com\/avatar\/7f2c48bdc33b30088f941fb6082e555f2874c98e20cb159d7b92b50eadfce793?s=96&d=mm&r=g","caption":"ulises"},"sameAs":["http:\/\/www.celttv.com.ar"]}]}},"_links":{"self":[{"href":"https:\/\/www.celttv.com.ar\/index.php\/wp-json\/wp\/v2\/posts\/18940","targetHints":{"allow":["GET"]}}],"collection":[{"href":"https:\/\/www.celttv.com.ar\/index.php\/wp-json\/wp\/v2\/posts"}],"about":[{"href":"https:\/\/www.celttv.com.ar\/index.php\/wp-json\/wp\/v2\/types\/post"}],"author":[{"embeddable":true,"href":"https:\/\/www.celttv.com.ar\/index.php\/wp-json\/wp\/v2\/users\/1"}],"replies":[{"embeddable":true,"href":"https:\/\/www.celttv.com.ar\/index.php\/wp-json\/wp\/v2\/comments?post=18940"}],"version-history":[{"count":0,"href":"https:\/\/www.celttv.com.ar\/index.php\/wp-json\/wp\/v2\/posts\/18940\/revisions"}],"wp:attachment":[{"href":"https:\/\/www.celttv.com.ar\/index.php\/wp-json\/wp\/v2\/media?parent=18940"}],"wp:term":[{"taxonomy":"category","embeddable":true,"href":"https:\/\/www.celttv.com.ar\/index.php\/wp-json\/wp\/v2\/categories?post=18940"},{"taxonomy":"post_tag","embeddable":true,"href":"https:\/\/www.celttv.com.ar\/index.php\/wp-json\/wp\/v2\/tags?post=18940"}],"curies":[{"name":"wp","href":"https:\/\/api.w.org\/{rel}","templated":true}]}}