{"id":19341,"date":"2014-04-06T22:46:28","date_gmt":"2014-04-06T22:46:28","guid":{"rendered":"http:\/\/www.tvcnoticias.com.ar\/?p=19341"},"modified":"2014-04-06T22:46:28","modified_gmt":"2014-04-06T22:46:28","slug":"presentaron-oficialmente-el-instituto-de-formacion-ciudadana-presidente-arturo-illia","status":"publish","type":"post","link":"https:\/\/www.celttv.com.ar\/index.php\/2014\/04\/06\/presentaron-oficialmente-el-instituto-de-formacion-ciudadana-presidente-arturo-illia\/","title":{"rendered":"PRESENTARON OFICIALMENTE EL INSTITUTO DE FORMACION CIUDADANA &#8220;PRESIDENTE ARTURO ILLIA&#8221;"},"content":{"rendered":"<p><a rel=\"attachment wp-att-19342\" href=\"http:\/\/www.tvcnoticias.com.ar\/?attachment_id=19342\"><img loading=\"lazy\" decoding=\"async\" class=\"aligncenter size-medium wp-image-19342\" title=\"10014589_1387544208190137_172163526_n[1] (Medium)\" src=\"http:\/\/www.tvcnoticias.com.ar\/wp-content\/uploads\/2014\/04\/10014589_1387544208190137_172163526_n1-Medium-450x187.jpg\" alt=\"\" width=\"450\" height=\"187\" \/><\/a><br \/>\nEl s\u00e1bado 5\/4 fue presentado oficialmente el Instituto de formaci\u00f3n ciudadana &#8220;Presidente Arturo U. Illia&#8221;, la cita tuvo lugar en la ciudad de Bah\u00eda Blanca, durante el desarrollo de la presentaci\u00f3n se explico como funcionara el instituto y se hizo una rese\u00f1a hist\u00f3rica del Presidente Arturo U. Illia. Tambi\u00e9n se dio a conocer como quedo formada la comisi\u00f3n directiva, la cual preside Alberto Cordero de la localidad de G\u00fcamini (ex intendente), y la vicepresidencia quedo en manos del presidente de la Uni\u00f3n C\u00edvica Radical de Tornquist, Fabio Martinez Meier. Por otra parte, la Juventud Radical de Tornquist formara parte del Consejo consultivo, que sera el encargado de delinear el rumbo del instituto.<\/p>\n<div>El Instituto trabajara para toda la Sexta secci\u00f3n electoral, los cursos, charlas y capacitaciones ser\u00e1n abiertos para toda la ciudadan\u00eda.<\/div>\n<div><strong>Prensa Comit\u00e9 UCR Tornquist-JR Tornquist<\/strong><\/div>\n","protected":false},"excerpt":{"rendered":"<p>El s\u00e1bado 5\/4 fue presentado oficialmente el Instituto de formaci\u00f3n ciudadana &#8220;Presidente Arturo U. Illia&#8221;, la cita tuvo lugar en la ciudad de Bah\u00eda Blanca, durante el desarrollo de la presentaci\u00f3n se explico como funcionara el instituto y se hizo una rese\u00f1a hist\u00f3rica del Presidente Arturo U. Illia. Tambi\u00e9n se dio a conocer como quedo [&hellip;]<\/p>\n","protected":false},"author":1,"featured_media":0,"comment_status":"closed","ping_status":"open","sticky":false,"template":"","format":"standard","meta":{"footnotes":""},"categories":[51,52,53],"tags":[],"class_list":["post-19341","post","type-post","status-publish","format-standard","hentry","category-comunidad","category-destacadas","category-politica"],"yoast_head":"<!-- This site is optimized with the Yoast SEO plugin v19.7.1 - https:\/\/yoast.com\/wordpress\/plugins\/seo\/ -->\n<title>PRESENTARON OFICIALMENTE EL INSTITUTO DE FORMACION CIUDADANA &quot;PRESIDENTE ARTURO ILLIA&quot; - CELTTV<\/title>\n<meta name=\"description\" content=\"Sitio web de noticias de la localidad de Tornquist, provincia de Buenos Aires, Rep\u00fablica Argentina. Contenido propio originado por periodistas de CELTTV, el canal de TV local de la Cooperativa El\u00e9ctrica de Tornquist. Turismo, Pol\u00edtica, Sociedad, Deporte, Cultura y todo el contenido de inter\u00e9s general que la gente del pueblo y la regi\u00f3n debe conocer.\" \/>\n<meta name=\"robots\" content=\"index, follow, max-snippet:-1, max-image-preview:large, max-video-preview:-1\" \/>\n<link rel=\"canonical\" href=\"https:\/\/www.celttv.com.ar\/index.php\/2014\/04\/06\/presentaron-oficialmente-el-instituto-de-formacion-ciudadana-presidente-arturo-illia\/\" \/>\n<meta property=\"og:locale\" content=\"es_ES\" \/>\n<meta property=\"og:type\" content=\"article\" \/>\n<meta property=\"og:title\" content=\"PRESENTARON OFICIALMENTE EL INSTITUTO DE FORMACION CIUDADANA &quot;PRESIDENTE ARTURO ILLIA&quot; - CELTTV\" \/>\n<meta property=\"og:description\" content=\"Sitio web de noticias de la localidad de Tornquist, provincia de Buenos Aires, Rep\u00fablica Argentina. Contenido propio originado por periodistas de CELTTV, el canal de TV local de la Cooperativa El\u00e9ctrica de Tornquist. Turismo, Pol\u00edtica, Sociedad, Deporte, Cultura y todo el contenido de inter\u00e9s general que la gente del pueblo y la regi\u00f3n debe conocer.\" \/>\n<meta property=\"og:url\" content=\"https:\/\/www.celttv.com.ar\/index.php\/2014\/04\/06\/presentaron-oficialmente-el-instituto-de-formacion-ciudadana-presidente-arturo-illia\/\" \/>\n<meta property=\"og:site_name\" content=\"CELTTV\" \/>\n<meta property=\"article:publisher\" content=\"https:\/\/www.facebook.com\/celtTV\/\" \/>\n<meta property=\"article:published_time\" content=\"2014-04-06T22:46:28+00:00\" \/>\n<meta property=\"og:image\" content=\"http:\/\/www.tvcnoticias.com.ar\/wp-content\/uploads\/2014\/04\/10014589_1387544208190137_172163526_n1-Medium-450x187.jpg\" \/>\n<meta name=\"author\" content=\"ulises\" \/>\n<meta name=\"twitter:card\" content=\"summary_large_image\" \/>\n<meta name=\"twitter:label1\" content=\"Escrito por\" \/>\n\t<meta name=\"twitter:data1\" content=\"ulises\" \/>\n\t<meta name=\"twitter:label2\" content=\"Tiempo de lectura\" \/>\n\t<meta name=\"twitter:data2\" content=\"1 minuto\" \/>\n<script type=\"application\/ld+json\" class=\"yoast-schema-graph\">{\"@context\":\"https:\/\/schema.org\",\"@graph\":[{\"@type\":\"NewsArticle\",\"@id\":\"https:\/\/www.celttv.com.ar\/index.php\/2014\/04\/06\/presentaron-oficialmente-el-instituto-de-formacion-ciudadana-presidente-arturo-illia\/#article\",\"isPartOf\":{\"@id\":\"https:\/\/www.celttv.com.ar\/index.php\/2014\/04\/06\/presentaron-oficialmente-el-instituto-de-formacion-ciudadana-presidente-arturo-illia\/\"},\"author\":{\"name\":\"ulises\",\"@id\":\"https:\/\/www.celttv.com.ar\/#\/schema\/person\/6d99c072dba59953809c81446e9d0ace\"},\"headline\":\"PRESENTARON OFICIALMENTE EL INSTITUTO DE FORMACION CIUDADANA &#8220;PRESIDENTE ARTURO ILLIA&#8221;\",\"datePublished\":\"2014-04-06T22:46:28+00:00\",\"dateModified\":\"2014-04-06T22:46:28+00:00\",\"mainEntityOfPage\":{\"@id\":\"https:\/\/www.celttv.com.ar\/index.php\/2014\/04\/06\/presentaron-oficialmente-el-instituto-de-formacion-ciudadana-presidente-arturo-illia\/\"},\"wordCount\":164,\"publisher\":{\"@id\":\"https:\/\/www.celttv.com.ar\/#organization\"},\"articleSection\":[\"Comunidad\",\"Destacadas\",\"Pol\u00edtica\"],\"inLanguage\":\"es\"},{\"@type\":\"WebPage\",\"@id\":\"https:\/\/www.celttv.com.ar\/index.php\/2014\/04\/06\/presentaron-oficialmente-el-instituto-de-formacion-ciudadana-presidente-arturo-illia\/\",\"url\":\"https:\/\/www.celttv.com.ar\/index.php\/2014\/04\/06\/presentaron-oficialmente-el-instituto-de-formacion-ciudadana-presidente-arturo-illia\/\",\"name\":\"PRESENTARON OFICIALMENTE EL INSTITUTO DE FORMACION CIUDADANA \\\"PRESIDENTE ARTURO ILLIA\\\" - CELTTV\",\"isPartOf\":{\"@id\":\"https:\/\/www.celttv.com.ar\/#website\"},\"datePublished\":\"2014-04-06T22:46:28+00:00\",\"dateModified\":\"2014-04-06T22:46:28+00:00\",\"description\":\"Sitio web de noticias de la localidad de Tornquist, provincia de Buenos Aires, Rep\u00fablica Argentina. Contenido propio originado por periodistas de CELTTV, el canal de TV local de la Cooperativa El\u00e9ctrica de Tornquist. Turismo, Pol\u00edtica, Sociedad, Deporte, Cultura y todo el contenido de inter\u00e9s general que la gente del pueblo y la regi\u00f3n debe conocer.\",\"breadcrumb\":{\"@id\":\"https:\/\/www.celttv.com.ar\/index.php\/2014\/04\/06\/presentaron-oficialmente-el-instituto-de-formacion-ciudadana-presidente-arturo-illia\/#breadcrumb\"},\"inLanguage\":\"es\",\"potentialAction\":[{\"@type\":\"ReadAction\",\"target\":[\"https:\/\/www.celttv.com.ar\/index.php\/2014\/04\/06\/presentaron-oficialmente-el-instituto-de-formacion-ciudadana-presidente-arturo-illia\/\"]}]},{\"@type\":\"BreadcrumbList\",\"@id\":\"https:\/\/www.celttv.com.ar\/index.php\/2014\/04\/06\/presentaron-oficialmente-el-instituto-de-formacion-ciudadana-presidente-arturo-illia\/#breadcrumb\",\"itemListElement\":[{\"@type\":\"ListItem\",\"position\":1,\"name\":\"Inicio\",\"item\":\"https:\/\/www.celttv.com.ar\/\"},{\"@type\":\"ListItem\",\"position\":2,\"name\":\"PRESENTARON OFICIALMENTE EL INSTITUTO DE FORMACION CIUDADANA &#8220;PRESIDENTE ARTURO ILLIA&#8221;\"}]},{\"@type\":\"WebSite\",\"@id\":\"https:\/\/www.celttv.com.ar\/#website\",\"url\":\"https:\/\/www.celttv.com.ar\/\",\"name\":\"CELTTV\",\"description\":\"Cooperativa El\u00e9ctrica de Tornquist\",\"publisher\":{\"@id\":\"https:\/\/www.celttv.com.ar\/#organization\"},\"potentialAction\":[{\"@type\":\"SearchAction\",\"target\":{\"@type\":\"EntryPoint\",\"urlTemplate\":\"https:\/\/www.celttv.com.ar\/?s={search_term_string}\"},\"query-input\":\"required name=search_term_string\"}],\"inLanguage\":\"es\"},{\"@type\":\"Organization\",\"@id\":\"https:\/\/www.celttv.com.ar\/#organization\",\"name\":\"CELTTV\",\"url\":\"https:\/\/www.celttv.com.ar\/\",\"sameAs\":[\"https:\/\/www.youtube.com\/channel\/UCz_oIt8Hig64Ub-EmcNPIhg\",\"https:\/\/www.facebook.com\/celtTV\/\"],\"logo\":{\"@type\":\"ImageObject\",\"inLanguage\":\"es\",\"@id\":\"https:\/\/www.celttv.com.ar\/#\/schema\/logo\/image\/\",\"url\":\"http:\/\/www.celttv.com.ar\/wp-content\/uploads\/2022\/08\/logo-1.png\",\"contentUrl\":\"http:\/\/www.celttv.com.ar\/wp-content\/uploads\/2022\/08\/logo-1.png\",\"width\":461,\"height\":159,\"caption\":\"CELTTV\"},\"image\":{\"@id\":\"https:\/\/www.celttv.com.ar\/#\/schema\/logo\/image\/\"}},{\"@type\":\"Person\",\"@id\":\"https:\/\/www.celttv.com.ar\/#\/schema\/person\/6d99c072dba59953809c81446e9d0ace\",\"name\":\"ulises\",\"image\":{\"@type\":\"ImageObject\",\"inLanguage\":\"es\",\"@id\":\"https:\/\/www.celttv.com.ar\/#\/schema\/person\/image\/\",\"url\":\"https:\/\/secure.gravatar.com\/avatar\/7f2c48bdc33b30088f941fb6082e555f2874c98e20cb159d7b92b50eadfce793?s=96&d=mm&r=g\",\"contentUrl\":\"https:\/\/secure.gravatar.com\/avatar\/7f2c48bdc33b30088f941fb6082e555f2874c98e20cb159d7b92b50eadfce793?s=96&d=mm&r=g\",\"caption\":\"ulises\"},\"sameAs\":[\"http:\/\/www.celttv.com.ar\"]}]}<\/script>\n<!-- \/ Yoast SEO plugin. -->","yoast_head_json":{"title":"PRESENTARON OFICIALMENTE EL INSTITUTO DE FORMACION CIUDADANA \"PRESIDENTE ARTURO ILLIA\" - CELTTV","description":"Sitio web de noticias de la localidad de Tornquist, provincia de Buenos Aires, Rep\u00fablica Argentina. Contenido propio originado por periodistas de CELTTV, el canal de TV local de la Cooperativa El\u00e9ctrica de Tornquist. Turismo, Pol\u00edtica, Sociedad, Deporte, Cultura y todo el contenido de inter\u00e9s general que la gente del pueblo y la regi\u00f3n debe conocer.","robots":{"index":"index","follow":"follow","max-snippet":"max-snippet:-1","max-image-preview":"max-image-preview:large","max-video-preview":"max-video-preview:-1"},"canonical":"https:\/\/www.celttv.com.ar\/index.php\/2014\/04\/06\/presentaron-oficialmente-el-instituto-de-formacion-ciudadana-presidente-arturo-illia\/","og_locale":"es_ES","og_type":"article","og_title":"PRESENTARON OFICIALMENTE EL INSTITUTO DE FORMACION CIUDADANA \"PRESIDENTE ARTURO ILLIA\" - CELTTV","og_description":"Sitio web de noticias de la localidad de Tornquist, provincia de Buenos Aires, Rep\u00fablica Argentina. Contenido propio originado por periodistas de CELTTV, el canal de TV local de la Cooperativa El\u00e9ctrica de Tornquist. Turismo, Pol\u00edtica, Sociedad, Deporte, Cultura y todo el contenido de inter\u00e9s general que la gente del pueblo y la regi\u00f3n debe conocer.","og_url":"https:\/\/www.celttv.com.ar\/index.php\/2014\/04\/06\/presentaron-oficialmente-el-instituto-de-formacion-ciudadana-presidente-arturo-illia\/","og_site_name":"CELTTV","article_publisher":"https:\/\/www.facebook.com\/celtTV\/","article_published_time":"2014-04-06T22:46:28+00:00","og_image":[{"url":"http:\/\/www.tvcnoticias.com.ar\/wp-content\/uploads\/2014\/04\/10014589_1387544208190137_172163526_n1-Medium-450x187.jpg"}],"author":"ulises","twitter_card":"summary_large_image","twitter_misc":{"Escrito por":"ulises","Tiempo de lectura":"1 minuto"},"schema":{"@context":"https:\/\/schema.org","@graph":[{"@type":"NewsArticle","@id":"https:\/\/www.celttv.com.ar\/index.php\/2014\/04\/06\/presentaron-oficialmente-el-instituto-de-formacion-ciudadana-presidente-arturo-illia\/#article","isPartOf":{"@id":"https:\/\/www.celttv.com.ar\/index.php\/2014\/04\/06\/presentaron-oficialmente-el-instituto-de-formacion-ciudadana-presidente-arturo-illia\/"},"author":{"name":"ulises","@id":"https:\/\/www.celttv.com.ar\/#\/schema\/person\/6d99c072dba59953809c81446e9d0ace"},"headline":"PRESENTARON OFICIALMENTE EL INSTITUTO DE FORMACION CIUDADANA &#8220;PRESIDENTE ARTURO ILLIA&#8221;","datePublished":"2014-04-06T22:46:28+00:00","dateModified":"2014-04-06T22:46:28+00:00","mainEntityOfPage":{"@id":"https:\/\/www.celttv.com.ar\/index.php\/2014\/04\/06\/presentaron-oficialmente-el-instituto-de-formacion-ciudadana-presidente-arturo-illia\/"},"wordCount":164,"publisher":{"@id":"https:\/\/www.celttv.com.ar\/#organization"},"articleSection":["Comunidad","Destacadas","Pol\u00edtica"],"inLanguage":"es"},{"@type":"WebPage","@id":"https:\/\/www.celttv.com.ar\/index.php\/2014\/04\/06\/presentaron-oficialmente-el-instituto-de-formacion-ciudadana-presidente-arturo-illia\/","url":"https:\/\/www.celttv.com.ar\/index.php\/2014\/04\/06\/presentaron-oficialmente-el-instituto-de-formacion-ciudadana-presidente-arturo-illia\/","name":"PRESENTARON OFICIALMENTE EL INSTITUTO DE FORMACION CIUDADANA \"PRESIDENTE ARTURO ILLIA\" - CELTTV","isPartOf":{"@id":"https:\/\/www.celttv.com.ar\/#website"},"datePublished":"2014-04-06T22:46:28+00:00","dateModified":"2014-04-06T22:46:28+00:00","description":"Sitio web de noticias de la localidad de Tornquist, provincia de Buenos Aires, Rep\u00fablica Argentina. Contenido propio originado por periodistas de CELTTV, el canal de TV local de la Cooperativa El\u00e9ctrica de Tornquist. Turismo, Pol\u00edtica, Sociedad, Deporte, Cultura y todo el contenido de inter\u00e9s general que la gente del pueblo y la regi\u00f3n debe conocer.","breadcrumb":{"@id":"https:\/\/www.celttv.com.ar\/index.php\/2014\/04\/06\/presentaron-oficialmente-el-instituto-de-formacion-ciudadana-presidente-arturo-illia\/#breadcrumb"},"inLanguage":"es","potentialAction":[{"@type":"ReadAction","target":["https:\/\/www.celttv.com.ar\/index.php\/2014\/04\/06\/presentaron-oficialmente-el-instituto-de-formacion-ciudadana-presidente-arturo-illia\/"]}]},{"@type":"BreadcrumbList","@id":"https:\/\/www.celttv.com.ar\/index.php\/2014\/04\/06\/presentaron-oficialmente-el-instituto-de-formacion-ciudadana-presidente-arturo-illia\/#breadcrumb","itemListElement":[{"@type":"ListItem","position":1,"name":"Inicio","item":"https:\/\/www.celttv.com.ar\/"},{"@type":"ListItem","position":2,"name":"PRESENTARON OFICIALMENTE EL INSTITUTO DE FORMACION CIUDADANA &#8220;PRESIDENTE ARTURO ILLIA&#8221;"}]},{"@type":"WebSite","@id":"https:\/\/www.celttv.com.ar\/#website","url":"https:\/\/www.celttv.com.ar\/","name":"CELTTV","description":"Cooperativa El\u00e9ctrica de Tornquist","publisher":{"@id":"https:\/\/www.celttv.com.ar\/#organization"},"potentialAction":[{"@type":"SearchAction","target":{"@type":"EntryPoint","urlTemplate":"https:\/\/www.celttv.com.ar\/?s={search_term_string}"},"query-input":"required name=search_term_string"}],"inLanguage":"es"},{"@type":"Organization","@id":"https:\/\/www.celttv.com.ar\/#organization","name":"CELTTV","url":"https:\/\/www.celttv.com.ar\/","sameAs":["https:\/\/www.youtube.com\/channel\/UCz_oIt8Hig64Ub-EmcNPIhg","https:\/\/www.facebook.com\/celtTV\/"],"logo":{"@type":"ImageObject","inLanguage":"es","@id":"https:\/\/www.celttv.com.ar\/#\/schema\/logo\/image\/","url":"http:\/\/www.celttv.com.ar\/wp-content\/uploads\/2022\/08\/logo-1.png","contentUrl":"http:\/\/www.celttv.com.ar\/wp-content\/uploads\/2022\/08\/logo-1.png","width":461,"height":159,"caption":"CELTTV"},"image":{"@id":"https:\/\/www.celttv.com.ar\/#\/schema\/logo\/image\/"}},{"@type":"Person","@id":"https:\/\/www.celttv.com.ar\/#\/schema\/person\/6d99c072dba59953809c81446e9d0ace","name":"ulises","image":{"@type":"ImageObject","inLanguage":"es","@id":"https:\/\/www.celttv.com.ar\/#\/schema\/person\/image\/","url":"https:\/\/secure.gravatar.com\/avatar\/7f2c48bdc33b30088f941fb6082e555f2874c98e20cb159d7b92b50eadfce793?s=96&d=mm&r=g","contentUrl":"https:\/\/secure.gravatar.com\/avatar\/7f2c48bdc33b30088f941fb6082e555f2874c98e20cb159d7b92b50eadfce793?s=96&d=mm&r=g","caption":"ulises"},"sameAs":["http:\/\/www.celttv.com.ar"]}]}},"_links":{"self":[{"href":"https:\/\/www.celttv.com.ar\/index.php\/wp-json\/wp\/v2\/posts\/19341","targetHints":{"allow":["GET"]}}],"collection":[{"href":"https:\/\/www.celttv.com.ar\/index.php\/wp-json\/wp\/v2\/posts"}],"about":[{"href":"https:\/\/www.celttv.com.ar\/index.php\/wp-json\/wp\/v2\/types\/post"}],"author":[{"embeddable":true,"href":"https:\/\/www.celttv.com.ar\/index.php\/wp-json\/wp\/v2\/users\/1"}],"replies":[{"embeddable":true,"href":"https:\/\/www.celttv.com.ar\/index.php\/wp-json\/wp\/v2\/comments?post=19341"}],"version-history":[{"count":0,"href":"https:\/\/www.celttv.com.ar\/index.php\/wp-json\/wp\/v2\/posts\/19341\/revisions"}],"wp:attachment":[{"href":"https:\/\/www.celttv.com.ar\/index.php\/wp-json\/wp\/v2\/media?parent=19341"}],"wp:term":[{"taxonomy":"category","embeddable":true,"href":"https:\/\/www.celttv.com.ar\/index.php\/wp-json\/wp\/v2\/categories?post=19341"},{"taxonomy":"post_tag","embeddable":true,"href":"https:\/\/www.celttv.com.ar\/index.php\/wp-json\/wp\/v2\/tags?post=19341"}],"curies":[{"name":"wp","href":"https:\/\/api.w.org\/{rel}","templated":true}]}}