{"id":19379,"date":"2014-04-08T22:42:38","date_gmt":"2014-04-08T22:42:38","guid":{"rendered":"http:\/\/www.tvcnoticias.com.ar\/?p=19379"},"modified":"2014-04-08T22:42:38","modified_gmt":"2014-04-08T22:42:38","slug":"liga-de-futbol-preocupa-la-deuda-de-las-instituciones","status":"publish","type":"post","link":"https:\/\/www.celttv.com.ar\/index.php\/2014\/04\/08\/liga-de-futbol-preocupa-la-deuda-de-las-instituciones\/","title":{"rendered":"LIGA DE FUTBOL: PREOCUPA LA DEUDA DE LAS INSTITUCIONES"},"content":{"rendered":"<p>Fue el tema central de la \u00faltima reuni\u00f3n del consejo directivo.<br \/>\n<a rel=\"attachment wp-att-19380\" href=\"http:\/\/www.tvcnoticias.com.ar\/?attachment_id=19380\"><img loading=\"lazy\" decoding=\"async\" class=\"aligncenter size-medium wp-image-19380\" title=\"1430 - ARCO Y PELOTA (Medium)\" src=\"http:\/\/www.tvcnoticias.com.ar\/wp-content\/uploads\/2014\/04\/1430-ARCO-Y-PELOTA-Medium2-450x261.jpg\" alt=\"\" width=\"450\" height=\"261\" \/><\/a>Los importantes montos que los clubes est\u00e1n adeudando a la Liga Regional de F\u00fatbol de Coronel Su\u00e1rez, algunos de los cuales no han abonado suma alguna en lo que va de 2014, fue el tema central de la reuni\u00f3n que el lunes pasado llev\u00f3 a cabo el consejo directivo que preside Ernesto Manuel Palenzona.<br \/>\nEn virtud de la situaci\u00f3n, la mesa ejecutiva les exigi\u00f3 la cancelaci\u00f3n de las sumas y les hizo saber que el pr\u00f3ximo lunes se pasar\u00e1n los antecedentes al Tribunal de Penas, previo publicaci\u00f3n en el bolet\u00edn oficial de las cifras que se adeudan.<br \/>\nAsimismo, se intim\u00f3 a los clubes Deportivo Sarmiento, Uni\u00f3n Pig\u00fc\u00e9, Automoto, Empleados de Comercio y Atl\u00e9tico Huanguel\u00e9n a que abonen antes del viernes pr\u00f3ximo los aranceles de \u00e1rbitros que est\u00e1n debiendo correspondientes a Primera y Reserva y a los clubes Empleados de Comercio, Blanco y Negro, Uni\u00f3n de Tornquist, Uni\u00f3n Pig\u00fc\u00e9 y Deportivo Sarmiento que en el mismo plazo cancelen las deudas que tienen por aranceles de \u00e1rbitros de divisiones inferiores, caso contrario no se les har\u00e1n nuevas designaciones.<br \/>\nLas intimaciones se realizaron ya que las sumas adeudadas son muy importantes y perjudican el normal funcionamiento econ\u00f3mico de la Liga. Trascendi\u00f3 que el monto en todo concepto asciende a una cifra cercana a los $ 120.000.<br \/>\n&nbsp;<br \/>\nTiro-Deportivo, en la Villa<br \/>\n&nbsp;<br \/>\nEn el estadio \u201cGustavo Moccero\u201d de Villa Belgrano y el domingo pr\u00f3ximo, junto al resto de la tercera fecha del torneo Apertura, se enfrentar\u00e1n Tiro Federal y Deportivo Sarmiento en Primera y Reserva.<br \/>\nEn un primer momento ambos clubes se hab\u00edan puesto de acuerdo para invertir la local\u00eda, dado que ten\u00edan que jugar entre semana y en horario nocturno por la participaci\u00f3n del verdirrojo en el Torneo del Interior, pero debido a la suspensi\u00f3n del domingo pasado se llev\u00f3 todo a foja cero.<br \/>\nPor otro lado, se mantienen para el s\u00e1bado que viene los dos cambios de local\u00eda en divisiones inferiores. Boca Juniors vs. Uni\u00f3n de Tornquist jugar\u00e1n en la localidad serrana y Automoto vs. San Mart\u00edn en Pueblo Santa Trinidad.<br \/>\n&nbsp;<\/p>\n","protected":false},"excerpt":{"rendered":"<p>Fue el tema central de la \u00faltima reuni\u00f3n del consejo directivo. Los importantes montos que los clubes est\u00e1n adeudando a la Liga Regional de F\u00fatbol de Coronel Su\u00e1rez, algunos de los cuales no han abonado suma alguna en lo que va de 2014, fue el tema central de la reuni\u00f3n que el lunes pasado llev\u00f3 [&hellip;]<\/p>\n","protected":false},"author":1,"featured_media":0,"comment_status":"closed","ping_status":"open","sticky":false,"template":"","format":"standard","meta":{"footnotes":""},"categories":[60,52],"tags":[],"class_list":["post-19379","post","type-post","status-publish","format-standard","hentry","category-deporte","category-destacadas"],"yoast_head":"<!-- This site is optimized with the Yoast SEO plugin v19.7.1 - https:\/\/yoast.com\/wordpress\/plugins\/seo\/ -->\n<title>LIGA DE FUTBOL: PREOCUPA LA DEUDA DE LAS INSTITUCIONES - CELTTV<\/title>\n<meta name=\"description\" content=\"Sitio web de noticias de la localidad de Tornquist, provincia de Buenos Aires, Rep\u00fablica Argentina. Contenido propio originado por periodistas de CELTTV, el canal de TV local de la Cooperativa El\u00e9ctrica de Tornquist. Turismo, Pol\u00edtica, Sociedad, Deporte, Cultura y todo el contenido de inter\u00e9s general que la gente del pueblo y la regi\u00f3n debe conocer.\" \/>\n<meta name=\"robots\" content=\"index, follow, max-snippet:-1, max-image-preview:large, max-video-preview:-1\" \/>\n<link rel=\"canonical\" href=\"https:\/\/www.celttv.com.ar\/index.php\/2014\/04\/08\/liga-de-futbol-preocupa-la-deuda-de-las-instituciones\/\" \/>\n<meta property=\"og:locale\" content=\"es_ES\" \/>\n<meta property=\"og:type\" content=\"article\" \/>\n<meta property=\"og:title\" content=\"LIGA DE FUTBOL: PREOCUPA LA DEUDA DE LAS INSTITUCIONES - CELTTV\" \/>\n<meta property=\"og:description\" content=\"Sitio web de noticias de la localidad de Tornquist, provincia de Buenos Aires, Rep\u00fablica Argentina. Contenido propio originado por periodistas de CELTTV, el canal de TV local de la Cooperativa El\u00e9ctrica de Tornquist. Turismo, Pol\u00edtica, Sociedad, Deporte, Cultura y todo el contenido de inter\u00e9s general que la gente del pueblo y la regi\u00f3n debe conocer.\" \/>\n<meta property=\"og:url\" content=\"https:\/\/www.celttv.com.ar\/index.php\/2014\/04\/08\/liga-de-futbol-preocupa-la-deuda-de-las-instituciones\/\" \/>\n<meta property=\"og:site_name\" content=\"CELTTV\" \/>\n<meta property=\"article:publisher\" content=\"https:\/\/www.facebook.com\/celtTV\/\" \/>\n<meta property=\"article:published_time\" content=\"2014-04-08T22:42:38+00:00\" \/>\n<meta property=\"og:image\" content=\"http:\/\/www.tvcnoticias.com.ar\/wp-content\/uploads\/2014\/04\/1430-ARCO-Y-PELOTA-Medium2-450x261.jpg\" \/>\n<meta name=\"author\" content=\"ulises\" \/>\n<meta name=\"twitter:card\" content=\"summary_large_image\" \/>\n<meta name=\"twitter:label1\" content=\"Escrito por\" \/>\n\t<meta name=\"twitter:data1\" content=\"ulises\" \/>\n\t<meta name=\"twitter:label2\" content=\"Tiempo de lectura\" \/>\n\t<meta name=\"twitter:data2\" content=\"2 minutos\" \/>\n<script type=\"application\/ld+json\" class=\"yoast-schema-graph\">{\"@context\":\"https:\/\/schema.org\",\"@graph\":[{\"@type\":\"NewsArticle\",\"@id\":\"https:\/\/www.celttv.com.ar\/index.php\/2014\/04\/08\/liga-de-futbol-preocupa-la-deuda-de-las-instituciones\/#article\",\"isPartOf\":{\"@id\":\"https:\/\/www.celttv.com.ar\/index.php\/2014\/04\/08\/liga-de-futbol-preocupa-la-deuda-de-las-instituciones\/\"},\"author\":{\"name\":\"ulises\",\"@id\":\"https:\/\/www.celttv.com.ar\/#\/schema\/person\/6d99c072dba59953809c81446e9d0ace\"},\"headline\":\"LIGA DE FUTBOL: PREOCUPA LA DEUDA DE LAS INSTITUCIONES\",\"datePublished\":\"2014-04-08T22:42:38+00:00\",\"dateModified\":\"2014-04-08T22:42:38+00:00\",\"mainEntityOfPage\":{\"@id\":\"https:\/\/www.celttv.com.ar\/index.php\/2014\/04\/08\/liga-de-futbol-preocupa-la-deuda-de-las-instituciones\/\"},\"wordCount\":390,\"publisher\":{\"@id\":\"https:\/\/www.celttv.com.ar\/#organization\"},\"articleSection\":[\"Deporte\",\"Destacadas\"],\"inLanguage\":\"es\"},{\"@type\":\"WebPage\",\"@id\":\"https:\/\/www.celttv.com.ar\/index.php\/2014\/04\/08\/liga-de-futbol-preocupa-la-deuda-de-las-instituciones\/\",\"url\":\"https:\/\/www.celttv.com.ar\/index.php\/2014\/04\/08\/liga-de-futbol-preocupa-la-deuda-de-las-instituciones\/\",\"name\":\"LIGA DE FUTBOL: PREOCUPA LA DEUDA DE LAS INSTITUCIONES - CELTTV\",\"isPartOf\":{\"@id\":\"https:\/\/www.celttv.com.ar\/#website\"},\"datePublished\":\"2014-04-08T22:42:38+00:00\",\"dateModified\":\"2014-04-08T22:42:38+00:00\",\"description\":\"Sitio web de noticias de la localidad de Tornquist, provincia de Buenos Aires, Rep\u00fablica Argentina. Contenido propio originado por periodistas de CELTTV, el canal de TV local de la Cooperativa El\u00e9ctrica de Tornquist. Turismo, Pol\u00edtica, Sociedad, Deporte, Cultura y todo el contenido de inter\u00e9s general que la gente del pueblo y la regi\u00f3n debe conocer.\",\"breadcrumb\":{\"@id\":\"https:\/\/www.celttv.com.ar\/index.php\/2014\/04\/08\/liga-de-futbol-preocupa-la-deuda-de-las-instituciones\/#breadcrumb\"},\"inLanguage\":\"es\",\"potentialAction\":[{\"@type\":\"ReadAction\",\"target\":[\"https:\/\/www.celttv.com.ar\/index.php\/2014\/04\/08\/liga-de-futbol-preocupa-la-deuda-de-las-instituciones\/\"]}]},{\"@type\":\"BreadcrumbList\",\"@id\":\"https:\/\/www.celttv.com.ar\/index.php\/2014\/04\/08\/liga-de-futbol-preocupa-la-deuda-de-las-instituciones\/#breadcrumb\",\"itemListElement\":[{\"@type\":\"ListItem\",\"position\":1,\"name\":\"Inicio\",\"item\":\"https:\/\/www.celttv.com.ar\/\"},{\"@type\":\"ListItem\",\"position\":2,\"name\":\"LIGA DE FUTBOL: PREOCUPA LA DEUDA DE LAS INSTITUCIONES\"}]},{\"@type\":\"WebSite\",\"@id\":\"https:\/\/www.celttv.com.ar\/#website\",\"url\":\"https:\/\/www.celttv.com.ar\/\",\"name\":\"CELTTV\",\"description\":\"Cooperativa El\u00e9ctrica de Tornquist\",\"publisher\":{\"@id\":\"https:\/\/www.celttv.com.ar\/#organization\"},\"potentialAction\":[{\"@type\":\"SearchAction\",\"target\":{\"@type\":\"EntryPoint\",\"urlTemplate\":\"https:\/\/www.celttv.com.ar\/?s={search_term_string}\"},\"query-input\":\"required name=search_term_string\"}],\"inLanguage\":\"es\"},{\"@type\":\"Organization\",\"@id\":\"https:\/\/www.celttv.com.ar\/#organization\",\"name\":\"CELTTV\",\"url\":\"https:\/\/www.celttv.com.ar\/\",\"sameAs\":[\"https:\/\/www.youtube.com\/channel\/UCz_oIt8Hig64Ub-EmcNPIhg\",\"https:\/\/www.facebook.com\/celtTV\/\"],\"logo\":{\"@type\":\"ImageObject\",\"inLanguage\":\"es\",\"@id\":\"https:\/\/www.celttv.com.ar\/#\/schema\/logo\/image\/\",\"url\":\"http:\/\/www.celttv.com.ar\/wp-content\/uploads\/2022\/08\/logo-1.png\",\"contentUrl\":\"http:\/\/www.celttv.com.ar\/wp-content\/uploads\/2022\/08\/logo-1.png\",\"width\":461,\"height\":159,\"caption\":\"CELTTV\"},\"image\":{\"@id\":\"https:\/\/www.celttv.com.ar\/#\/schema\/logo\/image\/\"}},{\"@type\":\"Person\",\"@id\":\"https:\/\/www.celttv.com.ar\/#\/schema\/person\/6d99c072dba59953809c81446e9d0ace\",\"name\":\"ulises\",\"image\":{\"@type\":\"ImageObject\",\"inLanguage\":\"es\",\"@id\":\"https:\/\/www.celttv.com.ar\/#\/schema\/person\/image\/\",\"url\":\"https:\/\/secure.gravatar.com\/avatar\/7f2c48bdc33b30088f941fb6082e555f2874c98e20cb159d7b92b50eadfce793?s=96&d=mm&r=g\",\"contentUrl\":\"https:\/\/secure.gravatar.com\/avatar\/7f2c48bdc33b30088f941fb6082e555f2874c98e20cb159d7b92b50eadfce793?s=96&d=mm&r=g\",\"caption\":\"ulises\"},\"sameAs\":[\"http:\/\/www.celttv.com.ar\"]}]}<\/script>\n<!-- \/ Yoast SEO plugin. -->","yoast_head_json":{"title":"LIGA DE FUTBOL: PREOCUPA LA DEUDA DE LAS INSTITUCIONES - CELTTV","description":"Sitio web de noticias de la localidad de Tornquist, provincia de Buenos Aires, Rep\u00fablica Argentina. Contenido propio originado por periodistas de CELTTV, el canal de TV local de la Cooperativa El\u00e9ctrica de Tornquist. Turismo, Pol\u00edtica, Sociedad, Deporte, Cultura y todo el contenido de inter\u00e9s general que la gente del pueblo y la regi\u00f3n debe conocer.","robots":{"index":"index","follow":"follow","max-snippet":"max-snippet:-1","max-image-preview":"max-image-preview:large","max-video-preview":"max-video-preview:-1"},"canonical":"https:\/\/www.celttv.com.ar\/index.php\/2014\/04\/08\/liga-de-futbol-preocupa-la-deuda-de-las-instituciones\/","og_locale":"es_ES","og_type":"article","og_title":"LIGA DE FUTBOL: PREOCUPA LA DEUDA DE LAS INSTITUCIONES - CELTTV","og_description":"Sitio web de noticias de la localidad de Tornquist, provincia de Buenos Aires, Rep\u00fablica Argentina. Contenido propio originado por periodistas de CELTTV, el canal de TV local de la Cooperativa El\u00e9ctrica de Tornquist. Turismo, Pol\u00edtica, Sociedad, Deporte, Cultura y todo el contenido de inter\u00e9s general que la gente del pueblo y la regi\u00f3n debe conocer.","og_url":"https:\/\/www.celttv.com.ar\/index.php\/2014\/04\/08\/liga-de-futbol-preocupa-la-deuda-de-las-instituciones\/","og_site_name":"CELTTV","article_publisher":"https:\/\/www.facebook.com\/celtTV\/","article_published_time":"2014-04-08T22:42:38+00:00","og_image":[{"url":"http:\/\/www.tvcnoticias.com.ar\/wp-content\/uploads\/2014\/04\/1430-ARCO-Y-PELOTA-Medium2-450x261.jpg"}],"author":"ulises","twitter_card":"summary_large_image","twitter_misc":{"Escrito por":"ulises","Tiempo de lectura":"2 minutos"},"schema":{"@context":"https:\/\/schema.org","@graph":[{"@type":"NewsArticle","@id":"https:\/\/www.celttv.com.ar\/index.php\/2014\/04\/08\/liga-de-futbol-preocupa-la-deuda-de-las-instituciones\/#article","isPartOf":{"@id":"https:\/\/www.celttv.com.ar\/index.php\/2014\/04\/08\/liga-de-futbol-preocupa-la-deuda-de-las-instituciones\/"},"author":{"name":"ulises","@id":"https:\/\/www.celttv.com.ar\/#\/schema\/person\/6d99c072dba59953809c81446e9d0ace"},"headline":"LIGA DE FUTBOL: PREOCUPA LA DEUDA DE LAS INSTITUCIONES","datePublished":"2014-04-08T22:42:38+00:00","dateModified":"2014-04-08T22:42:38+00:00","mainEntityOfPage":{"@id":"https:\/\/www.celttv.com.ar\/index.php\/2014\/04\/08\/liga-de-futbol-preocupa-la-deuda-de-las-instituciones\/"},"wordCount":390,"publisher":{"@id":"https:\/\/www.celttv.com.ar\/#organization"},"articleSection":["Deporte","Destacadas"],"inLanguage":"es"},{"@type":"WebPage","@id":"https:\/\/www.celttv.com.ar\/index.php\/2014\/04\/08\/liga-de-futbol-preocupa-la-deuda-de-las-instituciones\/","url":"https:\/\/www.celttv.com.ar\/index.php\/2014\/04\/08\/liga-de-futbol-preocupa-la-deuda-de-las-instituciones\/","name":"LIGA DE FUTBOL: PREOCUPA LA DEUDA DE LAS INSTITUCIONES - CELTTV","isPartOf":{"@id":"https:\/\/www.celttv.com.ar\/#website"},"datePublished":"2014-04-08T22:42:38+00:00","dateModified":"2014-04-08T22:42:38+00:00","description":"Sitio web de noticias de la localidad de Tornquist, provincia de Buenos Aires, Rep\u00fablica Argentina. Contenido propio originado por periodistas de CELTTV, el canal de TV local de la Cooperativa El\u00e9ctrica de Tornquist. Turismo, Pol\u00edtica, Sociedad, Deporte, Cultura y todo el contenido de inter\u00e9s general que la gente del pueblo y la regi\u00f3n debe conocer.","breadcrumb":{"@id":"https:\/\/www.celttv.com.ar\/index.php\/2014\/04\/08\/liga-de-futbol-preocupa-la-deuda-de-las-instituciones\/#breadcrumb"},"inLanguage":"es","potentialAction":[{"@type":"ReadAction","target":["https:\/\/www.celttv.com.ar\/index.php\/2014\/04\/08\/liga-de-futbol-preocupa-la-deuda-de-las-instituciones\/"]}]},{"@type":"BreadcrumbList","@id":"https:\/\/www.celttv.com.ar\/index.php\/2014\/04\/08\/liga-de-futbol-preocupa-la-deuda-de-las-instituciones\/#breadcrumb","itemListElement":[{"@type":"ListItem","position":1,"name":"Inicio","item":"https:\/\/www.celttv.com.ar\/"},{"@type":"ListItem","position":2,"name":"LIGA DE FUTBOL: PREOCUPA LA DEUDA DE LAS INSTITUCIONES"}]},{"@type":"WebSite","@id":"https:\/\/www.celttv.com.ar\/#website","url":"https:\/\/www.celttv.com.ar\/","name":"CELTTV","description":"Cooperativa El\u00e9ctrica de Tornquist","publisher":{"@id":"https:\/\/www.celttv.com.ar\/#organization"},"potentialAction":[{"@type":"SearchAction","target":{"@type":"EntryPoint","urlTemplate":"https:\/\/www.celttv.com.ar\/?s={search_term_string}"},"query-input":"required name=search_term_string"}],"inLanguage":"es"},{"@type":"Organization","@id":"https:\/\/www.celttv.com.ar\/#organization","name":"CELTTV","url":"https:\/\/www.celttv.com.ar\/","sameAs":["https:\/\/www.youtube.com\/channel\/UCz_oIt8Hig64Ub-EmcNPIhg","https:\/\/www.facebook.com\/celtTV\/"],"logo":{"@type":"ImageObject","inLanguage":"es","@id":"https:\/\/www.celttv.com.ar\/#\/schema\/logo\/image\/","url":"http:\/\/www.celttv.com.ar\/wp-content\/uploads\/2022\/08\/logo-1.png","contentUrl":"http:\/\/www.celttv.com.ar\/wp-content\/uploads\/2022\/08\/logo-1.png","width":461,"height":159,"caption":"CELTTV"},"image":{"@id":"https:\/\/www.celttv.com.ar\/#\/schema\/logo\/image\/"}},{"@type":"Person","@id":"https:\/\/www.celttv.com.ar\/#\/schema\/person\/6d99c072dba59953809c81446e9d0ace","name":"ulises","image":{"@type":"ImageObject","inLanguage":"es","@id":"https:\/\/www.celttv.com.ar\/#\/schema\/person\/image\/","url":"https:\/\/secure.gravatar.com\/avatar\/7f2c48bdc33b30088f941fb6082e555f2874c98e20cb159d7b92b50eadfce793?s=96&d=mm&r=g","contentUrl":"https:\/\/secure.gravatar.com\/avatar\/7f2c48bdc33b30088f941fb6082e555f2874c98e20cb159d7b92b50eadfce793?s=96&d=mm&r=g","caption":"ulises"},"sameAs":["http:\/\/www.celttv.com.ar"]}]}},"_links":{"self":[{"href":"https:\/\/www.celttv.com.ar\/index.php\/wp-json\/wp\/v2\/posts\/19379","targetHints":{"allow":["GET"]}}],"collection":[{"href":"https:\/\/www.celttv.com.ar\/index.php\/wp-json\/wp\/v2\/posts"}],"about":[{"href":"https:\/\/www.celttv.com.ar\/index.php\/wp-json\/wp\/v2\/types\/post"}],"author":[{"embeddable":true,"href":"https:\/\/www.celttv.com.ar\/index.php\/wp-json\/wp\/v2\/users\/1"}],"replies":[{"embeddable":true,"href":"https:\/\/www.celttv.com.ar\/index.php\/wp-json\/wp\/v2\/comments?post=19379"}],"version-history":[{"count":0,"href":"https:\/\/www.celttv.com.ar\/index.php\/wp-json\/wp\/v2\/posts\/19379\/revisions"}],"wp:attachment":[{"href":"https:\/\/www.celttv.com.ar\/index.php\/wp-json\/wp\/v2\/media?parent=19379"}],"wp:term":[{"taxonomy":"category","embeddable":true,"href":"https:\/\/www.celttv.com.ar\/index.php\/wp-json\/wp\/v2\/categories?post=19379"},{"taxonomy":"post_tag","embeddable":true,"href":"https:\/\/www.celttv.com.ar\/index.php\/wp-json\/wp\/v2\/tags?post=19379"}],"curies":[{"name":"wp","href":"https:\/\/api.w.org\/{rel}","templated":true}]}}