{"id":19393,"date":"2014-04-09T14:59:29","date_gmt":"2014-04-09T14:59:29","guid":{"rendered":"http:\/\/www.tvcnoticias.com.ar\/?p=19393"},"modified":"2014-04-09T14:59:29","modified_gmt":"2014-04-09T14:59:29","slug":"paso-el-temporal-ahora-es-tiempo-de-volver-a-la-normalidad","status":"publish","type":"post","link":"https:\/\/www.celttv.com.ar\/index.php\/2014\/04\/09\/paso-el-temporal-ahora-es-tiempo-de-volver-a-la-normalidad\/","title":{"rendered":"PASO EL TEMPORAL, AHORA ES TIEMPO DE VOLVER A LA NORMALIDAD"},"content":{"rendered":"<p><br \/>\nLa torrencial lluvia que azot\u00f3 el distrito en las \u00faltimas horas, gener\u00f3 importantes destrozos en varias localidades y en el sector del Abra de la Ventana.<br \/>\nUn intenso trabajo para comenzar a limpiar los sectores afectados por el caudal de agua que surcaron los arroyos del distrito, registrado en la jornada de anteayer, hicieron que maquinarias pesada municipal comenzara a retirar arboles, troncos y ramas en distintos puentes.<br \/>\nBomberos voluntarios, personal policial, maquinaria municipal, integrantes de vialidad provincial y el intendente Gustavo Trankels, estuvieron recorriendo las localidades y sectores afectados por la lluvia.<br \/>\nAyer, desde muy temprano, personal perteneciente a las delegaciones y al \u00e1rea de Servicios Urbanos estuvo interviniendo en sectores donde el crecimiento de los arroyos gener\u00f3 inconvenientes, principalmente en Villa Ventana, Sierra de la Ventana y Villa Serrana La Gruta.<br \/>\nEn el caso particular de Villa Serrana La Gruta, los 150 mil\u00edmetros que cayeron en el cord\u00f3n serrano, se hicieron sentir en el puente de hierro, el cual fue destruido y arrastrado por la corriente de agua.<br \/>\nEn el lugar, estuvieron trabajando personal municipal y de la Cooperativa El\u00e9ctrica de Tornquist para limpiar y remover el puente ca\u00eddo, arboles y sedimento del propio arroyo.<br \/>\n\u201cEl personal de la delegaci\u00f3n tuvo que retirar el puente que estaba destruido. Estuvimos dialogando con gente de hidr\u00e1ulica y con t\u00e9cnicos para ver qu\u00e9 se puede restaurar y que debemos hacer nuevo\u201d, manifest\u00f3 el intendente Gustavo Trankels, en recorrida por La Gruta.<br \/>\n\u201cEl mismo an\u00e1lisis debemos hacer en la baranda del puente que une Villa Ventana con el camping, el cual tambi\u00e9n fue arrasado por la fuerza del agua. El puente de la ruta provincial 72, que une Sierra con Saldungaray, tambi\u00e9n sufri\u00f3 los embates del agua y arranc\u00f3 los guarda raid\u201d, agreg\u00f3.<br \/>\nPor otro lado, dos sectores del Abra de la Ventana sufrieron el derrumbe de tierra y piedra, las cuales quedaron depositadas sobre la calzada y debieron ser retiradas para que se pueda normalizar el tr\u00e1nsito por el lugar.<br \/>\n\u201cEn el Abra de la Ventana, all\u00ed vamos a enviar personal con la retroexcavadora para poder reacondicionar el lugar, ya que hab\u00eda quedado tierra y piedras a la vera de la ruta\u201d, sostuvo.<br \/>\nUno de los grandes arbolados sobre la ruta 76, es el que se ubica lindante al establecimiento Las Vertientes, el cual sufri\u00f3 la ca\u00edda de varios \u00e1rboles, los cuales debieron ser retirados por personal municipal.<br \/>\n\u201cLo importante es que no hubo v\u00edctimas. Lo que se intenta hacer de manera r\u00e1pida es lograr restablecer la comunicaci\u00f3n entre las localidades y garantizar la seguridad de los puentes con la colocaci\u00f3n de nuevas barandas\u201d, remarc\u00f3 el jefe comunal.<br \/>\nEn relaci\u00f3n a las obras realizadas para evitar problemas en caso de abundantes lluvias en la ciudad cabecera, Trankels mencion\u00f3 que recorri\u00f3 la cuenca ubicada en el Monte Calvario.<br \/>\n\u201cLos trabajos que se realizaron en el lugar con la realizaci\u00f3n de las curvas de nivel, a trav\u00e9s del asesoramiento de profesionales de INTA-Tornquist, de Hidr\u00e1ulica de la provincia y del ministerio de Asuntos Agrarios, sirvi\u00f3 para contener el agua que desciende de las sierras y evitar graves problemas en nuestra ciudad\u201d, afirm\u00f3.<br \/>\nEl paso del tiempo y la intensa lluvia de \u00e9stos d\u00edas, complic\u00f3 m\u00e1s el estado de la ruta 76, la cual se encuentra con muchos baches.<br \/>\n\u201cEstuve dialogando con las autoridades de vialidad provincial para informarles sobre este problema y, cuando mejore el clima, seguramente tendr\u00e1n mucha tarea para arreglar la ruta\u201d, concluy\u00f3.<br \/>\n&nbsp;<br \/>\n&nbsp;<br \/>\n&nbsp;<\/p>\n","protected":false},"excerpt":{"rendered":"<p>La torrencial lluvia que azot\u00f3 el distrito en las \u00faltimas horas, gener\u00f3 importantes destrozos en varias localidades y en el sector del Abra de la Ventana. Un intenso trabajo para comenzar a limpiar los sectores afectados por el caudal de agua que surcaron los arroyos del distrito, registrado en la jornada de anteayer, hicieron que [&hellip;]<\/p>\n","protected":false},"author":1,"featured_media":0,"comment_status":"closed","ping_status":"open","sticky":false,"template":"","format":"standard","meta":{"footnotes":""},"categories":[51,52],"tags":[],"class_list":["post-19393","post","type-post","status-publish","format-standard","hentry","category-comunidad","category-destacadas"],"yoast_head":"<!-- This site is optimized with the Yoast SEO plugin v19.7.1 - https:\/\/yoast.com\/wordpress\/plugins\/seo\/ -->\n<title>PASO EL TEMPORAL, AHORA ES TIEMPO DE VOLVER A LA NORMALIDAD - CELTTV<\/title>\n<meta name=\"description\" content=\"Sitio web de noticias de la localidad de Tornquist, provincia de Buenos Aires, Rep\u00fablica Argentina. Contenido propio originado por periodistas de CELTTV, el canal de TV local de la Cooperativa El\u00e9ctrica de Tornquist. Turismo, Pol\u00edtica, Sociedad, Deporte, Cultura y todo el contenido de inter\u00e9s general que la gente del pueblo y la regi\u00f3n debe conocer.\" \/>\n<meta name=\"robots\" content=\"index, follow, max-snippet:-1, max-image-preview:large, max-video-preview:-1\" \/>\n<link rel=\"canonical\" href=\"https:\/\/www.celttv.com.ar\/index.php\/2014\/04\/09\/paso-el-temporal-ahora-es-tiempo-de-volver-a-la-normalidad\/\" \/>\n<meta property=\"og:locale\" content=\"es_ES\" \/>\n<meta property=\"og:type\" content=\"article\" \/>\n<meta property=\"og:title\" content=\"PASO EL TEMPORAL, AHORA ES TIEMPO DE VOLVER A LA NORMALIDAD - CELTTV\" \/>\n<meta property=\"og:description\" content=\"Sitio web de noticias de la localidad de Tornquist, provincia de Buenos Aires, Rep\u00fablica Argentina. Contenido propio originado por periodistas de CELTTV, el canal de TV local de la Cooperativa El\u00e9ctrica de Tornquist. Turismo, Pol\u00edtica, Sociedad, Deporte, Cultura y todo el contenido de inter\u00e9s general que la gente del pueblo y la regi\u00f3n debe conocer.\" \/>\n<meta property=\"og:url\" content=\"https:\/\/www.celttv.com.ar\/index.php\/2014\/04\/09\/paso-el-temporal-ahora-es-tiempo-de-volver-a-la-normalidad\/\" \/>\n<meta property=\"og:site_name\" content=\"CELTTV\" \/>\n<meta property=\"article:publisher\" content=\"https:\/\/www.facebook.com\/celtTV\/\" \/>\n<meta property=\"article:published_time\" content=\"2014-04-09T14:59:29+00:00\" \/>\n<meta name=\"author\" content=\"ulises\" \/>\n<meta name=\"twitter:card\" content=\"summary_large_image\" \/>\n<meta name=\"twitter:label1\" content=\"Escrito por\" \/>\n\t<meta name=\"twitter:data1\" content=\"ulises\" \/>\n\t<meta name=\"twitter:label2\" content=\"Tiempo de lectura\" \/>\n\t<meta name=\"twitter:data2\" content=\"3 minutos\" \/>\n<script type=\"application\/ld+json\" class=\"yoast-schema-graph\">{\"@context\":\"https:\/\/schema.org\",\"@graph\":[{\"@type\":\"NewsArticle\",\"@id\":\"https:\/\/www.celttv.com.ar\/index.php\/2014\/04\/09\/paso-el-temporal-ahora-es-tiempo-de-volver-a-la-normalidad\/#article\",\"isPartOf\":{\"@id\":\"https:\/\/www.celttv.com.ar\/index.php\/2014\/04\/09\/paso-el-temporal-ahora-es-tiempo-de-volver-a-la-normalidad\/\"},\"author\":{\"name\":\"ulises\",\"@id\":\"https:\/\/www.celttv.com.ar\/#\/schema\/person\/6d99c072dba59953809c81446e9d0ace\"},\"headline\":\"PASO EL TEMPORAL, AHORA ES TIEMPO DE VOLVER A LA NORMALIDAD\",\"datePublished\":\"2014-04-09T14:59:29+00:00\",\"dateModified\":\"2014-04-09T14:59:29+00:00\",\"mainEntityOfPage\":{\"@id\":\"https:\/\/www.celttv.com.ar\/index.php\/2014\/04\/09\/paso-el-temporal-ahora-es-tiempo-de-volver-a-la-normalidad\/\"},\"wordCount\":610,\"publisher\":{\"@id\":\"https:\/\/www.celttv.com.ar\/#organization\"},\"articleSection\":[\"Comunidad\",\"Destacadas\"],\"inLanguage\":\"es\"},{\"@type\":\"WebPage\",\"@id\":\"https:\/\/www.celttv.com.ar\/index.php\/2014\/04\/09\/paso-el-temporal-ahora-es-tiempo-de-volver-a-la-normalidad\/\",\"url\":\"https:\/\/www.celttv.com.ar\/index.php\/2014\/04\/09\/paso-el-temporal-ahora-es-tiempo-de-volver-a-la-normalidad\/\",\"name\":\"PASO EL TEMPORAL, AHORA ES TIEMPO DE VOLVER A LA NORMALIDAD - CELTTV\",\"isPartOf\":{\"@id\":\"https:\/\/www.celttv.com.ar\/#website\"},\"datePublished\":\"2014-04-09T14:59:29+00:00\",\"dateModified\":\"2014-04-09T14:59:29+00:00\",\"description\":\"Sitio web de noticias de la localidad de Tornquist, provincia de Buenos Aires, Rep\u00fablica Argentina. Contenido propio originado por periodistas de CELTTV, el canal de TV local de la Cooperativa El\u00e9ctrica de Tornquist. Turismo, Pol\u00edtica, Sociedad, Deporte, Cultura y todo el contenido de inter\u00e9s general que la gente del pueblo y la regi\u00f3n debe conocer.\",\"breadcrumb\":{\"@id\":\"https:\/\/www.celttv.com.ar\/index.php\/2014\/04\/09\/paso-el-temporal-ahora-es-tiempo-de-volver-a-la-normalidad\/#breadcrumb\"},\"inLanguage\":\"es\",\"potentialAction\":[{\"@type\":\"ReadAction\",\"target\":[\"https:\/\/www.celttv.com.ar\/index.php\/2014\/04\/09\/paso-el-temporal-ahora-es-tiempo-de-volver-a-la-normalidad\/\"]}]},{\"@type\":\"BreadcrumbList\",\"@id\":\"https:\/\/www.celttv.com.ar\/index.php\/2014\/04\/09\/paso-el-temporal-ahora-es-tiempo-de-volver-a-la-normalidad\/#breadcrumb\",\"itemListElement\":[{\"@type\":\"ListItem\",\"position\":1,\"name\":\"Inicio\",\"item\":\"https:\/\/www.celttv.com.ar\/\"},{\"@type\":\"ListItem\",\"position\":2,\"name\":\"PASO EL TEMPORAL, AHORA ES TIEMPO DE VOLVER A LA NORMALIDAD\"}]},{\"@type\":\"WebSite\",\"@id\":\"https:\/\/www.celttv.com.ar\/#website\",\"url\":\"https:\/\/www.celttv.com.ar\/\",\"name\":\"CELTTV\",\"description\":\"Cooperativa El\u00e9ctrica de Tornquist\",\"publisher\":{\"@id\":\"https:\/\/www.celttv.com.ar\/#organization\"},\"potentialAction\":[{\"@type\":\"SearchAction\",\"target\":{\"@type\":\"EntryPoint\",\"urlTemplate\":\"https:\/\/www.celttv.com.ar\/?s={search_term_string}\"},\"query-input\":\"required name=search_term_string\"}],\"inLanguage\":\"es\"},{\"@type\":\"Organization\",\"@id\":\"https:\/\/www.celttv.com.ar\/#organization\",\"name\":\"CELTTV\",\"url\":\"https:\/\/www.celttv.com.ar\/\",\"sameAs\":[\"https:\/\/www.youtube.com\/channel\/UCz_oIt8Hig64Ub-EmcNPIhg\",\"https:\/\/www.facebook.com\/celtTV\/\"],\"logo\":{\"@type\":\"ImageObject\",\"inLanguage\":\"es\",\"@id\":\"https:\/\/www.celttv.com.ar\/#\/schema\/logo\/image\/\",\"url\":\"http:\/\/www.celttv.com.ar\/wp-content\/uploads\/2022\/08\/logo-1.png\",\"contentUrl\":\"http:\/\/www.celttv.com.ar\/wp-content\/uploads\/2022\/08\/logo-1.png\",\"width\":461,\"height\":159,\"caption\":\"CELTTV\"},\"image\":{\"@id\":\"https:\/\/www.celttv.com.ar\/#\/schema\/logo\/image\/\"}},{\"@type\":\"Person\",\"@id\":\"https:\/\/www.celttv.com.ar\/#\/schema\/person\/6d99c072dba59953809c81446e9d0ace\",\"name\":\"ulises\",\"image\":{\"@type\":\"ImageObject\",\"inLanguage\":\"es\",\"@id\":\"https:\/\/www.celttv.com.ar\/#\/schema\/person\/image\/\",\"url\":\"https:\/\/secure.gravatar.com\/avatar\/7f2c48bdc33b30088f941fb6082e555f2874c98e20cb159d7b92b50eadfce793?s=96&d=mm&r=g\",\"contentUrl\":\"https:\/\/secure.gravatar.com\/avatar\/7f2c48bdc33b30088f941fb6082e555f2874c98e20cb159d7b92b50eadfce793?s=96&d=mm&r=g\",\"caption\":\"ulises\"},\"sameAs\":[\"http:\/\/www.celttv.com.ar\"]}]}<\/script>\n<!-- \/ Yoast SEO plugin. -->","yoast_head_json":{"title":"PASO EL TEMPORAL, AHORA ES TIEMPO DE VOLVER A LA NORMALIDAD - CELTTV","description":"Sitio web de noticias de la localidad de Tornquist, provincia de Buenos Aires, Rep\u00fablica Argentina. Contenido propio originado por periodistas de CELTTV, el canal de TV local de la Cooperativa El\u00e9ctrica de Tornquist. Turismo, Pol\u00edtica, Sociedad, Deporte, Cultura y todo el contenido de inter\u00e9s general que la gente del pueblo y la regi\u00f3n debe conocer.","robots":{"index":"index","follow":"follow","max-snippet":"max-snippet:-1","max-image-preview":"max-image-preview:large","max-video-preview":"max-video-preview:-1"},"canonical":"https:\/\/www.celttv.com.ar\/index.php\/2014\/04\/09\/paso-el-temporal-ahora-es-tiempo-de-volver-a-la-normalidad\/","og_locale":"es_ES","og_type":"article","og_title":"PASO EL TEMPORAL, AHORA ES TIEMPO DE VOLVER A LA NORMALIDAD - CELTTV","og_description":"Sitio web de noticias de la localidad de Tornquist, provincia de Buenos Aires, Rep\u00fablica Argentina. Contenido propio originado por periodistas de CELTTV, el canal de TV local de la Cooperativa El\u00e9ctrica de Tornquist. Turismo, Pol\u00edtica, Sociedad, Deporte, Cultura y todo el contenido de inter\u00e9s general que la gente del pueblo y la regi\u00f3n debe conocer.","og_url":"https:\/\/www.celttv.com.ar\/index.php\/2014\/04\/09\/paso-el-temporal-ahora-es-tiempo-de-volver-a-la-normalidad\/","og_site_name":"CELTTV","article_publisher":"https:\/\/www.facebook.com\/celtTV\/","article_published_time":"2014-04-09T14:59:29+00:00","author":"ulises","twitter_card":"summary_large_image","twitter_misc":{"Escrito por":"ulises","Tiempo de lectura":"3 minutos"},"schema":{"@context":"https:\/\/schema.org","@graph":[{"@type":"NewsArticle","@id":"https:\/\/www.celttv.com.ar\/index.php\/2014\/04\/09\/paso-el-temporal-ahora-es-tiempo-de-volver-a-la-normalidad\/#article","isPartOf":{"@id":"https:\/\/www.celttv.com.ar\/index.php\/2014\/04\/09\/paso-el-temporal-ahora-es-tiempo-de-volver-a-la-normalidad\/"},"author":{"name":"ulises","@id":"https:\/\/www.celttv.com.ar\/#\/schema\/person\/6d99c072dba59953809c81446e9d0ace"},"headline":"PASO EL TEMPORAL, AHORA ES TIEMPO DE VOLVER A LA NORMALIDAD","datePublished":"2014-04-09T14:59:29+00:00","dateModified":"2014-04-09T14:59:29+00:00","mainEntityOfPage":{"@id":"https:\/\/www.celttv.com.ar\/index.php\/2014\/04\/09\/paso-el-temporal-ahora-es-tiempo-de-volver-a-la-normalidad\/"},"wordCount":610,"publisher":{"@id":"https:\/\/www.celttv.com.ar\/#organization"},"articleSection":["Comunidad","Destacadas"],"inLanguage":"es"},{"@type":"WebPage","@id":"https:\/\/www.celttv.com.ar\/index.php\/2014\/04\/09\/paso-el-temporal-ahora-es-tiempo-de-volver-a-la-normalidad\/","url":"https:\/\/www.celttv.com.ar\/index.php\/2014\/04\/09\/paso-el-temporal-ahora-es-tiempo-de-volver-a-la-normalidad\/","name":"PASO EL TEMPORAL, AHORA ES TIEMPO DE VOLVER A LA NORMALIDAD - CELTTV","isPartOf":{"@id":"https:\/\/www.celttv.com.ar\/#website"},"datePublished":"2014-04-09T14:59:29+00:00","dateModified":"2014-04-09T14:59:29+00:00","description":"Sitio web de noticias de la localidad de Tornquist, provincia de Buenos Aires, Rep\u00fablica Argentina. Contenido propio originado por periodistas de CELTTV, el canal de TV local de la Cooperativa El\u00e9ctrica de Tornquist. Turismo, Pol\u00edtica, Sociedad, Deporte, Cultura y todo el contenido de inter\u00e9s general que la gente del pueblo y la regi\u00f3n debe conocer.","breadcrumb":{"@id":"https:\/\/www.celttv.com.ar\/index.php\/2014\/04\/09\/paso-el-temporal-ahora-es-tiempo-de-volver-a-la-normalidad\/#breadcrumb"},"inLanguage":"es","potentialAction":[{"@type":"ReadAction","target":["https:\/\/www.celttv.com.ar\/index.php\/2014\/04\/09\/paso-el-temporal-ahora-es-tiempo-de-volver-a-la-normalidad\/"]}]},{"@type":"BreadcrumbList","@id":"https:\/\/www.celttv.com.ar\/index.php\/2014\/04\/09\/paso-el-temporal-ahora-es-tiempo-de-volver-a-la-normalidad\/#breadcrumb","itemListElement":[{"@type":"ListItem","position":1,"name":"Inicio","item":"https:\/\/www.celttv.com.ar\/"},{"@type":"ListItem","position":2,"name":"PASO EL TEMPORAL, AHORA ES TIEMPO DE VOLVER A LA NORMALIDAD"}]},{"@type":"WebSite","@id":"https:\/\/www.celttv.com.ar\/#website","url":"https:\/\/www.celttv.com.ar\/","name":"CELTTV","description":"Cooperativa El\u00e9ctrica de Tornquist","publisher":{"@id":"https:\/\/www.celttv.com.ar\/#organization"},"potentialAction":[{"@type":"SearchAction","target":{"@type":"EntryPoint","urlTemplate":"https:\/\/www.celttv.com.ar\/?s={search_term_string}"},"query-input":"required name=search_term_string"}],"inLanguage":"es"},{"@type":"Organization","@id":"https:\/\/www.celttv.com.ar\/#organization","name":"CELTTV","url":"https:\/\/www.celttv.com.ar\/","sameAs":["https:\/\/www.youtube.com\/channel\/UCz_oIt8Hig64Ub-EmcNPIhg","https:\/\/www.facebook.com\/celtTV\/"],"logo":{"@type":"ImageObject","inLanguage":"es","@id":"https:\/\/www.celttv.com.ar\/#\/schema\/logo\/image\/","url":"http:\/\/www.celttv.com.ar\/wp-content\/uploads\/2022\/08\/logo-1.png","contentUrl":"http:\/\/www.celttv.com.ar\/wp-content\/uploads\/2022\/08\/logo-1.png","width":461,"height":159,"caption":"CELTTV"},"image":{"@id":"https:\/\/www.celttv.com.ar\/#\/schema\/logo\/image\/"}},{"@type":"Person","@id":"https:\/\/www.celttv.com.ar\/#\/schema\/person\/6d99c072dba59953809c81446e9d0ace","name":"ulises","image":{"@type":"ImageObject","inLanguage":"es","@id":"https:\/\/www.celttv.com.ar\/#\/schema\/person\/image\/","url":"https:\/\/secure.gravatar.com\/avatar\/7f2c48bdc33b30088f941fb6082e555f2874c98e20cb159d7b92b50eadfce793?s=96&d=mm&r=g","contentUrl":"https:\/\/secure.gravatar.com\/avatar\/7f2c48bdc33b30088f941fb6082e555f2874c98e20cb159d7b92b50eadfce793?s=96&d=mm&r=g","caption":"ulises"},"sameAs":["http:\/\/www.celttv.com.ar"]}]}},"_links":{"self":[{"href":"https:\/\/www.celttv.com.ar\/index.php\/wp-json\/wp\/v2\/posts\/19393","targetHints":{"allow":["GET"]}}],"collection":[{"href":"https:\/\/www.celttv.com.ar\/index.php\/wp-json\/wp\/v2\/posts"}],"about":[{"href":"https:\/\/www.celttv.com.ar\/index.php\/wp-json\/wp\/v2\/types\/post"}],"author":[{"embeddable":true,"href":"https:\/\/www.celttv.com.ar\/index.php\/wp-json\/wp\/v2\/users\/1"}],"replies":[{"embeddable":true,"href":"https:\/\/www.celttv.com.ar\/index.php\/wp-json\/wp\/v2\/comments?post=19393"}],"version-history":[{"count":0,"href":"https:\/\/www.celttv.com.ar\/index.php\/wp-json\/wp\/v2\/posts\/19393\/revisions"}],"wp:attachment":[{"href":"https:\/\/www.celttv.com.ar\/index.php\/wp-json\/wp\/v2\/media?parent=19393"}],"wp:term":[{"taxonomy":"category","embeddable":true,"href":"https:\/\/www.celttv.com.ar\/index.php\/wp-json\/wp\/v2\/categories?post=19393"},{"taxonomy":"post_tag","embeddable":true,"href":"https:\/\/www.celttv.com.ar\/index.php\/wp-json\/wp\/v2\/tags?post=19393"}],"curies":[{"name":"wp","href":"https:\/\/api.w.org\/{rel}","templated":true}]}}