{"id":19443,"date":"2014-04-10T13:15:11","date_gmt":"2014-04-10T13:15:11","guid":{"rendered":"http:\/\/www.tvcnoticias.com.ar\/?p=19443"},"modified":"2014-04-10T13:15:11","modified_gmt":"2014-04-10T13:15:11","slug":"comunicado-del-frente-progresista-intentan-deshonrar-la-figura-del-concejal-bordoni","status":"publish","type":"post","link":"https:\/\/www.celttv.com.ar\/index.php\/2014\/04\/10\/comunicado-del-frente-progresista-intentan-deshonrar-la-figura-del-concejal-bordoni\/","title":{"rendered":"COMUNICADO DEL FRENTE PROGRESISTA &#8220;INTENTAN DESHONRAR LA FIGURA DEL CONCEJAL BORDONI&#8221;"},"content":{"rendered":"<p>Ante los hechos que son de p\u00fablico conocimiento ocurridos en el recinto del HCD. Entre el presidente del mismo, Sr. Sergio Bordoni y la Secretaria de Obras P\u00fablicas, Arquitecta Anabella Madue\u00f1a, el FRENTE PROGRESISTA CIVICO Y SOCIAL del Partido de Tornquist, expresa: \u201cRepudiamos todo tipo de violencia que se genere en cualquier \u00e1mbito de la sociedad. Ante las exposiciones realizadas en los medios locales por los involucrados, vemos con profunda preocupaci\u00f3n la \u201ccalificaci\u00f3n\u201d de \u201cviolencia verbal\u201d a un intercambio de palabras entre funcionarios que tienen distintas opiniones sobre un mismo tema. Entendemos que tales calificaciones van en desmedro de quienes realmente sufren tales situaciones y m\u00e1xime contra toda violencia de g\u00e9nero. Asimismo, judicializar el tema, entendemos que persigue acaparar y desviar la atenci\u00f3n de la comunidad sobre situaciones que verdaderamente son m\u00e1s que preocupantes y que se intenta, por lo actuado, deshonrar la figura del Concejal Bordoni. \u2013Puntualmente, refiri\u00e9ndonos a las luminarias del HCD., hemos tomado conocimiento de que las mismas no se encuentran dentro del inventario Municipal, por tal motivo la donaci\u00f3n des estos elementos por parte del Cuerpo Deliberativo a una instituci\u00f3n sin fines de lucro, no generan perjuicio ni al patrimonio Municipal ni afecta a la obra Salam\u00f3nica. Los que si nos preocupa por considerarla al menos como\u00a0 una operaci\u00f3n \u201csospechada\u201d, es elpago de una factura por trabajos NO REALIZADOS. Este hecho ya fue denunciado y se encuentra en manos de la justicia. Por todo lo expuesto el FRENTE PROGRESISTA CIVICO Y SOCIAL de Tornquist respalda y apoya al presidente del Honorable Concejo Deliberante, Sr. Sergio Bordoni haciendo votos para que se\u00a0 haga justicia para que le buen nombre y honor del Concejal nosea mancillado.<br \/>\n&nbsp;<\/p>\n","protected":false},"excerpt":{"rendered":"<p>Ante los hechos que son de p\u00fablico conocimiento ocurridos en el recinto del HCD. Entre el presidente del mismo, Sr. Sergio Bordoni y la Secretaria de Obras P\u00fablicas, Arquitecta Anabella Madue\u00f1a, el FRENTE PROGRESISTA CIVICO Y SOCIAL del Partido de Tornquist, expresa: \u201cRepudiamos todo tipo de violencia que se genere en cualquier \u00e1mbito de la [&hellip;]<\/p>\n","protected":false},"author":1,"featured_media":0,"comment_status":"closed","ping_status":"open","sticky":false,"template":"","format":"standard","meta":{"footnotes":""},"categories":[51,52,53],"tags":[],"class_list":["post-19443","post","type-post","status-publish","format-standard","hentry","category-comunidad","category-destacadas","category-politica"],"yoast_head":"<!-- This site is optimized with the Yoast SEO plugin v19.7.1 - https:\/\/yoast.com\/wordpress\/plugins\/seo\/ -->\n<title>COMUNICADO DEL FRENTE PROGRESISTA &quot;INTENTAN DESHONRAR LA FIGURA DEL CONCEJAL BORDONI&quot; - CELTTV<\/title>\n<meta name=\"description\" content=\"Sitio web de noticias de la localidad de Tornquist, provincia de Buenos Aires, Rep\u00fablica Argentina. Contenido propio originado por periodistas de CELTTV, el canal de TV local de la Cooperativa El\u00e9ctrica de Tornquist. Turismo, Pol\u00edtica, Sociedad, Deporte, Cultura y todo el contenido de inter\u00e9s general que la gente del pueblo y la regi\u00f3n debe conocer.\" \/>\n<meta name=\"robots\" content=\"index, follow, max-snippet:-1, max-image-preview:large, max-video-preview:-1\" \/>\n<link rel=\"canonical\" href=\"https:\/\/www.celttv.com.ar\/index.php\/2014\/04\/10\/comunicado-del-frente-progresista-intentan-deshonrar-la-figura-del-concejal-bordoni\/\" \/>\n<meta property=\"og:locale\" content=\"es_ES\" \/>\n<meta property=\"og:type\" content=\"article\" \/>\n<meta property=\"og:title\" content=\"COMUNICADO DEL FRENTE PROGRESISTA &quot;INTENTAN DESHONRAR LA FIGURA DEL CONCEJAL BORDONI&quot; - CELTTV\" \/>\n<meta property=\"og:description\" content=\"Sitio web de noticias de la localidad de Tornquist, provincia de Buenos Aires, Rep\u00fablica Argentina. Contenido propio originado por periodistas de CELTTV, el canal de TV local de la Cooperativa El\u00e9ctrica de Tornquist. Turismo, Pol\u00edtica, Sociedad, Deporte, Cultura y todo el contenido de inter\u00e9s general que la gente del pueblo y la regi\u00f3n debe conocer.\" \/>\n<meta property=\"og:url\" content=\"https:\/\/www.celttv.com.ar\/index.php\/2014\/04\/10\/comunicado-del-frente-progresista-intentan-deshonrar-la-figura-del-concejal-bordoni\/\" \/>\n<meta property=\"og:site_name\" content=\"CELTTV\" \/>\n<meta property=\"article:publisher\" content=\"https:\/\/www.facebook.com\/celtTV\/\" \/>\n<meta property=\"article:published_time\" content=\"2014-04-10T13:15:11+00:00\" \/>\n<meta name=\"author\" content=\"ulises\" \/>\n<meta name=\"twitter:card\" content=\"summary_large_image\" \/>\n<meta name=\"twitter:label1\" content=\"Escrito por\" \/>\n\t<meta name=\"twitter:data1\" content=\"ulises\" \/>\n\t<meta name=\"twitter:label2\" content=\"Tiempo de lectura\" \/>\n\t<meta name=\"twitter:data2\" content=\"1 minuto\" \/>\n<script type=\"application\/ld+json\" class=\"yoast-schema-graph\">{\"@context\":\"https:\/\/schema.org\",\"@graph\":[{\"@type\":\"NewsArticle\",\"@id\":\"https:\/\/www.celttv.com.ar\/index.php\/2014\/04\/10\/comunicado-del-frente-progresista-intentan-deshonrar-la-figura-del-concejal-bordoni\/#article\",\"isPartOf\":{\"@id\":\"https:\/\/www.celttv.com.ar\/index.php\/2014\/04\/10\/comunicado-del-frente-progresista-intentan-deshonrar-la-figura-del-concejal-bordoni\/\"},\"author\":{\"name\":\"ulises\",\"@id\":\"https:\/\/www.celttv.com.ar\/#\/schema\/person\/6d99c072dba59953809c81446e9d0ace\"},\"headline\":\"COMUNICADO DEL FRENTE PROGRESISTA &#8220;INTENTAN DESHONRAR LA FIGURA DEL CONCEJAL BORDONI&#8221;\",\"datePublished\":\"2014-04-10T13:15:11+00:00\",\"dateModified\":\"2014-04-10T13:15:11+00:00\",\"mainEntityOfPage\":{\"@id\":\"https:\/\/www.celttv.com.ar\/index.php\/2014\/04\/10\/comunicado-del-frente-progresista-intentan-deshonrar-la-figura-del-concejal-bordoni\/\"},\"wordCount\":304,\"publisher\":{\"@id\":\"https:\/\/www.celttv.com.ar\/#organization\"},\"articleSection\":[\"Comunidad\",\"Destacadas\",\"Pol\u00edtica\"],\"inLanguage\":\"es\"},{\"@type\":\"WebPage\",\"@id\":\"https:\/\/www.celttv.com.ar\/index.php\/2014\/04\/10\/comunicado-del-frente-progresista-intentan-deshonrar-la-figura-del-concejal-bordoni\/\",\"url\":\"https:\/\/www.celttv.com.ar\/index.php\/2014\/04\/10\/comunicado-del-frente-progresista-intentan-deshonrar-la-figura-del-concejal-bordoni\/\",\"name\":\"COMUNICADO DEL FRENTE PROGRESISTA \\\"INTENTAN DESHONRAR LA FIGURA DEL CONCEJAL BORDONI\\\" - CELTTV\",\"isPartOf\":{\"@id\":\"https:\/\/www.celttv.com.ar\/#website\"},\"datePublished\":\"2014-04-10T13:15:11+00:00\",\"dateModified\":\"2014-04-10T13:15:11+00:00\",\"description\":\"Sitio web de noticias de la localidad de Tornquist, provincia de Buenos Aires, Rep\u00fablica Argentina. Contenido propio originado por periodistas de CELTTV, el canal de TV local de la Cooperativa El\u00e9ctrica de Tornquist. Turismo, Pol\u00edtica, Sociedad, Deporte, Cultura y todo el contenido de inter\u00e9s general que la gente del pueblo y la regi\u00f3n debe conocer.\",\"breadcrumb\":{\"@id\":\"https:\/\/www.celttv.com.ar\/index.php\/2014\/04\/10\/comunicado-del-frente-progresista-intentan-deshonrar-la-figura-del-concejal-bordoni\/#breadcrumb\"},\"inLanguage\":\"es\",\"potentialAction\":[{\"@type\":\"ReadAction\",\"target\":[\"https:\/\/www.celttv.com.ar\/index.php\/2014\/04\/10\/comunicado-del-frente-progresista-intentan-deshonrar-la-figura-del-concejal-bordoni\/\"]}]},{\"@type\":\"BreadcrumbList\",\"@id\":\"https:\/\/www.celttv.com.ar\/index.php\/2014\/04\/10\/comunicado-del-frente-progresista-intentan-deshonrar-la-figura-del-concejal-bordoni\/#breadcrumb\",\"itemListElement\":[{\"@type\":\"ListItem\",\"position\":1,\"name\":\"Inicio\",\"item\":\"https:\/\/www.celttv.com.ar\/\"},{\"@type\":\"ListItem\",\"position\":2,\"name\":\"COMUNICADO DEL FRENTE PROGRESISTA &#8220;INTENTAN DESHONRAR LA FIGURA DEL CONCEJAL BORDONI&#8221;\"}]},{\"@type\":\"WebSite\",\"@id\":\"https:\/\/www.celttv.com.ar\/#website\",\"url\":\"https:\/\/www.celttv.com.ar\/\",\"name\":\"CELTTV\",\"description\":\"Cooperativa El\u00e9ctrica de Tornquist\",\"publisher\":{\"@id\":\"https:\/\/www.celttv.com.ar\/#organization\"},\"potentialAction\":[{\"@type\":\"SearchAction\",\"target\":{\"@type\":\"EntryPoint\",\"urlTemplate\":\"https:\/\/www.celttv.com.ar\/?s={search_term_string}\"},\"query-input\":\"required name=search_term_string\"}],\"inLanguage\":\"es\"},{\"@type\":\"Organization\",\"@id\":\"https:\/\/www.celttv.com.ar\/#organization\",\"name\":\"CELTTV\",\"url\":\"https:\/\/www.celttv.com.ar\/\",\"sameAs\":[\"https:\/\/www.youtube.com\/channel\/UCz_oIt8Hig64Ub-EmcNPIhg\",\"https:\/\/www.facebook.com\/celtTV\/\"],\"logo\":{\"@type\":\"ImageObject\",\"inLanguage\":\"es\",\"@id\":\"https:\/\/www.celttv.com.ar\/#\/schema\/logo\/image\/\",\"url\":\"http:\/\/www.celttv.com.ar\/wp-content\/uploads\/2022\/08\/logo-1.png\",\"contentUrl\":\"http:\/\/www.celttv.com.ar\/wp-content\/uploads\/2022\/08\/logo-1.png\",\"width\":461,\"height\":159,\"caption\":\"CELTTV\"},\"image\":{\"@id\":\"https:\/\/www.celttv.com.ar\/#\/schema\/logo\/image\/\"}},{\"@type\":\"Person\",\"@id\":\"https:\/\/www.celttv.com.ar\/#\/schema\/person\/6d99c072dba59953809c81446e9d0ace\",\"name\":\"ulises\",\"image\":{\"@type\":\"ImageObject\",\"inLanguage\":\"es\",\"@id\":\"https:\/\/www.celttv.com.ar\/#\/schema\/person\/image\/\",\"url\":\"https:\/\/secure.gravatar.com\/avatar\/7f2c48bdc33b30088f941fb6082e555f2874c98e20cb159d7b92b50eadfce793?s=96&d=mm&r=g\",\"contentUrl\":\"https:\/\/secure.gravatar.com\/avatar\/7f2c48bdc33b30088f941fb6082e555f2874c98e20cb159d7b92b50eadfce793?s=96&d=mm&r=g\",\"caption\":\"ulises\"},\"sameAs\":[\"http:\/\/www.celttv.com.ar\"]}]}<\/script>\n<!-- \/ Yoast SEO plugin. -->","yoast_head_json":{"title":"COMUNICADO DEL FRENTE PROGRESISTA \"INTENTAN DESHONRAR LA FIGURA DEL CONCEJAL BORDONI\" - CELTTV","description":"Sitio web de noticias de la localidad de Tornquist, provincia de Buenos Aires, Rep\u00fablica Argentina. Contenido propio originado por periodistas de CELTTV, el canal de TV local de la Cooperativa El\u00e9ctrica de Tornquist. Turismo, Pol\u00edtica, Sociedad, Deporte, Cultura y todo el contenido de inter\u00e9s general que la gente del pueblo y la regi\u00f3n debe conocer.","robots":{"index":"index","follow":"follow","max-snippet":"max-snippet:-1","max-image-preview":"max-image-preview:large","max-video-preview":"max-video-preview:-1"},"canonical":"https:\/\/www.celttv.com.ar\/index.php\/2014\/04\/10\/comunicado-del-frente-progresista-intentan-deshonrar-la-figura-del-concejal-bordoni\/","og_locale":"es_ES","og_type":"article","og_title":"COMUNICADO DEL FRENTE PROGRESISTA \"INTENTAN DESHONRAR LA FIGURA DEL CONCEJAL BORDONI\" - CELTTV","og_description":"Sitio web de noticias de la localidad de Tornquist, provincia de Buenos Aires, Rep\u00fablica Argentina. Contenido propio originado por periodistas de CELTTV, el canal de TV local de la Cooperativa El\u00e9ctrica de Tornquist. Turismo, Pol\u00edtica, Sociedad, Deporte, Cultura y todo el contenido de inter\u00e9s general que la gente del pueblo y la regi\u00f3n debe conocer.","og_url":"https:\/\/www.celttv.com.ar\/index.php\/2014\/04\/10\/comunicado-del-frente-progresista-intentan-deshonrar-la-figura-del-concejal-bordoni\/","og_site_name":"CELTTV","article_publisher":"https:\/\/www.facebook.com\/celtTV\/","article_published_time":"2014-04-10T13:15:11+00:00","author":"ulises","twitter_card":"summary_large_image","twitter_misc":{"Escrito por":"ulises","Tiempo de lectura":"1 minuto"},"schema":{"@context":"https:\/\/schema.org","@graph":[{"@type":"NewsArticle","@id":"https:\/\/www.celttv.com.ar\/index.php\/2014\/04\/10\/comunicado-del-frente-progresista-intentan-deshonrar-la-figura-del-concejal-bordoni\/#article","isPartOf":{"@id":"https:\/\/www.celttv.com.ar\/index.php\/2014\/04\/10\/comunicado-del-frente-progresista-intentan-deshonrar-la-figura-del-concejal-bordoni\/"},"author":{"name":"ulises","@id":"https:\/\/www.celttv.com.ar\/#\/schema\/person\/6d99c072dba59953809c81446e9d0ace"},"headline":"COMUNICADO DEL FRENTE PROGRESISTA &#8220;INTENTAN DESHONRAR LA FIGURA DEL CONCEJAL BORDONI&#8221;","datePublished":"2014-04-10T13:15:11+00:00","dateModified":"2014-04-10T13:15:11+00:00","mainEntityOfPage":{"@id":"https:\/\/www.celttv.com.ar\/index.php\/2014\/04\/10\/comunicado-del-frente-progresista-intentan-deshonrar-la-figura-del-concejal-bordoni\/"},"wordCount":304,"publisher":{"@id":"https:\/\/www.celttv.com.ar\/#organization"},"articleSection":["Comunidad","Destacadas","Pol\u00edtica"],"inLanguage":"es"},{"@type":"WebPage","@id":"https:\/\/www.celttv.com.ar\/index.php\/2014\/04\/10\/comunicado-del-frente-progresista-intentan-deshonrar-la-figura-del-concejal-bordoni\/","url":"https:\/\/www.celttv.com.ar\/index.php\/2014\/04\/10\/comunicado-del-frente-progresista-intentan-deshonrar-la-figura-del-concejal-bordoni\/","name":"COMUNICADO DEL FRENTE PROGRESISTA \"INTENTAN DESHONRAR LA FIGURA DEL CONCEJAL BORDONI\" - CELTTV","isPartOf":{"@id":"https:\/\/www.celttv.com.ar\/#website"},"datePublished":"2014-04-10T13:15:11+00:00","dateModified":"2014-04-10T13:15:11+00:00","description":"Sitio web de noticias de la localidad de Tornquist, provincia de Buenos Aires, Rep\u00fablica Argentina. Contenido propio originado por periodistas de CELTTV, el canal de TV local de la Cooperativa El\u00e9ctrica de Tornquist. Turismo, Pol\u00edtica, Sociedad, Deporte, Cultura y todo el contenido de inter\u00e9s general que la gente del pueblo y la regi\u00f3n debe conocer.","breadcrumb":{"@id":"https:\/\/www.celttv.com.ar\/index.php\/2014\/04\/10\/comunicado-del-frente-progresista-intentan-deshonrar-la-figura-del-concejal-bordoni\/#breadcrumb"},"inLanguage":"es","potentialAction":[{"@type":"ReadAction","target":["https:\/\/www.celttv.com.ar\/index.php\/2014\/04\/10\/comunicado-del-frente-progresista-intentan-deshonrar-la-figura-del-concejal-bordoni\/"]}]},{"@type":"BreadcrumbList","@id":"https:\/\/www.celttv.com.ar\/index.php\/2014\/04\/10\/comunicado-del-frente-progresista-intentan-deshonrar-la-figura-del-concejal-bordoni\/#breadcrumb","itemListElement":[{"@type":"ListItem","position":1,"name":"Inicio","item":"https:\/\/www.celttv.com.ar\/"},{"@type":"ListItem","position":2,"name":"COMUNICADO DEL FRENTE PROGRESISTA &#8220;INTENTAN DESHONRAR LA FIGURA DEL CONCEJAL BORDONI&#8221;"}]},{"@type":"WebSite","@id":"https:\/\/www.celttv.com.ar\/#website","url":"https:\/\/www.celttv.com.ar\/","name":"CELTTV","description":"Cooperativa El\u00e9ctrica de Tornquist","publisher":{"@id":"https:\/\/www.celttv.com.ar\/#organization"},"potentialAction":[{"@type":"SearchAction","target":{"@type":"EntryPoint","urlTemplate":"https:\/\/www.celttv.com.ar\/?s={search_term_string}"},"query-input":"required name=search_term_string"}],"inLanguage":"es"},{"@type":"Organization","@id":"https:\/\/www.celttv.com.ar\/#organization","name":"CELTTV","url":"https:\/\/www.celttv.com.ar\/","sameAs":["https:\/\/www.youtube.com\/channel\/UCz_oIt8Hig64Ub-EmcNPIhg","https:\/\/www.facebook.com\/celtTV\/"],"logo":{"@type":"ImageObject","inLanguage":"es","@id":"https:\/\/www.celttv.com.ar\/#\/schema\/logo\/image\/","url":"http:\/\/www.celttv.com.ar\/wp-content\/uploads\/2022\/08\/logo-1.png","contentUrl":"http:\/\/www.celttv.com.ar\/wp-content\/uploads\/2022\/08\/logo-1.png","width":461,"height":159,"caption":"CELTTV"},"image":{"@id":"https:\/\/www.celttv.com.ar\/#\/schema\/logo\/image\/"}},{"@type":"Person","@id":"https:\/\/www.celttv.com.ar\/#\/schema\/person\/6d99c072dba59953809c81446e9d0ace","name":"ulises","image":{"@type":"ImageObject","inLanguage":"es","@id":"https:\/\/www.celttv.com.ar\/#\/schema\/person\/image\/","url":"https:\/\/secure.gravatar.com\/avatar\/7f2c48bdc33b30088f941fb6082e555f2874c98e20cb159d7b92b50eadfce793?s=96&d=mm&r=g","contentUrl":"https:\/\/secure.gravatar.com\/avatar\/7f2c48bdc33b30088f941fb6082e555f2874c98e20cb159d7b92b50eadfce793?s=96&d=mm&r=g","caption":"ulises"},"sameAs":["http:\/\/www.celttv.com.ar"]}]}},"_links":{"self":[{"href":"https:\/\/www.celttv.com.ar\/index.php\/wp-json\/wp\/v2\/posts\/19443","targetHints":{"allow":["GET"]}}],"collection":[{"href":"https:\/\/www.celttv.com.ar\/index.php\/wp-json\/wp\/v2\/posts"}],"about":[{"href":"https:\/\/www.celttv.com.ar\/index.php\/wp-json\/wp\/v2\/types\/post"}],"author":[{"embeddable":true,"href":"https:\/\/www.celttv.com.ar\/index.php\/wp-json\/wp\/v2\/users\/1"}],"replies":[{"embeddable":true,"href":"https:\/\/www.celttv.com.ar\/index.php\/wp-json\/wp\/v2\/comments?post=19443"}],"version-history":[{"count":0,"href":"https:\/\/www.celttv.com.ar\/index.php\/wp-json\/wp\/v2\/posts\/19443\/revisions"}],"wp:attachment":[{"href":"https:\/\/www.celttv.com.ar\/index.php\/wp-json\/wp\/v2\/media?parent=19443"}],"wp:term":[{"taxonomy":"category","embeddable":true,"href":"https:\/\/www.celttv.com.ar\/index.php\/wp-json\/wp\/v2\/categories?post=19443"},{"taxonomy":"post_tag","embeddable":true,"href":"https:\/\/www.celttv.com.ar\/index.php\/wp-json\/wp\/v2\/tags?post=19443"}],"curies":[{"name":"wp","href":"https:\/\/api.w.org\/{rel}","templated":true}]}}