{"id":19446,"date":"2014-04-10T18:27:14","date_gmt":"2014-04-10T18:27:14","guid":{"rendered":"http:\/\/www.tvcnoticias.com.ar\/?p=19446"},"modified":"2014-04-10T18:27:14","modified_gmt":"2014-04-10T18:27:14","slug":"francisco-muniz-solicito-licencia-a-su-cargo-de-concejal-por-razones-de-salud","status":"publish","type":"post","link":"https:\/\/www.celttv.com.ar\/index.php\/2014\/04\/10\/francisco-muniz-solicito-licencia-a-su-cargo-de-concejal-por-razones-de-salud\/","title":{"rendered":"FRANCISCO MU\u00d1IZ SOLICITO LICENCIA A SU CARGO DE CONCEJAL POR RAZONES DE SALUD"},"content":{"rendered":"<p><strong>Comunicado del concejal Francisco Mu\u00f1iz<\/strong><br \/>\nCon mucho pesar y tristeza, y a trav\u00e9s de este comunicado, deseo informar a la comunidad que en las pr\u00f3ximas horas presentar\u00e9 una solicitud de licencia a mi cargo en el Honorable Concejo Deliberante de nuestro distrito.<br \/>\nPese a las versiones que puedan surgir de esta decisi\u00f3n, deseo comentar que mi determinaci\u00f3n nada tiene que ver con alg\u00fan problema surgido en el seno del bloque del Frente para la Victoria y con la administraci\u00f3n que conduce nuestro intendente municipal, licenciado Gustavo Trankels, sino que responde a un inconveniente de salud surgido en las \u00faltimas semanas.<br \/>\nLamento profundamente haber tomado esta decisi\u00f3n, que fue largamente analizada en el seno de mi familia y dentro del partido al cual pertenezco, teniendo en cuenta que se trata de una responsabilidad que me encomend\u00f3 la comunidad de nuestro distrito, por medio del voto popular.<br \/>\nQuisiera pedirle disculpas a los compa\u00f1eros del Partido Justicialista, a mis pares, al intendente Trankels, a los integrantes del Ejecutivo y a los vecinos por esta decisi\u00f3n, pero a esta altura de mi vida tengo la obligaci\u00f3n de darle prioridad a mi salud.<br \/>\nNo tengo dudas que continuar\u00e9 colaborando y apoyando a Gustavo en su af\u00e1n por transformar el distrito y mejorar la calidad de vida de quienes vivimos en el mismo.<br \/>\nEspero que la comunidad entienda las razones de mi decisi\u00f3n. Agradezco todas las muestras de afecto y apoyo.<br \/>\n&nbsp;<\/p>\n","protected":false},"excerpt":{"rendered":"<p>Comunicado del concejal Francisco Mu\u00f1iz Con mucho pesar y tristeza, y a trav\u00e9s de este comunicado, deseo informar a la comunidad que en las pr\u00f3ximas horas presentar\u00e9 una solicitud de licencia a mi cargo en el Honorable Concejo Deliberante de nuestro distrito. Pese a las versiones que puedan surgir de esta decisi\u00f3n, deseo comentar que [&hellip;]<\/p>\n","protected":false},"author":1,"featured_media":0,"comment_status":"closed","ping_status":"open","sticky":false,"template":"","format":"standard","meta":{"footnotes":""},"categories":[51,52,53],"tags":[],"class_list":["post-19446","post","type-post","status-publish","format-standard","hentry","category-comunidad","category-destacadas","category-politica"],"yoast_head":"<!-- This site is optimized with the Yoast SEO plugin v19.7.1 - https:\/\/yoast.com\/wordpress\/plugins\/seo\/ -->\n<title>FRANCISCO MU\u00d1IZ SOLICITO LICENCIA A SU CARGO DE CONCEJAL POR RAZONES DE SALUD - CELTTV<\/title>\n<meta name=\"description\" content=\"Sitio web de noticias de la localidad de Tornquist, provincia de Buenos Aires, Rep\u00fablica Argentina. Contenido propio originado por periodistas de CELTTV, el canal de TV local de la Cooperativa El\u00e9ctrica de Tornquist. Turismo, Pol\u00edtica, Sociedad, Deporte, Cultura y todo el contenido de inter\u00e9s general que la gente del pueblo y la regi\u00f3n debe conocer.\" \/>\n<meta name=\"robots\" content=\"index, follow, max-snippet:-1, max-image-preview:large, max-video-preview:-1\" \/>\n<link rel=\"canonical\" href=\"https:\/\/www.celttv.com.ar\/index.php\/2014\/04\/10\/francisco-muniz-solicito-licencia-a-su-cargo-de-concejal-por-razones-de-salud\/\" \/>\n<meta property=\"og:locale\" content=\"es_ES\" \/>\n<meta property=\"og:type\" content=\"article\" \/>\n<meta property=\"og:title\" content=\"FRANCISCO MU\u00d1IZ SOLICITO LICENCIA A SU CARGO DE CONCEJAL POR RAZONES DE SALUD - CELTTV\" \/>\n<meta property=\"og:description\" content=\"Sitio web de noticias de la localidad de Tornquist, provincia de Buenos Aires, Rep\u00fablica Argentina. Contenido propio originado por periodistas de CELTTV, el canal de TV local de la Cooperativa El\u00e9ctrica de Tornquist. Turismo, Pol\u00edtica, Sociedad, Deporte, Cultura y todo el contenido de inter\u00e9s general que la gente del pueblo y la regi\u00f3n debe conocer.\" \/>\n<meta property=\"og:url\" content=\"https:\/\/www.celttv.com.ar\/index.php\/2014\/04\/10\/francisco-muniz-solicito-licencia-a-su-cargo-de-concejal-por-razones-de-salud\/\" \/>\n<meta property=\"og:site_name\" content=\"CELTTV\" \/>\n<meta property=\"article:publisher\" content=\"https:\/\/www.facebook.com\/celtTV\/\" \/>\n<meta property=\"article:published_time\" content=\"2014-04-10T18:27:14+00:00\" \/>\n<meta name=\"author\" content=\"ulises\" \/>\n<meta name=\"twitter:card\" content=\"summary_large_image\" \/>\n<meta name=\"twitter:label1\" content=\"Escrito por\" \/>\n\t<meta name=\"twitter:data1\" content=\"ulises\" \/>\n\t<meta name=\"twitter:label2\" content=\"Tiempo de lectura\" \/>\n\t<meta name=\"twitter:data2\" content=\"1 minuto\" \/>\n<script type=\"application\/ld+json\" class=\"yoast-schema-graph\">{\"@context\":\"https:\/\/schema.org\",\"@graph\":[{\"@type\":\"NewsArticle\",\"@id\":\"https:\/\/www.celttv.com.ar\/index.php\/2014\/04\/10\/francisco-muniz-solicito-licencia-a-su-cargo-de-concejal-por-razones-de-salud\/#article\",\"isPartOf\":{\"@id\":\"https:\/\/www.celttv.com.ar\/index.php\/2014\/04\/10\/francisco-muniz-solicito-licencia-a-su-cargo-de-concejal-por-razones-de-salud\/\"},\"author\":{\"name\":\"ulises\",\"@id\":\"https:\/\/www.celttv.com.ar\/#\/schema\/person\/6d99c072dba59953809c81446e9d0ace\"},\"headline\":\"FRANCISCO MU\u00d1IZ SOLICITO LICENCIA A SU CARGO DE CONCEJAL POR RAZONES DE SALUD\",\"datePublished\":\"2014-04-10T18:27:14+00:00\",\"dateModified\":\"2014-04-10T18:27:14+00:00\",\"mainEntityOfPage\":{\"@id\":\"https:\/\/www.celttv.com.ar\/index.php\/2014\/04\/10\/francisco-muniz-solicito-licencia-a-su-cargo-de-concejal-por-razones-de-salud\/\"},\"wordCount\":263,\"publisher\":{\"@id\":\"https:\/\/www.celttv.com.ar\/#organization\"},\"articleSection\":[\"Comunidad\",\"Destacadas\",\"Pol\u00edtica\"],\"inLanguage\":\"es\"},{\"@type\":\"WebPage\",\"@id\":\"https:\/\/www.celttv.com.ar\/index.php\/2014\/04\/10\/francisco-muniz-solicito-licencia-a-su-cargo-de-concejal-por-razones-de-salud\/\",\"url\":\"https:\/\/www.celttv.com.ar\/index.php\/2014\/04\/10\/francisco-muniz-solicito-licencia-a-su-cargo-de-concejal-por-razones-de-salud\/\",\"name\":\"FRANCISCO MU\u00d1IZ SOLICITO LICENCIA A SU CARGO DE CONCEJAL POR RAZONES DE SALUD - CELTTV\",\"isPartOf\":{\"@id\":\"https:\/\/www.celttv.com.ar\/#website\"},\"datePublished\":\"2014-04-10T18:27:14+00:00\",\"dateModified\":\"2014-04-10T18:27:14+00:00\",\"description\":\"Sitio web de noticias de la localidad de Tornquist, provincia de Buenos Aires, Rep\u00fablica Argentina. Contenido propio originado por periodistas de CELTTV, el canal de TV local de la Cooperativa El\u00e9ctrica de Tornquist. Turismo, Pol\u00edtica, Sociedad, Deporte, Cultura y todo el contenido de inter\u00e9s general que la gente del pueblo y la regi\u00f3n debe conocer.\",\"breadcrumb\":{\"@id\":\"https:\/\/www.celttv.com.ar\/index.php\/2014\/04\/10\/francisco-muniz-solicito-licencia-a-su-cargo-de-concejal-por-razones-de-salud\/#breadcrumb\"},\"inLanguage\":\"es\",\"potentialAction\":[{\"@type\":\"ReadAction\",\"target\":[\"https:\/\/www.celttv.com.ar\/index.php\/2014\/04\/10\/francisco-muniz-solicito-licencia-a-su-cargo-de-concejal-por-razones-de-salud\/\"]}]},{\"@type\":\"BreadcrumbList\",\"@id\":\"https:\/\/www.celttv.com.ar\/index.php\/2014\/04\/10\/francisco-muniz-solicito-licencia-a-su-cargo-de-concejal-por-razones-de-salud\/#breadcrumb\",\"itemListElement\":[{\"@type\":\"ListItem\",\"position\":1,\"name\":\"Inicio\",\"item\":\"https:\/\/www.celttv.com.ar\/\"},{\"@type\":\"ListItem\",\"position\":2,\"name\":\"FRANCISCO MU\u00d1IZ SOLICITO LICENCIA A SU CARGO DE CONCEJAL POR RAZONES DE SALUD\"}]},{\"@type\":\"WebSite\",\"@id\":\"https:\/\/www.celttv.com.ar\/#website\",\"url\":\"https:\/\/www.celttv.com.ar\/\",\"name\":\"CELTTV\",\"description\":\"Cooperativa El\u00e9ctrica de Tornquist\",\"publisher\":{\"@id\":\"https:\/\/www.celttv.com.ar\/#organization\"},\"potentialAction\":[{\"@type\":\"SearchAction\",\"target\":{\"@type\":\"EntryPoint\",\"urlTemplate\":\"https:\/\/www.celttv.com.ar\/?s={search_term_string}\"},\"query-input\":\"required name=search_term_string\"}],\"inLanguage\":\"es\"},{\"@type\":\"Organization\",\"@id\":\"https:\/\/www.celttv.com.ar\/#organization\",\"name\":\"CELTTV\",\"url\":\"https:\/\/www.celttv.com.ar\/\",\"sameAs\":[\"https:\/\/www.youtube.com\/channel\/UCz_oIt8Hig64Ub-EmcNPIhg\",\"https:\/\/www.facebook.com\/celtTV\/\"],\"logo\":{\"@type\":\"ImageObject\",\"inLanguage\":\"es\",\"@id\":\"https:\/\/www.celttv.com.ar\/#\/schema\/logo\/image\/\",\"url\":\"http:\/\/www.celttv.com.ar\/wp-content\/uploads\/2022\/08\/logo-1.png\",\"contentUrl\":\"http:\/\/www.celttv.com.ar\/wp-content\/uploads\/2022\/08\/logo-1.png\",\"width\":461,\"height\":159,\"caption\":\"CELTTV\"},\"image\":{\"@id\":\"https:\/\/www.celttv.com.ar\/#\/schema\/logo\/image\/\"}},{\"@type\":\"Person\",\"@id\":\"https:\/\/www.celttv.com.ar\/#\/schema\/person\/6d99c072dba59953809c81446e9d0ace\",\"name\":\"ulises\",\"image\":{\"@type\":\"ImageObject\",\"inLanguage\":\"es\",\"@id\":\"https:\/\/www.celttv.com.ar\/#\/schema\/person\/image\/\",\"url\":\"https:\/\/secure.gravatar.com\/avatar\/7f2c48bdc33b30088f941fb6082e555f2874c98e20cb159d7b92b50eadfce793?s=96&d=mm&r=g\",\"contentUrl\":\"https:\/\/secure.gravatar.com\/avatar\/7f2c48bdc33b30088f941fb6082e555f2874c98e20cb159d7b92b50eadfce793?s=96&d=mm&r=g\",\"caption\":\"ulises\"},\"sameAs\":[\"http:\/\/www.celttv.com.ar\"]}]}<\/script>\n<!-- \/ Yoast SEO plugin. -->","yoast_head_json":{"title":"FRANCISCO MU\u00d1IZ SOLICITO LICENCIA A SU CARGO DE CONCEJAL POR RAZONES DE SALUD - CELTTV","description":"Sitio web de noticias de la localidad de Tornquist, provincia de Buenos Aires, Rep\u00fablica Argentina. Contenido propio originado por periodistas de CELTTV, el canal de TV local de la Cooperativa El\u00e9ctrica de Tornquist. Turismo, Pol\u00edtica, Sociedad, Deporte, Cultura y todo el contenido de inter\u00e9s general que la gente del pueblo y la regi\u00f3n debe conocer.","robots":{"index":"index","follow":"follow","max-snippet":"max-snippet:-1","max-image-preview":"max-image-preview:large","max-video-preview":"max-video-preview:-1"},"canonical":"https:\/\/www.celttv.com.ar\/index.php\/2014\/04\/10\/francisco-muniz-solicito-licencia-a-su-cargo-de-concejal-por-razones-de-salud\/","og_locale":"es_ES","og_type":"article","og_title":"FRANCISCO MU\u00d1IZ SOLICITO LICENCIA A SU CARGO DE CONCEJAL POR RAZONES DE SALUD - CELTTV","og_description":"Sitio web de noticias de la localidad de Tornquist, provincia de Buenos Aires, Rep\u00fablica Argentina. Contenido propio originado por periodistas de CELTTV, el canal de TV local de la Cooperativa El\u00e9ctrica de Tornquist. Turismo, Pol\u00edtica, Sociedad, Deporte, Cultura y todo el contenido de inter\u00e9s general que la gente del pueblo y la regi\u00f3n debe conocer.","og_url":"https:\/\/www.celttv.com.ar\/index.php\/2014\/04\/10\/francisco-muniz-solicito-licencia-a-su-cargo-de-concejal-por-razones-de-salud\/","og_site_name":"CELTTV","article_publisher":"https:\/\/www.facebook.com\/celtTV\/","article_published_time":"2014-04-10T18:27:14+00:00","author":"ulises","twitter_card":"summary_large_image","twitter_misc":{"Escrito por":"ulises","Tiempo de lectura":"1 minuto"},"schema":{"@context":"https:\/\/schema.org","@graph":[{"@type":"NewsArticle","@id":"https:\/\/www.celttv.com.ar\/index.php\/2014\/04\/10\/francisco-muniz-solicito-licencia-a-su-cargo-de-concejal-por-razones-de-salud\/#article","isPartOf":{"@id":"https:\/\/www.celttv.com.ar\/index.php\/2014\/04\/10\/francisco-muniz-solicito-licencia-a-su-cargo-de-concejal-por-razones-de-salud\/"},"author":{"name":"ulises","@id":"https:\/\/www.celttv.com.ar\/#\/schema\/person\/6d99c072dba59953809c81446e9d0ace"},"headline":"FRANCISCO MU\u00d1IZ SOLICITO LICENCIA A SU CARGO DE CONCEJAL POR RAZONES DE SALUD","datePublished":"2014-04-10T18:27:14+00:00","dateModified":"2014-04-10T18:27:14+00:00","mainEntityOfPage":{"@id":"https:\/\/www.celttv.com.ar\/index.php\/2014\/04\/10\/francisco-muniz-solicito-licencia-a-su-cargo-de-concejal-por-razones-de-salud\/"},"wordCount":263,"publisher":{"@id":"https:\/\/www.celttv.com.ar\/#organization"},"articleSection":["Comunidad","Destacadas","Pol\u00edtica"],"inLanguage":"es"},{"@type":"WebPage","@id":"https:\/\/www.celttv.com.ar\/index.php\/2014\/04\/10\/francisco-muniz-solicito-licencia-a-su-cargo-de-concejal-por-razones-de-salud\/","url":"https:\/\/www.celttv.com.ar\/index.php\/2014\/04\/10\/francisco-muniz-solicito-licencia-a-su-cargo-de-concejal-por-razones-de-salud\/","name":"FRANCISCO MU\u00d1IZ SOLICITO LICENCIA A SU CARGO DE CONCEJAL POR RAZONES DE SALUD - CELTTV","isPartOf":{"@id":"https:\/\/www.celttv.com.ar\/#website"},"datePublished":"2014-04-10T18:27:14+00:00","dateModified":"2014-04-10T18:27:14+00:00","description":"Sitio web de noticias de la localidad de Tornquist, provincia de Buenos Aires, Rep\u00fablica Argentina. Contenido propio originado por periodistas de CELTTV, el canal de TV local de la Cooperativa El\u00e9ctrica de Tornquist. Turismo, Pol\u00edtica, Sociedad, Deporte, Cultura y todo el contenido de inter\u00e9s general que la gente del pueblo y la regi\u00f3n debe conocer.","breadcrumb":{"@id":"https:\/\/www.celttv.com.ar\/index.php\/2014\/04\/10\/francisco-muniz-solicito-licencia-a-su-cargo-de-concejal-por-razones-de-salud\/#breadcrumb"},"inLanguage":"es","potentialAction":[{"@type":"ReadAction","target":["https:\/\/www.celttv.com.ar\/index.php\/2014\/04\/10\/francisco-muniz-solicito-licencia-a-su-cargo-de-concejal-por-razones-de-salud\/"]}]},{"@type":"BreadcrumbList","@id":"https:\/\/www.celttv.com.ar\/index.php\/2014\/04\/10\/francisco-muniz-solicito-licencia-a-su-cargo-de-concejal-por-razones-de-salud\/#breadcrumb","itemListElement":[{"@type":"ListItem","position":1,"name":"Inicio","item":"https:\/\/www.celttv.com.ar\/"},{"@type":"ListItem","position":2,"name":"FRANCISCO MU\u00d1IZ SOLICITO LICENCIA A SU CARGO DE CONCEJAL POR RAZONES DE SALUD"}]},{"@type":"WebSite","@id":"https:\/\/www.celttv.com.ar\/#website","url":"https:\/\/www.celttv.com.ar\/","name":"CELTTV","description":"Cooperativa El\u00e9ctrica de Tornquist","publisher":{"@id":"https:\/\/www.celttv.com.ar\/#organization"},"potentialAction":[{"@type":"SearchAction","target":{"@type":"EntryPoint","urlTemplate":"https:\/\/www.celttv.com.ar\/?s={search_term_string}"},"query-input":"required name=search_term_string"}],"inLanguage":"es"},{"@type":"Organization","@id":"https:\/\/www.celttv.com.ar\/#organization","name":"CELTTV","url":"https:\/\/www.celttv.com.ar\/","sameAs":["https:\/\/www.youtube.com\/channel\/UCz_oIt8Hig64Ub-EmcNPIhg","https:\/\/www.facebook.com\/celtTV\/"],"logo":{"@type":"ImageObject","inLanguage":"es","@id":"https:\/\/www.celttv.com.ar\/#\/schema\/logo\/image\/","url":"http:\/\/www.celttv.com.ar\/wp-content\/uploads\/2022\/08\/logo-1.png","contentUrl":"http:\/\/www.celttv.com.ar\/wp-content\/uploads\/2022\/08\/logo-1.png","width":461,"height":159,"caption":"CELTTV"},"image":{"@id":"https:\/\/www.celttv.com.ar\/#\/schema\/logo\/image\/"}},{"@type":"Person","@id":"https:\/\/www.celttv.com.ar\/#\/schema\/person\/6d99c072dba59953809c81446e9d0ace","name":"ulises","image":{"@type":"ImageObject","inLanguage":"es","@id":"https:\/\/www.celttv.com.ar\/#\/schema\/person\/image\/","url":"https:\/\/secure.gravatar.com\/avatar\/7f2c48bdc33b30088f941fb6082e555f2874c98e20cb159d7b92b50eadfce793?s=96&d=mm&r=g","contentUrl":"https:\/\/secure.gravatar.com\/avatar\/7f2c48bdc33b30088f941fb6082e555f2874c98e20cb159d7b92b50eadfce793?s=96&d=mm&r=g","caption":"ulises"},"sameAs":["http:\/\/www.celttv.com.ar"]}]}},"_links":{"self":[{"href":"https:\/\/www.celttv.com.ar\/index.php\/wp-json\/wp\/v2\/posts\/19446","targetHints":{"allow":["GET"]}}],"collection":[{"href":"https:\/\/www.celttv.com.ar\/index.php\/wp-json\/wp\/v2\/posts"}],"about":[{"href":"https:\/\/www.celttv.com.ar\/index.php\/wp-json\/wp\/v2\/types\/post"}],"author":[{"embeddable":true,"href":"https:\/\/www.celttv.com.ar\/index.php\/wp-json\/wp\/v2\/users\/1"}],"replies":[{"embeddable":true,"href":"https:\/\/www.celttv.com.ar\/index.php\/wp-json\/wp\/v2\/comments?post=19446"}],"version-history":[{"count":0,"href":"https:\/\/www.celttv.com.ar\/index.php\/wp-json\/wp\/v2\/posts\/19446\/revisions"}],"wp:attachment":[{"href":"https:\/\/www.celttv.com.ar\/index.php\/wp-json\/wp\/v2\/media?parent=19446"}],"wp:term":[{"taxonomy":"category","embeddable":true,"href":"https:\/\/www.celttv.com.ar\/index.php\/wp-json\/wp\/v2\/categories?post=19446"},{"taxonomy":"post_tag","embeddable":true,"href":"https:\/\/www.celttv.com.ar\/index.php\/wp-json\/wp\/v2\/tags?post=19446"}],"curies":[{"name":"wp","href":"https:\/\/api.w.org\/{rel}","templated":true}]}}