{"id":19499,"date":"2014-04-12T13:37:46","date_gmt":"2014-04-12T13:37:46","guid":{"rendered":"http:\/\/www.tvcnoticias.com.ar\/?p=19499"},"modified":"2014-04-12T13:37:46","modified_gmt":"2014-04-12T13:37:46","slug":"jose-luis-chilavert-visito-el-distrito-y-dialogo-con-los-medios-locales","status":"publish","type":"post","link":"https:\/\/www.celttv.com.ar\/index.php\/2014\/04\/12\/jose-luis-chilavert-visito-el-distrito-y-dialogo-con-los-medios-locales\/","title":{"rendered":"JOS\u00c9 LUIS CHILAVERT VISITO EL DISTRITO Y DIALOG\u00d3 CON LOS MEDIOS LOCALES (conferencia en audio)"},"content":{"rendered":"<p><a rel=\"attachment wp-att-19501\" href=\"http:\/\/www.tvcnoticias.com.ar\/?attachment_id=19501\"><img loading=\"lazy\" decoding=\"async\" class=\"aligncenter size-medium wp-image-19501\" title=\"chila 1 (Medium)\" src=\"http:\/\/www.tvcnoticias.com.ar\/wp-content\/uploads\/2014\/04\/chila-1-Medium-450x253.jpg\" alt=\"\" width=\"450\" height=\"253\" \/><\/a><br \/>\n&nbsp;<br \/>\n[audio:http:\/\/www.tvcnoticias.com.ar\/wp-content\/uploads\/2014\/04\/chilavert-1-C.mp3|titles=chilavert 1 C]<br \/>\n[audio:http:\/\/www.tvcnoticias.com.ar\/wp-content\/uploads\/2014\/04\/chilavert-2-C.mp3|titles=chilavert 2 C]<br \/>\nUno de los arqueros m\u00e1s grandes que di\u00f3 el futbol mundial es sin dudas <strong>Jos\u00e9 Luis F\u00e9lix Chilavert,<\/strong> quien visit\u00f3 nuestro distrito y brind\u00f3 una conferencia de prensa en el complejo El Mirador, ubicado a la vera de la ruta 76.<br \/>\nCon la humildad de los grandes y la vehemencia que siempre lo caracteriz\u00f3, Chilavert repas\u00f3 su historia personal desde su humilde infancia en Luque (su pueblo natal),\u00a0 hasta sus momentos de gloria, los t\u00edtulos, los equipos donde jug\u00f3, la opini\u00f3n del f\u00fatbol actual, las selecciones favoritas para ganar el Mundial de Brasil 2014, entre otros temas.<br \/>\nEn cada palabra, en cada relato de sus 25 a\u00f1os de trayectoria como arquero, \u201cChila\u201d no esquiv\u00f3 ninguna pregunta y siempre hizo hincapi\u00e9 en la responsabilidad de los adultos de tener que abrir muchas puertas y darle oportunidades a los j\u00f3venes para que se alejen de las drogas e inculcarle que los objetivos se logran con esfuerzo, dedicaci\u00f3n y responsabilidad.<br \/>\nUn \u201cChila\u201d aut\u00e9ntico, amante de su profesi\u00f3n, defensor a ultranza del puesto de arquero, apasionado y visceral con su forma de vivir su vida personal y profesional.<br \/>\n<strong>MAGAZINE SPORT<\/strong> particip\u00f3 de la conferencia de prensa con Chilavert que se extendi\u00f3 por 50 minutos y cont\u00f3 con la presencia de <strong>Eber Piedrabuena<\/strong>, presidente del Club Porte\u00f1o<strong>; Leandro Pascale<\/strong>, secretario de Turismo, Cultura y Deportes, y <strong>Jorge Schmidt<\/strong>, director de Deportes.<br \/>\nAl final de la conferencia, y ante la c\u00e1mara de MAGAZINE SPORT, prometi\u00f3 volver a Tornquist, ya que calific\u00f3 al distrito como un \u201cpara\u00edso\u201d.<br \/>\n\u201cEstuve en el Santuario de Nuestra Se\u00f1ora de F\u00e1tima y le promet\u00ed a la Virgen que voy a volver\u201d, concluy\u00f3 el ex-arquero paraguayo que fue elegido en tres oportunidades como el mejor del mundo.<br \/>\nLuego, se dirigi\u00f3 hacia Saldungaray donde particip\u00f3 de una cena en el sal\u00f3n de la Sociedad Espa\u00f1ola de dicha localidad.<br \/>\n&nbsp;<br \/>\n&nbsp;<\/p>\n","protected":false},"excerpt":{"rendered":"<p>&nbsp; [audio:http:\/\/www.tvcnoticias.com.ar\/wp-content\/uploads\/2014\/04\/chilavert-1-C.mp3|titles=chilavert 1 C] [audio:http:\/\/www.tvcnoticias.com.ar\/wp-content\/uploads\/2014\/04\/chilavert-2-C.mp3|titles=chilavert 2 C] Uno de los arqueros m\u00e1s grandes que di\u00f3 el futbol mundial es sin dudas Jos\u00e9 Luis F\u00e9lix Chilavert, quien visit\u00f3 nuestro distrito y brind\u00f3 una conferencia de prensa en el complejo El Mirador, ubicado a la vera de la ruta 76. Con la humildad de los grandes y [&hellip;]<\/p>\n","protected":false},"author":1,"featured_media":0,"comment_status":"closed","ping_status":"open","sticky":false,"template":"","format":"standard","meta":{"footnotes":""},"categories":[51,60,52],"tags":[],"class_list":["post-19499","post","type-post","status-publish","format-standard","hentry","category-comunidad","category-deporte","category-destacadas"],"yoast_head":"<!-- This site is optimized with the Yoast SEO plugin v19.7.1 - https:\/\/yoast.com\/wordpress\/plugins\/seo\/ -->\n<title>JOS\u00c9 LUIS CHILAVERT VISITO EL DISTRITO Y DIALOG\u00d3 CON LOS MEDIOS LOCALES (conferencia en audio) - CELTTV<\/title>\n<meta name=\"description\" content=\"Sitio web de noticias de la localidad de Tornquist, provincia de Buenos Aires, Rep\u00fablica Argentina. Contenido propio originado por periodistas de CELTTV, el canal de TV local de la Cooperativa El\u00e9ctrica de Tornquist. Turismo, Pol\u00edtica, Sociedad, Deporte, Cultura y todo el contenido de inter\u00e9s general que la gente del pueblo y la regi\u00f3n debe conocer.\" \/>\n<meta name=\"robots\" content=\"index, follow, max-snippet:-1, max-image-preview:large, max-video-preview:-1\" \/>\n<link rel=\"canonical\" href=\"https:\/\/www.celttv.com.ar\/index.php\/2014\/04\/12\/jose-luis-chilavert-visito-el-distrito-y-dialogo-con-los-medios-locales\/\" \/>\n<meta property=\"og:locale\" content=\"es_ES\" \/>\n<meta property=\"og:type\" content=\"article\" \/>\n<meta property=\"og:title\" content=\"JOS\u00c9 LUIS CHILAVERT VISITO EL DISTRITO Y DIALOG\u00d3 CON LOS MEDIOS LOCALES (conferencia en audio) - CELTTV\" \/>\n<meta property=\"og:description\" content=\"Sitio web de noticias de la localidad de Tornquist, provincia de Buenos Aires, Rep\u00fablica Argentina. Contenido propio originado por periodistas de CELTTV, el canal de TV local de la Cooperativa El\u00e9ctrica de Tornquist. Turismo, Pol\u00edtica, Sociedad, Deporte, Cultura y todo el contenido de inter\u00e9s general que la gente del pueblo y la regi\u00f3n debe conocer.\" \/>\n<meta property=\"og:url\" content=\"https:\/\/www.celttv.com.ar\/index.php\/2014\/04\/12\/jose-luis-chilavert-visito-el-distrito-y-dialogo-con-los-medios-locales\/\" \/>\n<meta property=\"og:site_name\" content=\"CELTTV\" \/>\n<meta property=\"article:publisher\" content=\"https:\/\/www.facebook.com\/celtTV\/\" \/>\n<meta property=\"article:published_time\" content=\"2014-04-12T13:37:46+00:00\" \/>\n<meta property=\"og:image\" content=\"http:\/\/www.tvcnoticias.com.ar\/wp-content\/uploads\/2014\/04\/chila-1-Medium-450x253.jpg\" \/>\n<meta name=\"author\" content=\"ulises\" \/>\n<meta name=\"twitter:card\" content=\"summary_large_image\" \/>\n<meta name=\"twitter:label1\" content=\"Escrito por\" \/>\n\t<meta name=\"twitter:data1\" content=\"ulises\" \/>\n\t<meta name=\"twitter:label2\" content=\"Tiempo de lectura\" \/>\n\t<meta name=\"twitter:data2\" content=\"2 minutos\" \/>\n<script type=\"application\/ld+json\" class=\"yoast-schema-graph\">{\"@context\":\"https:\/\/schema.org\",\"@graph\":[{\"@type\":\"NewsArticle\",\"@id\":\"https:\/\/www.celttv.com.ar\/index.php\/2014\/04\/12\/jose-luis-chilavert-visito-el-distrito-y-dialogo-con-los-medios-locales\/#article\",\"isPartOf\":{\"@id\":\"https:\/\/www.celttv.com.ar\/index.php\/2014\/04\/12\/jose-luis-chilavert-visito-el-distrito-y-dialogo-con-los-medios-locales\/\"},\"author\":{\"name\":\"ulises\",\"@id\":\"https:\/\/www.celttv.com.ar\/#\/schema\/person\/6d99c072dba59953809c81446e9d0ace\"},\"headline\":\"JOS\u00c9 LUIS CHILAVERT VISITO EL DISTRITO Y DIALOG\u00d3 CON LOS MEDIOS LOCALES (conferencia en audio)\",\"datePublished\":\"2014-04-12T13:37:46+00:00\",\"dateModified\":\"2014-04-12T13:37:46+00:00\",\"mainEntityOfPage\":{\"@id\":\"https:\/\/www.celttv.com.ar\/index.php\/2014\/04\/12\/jose-luis-chilavert-visito-el-distrito-y-dialogo-con-los-medios-locales\/\"},\"wordCount\":367,\"publisher\":{\"@id\":\"https:\/\/www.celttv.com.ar\/#organization\"},\"articleSection\":[\"Comunidad\",\"Deporte\",\"Destacadas\"],\"inLanguage\":\"es\"},{\"@type\":\"WebPage\",\"@id\":\"https:\/\/www.celttv.com.ar\/index.php\/2014\/04\/12\/jose-luis-chilavert-visito-el-distrito-y-dialogo-con-los-medios-locales\/\",\"url\":\"https:\/\/www.celttv.com.ar\/index.php\/2014\/04\/12\/jose-luis-chilavert-visito-el-distrito-y-dialogo-con-los-medios-locales\/\",\"name\":\"JOS\u00c9 LUIS CHILAVERT VISITO EL DISTRITO Y DIALOG\u00d3 CON LOS MEDIOS LOCALES (conferencia en audio) - CELTTV\",\"isPartOf\":{\"@id\":\"https:\/\/www.celttv.com.ar\/#website\"},\"datePublished\":\"2014-04-12T13:37:46+00:00\",\"dateModified\":\"2014-04-12T13:37:46+00:00\",\"description\":\"Sitio web de noticias de la localidad de Tornquist, provincia de Buenos Aires, Rep\u00fablica Argentina. Contenido propio originado por periodistas de CELTTV, el canal de TV local de la Cooperativa El\u00e9ctrica de Tornquist. Turismo, Pol\u00edtica, Sociedad, Deporte, Cultura y todo el contenido de inter\u00e9s general que la gente del pueblo y la regi\u00f3n debe conocer.\",\"breadcrumb\":{\"@id\":\"https:\/\/www.celttv.com.ar\/index.php\/2014\/04\/12\/jose-luis-chilavert-visito-el-distrito-y-dialogo-con-los-medios-locales\/#breadcrumb\"},\"inLanguage\":\"es\",\"potentialAction\":[{\"@type\":\"ReadAction\",\"target\":[\"https:\/\/www.celttv.com.ar\/index.php\/2014\/04\/12\/jose-luis-chilavert-visito-el-distrito-y-dialogo-con-los-medios-locales\/\"]}]},{\"@type\":\"BreadcrumbList\",\"@id\":\"https:\/\/www.celttv.com.ar\/index.php\/2014\/04\/12\/jose-luis-chilavert-visito-el-distrito-y-dialogo-con-los-medios-locales\/#breadcrumb\",\"itemListElement\":[{\"@type\":\"ListItem\",\"position\":1,\"name\":\"Inicio\",\"item\":\"https:\/\/www.celttv.com.ar\/\"},{\"@type\":\"ListItem\",\"position\":2,\"name\":\"JOS\u00c9 LUIS CHILAVERT VISITO EL DISTRITO Y DIALOG\u00d3 CON LOS MEDIOS LOCALES (conferencia en audio)\"}]},{\"@type\":\"WebSite\",\"@id\":\"https:\/\/www.celttv.com.ar\/#website\",\"url\":\"https:\/\/www.celttv.com.ar\/\",\"name\":\"CELTTV\",\"description\":\"Cooperativa El\u00e9ctrica de Tornquist\",\"publisher\":{\"@id\":\"https:\/\/www.celttv.com.ar\/#organization\"},\"potentialAction\":[{\"@type\":\"SearchAction\",\"target\":{\"@type\":\"EntryPoint\",\"urlTemplate\":\"https:\/\/www.celttv.com.ar\/?s={search_term_string}\"},\"query-input\":\"required name=search_term_string\"}],\"inLanguage\":\"es\"},{\"@type\":\"Organization\",\"@id\":\"https:\/\/www.celttv.com.ar\/#organization\",\"name\":\"CELTTV\",\"url\":\"https:\/\/www.celttv.com.ar\/\",\"sameAs\":[\"https:\/\/www.youtube.com\/channel\/UCz_oIt8Hig64Ub-EmcNPIhg\",\"https:\/\/www.facebook.com\/celtTV\/\"],\"logo\":{\"@type\":\"ImageObject\",\"inLanguage\":\"es\",\"@id\":\"https:\/\/www.celttv.com.ar\/#\/schema\/logo\/image\/\",\"url\":\"http:\/\/www.celttv.com.ar\/wp-content\/uploads\/2022\/08\/logo-1.png\",\"contentUrl\":\"http:\/\/www.celttv.com.ar\/wp-content\/uploads\/2022\/08\/logo-1.png\",\"width\":461,\"height\":159,\"caption\":\"CELTTV\"},\"image\":{\"@id\":\"https:\/\/www.celttv.com.ar\/#\/schema\/logo\/image\/\"}},{\"@type\":\"Person\",\"@id\":\"https:\/\/www.celttv.com.ar\/#\/schema\/person\/6d99c072dba59953809c81446e9d0ace\",\"name\":\"ulises\",\"image\":{\"@type\":\"ImageObject\",\"inLanguage\":\"es\",\"@id\":\"https:\/\/www.celttv.com.ar\/#\/schema\/person\/image\/\",\"url\":\"https:\/\/secure.gravatar.com\/avatar\/7f2c48bdc33b30088f941fb6082e555f2874c98e20cb159d7b92b50eadfce793?s=96&d=mm&r=g\",\"contentUrl\":\"https:\/\/secure.gravatar.com\/avatar\/7f2c48bdc33b30088f941fb6082e555f2874c98e20cb159d7b92b50eadfce793?s=96&d=mm&r=g\",\"caption\":\"ulises\"},\"sameAs\":[\"http:\/\/www.celttv.com.ar\"]}]}<\/script>\n<!-- \/ Yoast SEO plugin. -->","yoast_head_json":{"title":"JOS\u00c9 LUIS CHILAVERT VISITO EL DISTRITO Y DIALOG\u00d3 CON LOS MEDIOS LOCALES (conferencia en audio) - CELTTV","description":"Sitio web de noticias de la localidad de Tornquist, provincia de Buenos Aires, Rep\u00fablica Argentina. Contenido propio originado por periodistas de CELTTV, el canal de TV local de la Cooperativa El\u00e9ctrica de Tornquist. Turismo, Pol\u00edtica, Sociedad, Deporte, Cultura y todo el contenido de inter\u00e9s general que la gente del pueblo y la regi\u00f3n debe conocer.","robots":{"index":"index","follow":"follow","max-snippet":"max-snippet:-1","max-image-preview":"max-image-preview:large","max-video-preview":"max-video-preview:-1"},"canonical":"https:\/\/www.celttv.com.ar\/index.php\/2014\/04\/12\/jose-luis-chilavert-visito-el-distrito-y-dialogo-con-los-medios-locales\/","og_locale":"es_ES","og_type":"article","og_title":"JOS\u00c9 LUIS CHILAVERT VISITO EL DISTRITO Y DIALOG\u00d3 CON LOS MEDIOS LOCALES (conferencia en audio) - CELTTV","og_description":"Sitio web de noticias de la localidad de Tornquist, provincia de Buenos Aires, Rep\u00fablica Argentina. Contenido propio originado por periodistas de CELTTV, el canal de TV local de la Cooperativa El\u00e9ctrica de Tornquist. Turismo, Pol\u00edtica, Sociedad, Deporte, Cultura y todo el contenido de inter\u00e9s general que la gente del pueblo y la regi\u00f3n debe conocer.","og_url":"https:\/\/www.celttv.com.ar\/index.php\/2014\/04\/12\/jose-luis-chilavert-visito-el-distrito-y-dialogo-con-los-medios-locales\/","og_site_name":"CELTTV","article_publisher":"https:\/\/www.facebook.com\/celtTV\/","article_published_time":"2014-04-12T13:37:46+00:00","og_image":[{"url":"http:\/\/www.tvcnoticias.com.ar\/wp-content\/uploads\/2014\/04\/chila-1-Medium-450x253.jpg"}],"author":"ulises","twitter_card":"summary_large_image","twitter_misc":{"Escrito por":"ulises","Tiempo de lectura":"2 minutos"},"schema":{"@context":"https:\/\/schema.org","@graph":[{"@type":"NewsArticle","@id":"https:\/\/www.celttv.com.ar\/index.php\/2014\/04\/12\/jose-luis-chilavert-visito-el-distrito-y-dialogo-con-los-medios-locales\/#article","isPartOf":{"@id":"https:\/\/www.celttv.com.ar\/index.php\/2014\/04\/12\/jose-luis-chilavert-visito-el-distrito-y-dialogo-con-los-medios-locales\/"},"author":{"name":"ulises","@id":"https:\/\/www.celttv.com.ar\/#\/schema\/person\/6d99c072dba59953809c81446e9d0ace"},"headline":"JOS\u00c9 LUIS CHILAVERT VISITO EL DISTRITO Y DIALOG\u00d3 CON LOS MEDIOS LOCALES (conferencia en audio)","datePublished":"2014-04-12T13:37:46+00:00","dateModified":"2014-04-12T13:37:46+00:00","mainEntityOfPage":{"@id":"https:\/\/www.celttv.com.ar\/index.php\/2014\/04\/12\/jose-luis-chilavert-visito-el-distrito-y-dialogo-con-los-medios-locales\/"},"wordCount":367,"publisher":{"@id":"https:\/\/www.celttv.com.ar\/#organization"},"articleSection":["Comunidad","Deporte","Destacadas"],"inLanguage":"es"},{"@type":"WebPage","@id":"https:\/\/www.celttv.com.ar\/index.php\/2014\/04\/12\/jose-luis-chilavert-visito-el-distrito-y-dialogo-con-los-medios-locales\/","url":"https:\/\/www.celttv.com.ar\/index.php\/2014\/04\/12\/jose-luis-chilavert-visito-el-distrito-y-dialogo-con-los-medios-locales\/","name":"JOS\u00c9 LUIS CHILAVERT VISITO EL DISTRITO Y DIALOG\u00d3 CON LOS MEDIOS LOCALES (conferencia en audio) - CELTTV","isPartOf":{"@id":"https:\/\/www.celttv.com.ar\/#website"},"datePublished":"2014-04-12T13:37:46+00:00","dateModified":"2014-04-12T13:37:46+00:00","description":"Sitio web de noticias de la localidad de Tornquist, provincia de Buenos Aires, Rep\u00fablica Argentina. Contenido propio originado por periodistas de CELTTV, el canal de TV local de la Cooperativa El\u00e9ctrica de Tornquist. Turismo, Pol\u00edtica, Sociedad, Deporte, Cultura y todo el contenido de inter\u00e9s general que la gente del pueblo y la regi\u00f3n debe conocer.","breadcrumb":{"@id":"https:\/\/www.celttv.com.ar\/index.php\/2014\/04\/12\/jose-luis-chilavert-visito-el-distrito-y-dialogo-con-los-medios-locales\/#breadcrumb"},"inLanguage":"es","potentialAction":[{"@type":"ReadAction","target":["https:\/\/www.celttv.com.ar\/index.php\/2014\/04\/12\/jose-luis-chilavert-visito-el-distrito-y-dialogo-con-los-medios-locales\/"]}]},{"@type":"BreadcrumbList","@id":"https:\/\/www.celttv.com.ar\/index.php\/2014\/04\/12\/jose-luis-chilavert-visito-el-distrito-y-dialogo-con-los-medios-locales\/#breadcrumb","itemListElement":[{"@type":"ListItem","position":1,"name":"Inicio","item":"https:\/\/www.celttv.com.ar\/"},{"@type":"ListItem","position":2,"name":"JOS\u00c9 LUIS CHILAVERT VISITO EL DISTRITO Y DIALOG\u00d3 CON LOS MEDIOS LOCALES (conferencia en audio)"}]},{"@type":"WebSite","@id":"https:\/\/www.celttv.com.ar\/#website","url":"https:\/\/www.celttv.com.ar\/","name":"CELTTV","description":"Cooperativa El\u00e9ctrica de Tornquist","publisher":{"@id":"https:\/\/www.celttv.com.ar\/#organization"},"potentialAction":[{"@type":"SearchAction","target":{"@type":"EntryPoint","urlTemplate":"https:\/\/www.celttv.com.ar\/?s={search_term_string}"},"query-input":"required name=search_term_string"}],"inLanguage":"es"},{"@type":"Organization","@id":"https:\/\/www.celttv.com.ar\/#organization","name":"CELTTV","url":"https:\/\/www.celttv.com.ar\/","sameAs":["https:\/\/www.youtube.com\/channel\/UCz_oIt8Hig64Ub-EmcNPIhg","https:\/\/www.facebook.com\/celtTV\/"],"logo":{"@type":"ImageObject","inLanguage":"es","@id":"https:\/\/www.celttv.com.ar\/#\/schema\/logo\/image\/","url":"http:\/\/www.celttv.com.ar\/wp-content\/uploads\/2022\/08\/logo-1.png","contentUrl":"http:\/\/www.celttv.com.ar\/wp-content\/uploads\/2022\/08\/logo-1.png","width":461,"height":159,"caption":"CELTTV"},"image":{"@id":"https:\/\/www.celttv.com.ar\/#\/schema\/logo\/image\/"}},{"@type":"Person","@id":"https:\/\/www.celttv.com.ar\/#\/schema\/person\/6d99c072dba59953809c81446e9d0ace","name":"ulises","image":{"@type":"ImageObject","inLanguage":"es","@id":"https:\/\/www.celttv.com.ar\/#\/schema\/person\/image\/","url":"https:\/\/secure.gravatar.com\/avatar\/7f2c48bdc33b30088f941fb6082e555f2874c98e20cb159d7b92b50eadfce793?s=96&d=mm&r=g","contentUrl":"https:\/\/secure.gravatar.com\/avatar\/7f2c48bdc33b30088f941fb6082e555f2874c98e20cb159d7b92b50eadfce793?s=96&d=mm&r=g","caption":"ulises"},"sameAs":["http:\/\/www.celttv.com.ar"]}]}},"_links":{"self":[{"href":"https:\/\/www.celttv.com.ar\/index.php\/wp-json\/wp\/v2\/posts\/19499","targetHints":{"allow":["GET"]}}],"collection":[{"href":"https:\/\/www.celttv.com.ar\/index.php\/wp-json\/wp\/v2\/posts"}],"about":[{"href":"https:\/\/www.celttv.com.ar\/index.php\/wp-json\/wp\/v2\/types\/post"}],"author":[{"embeddable":true,"href":"https:\/\/www.celttv.com.ar\/index.php\/wp-json\/wp\/v2\/users\/1"}],"replies":[{"embeddable":true,"href":"https:\/\/www.celttv.com.ar\/index.php\/wp-json\/wp\/v2\/comments?post=19499"}],"version-history":[{"count":0,"href":"https:\/\/www.celttv.com.ar\/index.php\/wp-json\/wp\/v2\/posts\/19499\/revisions"}],"wp:attachment":[{"href":"https:\/\/www.celttv.com.ar\/index.php\/wp-json\/wp\/v2\/media?parent=19499"}],"wp:term":[{"taxonomy":"category","embeddable":true,"href":"https:\/\/www.celttv.com.ar\/index.php\/wp-json\/wp\/v2\/categories?post=19499"},{"taxonomy":"post_tag","embeddable":true,"href":"https:\/\/www.celttv.com.ar\/index.php\/wp-json\/wp\/v2\/tags?post=19499"}],"curies":[{"name":"wp","href":"https:\/\/api.w.org\/{rel}","templated":true}]}}