{"id":19543,"date":"2014-04-14T12:37:30","date_gmt":"2014-04-14T12:37:30","guid":{"rendered":"http:\/\/www.tvcnoticias.com.ar\/?p=19543"},"modified":"2014-04-14T12:37:30","modified_gmt":"2014-04-14T12:37:30","slug":"produccion-distribucion-de-semilla-de-agropiro-para-la-campana-de-otono","status":"publish","type":"post","link":"https:\/\/www.celttv.com.ar\/index.php\/2014\/04\/14\/produccion-distribucion-de-semilla-de-agropiro-para-la-campana-de-otono\/","title":{"rendered":"PRODUCCION: DISTRIBUCION DE SEMILLA DE AGROPIRO PARA LA CAMPA\u00d1A DE OTO\u00d1O"},"content":{"rendered":"<p><span style=\"font-size: x-small;\"><span style=\"font-family: Verdana, Arial, Helvetica, sans-serif;\">La Secretaria\u00a0de Producci\u00f3n y Medio Ambiente de\u00a0la Municipalidad\u00a0de Tornquist comunica que contin\u00faa \u00a0la distribuci\u00f3n de semilla de\u00a0AGROPIRO\u00a0para la campa\u00f1a de oto\u00f1o.<\/span><\/span><br \/>\n<span style=\"font-size: x-small;\"><span style=\"font-family: Verdana, Arial, Helvetica, sans-serif;\"><br \/>\n<\/span><\/span><br \/>\n<span style=\"color: #464646; font-family: 'Lucida Grande', 'Trebuchet MS', Arial, Helvetica, sans-serif;\"><span style=\"font-family: Verdana, Arial, Helvetica, sans-serif;\">La modalidad de tipo \u00a0fondo rotatorio<\/span><\/span><span style=\"color: #464646;\"><span style=\"font-family: 'Lucida Grande', 'Trebuchet MS', Arial, Helvetica, sans-serif; font-size: x-small;\">, mediante el cual el interesado puede hacerse de los insumos necesarios para la\u00a0implantaci\u00f3n\u00a0, \u00a0 con\u00a0una <\/span><span style=\"font-family: 'Lucida Grande', 'Trebuchet MS', Arial, Helvetica, sans-serif; font-size: x-small;\">devoluci\u00f3n<\/span><span style=\"font-family: 'Lucida Grande', 'Trebuchet MS', Arial, Helvetica, sans-serif; font-size: x-small;\"><span style=\"font-family: Verdana, Arial, Helvetica, sans-serif;\"> a valor producto (carne\u00a0&#8211; Indice mercado de Liniers) , a un \u00a0plazo de cuatro (4) a\u00f1os \u00a0 y sin ning\u00fan tipo de gasto o inter\u00e9s, resulta <\/span>sumamente<span style=\"font-family: Verdana, Arial, Helvetica, sans-serif;\"> <\/span><\/span><span style=\"font-size: x-small;\">beneficiosa para el sector ganadero<\/span><span style=\"font-size: x-small;\">.<\/span><\/span><br \/>\n<span style=\"color: #464646;\"><span style=\"font-size: x-small;\"><br \/>\n<\/span><\/span><br \/>\n<span style=\"color: #464646;\"><span style=\"font-size: x-small;\"><span style=\"font-family: Verdana, Arial, Helvetica, sans-serif;\">A los\u00a0m\u00f3dulos de \u00a0entre 30 a 40\u00a0hect\u00e1reas, \u00a0el productor\u00a0le puede <\/span><\/span><\/span><span style=\"color: #464646; font-family: 'Lucida Grande', 'Trebuchet MS', Arial, Helvetica, sans-serif;\"><span style=\"font-family: Verdana, Arial, Helvetica, sans-serif;\"> sumar la utilizaci\u00f3n \u00a0d<\/span><\/span><span style=\"color: #464646;\"><span style=\"font-family: Verdana, Arial, Helvetica, sans-serif; font-size: x-small;\">el servicio de siembre directa con maquinaria provista por el Ministerio de Agricultura\u00a0Ganader\u00eda\u00a0y Pesca de la\u00a0Naci\u00f3n.<\/span><\/span><br \/>\n<span style=\"color: #464646;\"><span style=\"font-family: Verdana, Arial, Helvetica, sans-serif; font-size: x-small;\"><br \/>\n<\/span><\/span><br \/>\n<span style=\"color: #464646;\"><span style=\"font-family: Verdana, Arial, Helvetica, sans-serif; font-size: x-small;\">la \u00faltimas condiciones\u00a0clim\u00e1ticas, con abundantes\u00a0precipitaciones\u00a0 para el presente oto\u00f1o y \u00a0una semilla en optimas condiciones de capacidad germinativa \u00a0 han permitido un\u00a0excelente\u00a0nacimiento\u00a0en\u00a0los\u00a0lotes tanto de alfalfa como agropiro, aseguro Ricardo Valentini, responsable\u00a0del\u00a0\u00e1rea comunal.<\/span><\/span><br \/>\n<span style=\"font-size: x-small;\"><span style=\"font-family: Verdana, Arial, Helvetica, sans-serif;\"><br \/>\n<\/span><\/span><br \/>\n<span style=\"font-size: x-small;\"><span style=\"font-family: Verdana, Arial, Helvetica, sans-serif;\">Los interesados en participar de este programa, que no deben tener deudas anteriores, \u00a0 pueden comunicarse con la mencionada dependencia, al tel\u00e9fono (0291) 494-1075 (interno 104), o bien concurrir personalmente al edificio municipal.<\/span><\/span><\/p>\n<div><span style=\"font-size: x-small;\"><span style=\"font-family: Verdana, Arial, Helvetica, sans-serif;\"><br \/>\n<\/span><\/span><\/div>\n<p>&nbsp;<\/p>\n","protected":false},"excerpt":{"rendered":"<p>La Secretaria\u00a0de Producci\u00f3n y Medio Ambiente de\u00a0la Municipalidad\u00a0de Tornquist comunica que contin\u00faa \u00a0la distribuci\u00f3n de semilla de\u00a0AGROPIRO\u00a0para la campa\u00f1a de oto\u00f1o. La modalidad de tipo \u00a0fondo rotatorio, mediante el cual el interesado puede hacerse de los insumos necesarios para la\u00a0implantaci\u00f3n\u00a0, \u00a0 con\u00a0una devoluci\u00f3n a valor producto (carne\u00a0&#8211; Indice mercado de Liniers) , a un \u00a0plazo [&hellip;]<\/p>\n","protected":false},"author":1,"featured_media":0,"comment_status":"closed","ping_status":"open","sticky":false,"template":"","format":"standard","meta":{"footnotes":""},"categories":[51,52,53],"tags":[],"class_list":["post-19543","post","type-post","status-publish","format-standard","hentry","category-comunidad","category-destacadas","category-politica"],"yoast_head":"<!-- This site is optimized with the Yoast SEO plugin v19.7.1 - https:\/\/yoast.com\/wordpress\/plugins\/seo\/ -->\n<title>PRODUCCION: DISTRIBUCION DE SEMILLA DE AGROPIRO PARA LA CAMPA\u00d1A DE OTO\u00d1O - CELTTV<\/title>\n<meta name=\"description\" content=\"Sitio web de noticias de la localidad de Tornquist, provincia de Buenos Aires, Rep\u00fablica Argentina. Contenido propio originado por periodistas de CELTTV, el canal de TV local de la Cooperativa El\u00e9ctrica de Tornquist. Turismo, Pol\u00edtica, Sociedad, Deporte, Cultura y todo el contenido de inter\u00e9s general que la gente del pueblo y la regi\u00f3n debe conocer.\" \/>\n<meta name=\"robots\" content=\"index, follow, max-snippet:-1, max-image-preview:large, max-video-preview:-1\" \/>\n<link rel=\"canonical\" href=\"https:\/\/www.celttv.com.ar\/index.php\/2014\/04\/14\/produccion-distribucion-de-semilla-de-agropiro-para-la-campana-de-otono\/\" \/>\n<meta property=\"og:locale\" content=\"es_ES\" \/>\n<meta property=\"og:type\" content=\"article\" \/>\n<meta property=\"og:title\" content=\"PRODUCCION: DISTRIBUCION DE SEMILLA DE AGROPIRO PARA LA CAMPA\u00d1A DE OTO\u00d1O - CELTTV\" \/>\n<meta property=\"og:description\" content=\"Sitio web de noticias de la localidad de Tornquist, provincia de Buenos Aires, Rep\u00fablica Argentina. Contenido propio originado por periodistas de CELTTV, el canal de TV local de la Cooperativa El\u00e9ctrica de Tornquist. Turismo, Pol\u00edtica, Sociedad, Deporte, Cultura y todo el contenido de inter\u00e9s general que la gente del pueblo y la regi\u00f3n debe conocer.\" \/>\n<meta property=\"og:url\" content=\"https:\/\/www.celttv.com.ar\/index.php\/2014\/04\/14\/produccion-distribucion-de-semilla-de-agropiro-para-la-campana-de-otono\/\" \/>\n<meta property=\"og:site_name\" content=\"CELTTV\" \/>\n<meta property=\"article:publisher\" content=\"https:\/\/www.facebook.com\/celtTV\/\" \/>\n<meta property=\"article:published_time\" content=\"2014-04-14T12:37:30+00:00\" \/>\n<meta name=\"author\" content=\"ulises\" \/>\n<meta name=\"twitter:card\" content=\"summary_large_image\" \/>\n<meta name=\"twitter:label1\" content=\"Escrito por\" \/>\n\t<meta name=\"twitter:data1\" content=\"ulises\" \/>\n\t<meta name=\"twitter:label2\" content=\"Tiempo de lectura\" \/>\n\t<meta name=\"twitter:data2\" content=\"1 minuto\" \/>\n<script type=\"application\/ld+json\" class=\"yoast-schema-graph\">{\"@context\":\"https:\/\/schema.org\",\"@graph\":[{\"@type\":\"NewsArticle\",\"@id\":\"https:\/\/www.celttv.com.ar\/index.php\/2014\/04\/14\/produccion-distribucion-de-semilla-de-agropiro-para-la-campana-de-otono\/#article\",\"isPartOf\":{\"@id\":\"https:\/\/www.celttv.com.ar\/index.php\/2014\/04\/14\/produccion-distribucion-de-semilla-de-agropiro-para-la-campana-de-otono\/\"},\"author\":{\"name\":\"ulises\",\"@id\":\"https:\/\/www.celttv.com.ar\/#\/schema\/person\/6d99c072dba59953809c81446e9d0ace\"},\"headline\":\"PRODUCCION: DISTRIBUCION DE SEMILLA DE AGROPIRO PARA LA CAMPA\u00d1A DE OTO\u00d1O\",\"datePublished\":\"2014-04-14T12:37:30+00:00\",\"dateModified\":\"2014-04-14T12:37:30+00:00\",\"mainEntityOfPage\":{\"@id\":\"https:\/\/www.celttv.com.ar\/index.php\/2014\/04\/14\/produccion-distribucion-de-semilla-de-agropiro-para-la-campana-de-otono\/\"},\"wordCount\":214,\"publisher\":{\"@id\":\"https:\/\/www.celttv.com.ar\/#organization\"},\"articleSection\":[\"Comunidad\",\"Destacadas\",\"Pol\u00edtica\"],\"inLanguage\":\"es\"},{\"@type\":\"WebPage\",\"@id\":\"https:\/\/www.celttv.com.ar\/index.php\/2014\/04\/14\/produccion-distribucion-de-semilla-de-agropiro-para-la-campana-de-otono\/\",\"url\":\"https:\/\/www.celttv.com.ar\/index.php\/2014\/04\/14\/produccion-distribucion-de-semilla-de-agropiro-para-la-campana-de-otono\/\",\"name\":\"PRODUCCION: DISTRIBUCION DE SEMILLA DE AGROPIRO PARA LA CAMPA\u00d1A DE OTO\u00d1O - CELTTV\",\"isPartOf\":{\"@id\":\"https:\/\/www.celttv.com.ar\/#website\"},\"datePublished\":\"2014-04-14T12:37:30+00:00\",\"dateModified\":\"2014-04-14T12:37:30+00:00\",\"description\":\"Sitio web de noticias de la localidad de Tornquist, provincia de Buenos Aires, Rep\u00fablica Argentina. Contenido propio originado por periodistas de CELTTV, el canal de TV local de la Cooperativa El\u00e9ctrica de Tornquist. Turismo, Pol\u00edtica, Sociedad, Deporte, Cultura y todo el contenido de inter\u00e9s general que la gente del pueblo y la regi\u00f3n debe conocer.\",\"breadcrumb\":{\"@id\":\"https:\/\/www.celttv.com.ar\/index.php\/2014\/04\/14\/produccion-distribucion-de-semilla-de-agropiro-para-la-campana-de-otono\/#breadcrumb\"},\"inLanguage\":\"es\",\"potentialAction\":[{\"@type\":\"ReadAction\",\"target\":[\"https:\/\/www.celttv.com.ar\/index.php\/2014\/04\/14\/produccion-distribucion-de-semilla-de-agropiro-para-la-campana-de-otono\/\"]}]},{\"@type\":\"BreadcrumbList\",\"@id\":\"https:\/\/www.celttv.com.ar\/index.php\/2014\/04\/14\/produccion-distribucion-de-semilla-de-agropiro-para-la-campana-de-otono\/#breadcrumb\",\"itemListElement\":[{\"@type\":\"ListItem\",\"position\":1,\"name\":\"Inicio\",\"item\":\"https:\/\/www.celttv.com.ar\/\"},{\"@type\":\"ListItem\",\"position\":2,\"name\":\"PRODUCCION: DISTRIBUCION DE SEMILLA DE AGROPIRO PARA LA CAMPA\u00d1A DE OTO\u00d1O\"}]},{\"@type\":\"WebSite\",\"@id\":\"https:\/\/www.celttv.com.ar\/#website\",\"url\":\"https:\/\/www.celttv.com.ar\/\",\"name\":\"CELTTV\",\"description\":\"Cooperativa El\u00e9ctrica de Tornquist\",\"publisher\":{\"@id\":\"https:\/\/www.celttv.com.ar\/#organization\"},\"potentialAction\":[{\"@type\":\"SearchAction\",\"target\":{\"@type\":\"EntryPoint\",\"urlTemplate\":\"https:\/\/www.celttv.com.ar\/?s={search_term_string}\"},\"query-input\":\"required name=search_term_string\"}],\"inLanguage\":\"es\"},{\"@type\":\"Organization\",\"@id\":\"https:\/\/www.celttv.com.ar\/#organization\",\"name\":\"CELTTV\",\"url\":\"https:\/\/www.celttv.com.ar\/\",\"sameAs\":[\"https:\/\/www.youtube.com\/channel\/UCz_oIt8Hig64Ub-EmcNPIhg\",\"https:\/\/www.facebook.com\/celtTV\/\"],\"logo\":{\"@type\":\"ImageObject\",\"inLanguage\":\"es\",\"@id\":\"https:\/\/www.celttv.com.ar\/#\/schema\/logo\/image\/\",\"url\":\"http:\/\/www.celttv.com.ar\/wp-content\/uploads\/2022\/08\/logo-1.png\",\"contentUrl\":\"http:\/\/www.celttv.com.ar\/wp-content\/uploads\/2022\/08\/logo-1.png\",\"width\":461,\"height\":159,\"caption\":\"CELTTV\"},\"image\":{\"@id\":\"https:\/\/www.celttv.com.ar\/#\/schema\/logo\/image\/\"}},{\"@type\":\"Person\",\"@id\":\"https:\/\/www.celttv.com.ar\/#\/schema\/person\/6d99c072dba59953809c81446e9d0ace\",\"name\":\"ulises\",\"image\":{\"@type\":\"ImageObject\",\"inLanguage\":\"es\",\"@id\":\"https:\/\/www.celttv.com.ar\/#\/schema\/person\/image\/\",\"url\":\"https:\/\/secure.gravatar.com\/avatar\/7f2c48bdc33b30088f941fb6082e555f2874c98e20cb159d7b92b50eadfce793?s=96&d=mm&r=g\",\"contentUrl\":\"https:\/\/secure.gravatar.com\/avatar\/7f2c48bdc33b30088f941fb6082e555f2874c98e20cb159d7b92b50eadfce793?s=96&d=mm&r=g\",\"caption\":\"ulises\"},\"sameAs\":[\"http:\/\/www.celttv.com.ar\"]}]}<\/script>\n<!-- \/ Yoast SEO plugin. -->","yoast_head_json":{"title":"PRODUCCION: DISTRIBUCION DE SEMILLA DE AGROPIRO PARA LA CAMPA\u00d1A DE OTO\u00d1O - CELTTV","description":"Sitio web de noticias de la localidad de Tornquist, provincia de Buenos Aires, Rep\u00fablica Argentina. Contenido propio originado por periodistas de CELTTV, el canal de TV local de la Cooperativa El\u00e9ctrica de Tornquist. Turismo, Pol\u00edtica, Sociedad, Deporte, Cultura y todo el contenido de inter\u00e9s general que la gente del pueblo y la regi\u00f3n debe conocer.","robots":{"index":"index","follow":"follow","max-snippet":"max-snippet:-1","max-image-preview":"max-image-preview:large","max-video-preview":"max-video-preview:-1"},"canonical":"https:\/\/www.celttv.com.ar\/index.php\/2014\/04\/14\/produccion-distribucion-de-semilla-de-agropiro-para-la-campana-de-otono\/","og_locale":"es_ES","og_type":"article","og_title":"PRODUCCION: DISTRIBUCION DE SEMILLA DE AGROPIRO PARA LA CAMPA\u00d1A DE OTO\u00d1O - CELTTV","og_description":"Sitio web de noticias de la localidad de Tornquist, provincia de Buenos Aires, Rep\u00fablica Argentina. Contenido propio originado por periodistas de CELTTV, el canal de TV local de la Cooperativa El\u00e9ctrica de Tornquist. Turismo, Pol\u00edtica, Sociedad, Deporte, Cultura y todo el contenido de inter\u00e9s general que la gente del pueblo y la regi\u00f3n debe conocer.","og_url":"https:\/\/www.celttv.com.ar\/index.php\/2014\/04\/14\/produccion-distribucion-de-semilla-de-agropiro-para-la-campana-de-otono\/","og_site_name":"CELTTV","article_publisher":"https:\/\/www.facebook.com\/celtTV\/","article_published_time":"2014-04-14T12:37:30+00:00","author":"ulises","twitter_card":"summary_large_image","twitter_misc":{"Escrito por":"ulises","Tiempo de lectura":"1 minuto"},"schema":{"@context":"https:\/\/schema.org","@graph":[{"@type":"NewsArticle","@id":"https:\/\/www.celttv.com.ar\/index.php\/2014\/04\/14\/produccion-distribucion-de-semilla-de-agropiro-para-la-campana-de-otono\/#article","isPartOf":{"@id":"https:\/\/www.celttv.com.ar\/index.php\/2014\/04\/14\/produccion-distribucion-de-semilla-de-agropiro-para-la-campana-de-otono\/"},"author":{"name":"ulises","@id":"https:\/\/www.celttv.com.ar\/#\/schema\/person\/6d99c072dba59953809c81446e9d0ace"},"headline":"PRODUCCION: DISTRIBUCION DE SEMILLA DE AGROPIRO PARA LA CAMPA\u00d1A DE OTO\u00d1O","datePublished":"2014-04-14T12:37:30+00:00","dateModified":"2014-04-14T12:37:30+00:00","mainEntityOfPage":{"@id":"https:\/\/www.celttv.com.ar\/index.php\/2014\/04\/14\/produccion-distribucion-de-semilla-de-agropiro-para-la-campana-de-otono\/"},"wordCount":214,"publisher":{"@id":"https:\/\/www.celttv.com.ar\/#organization"},"articleSection":["Comunidad","Destacadas","Pol\u00edtica"],"inLanguage":"es"},{"@type":"WebPage","@id":"https:\/\/www.celttv.com.ar\/index.php\/2014\/04\/14\/produccion-distribucion-de-semilla-de-agropiro-para-la-campana-de-otono\/","url":"https:\/\/www.celttv.com.ar\/index.php\/2014\/04\/14\/produccion-distribucion-de-semilla-de-agropiro-para-la-campana-de-otono\/","name":"PRODUCCION: DISTRIBUCION DE SEMILLA DE AGROPIRO PARA LA CAMPA\u00d1A DE OTO\u00d1O - CELTTV","isPartOf":{"@id":"https:\/\/www.celttv.com.ar\/#website"},"datePublished":"2014-04-14T12:37:30+00:00","dateModified":"2014-04-14T12:37:30+00:00","description":"Sitio web de noticias de la localidad de Tornquist, provincia de Buenos Aires, Rep\u00fablica Argentina. Contenido propio originado por periodistas de CELTTV, el canal de TV local de la Cooperativa El\u00e9ctrica de Tornquist. Turismo, Pol\u00edtica, Sociedad, Deporte, Cultura y todo el contenido de inter\u00e9s general que la gente del pueblo y la regi\u00f3n debe conocer.","breadcrumb":{"@id":"https:\/\/www.celttv.com.ar\/index.php\/2014\/04\/14\/produccion-distribucion-de-semilla-de-agropiro-para-la-campana-de-otono\/#breadcrumb"},"inLanguage":"es","potentialAction":[{"@type":"ReadAction","target":["https:\/\/www.celttv.com.ar\/index.php\/2014\/04\/14\/produccion-distribucion-de-semilla-de-agropiro-para-la-campana-de-otono\/"]}]},{"@type":"BreadcrumbList","@id":"https:\/\/www.celttv.com.ar\/index.php\/2014\/04\/14\/produccion-distribucion-de-semilla-de-agropiro-para-la-campana-de-otono\/#breadcrumb","itemListElement":[{"@type":"ListItem","position":1,"name":"Inicio","item":"https:\/\/www.celttv.com.ar\/"},{"@type":"ListItem","position":2,"name":"PRODUCCION: DISTRIBUCION DE SEMILLA DE AGROPIRO PARA LA CAMPA\u00d1A DE OTO\u00d1O"}]},{"@type":"WebSite","@id":"https:\/\/www.celttv.com.ar\/#website","url":"https:\/\/www.celttv.com.ar\/","name":"CELTTV","description":"Cooperativa El\u00e9ctrica de Tornquist","publisher":{"@id":"https:\/\/www.celttv.com.ar\/#organization"},"potentialAction":[{"@type":"SearchAction","target":{"@type":"EntryPoint","urlTemplate":"https:\/\/www.celttv.com.ar\/?s={search_term_string}"},"query-input":"required name=search_term_string"}],"inLanguage":"es"},{"@type":"Organization","@id":"https:\/\/www.celttv.com.ar\/#organization","name":"CELTTV","url":"https:\/\/www.celttv.com.ar\/","sameAs":["https:\/\/www.youtube.com\/channel\/UCz_oIt8Hig64Ub-EmcNPIhg","https:\/\/www.facebook.com\/celtTV\/"],"logo":{"@type":"ImageObject","inLanguage":"es","@id":"https:\/\/www.celttv.com.ar\/#\/schema\/logo\/image\/","url":"http:\/\/www.celttv.com.ar\/wp-content\/uploads\/2022\/08\/logo-1.png","contentUrl":"http:\/\/www.celttv.com.ar\/wp-content\/uploads\/2022\/08\/logo-1.png","width":461,"height":159,"caption":"CELTTV"},"image":{"@id":"https:\/\/www.celttv.com.ar\/#\/schema\/logo\/image\/"}},{"@type":"Person","@id":"https:\/\/www.celttv.com.ar\/#\/schema\/person\/6d99c072dba59953809c81446e9d0ace","name":"ulises","image":{"@type":"ImageObject","inLanguage":"es","@id":"https:\/\/www.celttv.com.ar\/#\/schema\/person\/image\/","url":"https:\/\/secure.gravatar.com\/avatar\/7f2c48bdc33b30088f941fb6082e555f2874c98e20cb159d7b92b50eadfce793?s=96&d=mm&r=g","contentUrl":"https:\/\/secure.gravatar.com\/avatar\/7f2c48bdc33b30088f941fb6082e555f2874c98e20cb159d7b92b50eadfce793?s=96&d=mm&r=g","caption":"ulises"},"sameAs":["http:\/\/www.celttv.com.ar"]}]}},"_links":{"self":[{"href":"https:\/\/www.celttv.com.ar\/index.php\/wp-json\/wp\/v2\/posts\/19543","targetHints":{"allow":["GET"]}}],"collection":[{"href":"https:\/\/www.celttv.com.ar\/index.php\/wp-json\/wp\/v2\/posts"}],"about":[{"href":"https:\/\/www.celttv.com.ar\/index.php\/wp-json\/wp\/v2\/types\/post"}],"author":[{"embeddable":true,"href":"https:\/\/www.celttv.com.ar\/index.php\/wp-json\/wp\/v2\/users\/1"}],"replies":[{"embeddable":true,"href":"https:\/\/www.celttv.com.ar\/index.php\/wp-json\/wp\/v2\/comments?post=19543"}],"version-history":[{"count":0,"href":"https:\/\/www.celttv.com.ar\/index.php\/wp-json\/wp\/v2\/posts\/19543\/revisions"}],"wp:attachment":[{"href":"https:\/\/www.celttv.com.ar\/index.php\/wp-json\/wp\/v2\/media?parent=19543"}],"wp:term":[{"taxonomy":"category","embeddable":true,"href":"https:\/\/www.celttv.com.ar\/index.php\/wp-json\/wp\/v2\/categories?post=19543"},{"taxonomy":"post_tag","embeddable":true,"href":"https:\/\/www.celttv.com.ar\/index.php\/wp-json\/wp\/v2\/tags?post=19543"}],"curies":[{"name":"wp","href":"https:\/\/api.w.org\/{rel}","templated":true}]}}