{"id":19556,"date":"2014-04-14T19:10:02","date_gmt":"2014-04-14T19:10:02","guid":{"rendered":"http:\/\/www.tvcnoticias.com.ar\/?p=19556"},"modified":"2014-04-14T19:10:02","modified_gmt":"2014-04-14T19:10:02","slug":"el-aniversario-de-tornquist-se-celebrara-el-miercoles-con-una-inauguracion-especial","status":"publish","type":"post","link":"https:\/\/www.celttv.com.ar\/index.php\/2014\/04\/14\/el-aniversario-de-tornquist-se-celebrara-el-miercoles-con-una-inauguracion-especial\/","title":{"rendered":"EL ANIVERSARIO DE TORNQUIST SE CELEBRARA EL MIERCOLES CON UNA INAUGURACION ESPECIAL"},"content":{"rendered":"<p><img loading=\"lazy\" decoding=\"async\" class=\"aligncenter size-medium wp-image-19558\" title=\"DSC04370 (960x1280) (Medium)\" src=\"http:\/\/www.tvcnoticias.com.ar\/wp-content\/uploads\/2014\/04\/DSC04370-960x1280-Medium-337x450.jpg\" alt=\"\" width=\"337\" height=\"450\" \/>La celebraci\u00f3n por el 131\u00b0 aniversario de la ciudad de Tornquist contendr\u00e1 un hecho por dem\u00e1s especial: se inaugurar\u00e1 la puesta en valor e iluminaci\u00f3n del hist\u00f3rico Palacio Municipal, obra desarrollada y dirigida en 1938 por el arquitecto e ingeniero Francisco Salamone.<br \/>\nEl intendente municipal, licenciado Gustavo Trankels, invita a instituciones, entidades educativas y vecinos del distrito a participar del importante acto, que se llevar\u00e1 a cabo a partir de las 19.30, frente al majestuoso edificio comunal.<br \/>\nDurante el desarrollo del festejo, se homenajear\u00e1 a personas destacadas por su trayectoria en la comunidad y se pondr\u00e1 en marcha el sistema lum\u00ednico que resaltar\u00e1 la figura del Palacio Municipal.<br \/>\nEl cronograma del acto es el siguiente:<br \/>\n&#8211;\u00a0\u00a0\u00a0\u00a0\u00a0\u00a0\u00a0\u00a0\u00a0 19.15 hs: Concentraci\u00f3n de autoridades.<br \/>\n&#8211;\u00a0\u00a0\u00a0\u00a0\u00a0\u00a0\u00a0\u00a0\u00a0 19.30 hs: Inicio acto protocolar<br \/>\nArr\u00edo del Pabell\u00f3n Nacional y la Bandera Bonaerense.<br \/>\nHimno Nacional Argentino, entonado por Jonathan Rond\u00e1n.<br \/>\nOraci\u00f3n a cargo del cura p\u00e1rroco Norberto L\u00f3pez.<br \/>\nPalabras alusivas, a cargo del intendente municipal, licenciado Gustavo Trankels.<br \/>\nHimno a Tornquist, entonado por Gabriela Antivero.<br \/>\nActuaci\u00f3n de la Escuela Folkl\u00f3rica Municipal.<br \/>\nReconocimiento a pobladores.<br \/>\nVideo alusivo al Palacio Municipal.<br \/>\nInauguraci\u00f3n de la puesta en valor e iluminaci\u00f3n del Palacio Municipal.<br \/>\n&nbsp;<br \/>\n&nbsp;<\/p>\n","protected":false},"excerpt":{"rendered":"<p>La celebraci\u00f3n por el 131\u00b0 aniversario de la ciudad de Tornquist contendr\u00e1 un hecho por dem\u00e1s especial: se inaugurar\u00e1 la puesta en valor e iluminaci\u00f3n del hist\u00f3rico Palacio Municipal, obra desarrollada y dirigida en 1938 por el arquitecto e ingeniero Francisco Salamone. El intendente municipal, licenciado Gustavo Trankels, invita a instituciones, entidades educativas y vecinos [&hellip;]<\/p>\n","protected":false},"author":1,"featured_media":0,"comment_status":"closed","ping_status":"open","sticky":false,"template":"","format":"standard","meta":{"footnotes":""},"categories":[51,52,53],"tags":[],"class_list":["post-19556","post","type-post","status-publish","format-standard","hentry","category-comunidad","category-destacadas","category-politica"],"yoast_head":"<!-- This site is optimized with the Yoast SEO plugin v19.7.1 - https:\/\/yoast.com\/wordpress\/plugins\/seo\/ -->\n<title>EL ANIVERSARIO DE TORNQUIST SE CELEBRARA EL MIERCOLES CON UNA INAUGURACION ESPECIAL - CELTTV<\/title>\n<meta name=\"description\" content=\"Sitio web de noticias de la localidad de Tornquist, provincia de Buenos Aires, Rep\u00fablica Argentina. Contenido propio originado por periodistas de CELTTV, el canal de TV local de la Cooperativa El\u00e9ctrica de Tornquist. Turismo, Pol\u00edtica, Sociedad, Deporte, Cultura y todo el contenido de inter\u00e9s general que la gente del pueblo y la regi\u00f3n debe conocer.\" \/>\n<meta name=\"robots\" content=\"index, follow, max-snippet:-1, max-image-preview:large, max-video-preview:-1\" \/>\n<link rel=\"canonical\" href=\"https:\/\/www.celttv.com.ar\/index.php\/2014\/04\/14\/el-aniversario-de-tornquist-se-celebrara-el-miercoles-con-una-inauguracion-especial\/\" \/>\n<meta property=\"og:locale\" content=\"es_ES\" \/>\n<meta property=\"og:type\" content=\"article\" \/>\n<meta property=\"og:title\" content=\"EL ANIVERSARIO DE TORNQUIST SE CELEBRARA EL MIERCOLES CON UNA INAUGURACION ESPECIAL - CELTTV\" \/>\n<meta property=\"og:description\" content=\"Sitio web de noticias de la localidad de Tornquist, provincia de Buenos Aires, Rep\u00fablica Argentina. Contenido propio originado por periodistas de CELTTV, el canal de TV local de la Cooperativa El\u00e9ctrica de Tornquist. Turismo, Pol\u00edtica, Sociedad, Deporte, Cultura y todo el contenido de inter\u00e9s general que la gente del pueblo y la regi\u00f3n debe conocer.\" \/>\n<meta property=\"og:url\" content=\"https:\/\/www.celttv.com.ar\/index.php\/2014\/04\/14\/el-aniversario-de-tornquist-se-celebrara-el-miercoles-con-una-inauguracion-especial\/\" \/>\n<meta property=\"og:site_name\" content=\"CELTTV\" \/>\n<meta property=\"article:publisher\" content=\"https:\/\/www.facebook.com\/celtTV\/\" \/>\n<meta property=\"article:published_time\" content=\"2014-04-14T19:10:02+00:00\" \/>\n<meta property=\"og:image\" content=\"http:\/\/www.tvcnoticias.com.ar\/wp-content\/uploads\/2014\/04\/DSC04370-960x1280-Medium-337x450.jpg\" \/>\n<meta name=\"author\" content=\"ulises\" \/>\n<meta name=\"twitter:card\" content=\"summary_large_image\" \/>\n<meta name=\"twitter:label1\" content=\"Escrito por\" \/>\n\t<meta name=\"twitter:data1\" content=\"ulises\" \/>\n\t<meta name=\"twitter:label2\" content=\"Tiempo de lectura\" \/>\n\t<meta name=\"twitter:data2\" content=\"1 minuto\" \/>\n<script type=\"application\/ld+json\" class=\"yoast-schema-graph\">{\"@context\":\"https:\/\/schema.org\",\"@graph\":[{\"@type\":\"NewsArticle\",\"@id\":\"https:\/\/www.celttv.com.ar\/index.php\/2014\/04\/14\/el-aniversario-de-tornquist-se-celebrara-el-miercoles-con-una-inauguracion-especial\/#article\",\"isPartOf\":{\"@id\":\"https:\/\/www.celttv.com.ar\/index.php\/2014\/04\/14\/el-aniversario-de-tornquist-se-celebrara-el-miercoles-con-una-inauguracion-especial\/\"},\"author\":{\"name\":\"ulises\",\"@id\":\"https:\/\/www.celttv.com.ar\/#\/schema\/person\/6d99c072dba59953809c81446e9d0ace\"},\"headline\":\"EL ANIVERSARIO DE TORNQUIST SE CELEBRARA EL MIERCOLES CON UNA INAUGURACION ESPECIAL\",\"datePublished\":\"2014-04-14T19:10:02+00:00\",\"dateModified\":\"2014-04-14T19:10:02+00:00\",\"mainEntityOfPage\":{\"@id\":\"https:\/\/www.celttv.com.ar\/index.php\/2014\/04\/14\/el-aniversario-de-tornquist-se-celebrara-el-miercoles-con-una-inauguracion-especial\/\"},\"wordCount\":217,\"publisher\":{\"@id\":\"https:\/\/www.celttv.com.ar\/#organization\"},\"articleSection\":[\"Comunidad\",\"Destacadas\",\"Pol\u00edtica\"],\"inLanguage\":\"es\"},{\"@type\":\"WebPage\",\"@id\":\"https:\/\/www.celttv.com.ar\/index.php\/2014\/04\/14\/el-aniversario-de-tornquist-se-celebrara-el-miercoles-con-una-inauguracion-especial\/\",\"url\":\"https:\/\/www.celttv.com.ar\/index.php\/2014\/04\/14\/el-aniversario-de-tornquist-se-celebrara-el-miercoles-con-una-inauguracion-especial\/\",\"name\":\"EL ANIVERSARIO DE TORNQUIST SE CELEBRARA EL MIERCOLES CON UNA INAUGURACION ESPECIAL - CELTTV\",\"isPartOf\":{\"@id\":\"https:\/\/www.celttv.com.ar\/#website\"},\"datePublished\":\"2014-04-14T19:10:02+00:00\",\"dateModified\":\"2014-04-14T19:10:02+00:00\",\"description\":\"Sitio web de noticias de la localidad de Tornquist, provincia de Buenos Aires, Rep\u00fablica Argentina. Contenido propio originado por periodistas de CELTTV, el canal de TV local de la Cooperativa El\u00e9ctrica de Tornquist. Turismo, Pol\u00edtica, Sociedad, Deporte, Cultura y todo el contenido de inter\u00e9s general que la gente del pueblo y la regi\u00f3n debe conocer.\",\"breadcrumb\":{\"@id\":\"https:\/\/www.celttv.com.ar\/index.php\/2014\/04\/14\/el-aniversario-de-tornquist-se-celebrara-el-miercoles-con-una-inauguracion-especial\/#breadcrumb\"},\"inLanguage\":\"es\",\"potentialAction\":[{\"@type\":\"ReadAction\",\"target\":[\"https:\/\/www.celttv.com.ar\/index.php\/2014\/04\/14\/el-aniversario-de-tornquist-se-celebrara-el-miercoles-con-una-inauguracion-especial\/\"]}]},{\"@type\":\"BreadcrumbList\",\"@id\":\"https:\/\/www.celttv.com.ar\/index.php\/2014\/04\/14\/el-aniversario-de-tornquist-se-celebrara-el-miercoles-con-una-inauguracion-especial\/#breadcrumb\",\"itemListElement\":[{\"@type\":\"ListItem\",\"position\":1,\"name\":\"Inicio\",\"item\":\"https:\/\/www.celttv.com.ar\/\"},{\"@type\":\"ListItem\",\"position\":2,\"name\":\"EL ANIVERSARIO DE TORNQUIST SE CELEBRARA EL MIERCOLES CON UNA INAUGURACION ESPECIAL\"}]},{\"@type\":\"WebSite\",\"@id\":\"https:\/\/www.celttv.com.ar\/#website\",\"url\":\"https:\/\/www.celttv.com.ar\/\",\"name\":\"CELTTV\",\"description\":\"Cooperativa El\u00e9ctrica de Tornquist\",\"publisher\":{\"@id\":\"https:\/\/www.celttv.com.ar\/#organization\"},\"potentialAction\":[{\"@type\":\"SearchAction\",\"target\":{\"@type\":\"EntryPoint\",\"urlTemplate\":\"https:\/\/www.celttv.com.ar\/?s={search_term_string}\"},\"query-input\":\"required name=search_term_string\"}],\"inLanguage\":\"es\"},{\"@type\":\"Organization\",\"@id\":\"https:\/\/www.celttv.com.ar\/#organization\",\"name\":\"CELTTV\",\"url\":\"https:\/\/www.celttv.com.ar\/\",\"sameAs\":[\"https:\/\/www.youtube.com\/channel\/UCz_oIt8Hig64Ub-EmcNPIhg\",\"https:\/\/www.facebook.com\/celtTV\/\"],\"logo\":{\"@type\":\"ImageObject\",\"inLanguage\":\"es\",\"@id\":\"https:\/\/www.celttv.com.ar\/#\/schema\/logo\/image\/\",\"url\":\"http:\/\/www.celttv.com.ar\/wp-content\/uploads\/2022\/08\/logo-1.png\",\"contentUrl\":\"http:\/\/www.celttv.com.ar\/wp-content\/uploads\/2022\/08\/logo-1.png\",\"width\":461,\"height\":159,\"caption\":\"CELTTV\"},\"image\":{\"@id\":\"https:\/\/www.celttv.com.ar\/#\/schema\/logo\/image\/\"}},{\"@type\":\"Person\",\"@id\":\"https:\/\/www.celttv.com.ar\/#\/schema\/person\/6d99c072dba59953809c81446e9d0ace\",\"name\":\"ulises\",\"image\":{\"@type\":\"ImageObject\",\"inLanguage\":\"es\",\"@id\":\"https:\/\/www.celttv.com.ar\/#\/schema\/person\/image\/\",\"url\":\"https:\/\/secure.gravatar.com\/avatar\/7f2c48bdc33b30088f941fb6082e555f2874c98e20cb159d7b92b50eadfce793?s=96&d=mm&r=g\",\"contentUrl\":\"https:\/\/secure.gravatar.com\/avatar\/7f2c48bdc33b30088f941fb6082e555f2874c98e20cb159d7b92b50eadfce793?s=96&d=mm&r=g\",\"caption\":\"ulises\"},\"sameAs\":[\"http:\/\/www.celttv.com.ar\"]}]}<\/script>\n<!-- \/ Yoast SEO plugin. -->","yoast_head_json":{"title":"EL ANIVERSARIO DE TORNQUIST SE CELEBRARA EL MIERCOLES CON UNA INAUGURACION ESPECIAL - CELTTV","description":"Sitio web de noticias de la localidad de Tornquist, provincia de Buenos Aires, Rep\u00fablica Argentina. Contenido propio originado por periodistas de CELTTV, el canal de TV local de la Cooperativa El\u00e9ctrica de Tornquist. Turismo, Pol\u00edtica, Sociedad, Deporte, Cultura y todo el contenido de inter\u00e9s general que la gente del pueblo y la regi\u00f3n debe conocer.","robots":{"index":"index","follow":"follow","max-snippet":"max-snippet:-1","max-image-preview":"max-image-preview:large","max-video-preview":"max-video-preview:-1"},"canonical":"https:\/\/www.celttv.com.ar\/index.php\/2014\/04\/14\/el-aniversario-de-tornquist-se-celebrara-el-miercoles-con-una-inauguracion-especial\/","og_locale":"es_ES","og_type":"article","og_title":"EL ANIVERSARIO DE TORNQUIST SE CELEBRARA EL MIERCOLES CON UNA INAUGURACION ESPECIAL - CELTTV","og_description":"Sitio web de noticias de la localidad de Tornquist, provincia de Buenos Aires, Rep\u00fablica Argentina. Contenido propio originado por periodistas de CELTTV, el canal de TV local de la Cooperativa El\u00e9ctrica de Tornquist. Turismo, Pol\u00edtica, Sociedad, Deporte, Cultura y todo el contenido de inter\u00e9s general que la gente del pueblo y la regi\u00f3n debe conocer.","og_url":"https:\/\/www.celttv.com.ar\/index.php\/2014\/04\/14\/el-aniversario-de-tornquist-se-celebrara-el-miercoles-con-una-inauguracion-especial\/","og_site_name":"CELTTV","article_publisher":"https:\/\/www.facebook.com\/celtTV\/","article_published_time":"2014-04-14T19:10:02+00:00","og_image":[{"url":"http:\/\/www.tvcnoticias.com.ar\/wp-content\/uploads\/2014\/04\/DSC04370-960x1280-Medium-337x450.jpg"}],"author":"ulises","twitter_card":"summary_large_image","twitter_misc":{"Escrito por":"ulises","Tiempo de lectura":"1 minuto"},"schema":{"@context":"https:\/\/schema.org","@graph":[{"@type":"NewsArticle","@id":"https:\/\/www.celttv.com.ar\/index.php\/2014\/04\/14\/el-aniversario-de-tornquist-se-celebrara-el-miercoles-con-una-inauguracion-especial\/#article","isPartOf":{"@id":"https:\/\/www.celttv.com.ar\/index.php\/2014\/04\/14\/el-aniversario-de-tornquist-se-celebrara-el-miercoles-con-una-inauguracion-especial\/"},"author":{"name":"ulises","@id":"https:\/\/www.celttv.com.ar\/#\/schema\/person\/6d99c072dba59953809c81446e9d0ace"},"headline":"EL ANIVERSARIO DE TORNQUIST SE CELEBRARA EL MIERCOLES CON UNA INAUGURACION ESPECIAL","datePublished":"2014-04-14T19:10:02+00:00","dateModified":"2014-04-14T19:10:02+00:00","mainEntityOfPage":{"@id":"https:\/\/www.celttv.com.ar\/index.php\/2014\/04\/14\/el-aniversario-de-tornquist-se-celebrara-el-miercoles-con-una-inauguracion-especial\/"},"wordCount":217,"publisher":{"@id":"https:\/\/www.celttv.com.ar\/#organization"},"articleSection":["Comunidad","Destacadas","Pol\u00edtica"],"inLanguage":"es"},{"@type":"WebPage","@id":"https:\/\/www.celttv.com.ar\/index.php\/2014\/04\/14\/el-aniversario-de-tornquist-se-celebrara-el-miercoles-con-una-inauguracion-especial\/","url":"https:\/\/www.celttv.com.ar\/index.php\/2014\/04\/14\/el-aniversario-de-tornquist-se-celebrara-el-miercoles-con-una-inauguracion-especial\/","name":"EL ANIVERSARIO DE TORNQUIST SE CELEBRARA EL MIERCOLES CON UNA INAUGURACION ESPECIAL - CELTTV","isPartOf":{"@id":"https:\/\/www.celttv.com.ar\/#website"},"datePublished":"2014-04-14T19:10:02+00:00","dateModified":"2014-04-14T19:10:02+00:00","description":"Sitio web de noticias de la localidad de Tornquist, provincia de Buenos Aires, Rep\u00fablica Argentina. Contenido propio originado por periodistas de CELTTV, el canal de TV local de la Cooperativa El\u00e9ctrica de Tornquist. Turismo, Pol\u00edtica, Sociedad, Deporte, Cultura y todo el contenido de inter\u00e9s general que la gente del pueblo y la regi\u00f3n debe conocer.","breadcrumb":{"@id":"https:\/\/www.celttv.com.ar\/index.php\/2014\/04\/14\/el-aniversario-de-tornquist-se-celebrara-el-miercoles-con-una-inauguracion-especial\/#breadcrumb"},"inLanguage":"es","potentialAction":[{"@type":"ReadAction","target":["https:\/\/www.celttv.com.ar\/index.php\/2014\/04\/14\/el-aniversario-de-tornquist-se-celebrara-el-miercoles-con-una-inauguracion-especial\/"]}]},{"@type":"BreadcrumbList","@id":"https:\/\/www.celttv.com.ar\/index.php\/2014\/04\/14\/el-aniversario-de-tornquist-se-celebrara-el-miercoles-con-una-inauguracion-especial\/#breadcrumb","itemListElement":[{"@type":"ListItem","position":1,"name":"Inicio","item":"https:\/\/www.celttv.com.ar\/"},{"@type":"ListItem","position":2,"name":"EL ANIVERSARIO DE TORNQUIST SE CELEBRARA EL MIERCOLES CON UNA INAUGURACION ESPECIAL"}]},{"@type":"WebSite","@id":"https:\/\/www.celttv.com.ar\/#website","url":"https:\/\/www.celttv.com.ar\/","name":"CELTTV","description":"Cooperativa El\u00e9ctrica de Tornquist","publisher":{"@id":"https:\/\/www.celttv.com.ar\/#organization"},"potentialAction":[{"@type":"SearchAction","target":{"@type":"EntryPoint","urlTemplate":"https:\/\/www.celttv.com.ar\/?s={search_term_string}"},"query-input":"required name=search_term_string"}],"inLanguage":"es"},{"@type":"Organization","@id":"https:\/\/www.celttv.com.ar\/#organization","name":"CELTTV","url":"https:\/\/www.celttv.com.ar\/","sameAs":["https:\/\/www.youtube.com\/channel\/UCz_oIt8Hig64Ub-EmcNPIhg","https:\/\/www.facebook.com\/celtTV\/"],"logo":{"@type":"ImageObject","inLanguage":"es","@id":"https:\/\/www.celttv.com.ar\/#\/schema\/logo\/image\/","url":"http:\/\/www.celttv.com.ar\/wp-content\/uploads\/2022\/08\/logo-1.png","contentUrl":"http:\/\/www.celttv.com.ar\/wp-content\/uploads\/2022\/08\/logo-1.png","width":461,"height":159,"caption":"CELTTV"},"image":{"@id":"https:\/\/www.celttv.com.ar\/#\/schema\/logo\/image\/"}},{"@type":"Person","@id":"https:\/\/www.celttv.com.ar\/#\/schema\/person\/6d99c072dba59953809c81446e9d0ace","name":"ulises","image":{"@type":"ImageObject","inLanguage":"es","@id":"https:\/\/www.celttv.com.ar\/#\/schema\/person\/image\/","url":"https:\/\/secure.gravatar.com\/avatar\/7f2c48bdc33b30088f941fb6082e555f2874c98e20cb159d7b92b50eadfce793?s=96&d=mm&r=g","contentUrl":"https:\/\/secure.gravatar.com\/avatar\/7f2c48bdc33b30088f941fb6082e555f2874c98e20cb159d7b92b50eadfce793?s=96&d=mm&r=g","caption":"ulises"},"sameAs":["http:\/\/www.celttv.com.ar"]}]}},"_links":{"self":[{"href":"https:\/\/www.celttv.com.ar\/index.php\/wp-json\/wp\/v2\/posts\/19556","targetHints":{"allow":["GET"]}}],"collection":[{"href":"https:\/\/www.celttv.com.ar\/index.php\/wp-json\/wp\/v2\/posts"}],"about":[{"href":"https:\/\/www.celttv.com.ar\/index.php\/wp-json\/wp\/v2\/types\/post"}],"author":[{"embeddable":true,"href":"https:\/\/www.celttv.com.ar\/index.php\/wp-json\/wp\/v2\/users\/1"}],"replies":[{"embeddable":true,"href":"https:\/\/www.celttv.com.ar\/index.php\/wp-json\/wp\/v2\/comments?post=19556"}],"version-history":[{"count":0,"href":"https:\/\/www.celttv.com.ar\/index.php\/wp-json\/wp\/v2\/posts\/19556\/revisions"}],"wp:attachment":[{"href":"https:\/\/www.celttv.com.ar\/index.php\/wp-json\/wp\/v2\/media?parent=19556"}],"wp:term":[{"taxonomy":"category","embeddable":true,"href":"https:\/\/www.celttv.com.ar\/index.php\/wp-json\/wp\/v2\/categories?post=19556"},{"taxonomy":"post_tag","embeddable":true,"href":"https:\/\/www.celttv.com.ar\/index.php\/wp-json\/wp\/v2\/tags?post=19556"}],"curies":[{"name":"wp","href":"https:\/\/api.w.org\/{rel}","templated":true}]}}