{"id":19913,"date":"2014-04-29T23:29:45","date_gmt":"2014-04-29T23:29:45","guid":{"rendered":"http:\/\/www.tvcnoticias.com.ar\/?p=19913"},"modified":"2014-04-29T23:29:45","modified_gmt":"2014-04-29T23:29:45","slug":"anunciaron-el-regreso-de-la-final-provincial-en-los-juegos-ba-2014","status":"publish","type":"post","link":"https:\/\/www.celttv.com.ar\/index.php\/2014\/04\/29\/anunciaron-el-regreso-de-la-final-provincial-en-los-juegos-ba-2014\/","title":{"rendered":"ANUNCIARON EL REGRESO DE LA FINAL PROVINCIAL EN LOS JUEGOS BA 2014"},"content":{"rendered":"<p><a rel=\"attachment wp-att-19914\" href=\"http:\/\/www.tvcnoticias.com.ar\/?attachment_id=19914\"><img loading=\"lazy\" decoding=\"async\" class=\"aligncenter size-medium wp-image-19914\" title=\"DSCN3714 (1280x960) (Small)\" src=\"http:\/\/www.tvcnoticias.com.ar\/wp-content\/uploads\/2014\/04\/DSCN3714-1280x960-Small-450x337.jpg\" alt=\"\" width=\"450\" height=\"337\" \/><\/a><br \/>\nCon el anuncio del regreso de la etapa provincial para las disciplinas de juveniles y que el certamen ser\u00e1 clasificatorio para los Juegos Nacionales Evita, se realiz\u00f3 en la ma\u00f1ana de hoy el lanzamiento para la Sexta Secci\u00f3n Electoral de los Juegos BA 2014.<br \/>\nEl acto se desarroll\u00f3 en el Teatro Rodolfo Funke, con la presencia del intendente municipal, licenciado Gustavo Trankels; el director provincial de los Juegos BA, Mariano Flores; el secretario de Turismo, Cultura y Deportes municipal, Leandro Pascale; el director de Deportes, profesor Jorge Schmidt; y la directora de Cultura, profesora Andrea Camus.<br \/>\nTambi\u00e9n particip\u00f3 una delegaci\u00f3n de funcionarios bonaerenses de la Secretar\u00eda de Deportes que se reuni\u00f3 con los diferentes representantes de los distritos de la regi\u00f3n, con el objetivo de coordinar y articular distintas cuestiones inherentes a la competencia provincial.<br \/>\nLa gran noticia de la jornada result\u00f3 el anuncio del regreso de la etapa provincial para las 40 disciplinas (entre deportivas y culturales, tanto juveniles como de adultos mayores) que conforman el programa. La instancia final se desarrollar\u00e1 en Mar del Plata, a mitad de octubre, y clasificar\u00e1 a la delegaci\u00f3n que representar\u00e1 a la provincia de Buenos Aires en los Juegos Nacionales Evita.<br \/>\n\u201cEs una alegr\u00eda que nos hayan elegido como sede para el lanzamiento de los Juegos. Una vez m\u00e1s le quiero agradecer al gobernador Daniel Scioli por ponernos siempre en su agenda de trabajo y a Alejandro Rodr\u00edguez, que es nuestro secretario de Deportes provincial\u201d, explic\u00f3 Trankels.<br \/>\n\u201cTenemos la suerte de contar en nuestra casa con Mariano Flores, director de los Juegos BA, que est\u00e1 realizando este lanzamiento ante los secretarios y directores de Cultura y Deportes de toda la zona, con excelentes novedades para el a\u00f1o. Los juegos sirven para articular e incluir a j\u00f3venes y adultos\u201d, afirm\u00f3.<br \/>\nPor su parte, Flores destac\u00f3 la posibilidad de poder organizar nuevamente la final bonaerense en la ciudad balnearia, con 10 mil personas compitiendo por convertirse en el mejor en su respectiva disciplina.<br \/>\n\u201cLa Provincia se encuentra dividida en 24 regiones competitivas, de las cuales 12 llegar\u00e1n a la final, que ser\u00e1 clasificatoria para los Juegos Nacionales Evita. El a\u00f1o pasado, por problemas presupuestarios no pudimos tener la final del \u00e1rea de juveniles. Entend\u00edamos que la mayor participaci\u00f3n se registra en la etapa distrital y regional, por eso planteamos un programa con esas dos instancias. Sab\u00edamos que este a\u00f1o nos deb\u00edamos la etapa en Mar del Plata. Para eso trabaj\u00f3 Alejandro Rodr\u00edguez, en comunicaci\u00f3n constante con el gobernador Daniel Scioli, quien nos dio el okey para salir adelante\u201d, confi\u00f3.<br \/>\nEn nuestro distrito, las inscripciones comenzar\u00e1n a registrarse el pr\u00f3ximo lunes. Para las disciplinas deportivas, se recepcionar\u00e1n en el Gimnasio Municipal \u201cEva Per\u00f3n\u201d, mientras que cultura y adultos mayores deber\u00e1n hacerlo en el Centro Cultural. En ambos casos ser\u00e1 de 8 a 13 horas.<br \/>\n&nbsp;<br \/>\n&nbsp;<\/p>\n","protected":false},"excerpt":{"rendered":"<p>Con el anuncio del regreso de la etapa provincial para las disciplinas de juveniles y que el certamen ser\u00e1 clasificatorio para los Juegos Nacionales Evita, se realiz\u00f3 en la ma\u00f1ana de hoy el lanzamiento para la Sexta Secci\u00f3n Electoral de los Juegos BA 2014. El acto se desarroll\u00f3 en el Teatro Rodolfo Funke, con la [&hellip;]<\/p>\n","protected":false},"author":1,"featured_media":0,"comment_status":"closed","ping_status":"open","sticky":false,"template":"","format":"standard","meta":{"footnotes":""},"categories":[51,60,52,53],"tags":[],"class_list":["post-19913","post","type-post","status-publish","format-standard","hentry","category-comunidad","category-deporte","category-destacadas","category-politica"],"yoast_head":"<!-- This site is optimized with the Yoast SEO plugin v19.7.1 - https:\/\/yoast.com\/wordpress\/plugins\/seo\/ -->\n<title>ANUNCIARON EL REGRESO DE LA FINAL PROVINCIAL EN LOS JUEGOS BA 2014 - CELTTV<\/title>\n<meta name=\"description\" content=\"Sitio web de noticias de la localidad de Tornquist, provincia de Buenos Aires, Rep\u00fablica Argentina. Contenido propio originado por periodistas de CELTTV, el canal de TV local de la Cooperativa El\u00e9ctrica de Tornquist. Turismo, Pol\u00edtica, Sociedad, Deporte, Cultura y todo el contenido de inter\u00e9s general que la gente del pueblo y la regi\u00f3n debe conocer.\" \/>\n<meta name=\"robots\" content=\"index, follow, max-snippet:-1, max-image-preview:large, max-video-preview:-1\" \/>\n<link rel=\"canonical\" href=\"https:\/\/www.celttv.com.ar\/index.php\/2014\/04\/29\/anunciaron-el-regreso-de-la-final-provincial-en-los-juegos-ba-2014\/\" \/>\n<meta property=\"og:locale\" content=\"es_ES\" \/>\n<meta property=\"og:type\" content=\"article\" \/>\n<meta property=\"og:title\" content=\"ANUNCIARON EL REGRESO DE LA FINAL PROVINCIAL EN LOS JUEGOS BA 2014 - CELTTV\" \/>\n<meta property=\"og:description\" content=\"Sitio web de noticias de la localidad de Tornquist, provincia de Buenos Aires, Rep\u00fablica Argentina. Contenido propio originado por periodistas de CELTTV, el canal de TV local de la Cooperativa El\u00e9ctrica de Tornquist. Turismo, Pol\u00edtica, Sociedad, Deporte, Cultura y todo el contenido de inter\u00e9s general que la gente del pueblo y la regi\u00f3n debe conocer.\" \/>\n<meta property=\"og:url\" content=\"https:\/\/www.celttv.com.ar\/index.php\/2014\/04\/29\/anunciaron-el-regreso-de-la-final-provincial-en-los-juegos-ba-2014\/\" \/>\n<meta property=\"og:site_name\" content=\"CELTTV\" \/>\n<meta property=\"article:publisher\" content=\"https:\/\/www.facebook.com\/celtTV\/\" \/>\n<meta property=\"article:published_time\" content=\"2014-04-29T23:29:45+00:00\" \/>\n<meta property=\"og:image\" content=\"http:\/\/www.tvcnoticias.com.ar\/wp-content\/uploads\/2014\/04\/DSCN3714-1280x960-Small-450x337.jpg\" \/>\n<meta name=\"author\" content=\"ulises\" \/>\n<meta name=\"twitter:card\" content=\"summary_large_image\" \/>\n<meta name=\"twitter:label1\" content=\"Escrito por\" \/>\n\t<meta name=\"twitter:data1\" content=\"ulises\" \/>\n\t<meta name=\"twitter:label2\" content=\"Tiempo de lectura\" \/>\n\t<meta name=\"twitter:data2\" content=\"2 minutos\" \/>\n<script type=\"application\/ld+json\" class=\"yoast-schema-graph\">{\"@context\":\"https:\/\/schema.org\",\"@graph\":[{\"@type\":\"NewsArticle\",\"@id\":\"https:\/\/www.celttv.com.ar\/index.php\/2014\/04\/29\/anunciaron-el-regreso-de-la-final-provincial-en-los-juegos-ba-2014\/#article\",\"isPartOf\":{\"@id\":\"https:\/\/www.celttv.com.ar\/index.php\/2014\/04\/29\/anunciaron-el-regreso-de-la-final-provincial-en-los-juegos-ba-2014\/\"},\"author\":{\"name\":\"ulises\",\"@id\":\"https:\/\/www.celttv.com.ar\/#\/schema\/person\/6d99c072dba59953809c81446e9d0ace\"},\"headline\":\"ANUNCIARON EL REGRESO DE LA FINAL PROVINCIAL EN LOS JUEGOS BA 2014\",\"datePublished\":\"2014-04-29T23:29:45+00:00\",\"dateModified\":\"2014-04-29T23:29:45+00:00\",\"mainEntityOfPage\":{\"@id\":\"https:\/\/www.celttv.com.ar\/index.php\/2014\/04\/29\/anunciaron-el-regreso-de-la-final-provincial-en-los-juegos-ba-2014\/\"},\"wordCount\":505,\"publisher\":{\"@id\":\"https:\/\/www.celttv.com.ar\/#organization\"},\"articleSection\":[\"Comunidad\",\"Deporte\",\"Destacadas\",\"Pol\u00edtica\"],\"inLanguage\":\"es\"},{\"@type\":\"WebPage\",\"@id\":\"https:\/\/www.celttv.com.ar\/index.php\/2014\/04\/29\/anunciaron-el-regreso-de-la-final-provincial-en-los-juegos-ba-2014\/\",\"url\":\"https:\/\/www.celttv.com.ar\/index.php\/2014\/04\/29\/anunciaron-el-regreso-de-la-final-provincial-en-los-juegos-ba-2014\/\",\"name\":\"ANUNCIARON EL REGRESO DE LA FINAL PROVINCIAL EN LOS JUEGOS BA 2014 - CELTTV\",\"isPartOf\":{\"@id\":\"https:\/\/www.celttv.com.ar\/#website\"},\"datePublished\":\"2014-04-29T23:29:45+00:00\",\"dateModified\":\"2014-04-29T23:29:45+00:00\",\"description\":\"Sitio web de noticias de la localidad de Tornquist, provincia de Buenos Aires, Rep\u00fablica Argentina. Contenido propio originado por periodistas de CELTTV, el canal de TV local de la Cooperativa El\u00e9ctrica de Tornquist. Turismo, Pol\u00edtica, Sociedad, Deporte, Cultura y todo el contenido de inter\u00e9s general que la gente del pueblo y la regi\u00f3n debe conocer.\",\"breadcrumb\":{\"@id\":\"https:\/\/www.celttv.com.ar\/index.php\/2014\/04\/29\/anunciaron-el-regreso-de-la-final-provincial-en-los-juegos-ba-2014\/#breadcrumb\"},\"inLanguage\":\"es\",\"potentialAction\":[{\"@type\":\"ReadAction\",\"target\":[\"https:\/\/www.celttv.com.ar\/index.php\/2014\/04\/29\/anunciaron-el-regreso-de-la-final-provincial-en-los-juegos-ba-2014\/\"]}]},{\"@type\":\"BreadcrumbList\",\"@id\":\"https:\/\/www.celttv.com.ar\/index.php\/2014\/04\/29\/anunciaron-el-regreso-de-la-final-provincial-en-los-juegos-ba-2014\/#breadcrumb\",\"itemListElement\":[{\"@type\":\"ListItem\",\"position\":1,\"name\":\"Inicio\",\"item\":\"https:\/\/www.celttv.com.ar\/\"},{\"@type\":\"ListItem\",\"position\":2,\"name\":\"ANUNCIARON EL REGRESO DE LA FINAL PROVINCIAL EN LOS JUEGOS BA 2014\"}]},{\"@type\":\"WebSite\",\"@id\":\"https:\/\/www.celttv.com.ar\/#website\",\"url\":\"https:\/\/www.celttv.com.ar\/\",\"name\":\"CELTTV\",\"description\":\"Cooperativa El\u00e9ctrica de Tornquist\",\"publisher\":{\"@id\":\"https:\/\/www.celttv.com.ar\/#organization\"},\"potentialAction\":[{\"@type\":\"SearchAction\",\"target\":{\"@type\":\"EntryPoint\",\"urlTemplate\":\"https:\/\/www.celttv.com.ar\/?s={search_term_string}\"},\"query-input\":\"required name=search_term_string\"}],\"inLanguage\":\"es\"},{\"@type\":\"Organization\",\"@id\":\"https:\/\/www.celttv.com.ar\/#organization\",\"name\":\"CELTTV\",\"url\":\"https:\/\/www.celttv.com.ar\/\",\"sameAs\":[\"https:\/\/www.youtube.com\/channel\/UCz_oIt8Hig64Ub-EmcNPIhg\",\"https:\/\/www.facebook.com\/celtTV\/\"],\"logo\":{\"@type\":\"ImageObject\",\"inLanguage\":\"es\",\"@id\":\"https:\/\/www.celttv.com.ar\/#\/schema\/logo\/image\/\",\"url\":\"http:\/\/www.celttv.com.ar\/wp-content\/uploads\/2022\/08\/logo-1.png\",\"contentUrl\":\"http:\/\/www.celttv.com.ar\/wp-content\/uploads\/2022\/08\/logo-1.png\",\"width\":461,\"height\":159,\"caption\":\"CELTTV\"},\"image\":{\"@id\":\"https:\/\/www.celttv.com.ar\/#\/schema\/logo\/image\/\"}},{\"@type\":\"Person\",\"@id\":\"https:\/\/www.celttv.com.ar\/#\/schema\/person\/6d99c072dba59953809c81446e9d0ace\",\"name\":\"ulises\",\"image\":{\"@type\":\"ImageObject\",\"inLanguage\":\"es\",\"@id\":\"https:\/\/www.celttv.com.ar\/#\/schema\/person\/image\/\",\"url\":\"https:\/\/secure.gravatar.com\/avatar\/7f2c48bdc33b30088f941fb6082e555f2874c98e20cb159d7b92b50eadfce793?s=96&d=mm&r=g\",\"contentUrl\":\"https:\/\/secure.gravatar.com\/avatar\/7f2c48bdc33b30088f941fb6082e555f2874c98e20cb159d7b92b50eadfce793?s=96&d=mm&r=g\",\"caption\":\"ulises\"},\"sameAs\":[\"http:\/\/www.celttv.com.ar\"]}]}<\/script>\n<!-- \/ Yoast SEO plugin. -->","yoast_head_json":{"title":"ANUNCIARON EL REGRESO DE LA FINAL PROVINCIAL EN LOS JUEGOS BA 2014 - CELTTV","description":"Sitio web de noticias de la localidad de Tornquist, provincia de Buenos Aires, Rep\u00fablica Argentina. Contenido propio originado por periodistas de CELTTV, el canal de TV local de la Cooperativa El\u00e9ctrica de Tornquist. Turismo, Pol\u00edtica, Sociedad, Deporte, Cultura y todo el contenido de inter\u00e9s general que la gente del pueblo y la regi\u00f3n debe conocer.","robots":{"index":"index","follow":"follow","max-snippet":"max-snippet:-1","max-image-preview":"max-image-preview:large","max-video-preview":"max-video-preview:-1"},"canonical":"https:\/\/www.celttv.com.ar\/index.php\/2014\/04\/29\/anunciaron-el-regreso-de-la-final-provincial-en-los-juegos-ba-2014\/","og_locale":"es_ES","og_type":"article","og_title":"ANUNCIARON EL REGRESO DE LA FINAL PROVINCIAL EN LOS JUEGOS BA 2014 - CELTTV","og_description":"Sitio web de noticias de la localidad de Tornquist, provincia de Buenos Aires, Rep\u00fablica Argentina. Contenido propio originado por periodistas de CELTTV, el canal de TV local de la Cooperativa El\u00e9ctrica de Tornquist. Turismo, Pol\u00edtica, Sociedad, Deporte, Cultura y todo el contenido de inter\u00e9s general que la gente del pueblo y la regi\u00f3n debe conocer.","og_url":"https:\/\/www.celttv.com.ar\/index.php\/2014\/04\/29\/anunciaron-el-regreso-de-la-final-provincial-en-los-juegos-ba-2014\/","og_site_name":"CELTTV","article_publisher":"https:\/\/www.facebook.com\/celtTV\/","article_published_time":"2014-04-29T23:29:45+00:00","og_image":[{"url":"http:\/\/www.tvcnoticias.com.ar\/wp-content\/uploads\/2014\/04\/DSCN3714-1280x960-Small-450x337.jpg"}],"author":"ulises","twitter_card":"summary_large_image","twitter_misc":{"Escrito por":"ulises","Tiempo de lectura":"2 minutos"},"schema":{"@context":"https:\/\/schema.org","@graph":[{"@type":"NewsArticle","@id":"https:\/\/www.celttv.com.ar\/index.php\/2014\/04\/29\/anunciaron-el-regreso-de-la-final-provincial-en-los-juegos-ba-2014\/#article","isPartOf":{"@id":"https:\/\/www.celttv.com.ar\/index.php\/2014\/04\/29\/anunciaron-el-regreso-de-la-final-provincial-en-los-juegos-ba-2014\/"},"author":{"name":"ulises","@id":"https:\/\/www.celttv.com.ar\/#\/schema\/person\/6d99c072dba59953809c81446e9d0ace"},"headline":"ANUNCIARON EL REGRESO DE LA FINAL PROVINCIAL EN LOS JUEGOS BA 2014","datePublished":"2014-04-29T23:29:45+00:00","dateModified":"2014-04-29T23:29:45+00:00","mainEntityOfPage":{"@id":"https:\/\/www.celttv.com.ar\/index.php\/2014\/04\/29\/anunciaron-el-regreso-de-la-final-provincial-en-los-juegos-ba-2014\/"},"wordCount":505,"publisher":{"@id":"https:\/\/www.celttv.com.ar\/#organization"},"articleSection":["Comunidad","Deporte","Destacadas","Pol\u00edtica"],"inLanguage":"es"},{"@type":"WebPage","@id":"https:\/\/www.celttv.com.ar\/index.php\/2014\/04\/29\/anunciaron-el-regreso-de-la-final-provincial-en-los-juegos-ba-2014\/","url":"https:\/\/www.celttv.com.ar\/index.php\/2014\/04\/29\/anunciaron-el-regreso-de-la-final-provincial-en-los-juegos-ba-2014\/","name":"ANUNCIARON EL REGRESO DE LA FINAL PROVINCIAL EN LOS JUEGOS BA 2014 - CELTTV","isPartOf":{"@id":"https:\/\/www.celttv.com.ar\/#website"},"datePublished":"2014-04-29T23:29:45+00:00","dateModified":"2014-04-29T23:29:45+00:00","description":"Sitio web de noticias de la localidad de Tornquist, provincia de Buenos Aires, Rep\u00fablica Argentina. Contenido propio originado por periodistas de CELTTV, el canal de TV local de la Cooperativa El\u00e9ctrica de Tornquist. Turismo, Pol\u00edtica, Sociedad, Deporte, Cultura y todo el contenido de inter\u00e9s general que la gente del pueblo y la regi\u00f3n debe conocer.","breadcrumb":{"@id":"https:\/\/www.celttv.com.ar\/index.php\/2014\/04\/29\/anunciaron-el-regreso-de-la-final-provincial-en-los-juegos-ba-2014\/#breadcrumb"},"inLanguage":"es","potentialAction":[{"@type":"ReadAction","target":["https:\/\/www.celttv.com.ar\/index.php\/2014\/04\/29\/anunciaron-el-regreso-de-la-final-provincial-en-los-juegos-ba-2014\/"]}]},{"@type":"BreadcrumbList","@id":"https:\/\/www.celttv.com.ar\/index.php\/2014\/04\/29\/anunciaron-el-regreso-de-la-final-provincial-en-los-juegos-ba-2014\/#breadcrumb","itemListElement":[{"@type":"ListItem","position":1,"name":"Inicio","item":"https:\/\/www.celttv.com.ar\/"},{"@type":"ListItem","position":2,"name":"ANUNCIARON EL REGRESO DE LA FINAL PROVINCIAL EN LOS JUEGOS BA 2014"}]},{"@type":"WebSite","@id":"https:\/\/www.celttv.com.ar\/#website","url":"https:\/\/www.celttv.com.ar\/","name":"CELTTV","description":"Cooperativa El\u00e9ctrica de Tornquist","publisher":{"@id":"https:\/\/www.celttv.com.ar\/#organization"},"potentialAction":[{"@type":"SearchAction","target":{"@type":"EntryPoint","urlTemplate":"https:\/\/www.celttv.com.ar\/?s={search_term_string}"},"query-input":"required name=search_term_string"}],"inLanguage":"es"},{"@type":"Organization","@id":"https:\/\/www.celttv.com.ar\/#organization","name":"CELTTV","url":"https:\/\/www.celttv.com.ar\/","sameAs":["https:\/\/www.youtube.com\/channel\/UCz_oIt8Hig64Ub-EmcNPIhg","https:\/\/www.facebook.com\/celtTV\/"],"logo":{"@type":"ImageObject","inLanguage":"es","@id":"https:\/\/www.celttv.com.ar\/#\/schema\/logo\/image\/","url":"http:\/\/www.celttv.com.ar\/wp-content\/uploads\/2022\/08\/logo-1.png","contentUrl":"http:\/\/www.celttv.com.ar\/wp-content\/uploads\/2022\/08\/logo-1.png","width":461,"height":159,"caption":"CELTTV"},"image":{"@id":"https:\/\/www.celttv.com.ar\/#\/schema\/logo\/image\/"}},{"@type":"Person","@id":"https:\/\/www.celttv.com.ar\/#\/schema\/person\/6d99c072dba59953809c81446e9d0ace","name":"ulises","image":{"@type":"ImageObject","inLanguage":"es","@id":"https:\/\/www.celttv.com.ar\/#\/schema\/person\/image\/","url":"https:\/\/secure.gravatar.com\/avatar\/7f2c48bdc33b30088f941fb6082e555f2874c98e20cb159d7b92b50eadfce793?s=96&d=mm&r=g","contentUrl":"https:\/\/secure.gravatar.com\/avatar\/7f2c48bdc33b30088f941fb6082e555f2874c98e20cb159d7b92b50eadfce793?s=96&d=mm&r=g","caption":"ulises"},"sameAs":["http:\/\/www.celttv.com.ar"]}]}},"_links":{"self":[{"href":"https:\/\/www.celttv.com.ar\/index.php\/wp-json\/wp\/v2\/posts\/19913","targetHints":{"allow":["GET"]}}],"collection":[{"href":"https:\/\/www.celttv.com.ar\/index.php\/wp-json\/wp\/v2\/posts"}],"about":[{"href":"https:\/\/www.celttv.com.ar\/index.php\/wp-json\/wp\/v2\/types\/post"}],"author":[{"embeddable":true,"href":"https:\/\/www.celttv.com.ar\/index.php\/wp-json\/wp\/v2\/users\/1"}],"replies":[{"embeddable":true,"href":"https:\/\/www.celttv.com.ar\/index.php\/wp-json\/wp\/v2\/comments?post=19913"}],"version-history":[{"count":0,"href":"https:\/\/www.celttv.com.ar\/index.php\/wp-json\/wp\/v2\/posts\/19913\/revisions"}],"wp:attachment":[{"href":"https:\/\/www.celttv.com.ar\/index.php\/wp-json\/wp\/v2\/media?parent=19913"}],"wp:term":[{"taxonomy":"category","embeddable":true,"href":"https:\/\/www.celttv.com.ar\/index.php\/wp-json\/wp\/v2\/categories?post=19913"},{"taxonomy":"post_tag","embeddable":true,"href":"https:\/\/www.celttv.com.ar\/index.php\/wp-json\/wp\/v2\/tags?post=19913"}],"curies":[{"name":"wp","href":"https:\/\/api.w.org\/{rel}","templated":true}]}}