{"id":19927,"date":"2014-04-30T14:02:48","date_gmt":"2014-04-30T14:02:48","guid":{"rendered":"http:\/\/www.tvcnoticias.com.ar\/?p=19927"},"modified":"2014-04-30T14:02:48","modified_gmt":"2014-04-30T14:02:48","slug":"futbol-sanciones-del-tribunal-de-penas-2","status":"publish","type":"post","link":"https:\/\/www.celttv.com.ar\/index.php\/2014\/04\/30\/futbol-sanciones-del-tribunal-de-penas-2\/","title":{"rendered":"F\u00daTBOL \/ SANCIONES DEL TRIBUNAL DE PENAS"},"content":{"rendered":"<p><a rel=\"attachment wp-att-19928\" href=\"http:\/\/www.tvcnoticias.com.ar\/?attachment_id=19928\"><img loading=\"lazy\" decoding=\"async\" class=\"aligncenter size-medium wp-image-19928\" title=\"1430 - ARCO Y PELOTA (Medium)\" src=\"http:\/\/www.tvcnoticias.com.ar\/wp-content\/uploads\/2014\/04\/1430-ARCO-Y-PELOTA-Medium5-450x261.jpg\" alt=\"\" width=\"450\" height=\"261\" \/><\/a>En la reuni\u00f3n de anoche, el cuerpo disciplinario de la Liga Regional de Coronel Su\u00e1rez aplic\u00f3 las siguientes sanciones:<br \/>\nPRIMERA DIVISI\u00d3N: 3 fechas a \u00c1ngel Tapia (Deportivo Argentino); 2 partidos a Ezequiel Oliveira y Francisco Schroh (ambos de El Progreso); 1 cotejo a Bautista Waigel (San Mart\u00edn de Santa Trinidad), Alejandro Gabillondo (Pe\u00f1arol de Pig\u00fc\u00e9), Gabriel Arg\u00fcello (San Mart\u00edn de Saavedra), Nicol\u00e1s De la Canal (Empleados de Comercio), H\u00e9ctor Fogel (San Mart\u00edn de Carhu\u00e9), Gianfranco Gonz\u00e1lez (Pe\u00f1arol de Guamin\u00ed) y Facundo Romero (Atl\u00e9tico Huanguel\u00e9n).<br \/>\nProvisoria para Maximiliano Banegas (Uni\u00f3n de Tornquist) y Ezequiel Porta (Racing Club).<br \/>\nRESERVA: 5 partidos a Bruno Koller (Tiro Federal de Puan); 1 fecha a Tom\u00e1s Pin (El Progreso), Leandro Hoyos y Franco Ferreyra (los dos de Deportivo Sarmiento), Nicol\u00e1s Olaverr\u00eda (Pe\u00f1arol de Pig\u00fc\u00e9) y Juan Fern\u00e1ndez (Racing Club). Provisoria para Fausto Aller (San Mart\u00edn de Saavedra).<br \/>\nINFERIORES: 3 partidos a Federico Leiva (5ta. de Empleados de Comercio); 1 encuentro a Federico Bravo (5ta. de Atl\u00e9tico Huanguel\u00e9n), Mart\u00edn Schwindt (5ta. de Deportivo Sarmiento), Federico L\u00f3pez (5ta. de Tiro Federal de Puan) y Bruno Rovhein (5ta. de Boca Juniors). Provisoria para Brian Salazar (5ta. de Uni\u00f3n de Tornquist).<br \/>\nEn tanto Mat\u00edas Schroh (Deportivo Sarmiento) y Juan Manuel Dietrich (Pe\u00f1arol de Pig\u00fc\u00e9), que fueron informados en el partido final del Torneo del Interior ante El Fort\u00edn, deber\u00e1n cumplir la pena que la imponga el Consejo Federal de la AFA en el torneo local dado que finaliz\u00f3 el TDI.<\/p>\n<div><span class=\"text_exposed_show\" style=\"padding: 0px; margin: 0px; font-family: Geneva, Arial, Helvetica, sans-serif; font-size: 12.222222328186035px; line-height: normal;\"><br \/>\n<\/span><\/div>\n","protected":false},"excerpt":{"rendered":"<p>En la reuni\u00f3n de anoche, el cuerpo disciplinario de la Liga Regional de Coronel Su\u00e1rez aplic\u00f3 las siguientes sanciones: PRIMERA DIVISI\u00d3N: 3 fechas a \u00c1ngel Tapia (Deportivo Argentino); 2 partidos a Ezequiel Oliveira y Francisco Schroh (ambos de El Progreso); 1 cotejo a Bautista Waigel (San Mart\u00edn de Santa Trinidad), Alejandro Gabillondo (Pe\u00f1arol de Pig\u00fc\u00e9), [&hellip;]<\/p>\n","protected":false},"author":1,"featured_media":0,"comment_status":"closed","ping_status":"open","sticky":false,"template":"","format":"standard","meta":{"footnotes":""},"categories":[60],"tags":[],"class_list":["post-19927","post","type-post","status-publish","format-standard","hentry","category-deporte"],"yoast_head":"<!-- This site is optimized with the Yoast SEO plugin v19.7.1 - https:\/\/yoast.com\/wordpress\/plugins\/seo\/ -->\n<title>F\u00daTBOL \/ SANCIONES DEL TRIBUNAL DE PENAS - CELTTV<\/title>\n<meta name=\"description\" content=\"Sitio web de noticias de la localidad de Tornquist, provincia de Buenos Aires, Rep\u00fablica Argentina. Contenido propio originado por periodistas de CELTTV, el canal de TV local de la Cooperativa El\u00e9ctrica de Tornquist. Turismo, Pol\u00edtica, Sociedad, Deporte, Cultura y todo el contenido de inter\u00e9s general que la gente del pueblo y la regi\u00f3n debe conocer.\" \/>\n<meta name=\"robots\" content=\"index, follow, max-snippet:-1, max-image-preview:large, max-video-preview:-1\" \/>\n<link rel=\"canonical\" href=\"https:\/\/www.celttv.com.ar\/index.php\/2014\/04\/30\/futbol-sanciones-del-tribunal-de-penas-2\/\" \/>\n<meta property=\"og:locale\" content=\"es_ES\" \/>\n<meta property=\"og:type\" content=\"article\" \/>\n<meta property=\"og:title\" content=\"F\u00daTBOL \/ SANCIONES DEL TRIBUNAL DE PENAS - CELTTV\" \/>\n<meta property=\"og:description\" content=\"Sitio web de noticias de la localidad de Tornquist, provincia de Buenos Aires, Rep\u00fablica Argentina. Contenido propio originado por periodistas de CELTTV, el canal de TV local de la Cooperativa El\u00e9ctrica de Tornquist. Turismo, Pol\u00edtica, Sociedad, Deporte, Cultura y todo el contenido de inter\u00e9s general que la gente del pueblo y la regi\u00f3n debe conocer.\" \/>\n<meta property=\"og:url\" content=\"https:\/\/www.celttv.com.ar\/index.php\/2014\/04\/30\/futbol-sanciones-del-tribunal-de-penas-2\/\" \/>\n<meta property=\"og:site_name\" content=\"CELTTV\" \/>\n<meta property=\"article:publisher\" content=\"https:\/\/www.facebook.com\/celtTV\/\" \/>\n<meta property=\"article:published_time\" content=\"2014-04-30T14:02:48+00:00\" \/>\n<meta property=\"og:image\" content=\"http:\/\/www.tvcnoticias.com.ar\/wp-content\/uploads\/2014\/04\/1430-ARCO-Y-PELOTA-Medium5-450x261.jpg\" \/>\n<meta name=\"author\" content=\"ulises\" \/>\n<meta name=\"twitter:card\" content=\"summary_large_image\" \/>\n<meta name=\"twitter:label1\" content=\"Escrito por\" \/>\n\t<meta name=\"twitter:data1\" content=\"ulises\" \/>\n\t<meta name=\"twitter:label2\" content=\"Tiempo de lectura\" \/>\n\t<meta name=\"twitter:data2\" content=\"1 minuto\" \/>\n<script type=\"application\/ld+json\" class=\"yoast-schema-graph\">{\"@context\":\"https:\/\/schema.org\",\"@graph\":[{\"@type\":\"NewsArticle\",\"@id\":\"https:\/\/www.celttv.com.ar\/index.php\/2014\/04\/30\/futbol-sanciones-del-tribunal-de-penas-2\/#article\",\"isPartOf\":{\"@id\":\"https:\/\/www.celttv.com.ar\/index.php\/2014\/04\/30\/futbol-sanciones-del-tribunal-de-penas-2\/\"},\"author\":{\"name\":\"ulises\",\"@id\":\"https:\/\/www.celttv.com.ar\/#\/schema\/person\/6d99c072dba59953809c81446e9d0ace\"},\"headline\":\"F\u00daTBOL \/ SANCIONES DEL TRIBUNAL DE PENAS\",\"datePublished\":\"2014-04-30T14:02:48+00:00\",\"dateModified\":\"2014-04-30T14:02:48+00:00\",\"mainEntityOfPage\":{\"@id\":\"https:\/\/www.celttv.com.ar\/index.php\/2014\/04\/30\/futbol-sanciones-del-tribunal-de-penas-2\/\"},\"wordCount\":270,\"publisher\":{\"@id\":\"https:\/\/www.celttv.com.ar\/#organization\"},\"articleSection\":[\"Deporte\"],\"inLanguage\":\"es\"},{\"@type\":\"WebPage\",\"@id\":\"https:\/\/www.celttv.com.ar\/index.php\/2014\/04\/30\/futbol-sanciones-del-tribunal-de-penas-2\/\",\"url\":\"https:\/\/www.celttv.com.ar\/index.php\/2014\/04\/30\/futbol-sanciones-del-tribunal-de-penas-2\/\",\"name\":\"F\u00daTBOL \/ SANCIONES DEL TRIBUNAL DE PENAS - CELTTV\",\"isPartOf\":{\"@id\":\"https:\/\/www.celttv.com.ar\/#website\"},\"datePublished\":\"2014-04-30T14:02:48+00:00\",\"dateModified\":\"2014-04-30T14:02:48+00:00\",\"description\":\"Sitio web de noticias de la localidad de Tornquist, provincia de Buenos Aires, Rep\u00fablica Argentina. Contenido propio originado por periodistas de CELTTV, el canal de TV local de la Cooperativa El\u00e9ctrica de Tornquist. Turismo, Pol\u00edtica, Sociedad, Deporte, Cultura y todo el contenido de inter\u00e9s general que la gente del pueblo y la regi\u00f3n debe conocer.\",\"breadcrumb\":{\"@id\":\"https:\/\/www.celttv.com.ar\/index.php\/2014\/04\/30\/futbol-sanciones-del-tribunal-de-penas-2\/#breadcrumb\"},\"inLanguage\":\"es\",\"potentialAction\":[{\"@type\":\"ReadAction\",\"target\":[\"https:\/\/www.celttv.com.ar\/index.php\/2014\/04\/30\/futbol-sanciones-del-tribunal-de-penas-2\/\"]}]},{\"@type\":\"BreadcrumbList\",\"@id\":\"https:\/\/www.celttv.com.ar\/index.php\/2014\/04\/30\/futbol-sanciones-del-tribunal-de-penas-2\/#breadcrumb\",\"itemListElement\":[{\"@type\":\"ListItem\",\"position\":1,\"name\":\"Inicio\",\"item\":\"https:\/\/www.celttv.com.ar\/\"},{\"@type\":\"ListItem\",\"position\":2,\"name\":\"F\u00daTBOL \/ SANCIONES DEL TRIBUNAL DE PENAS\"}]},{\"@type\":\"WebSite\",\"@id\":\"https:\/\/www.celttv.com.ar\/#website\",\"url\":\"https:\/\/www.celttv.com.ar\/\",\"name\":\"CELTTV\",\"description\":\"Cooperativa El\u00e9ctrica de Tornquist\",\"publisher\":{\"@id\":\"https:\/\/www.celttv.com.ar\/#organization\"},\"potentialAction\":[{\"@type\":\"SearchAction\",\"target\":{\"@type\":\"EntryPoint\",\"urlTemplate\":\"https:\/\/www.celttv.com.ar\/?s={search_term_string}\"},\"query-input\":\"required name=search_term_string\"}],\"inLanguage\":\"es\"},{\"@type\":\"Organization\",\"@id\":\"https:\/\/www.celttv.com.ar\/#organization\",\"name\":\"CELTTV\",\"url\":\"https:\/\/www.celttv.com.ar\/\",\"sameAs\":[\"https:\/\/www.youtube.com\/channel\/UCz_oIt8Hig64Ub-EmcNPIhg\",\"https:\/\/www.facebook.com\/celtTV\/\"],\"logo\":{\"@type\":\"ImageObject\",\"inLanguage\":\"es\",\"@id\":\"https:\/\/www.celttv.com.ar\/#\/schema\/logo\/image\/\",\"url\":\"http:\/\/www.celttv.com.ar\/wp-content\/uploads\/2022\/08\/logo-1.png\",\"contentUrl\":\"http:\/\/www.celttv.com.ar\/wp-content\/uploads\/2022\/08\/logo-1.png\",\"width\":461,\"height\":159,\"caption\":\"CELTTV\"},\"image\":{\"@id\":\"https:\/\/www.celttv.com.ar\/#\/schema\/logo\/image\/\"}},{\"@type\":\"Person\",\"@id\":\"https:\/\/www.celttv.com.ar\/#\/schema\/person\/6d99c072dba59953809c81446e9d0ace\",\"name\":\"ulises\",\"image\":{\"@type\":\"ImageObject\",\"inLanguage\":\"es\",\"@id\":\"https:\/\/www.celttv.com.ar\/#\/schema\/person\/image\/\",\"url\":\"https:\/\/secure.gravatar.com\/avatar\/7f2c48bdc33b30088f941fb6082e555f2874c98e20cb159d7b92b50eadfce793?s=96&d=mm&r=g\",\"contentUrl\":\"https:\/\/secure.gravatar.com\/avatar\/7f2c48bdc33b30088f941fb6082e555f2874c98e20cb159d7b92b50eadfce793?s=96&d=mm&r=g\",\"caption\":\"ulises\"},\"sameAs\":[\"http:\/\/www.celttv.com.ar\"]}]}<\/script>\n<!-- \/ Yoast SEO plugin. -->","yoast_head_json":{"title":"F\u00daTBOL \/ SANCIONES DEL TRIBUNAL DE PENAS - CELTTV","description":"Sitio web de noticias de la localidad de Tornquist, provincia de Buenos Aires, Rep\u00fablica Argentina. Contenido propio originado por periodistas de CELTTV, el canal de TV local de la Cooperativa El\u00e9ctrica de Tornquist. Turismo, Pol\u00edtica, Sociedad, Deporte, Cultura y todo el contenido de inter\u00e9s general que la gente del pueblo y la regi\u00f3n debe conocer.","robots":{"index":"index","follow":"follow","max-snippet":"max-snippet:-1","max-image-preview":"max-image-preview:large","max-video-preview":"max-video-preview:-1"},"canonical":"https:\/\/www.celttv.com.ar\/index.php\/2014\/04\/30\/futbol-sanciones-del-tribunal-de-penas-2\/","og_locale":"es_ES","og_type":"article","og_title":"F\u00daTBOL \/ SANCIONES DEL TRIBUNAL DE PENAS - CELTTV","og_description":"Sitio web de noticias de la localidad de Tornquist, provincia de Buenos Aires, Rep\u00fablica Argentina. Contenido propio originado por periodistas de CELTTV, el canal de TV local de la Cooperativa El\u00e9ctrica de Tornquist. Turismo, Pol\u00edtica, Sociedad, Deporte, Cultura y todo el contenido de inter\u00e9s general que la gente del pueblo y la regi\u00f3n debe conocer.","og_url":"https:\/\/www.celttv.com.ar\/index.php\/2014\/04\/30\/futbol-sanciones-del-tribunal-de-penas-2\/","og_site_name":"CELTTV","article_publisher":"https:\/\/www.facebook.com\/celtTV\/","article_published_time":"2014-04-30T14:02:48+00:00","og_image":[{"url":"http:\/\/www.tvcnoticias.com.ar\/wp-content\/uploads\/2014\/04\/1430-ARCO-Y-PELOTA-Medium5-450x261.jpg"}],"author":"ulises","twitter_card":"summary_large_image","twitter_misc":{"Escrito por":"ulises","Tiempo de lectura":"1 minuto"},"schema":{"@context":"https:\/\/schema.org","@graph":[{"@type":"NewsArticle","@id":"https:\/\/www.celttv.com.ar\/index.php\/2014\/04\/30\/futbol-sanciones-del-tribunal-de-penas-2\/#article","isPartOf":{"@id":"https:\/\/www.celttv.com.ar\/index.php\/2014\/04\/30\/futbol-sanciones-del-tribunal-de-penas-2\/"},"author":{"name":"ulises","@id":"https:\/\/www.celttv.com.ar\/#\/schema\/person\/6d99c072dba59953809c81446e9d0ace"},"headline":"F\u00daTBOL \/ SANCIONES DEL TRIBUNAL DE PENAS","datePublished":"2014-04-30T14:02:48+00:00","dateModified":"2014-04-30T14:02:48+00:00","mainEntityOfPage":{"@id":"https:\/\/www.celttv.com.ar\/index.php\/2014\/04\/30\/futbol-sanciones-del-tribunal-de-penas-2\/"},"wordCount":270,"publisher":{"@id":"https:\/\/www.celttv.com.ar\/#organization"},"articleSection":["Deporte"],"inLanguage":"es"},{"@type":"WebPage","@id":"https:\/\/www.celttv.com.ar\/index.php\/2014\/04\/30\/futbol-sanciones-del-tribunal-de-penas-2\/","url":"https:\/\/www.celttv.com.ar\/index.php\/2014\/04\/30\/futbol-sanciones-del-tribunal-de-penas-2\/","name":"F\u00daTBOL \/ SANCIONES DEL TRIBUNAL DE PENAS - CELTTV","isPartOf":{"@id":"https:\/\/www.celttv.com.ar\/#website"},"datePublished":"2014-04-30T14:02:48+00:00","dateModified":"2014-04-30T14:02:48+00:00","description":"Sitio web de noticias de la localidad de Tornquist, provincia de Buenos Aires, Rep\u00fablica Argentina. Contenido propio originado por periodistas de CELTTV, el canal de TV local de la Cooperativa El\u00e9ctrica de Tornquist. Turismo, Pol\u00edtica, Sociedad, Deporte, Cultura y todo el contenido de inter\u00e9s general que la gente del pueblo y la regi\u00f3n debe conocer.","breadcrumb":{"@id":"https:\/\/www.celttv.com.ar\/index.php\/2014\/04\/30\/futbol-sanciones-del-tribunal-de-penas-2\/#breadcrumb"},"inLanguage":"es","potentialAction":[{"@type":"ReadAction","target":["https:\/\/www.celttv.com.ar\/index.php\/2014\/04\/30\/futbol-sanciones-del-tribunal-de-penas-2\/"]}]},{"@type":"BreadcrumbList","@id":"https:\/\/www.celttv.com.ar\/index.php\/2014\/04\/30\/futbol-sanciones-del-tribunal-de-penas-2\/#breadcrumb","itemListElement":[{"@type":"ListItem","position":1,"name":"Inicio","item":"https:\/\/www.celttv.com.ar\/"},{"@type":"ListItem","position":2,"name":"F\u00daTBOL \/ SANCIONES DEL TRIBUNAL DE PENAS"}]},{"@type":"WebSite","@id":"https:\/\/www.celttv.com.ar\/#website","url":"https:\/\/www.celttv.com.ar\/","name":"CELTTV","description":"Cooperativa El\u00e9ctrica de Tornquist","publisher":{"@id":"https:\/\/www.celttv.com.ar\/#organization"},"potentialAction":[{"@type":"SearchAction","target":{"@type":"EntryPoint","urlTemplate":"https:\/\/www.celttv.com.ar\/?s={search_term_string}"},"query-input":"required name=search_term_string"}],"inLanguage":"es"},{"@type":"Organization","@id":"https:\/\/www.celttv.com.ar\/#organization","name":"CELTTV","url":"https:\/\/www.celttv.com.ar\/","sameAs":["https:\/\/www.youtube.com\/channel\/UCz_oIt8Hig64Ub-EmcNPIhg","https:\/\/www.facebook.com\/celtTV\/"],"logo":{"@type":"ImageObject","inLanguage":"es","@id":"https:\/\/www.celttv.com.ar\/#\/schema\/logo\/image\/","url":"http:\/\/www.celttv.com.ar\/wp-content\/uploads\/2022\/08\/logo-1.png","contentUrl":"http:\/\/www.celttv.com.ar\/wp-content\/uploads\/2022\/08\/logo-1.png","width":461,"height":159,"caption":"CELTTV"},"image":{"@id":"https:\/\/www.celttv.com.ar\/#\/schema\/logo\/image\/"}},{"@type":"Person","@id":"https:\/\/www.celttv.com.ar\/#\/schema\/person\/6d99c072dba59953809c81446e9d0ace","name":"ulises","image":{"@type":"ImageObject","inLanguage":"es","@id":"https:\/\/www.celttv.com.ar\/#\/schema\/person\/image\/","url":"https:\/\/secure.gravatar.com\/avatar\/7f2c48bdc33b30088f941fb6082e555f2874c98e20cb159d7b92b50eadfce793?s=96&d=mm&r=g","contentUrl":"https:\/\/secure.gravatar.com\/avatar\/7f2c48bdc33b30088f941fb6082e555f2874c98e20cb159d7b92b50eadfce793?s=96&d=mm&r=g","caption":"ulises"},"sameAs":["http:\/\/www.celttv.com.ar"]}]}},"_links":{"self":[{"href":"https:\/\/www.celttv.com.ar\/index.php\/wp-json\/wp\/v2\/posts\/19927","targetHints":{"allow":["GET"]}}],"collection":[{"href":"https:\/\/www.celttv.com.ar\/index.php\/wp-json\/wp\/v2\/posts"}],"about":[{"href":"https:\/\/www.celttv.com.ar\/index.php\/wp-json\/wp\/v2\/types\/post"}],"author":[{"embeddable":true,"href":"https:\/\/www.celttv.com.ar\/index.php\/wp-json\/wp\/v2\/users\/1"}],"replies":[{"embeddable":true,"href":"https:\/\/www.celttv.com.ar\/index.php\/wp-json\/wp\/v2\/comments?post=19927"}],"version-history":[{"count":0,"href":"https:\/\/www.celttv.com.ar\/index.php\/wp-json\/wp\/v2\/posts\/19927\/revisions"}],"wp:attachment":[{"href":"https:\/\/www.celttv.com.ar\/index.php\/wp-json\/wp\/v2\/media?parent=19927"}],"wp:term":[{"taxonomy":"category","embeddable":true,"href":"https:\/\/www.celttv.com.ar\/index.php\/wp-json\/wp\/v2\/categories?post=19927"},{"taxonomy":"post_tag","embeddable":true,"href":"https:\/\/www.celttv.com.ar\/index.php\/wp-json\/wp\/v2\/tags?post=19927"}],"curies":[{"name":"wp","href":"https:\/\/api.w.org\/{rel}","templated":true}]}}