{"id":2005,"date":"2011-09-28T21:54:33","date_gmt":"2011-09-28T21:54:33","guid":{"rendered":"http:\/\/www.tvcnoticias.com.ar\/?p=2005"},"modified":"2011-09-28T21:54:33","modified_gmt":"2011-09-28T21:54:33","slug":"sesion-del-hcd-aprueban-la-imagen-turistica-institucional-aire-de-sierras-y-los-logotipos-que-se-establecen-para-cada-localidad","status":"publish","type":"post","link":"https:\/\/www.celttv.com.ar\/index.php\/2011\/09\/28\/sesion-del-hcd-aprueban-la-imagen-turistica-institucional-aire-de-sierras-y-los-logotipos-que-se-establecen-para-cada-localidad\/","title":{"rendered":"Sesi\u00f3n del HCD.: Aprueban la imagen tur\u00edstica institucional \u00abaire de sierras\u00bb y los logotipos que se establecen para cada localidad"},"content":{"rendered":"<p>A partir de las 21:40 hs. aproximadamente comienza la Sesi\u00f3n Ordinaria del d\u00eda, en la que se tratan los siguientes temas:<\/p>\n<p>Comunicaciones Oficiales y Dict\u00e1menes de las Comisiones<\/p>\n<p>Expte. N\u00ba 227\/11: \u201cO.P. \u2013 Comisi\u00f3n Asesora Vial Municipal, adquisici\u00f3n de Motoniveladora por medio de Leasing\u201d.<br \/>\nSe solicita tratamiento sobre Tablas.<br \/>\nSe aprueba por unanimidad la Ordenanza bajo el N\u00ba 2407\/11 por la que se autoriza al Departamento Ejecutivo Municipal a formalizar contratos de locaci\u00f3n con opci\u00f3n a compra bajo la modalidad de contratos de leasing con Provincia Leasing S.A. para la adquisici\u00f3n de una motoniveladora destinada a la Comisi\u00f3n Asesora Vial Municipal del Distrito de Tornquist.-<br \/>\nExpte. N\u00ba 320\/11: \u201cD.E. \u2013 Convalida Acuerdo Marco firmado entre el ENOHSA y el Municipio de Tornquist. Obra: \u201cRed de Agua Potable y Pozo de Abastecimiento\u201d\u201d.<br \/>\nPasa a las Comisiones de Interpretaci\u00f3n y Reglamento, Presupuesto y Hacienda y Obras P\u00fablicas.-<\/p>\n<p>Expte. N\u00ba 321\/11: \u201cD.E. \u2013 Convalida Convenio de Colaboraci\u00f3n y Transferencia Programa Provincial de Infraestructura y Equipamiento B\u00e1sico firmado entre el Mrio. de Infraestructura de la Pcia. de Bs. As. y el Mpio. de Tornquist\u201d.<br \/>\nPasa a las Comisiones de Interpretaci\u00f3n y Reglamento y Presupuesto y Hacienda.-<\/p>\n<p>Expte. N\u00ba 322\/11: \u201cD.E. \u2013 Convalida la firma del Convenio de Colaboraci\u00f3n Institucional entre la Procuraci\u00f3n General de la Suprema Corte de Justicia de la Provincia de Buenos Aires y el Municipio de Tornquist\u201d.<br \/>\nPasa a las Comisiones de Interpretaci\u00f3n y Reglamento y Asuntos Municipales.-<\/p>\n<p>Expte. N\u00ba 325\/11: \u201cD.E. \u2013 Convalida firma del Protocolo Adicional entre el Ministerio de Justicia y Seguridad de la Pcia. de Bs. As. y el Mpio. de Tornquist\u201d.<br \/>\nPasa a las Comisiones de Interpretaci\u00f3n y Reglamento y Presupuesto y Hacienda.-<\/p>\n<p>Expte. N\u00ba 326\/11: \u201cD.E. \u2013 Convalida Firma del Convenio Adicional para la implementaci\u00f3n del Programa de Instalaci\u00f3n de Monitoreo Integral por c\u00e1maras en el Territorio entre el Mrio. de Justicia y Seguridad de la Pcia. de Bs. As. y el Mpio. de Tornquist\u201d.<br \/>\nPasa a las Comisiones de Interpretaci\u00f3n y Reglamento y Presupuesto y Hacienda.-<\/p>\n<p>Expte. N\u00ba 327\/11: \u201cD.E. \u2013 Convalida la firma del Convenio de Fortalecimiento Log\u00edstico entre el Mrio. de Justicia y Seguridad de la Pcia. de Bs. As. y el Mpio. de Tornquist\u201d.<br \/>\nPasa a las Comisiones de Interpretaci\u00f3n y Reglamento y Presupuesto y Hacienda.-<\/p>\n<p>Expte. N\u00ba 339\/11: \u201cCoop. de matarifes y carniceros de Tornquist Ltda..- Ampliaci\u00f3n Contrato de Concesi\u00f3n de uso\u201d.<br \/>\nSe solicita tratamiento sobre Tablas.<br \/>\nSe aprueba por unanimidad la Ordenanza bajo el N\u00ba 2408\/11 por la que se autoriza al Departamento Ejecutivo Municipal a conceder la pr\u00f3rroga de la concesi\u00f3n establecida por\u00a0 Contrato del a\u00f1o mil novecientos ochenta y seis, por el t\u00e9rmino \u00fanico y excepcional de trescientos sesenta y cinco d\u00edas, comenzando el d\u00eda quince de septiembre del a\u00f1o dos mil once, y finiquitando el d\u00eda 15 de septiembre del a\u00f1o dos mil doce.-<\/p>\n<p>Expte. N\u00ba 344\/11: \u201cO.P. \u2013 Sra. Delia Ester Llanos solicita soluci\u00f3n a problem\u00e1tica en Ptda. N\u00ba 1565 de la ciudad de Tornquist\u201d.<br \/>\nSe solicita tratamiento sobre Tablas.<br \/>\nSe aprueba por unanimidad la Ordenanza N\u00ba 2409\/11 pro la que se autoriza, con car\u00e1cter excepcional, la generaci\u00f3n de una parcela con medida de frente inferior a la establecida por Ordenanza N\u00ba 1461\/02, a partir de la divisi\u00f3n del inmueble urbano identificado catastralmente como Circ. I- Secc. A- Mz 11- Pla. 3- Pda. 1565.-<\/p>\n<p>Expte. N\u00ba 6158\/09: \u201cH.C.D \u2013 Proyecto de Ordenanza: Ref. Sociedad de Fomento Villa San Bernardo de Sierra de la Ventana solicita cesi\u00f3n del predio que ocupa desde el a\u00f1o 1987\u201d.<br \/>\nPasa a las Comisiones de Obras P\u00fablicas y Asuntos Municipales.<\/p>\n<p>Expte. N\u00ba 275\/11: \u201cN.P. \u2013 Solicitud deudas de Tasas por Inmuebles\u201d.<br \/>\nDe acuerdo a lo dictaminado por la Comisi\u00f3n de Presupuesto y Hacienda, se aprueba por unanimidad la Ordenanza bajo el N\u00ba 2400\/11, por la que se autoriza al Departamento Ejecutivo a efectuar cancelaciones de deudas de Tasas Municipales a\u00a0 contribuyentes,\u00a0\u00a0 permutando las mismas por inmuebles.-<\/p>\n<p>Expte. N\u00ba 280\/11: \u201cD.E. \u2013 Cooperativa El\u00e9ctrica Limitada de Tornquist solicita permiso para uso del Espacio A\u00e9reo\u201d.<br \/>\nSeg\u00fan lo dictaminado por la Comisi\u00f3n de Obras P\u00fablicas, se aprueba por unanimidad la Ordenanza bajo el N\u00ba 2401\/11 por la cual se otorga a la Cooperativa El\u00e9ctrica Limitada de Tornquist el uso del espacio a\u00e9reo para brindar el servicio de circuito cerrado comunitario de televisi\u00f3n en la ciudad de Tornquist.-<\/p>\n<p>Expte. N\u00ba 283\/11: \u201cD.E. \u2013 Convalida Firma del Contrato de Locaci\u00f3n de Obra entre el Municipio de Tornquist y el Dr. Sebasti\u00e1n Manghi\u201d.<br \/>\nDe acuerdo a lo dictaminado por las Comisiones de Interpretaci\u00f3n y Reglamento, Presupuesto y Hacienda, y Salud P\u00fablica, se aprueba por unanimidad la Ordenanza bajo el N\u00ba 2402\/11, por la que se Convalida el Contrato de Locaci\u00f3n de obra firmado entre el Municipio de Tornquist representado por el Intendente Municipal Lic. Gustavo Trankels, y el Dr. Sebasti\u00e1n Manghi. A trav\u00e9s de este Contrato el Dr. deber\u00e1 llevar a cabo tareas de odontolog\u00eda en las Unidades Sanitarias de Saldungaray, Sierra de la Ventana y Villa Ventana en forma ambulatoria.-<\/p>\n<p>Expte. N\u00ba 284\/11: \u201cD.E. \u2013 Convalida firma del Contrato de Locaci\u00f3n de Obra entre el Municipio de Tornquist y la Dra. Lilia Mercedes Nazarena Enecoiz\u201d.<br \/>\nDe acuerdo a lo dictaminado por las Comisiones de Interpretaci\u00f3n y Reglamento, Presupuesto y Hacienda, y Salud P\u00fablica, se aprueba por unanimidad la Ordenanza bajo el N\u00ba 2403\/11, por la que se Convalida el Contrato de Locaci\u00f3n de obra firmado entre el Municipio de Tornquist representado por el Intendente Municipal Lic. Gustavo Trankels, y la Dra. Lilia Mercedes Nazarena Enecoiz. A trav\u00e9s de este Contrato la Dra. deber\u00e1 llevar a cabo tareas de odontolog\u00eda en las Unidades Sanitarias de Saldungaray, Sierra de la Ventana y Villa Ventana en forma ambulatoria.-<br \/>\nExpte. N\u00ba 285\/11: \u201cD.E. \u2013 Convalida firma del Contrato de Locaci\u00f3n de Obra entre el Municipio de Tornquist y el Dr. Juan Manuel Franciulli\u201d.-<br \/>\nDe acuerdo a lo dictaminado por las Comisiones de Interpretaci\u00f3n y Reglamento, Presupuesto y Hacienda, y Salud P\u00fablica, se aprueba por unanimidad la Ordenanza bajo el N\u00ba 2404\/11, por la que se Convalida el Contrato de Locaci\u00f3n de obra firmado entre el Municipio de Tornquist representado por el Intendente Municipal Lic. Gustavo Trankels, y el Dr. Juan Manuel Franciulli. A trav\u00e9s de este Contrato el Dr.\u00a0 llevar\u00e1 a cabo el servicio de diagn\u00f3stico por im\u00e1genes, ecograf\u00edas e informes de los estudios radiogr\u00e1ficos en el Hospital Municipal y en\u00a0 Unidades Sanitarias del Distrito.-<\/p>\n<p>Expte. N\u00ba 286\/11: \u201cDirecci\u00f3n de Turismo: Solicita aprobaci\u00f3n Imagen Tur\u00edstica Institucional Y Slogan \u201cAire de Sierras\u201d\u201d.<br \/>\nDe acuerdo al dictamen de la Comisi\u00f3n de Turismo y Desarrollo, se aprueba por unanimidad la Ordenanza bajo el N\u00ba 2405\/11, por la se aprueba la imagen tur\u00edstica institucional, el slogan \u201caire de sierras\u201d y los logotipos que se establecen para las\u00a0 localidades de Villa Serrana La Gruta, Villa Ventana, Sierra de la Ventana, Saldungaray y Tornquist, y\u00a0 para la Comarca Tur\u00edstica Sierras de la Ventana- Tornquist.-<\/p>\n<p>Expte. N\u00ba 288\/11: \u201cD.E. \u2013 Convalida Contrato de Locaci\u00f3n entre el Municipio de Tornquist e Inmobiliaria Integral S.A\u201d.<br \/>\nSeg\u00fan lo dictaminado por las Comisiones de Interpretaci\u00f3n y Reglamento y presupuesto y Hacienda, se aprueba por unanimidad la Ordenanza N\u00ba 2406\/11 por la que se Convalida el Contrato de Locaci\u00f3n firmado entre el Intendente Municipal Lic. Gustavo Trankels en representaci\u00f3n de la Municipalidad de Tornquist, y el SR. Juan Carlos Arano, en representaci\u00f3n de la Inmobiliaria Integral S.A., por el inmueble sito en la calle 63 N\u00ba 605 dto. D esquina 7 de la ciudad de La Plata, con destino al alojamiento de estudiantes del Partido de Tornquist, que cursan estudios de nivel superior.-<\/p>\n<p>Expte. N\u00ba 6374\/11: \u201cN.P. \u2013 Mold\u00fa Carrillo Jonathan: Presenta un informe en relaci\u00f3n a Casa del Estudiante de Bah\u00eda Blanca\u201d.<br \/>\nSe aprueba por unanimidad el dictamen de la Comisi\u00f3n de Asuntos Municipales, que aconseja enviar el mismo al Archivo, luego de recibir\u00a0 al informe del Asesor Legal Dr. Carlos Carriquiry.-<br \/>\n\u00a0<br \/>\n\u00a0Expte. N\u00ba 6378\/11: \u201cN.P. \u2013 Alejandro Aiello: Solicita autorizaci\u00f3n para aumento en la tarifa del transporte de l\u00ednea urbana Saldungaray-Tornquist que se encuentra a su cargo\u201d.<br \/>\nSe aprueba por unanimidad el dictamen de la Comisi\u00f3n de Presupuesto y Hacienda que aconseja enviar el mismo al Archivo, al haberse cumplimentado todos los pasos administrativos.-<\/p>\n<p>Expte. N\u00ba 6384\/11: \u201cN.P. \u2013 Juan Ignacio Petroselli Solicita se declare de Inter\u00e9s Municipal a Las \u201cJornadas \u2013 Taller de Construcci\u00f3n Natural\u201d que se realizar\u00e1n del 08 al 14 de Octubre en Saldungaray\u201d.<br \/>\nSe aprueba por unanimidad el dictamen de la Comisi\u00f3n de Asuntos Municipales que aconseja enviar el mismo al Departamento Ejecutivo para que por el \u00e1rea que corresponda de respuesta a lo solicitado.-<\/p>\n<p>Expte. N\u00ba 6386\/11: \u201cBloque F.J.P.V \u2013 P.J., Pdo. de la Victoria y Peronismo Federal: Solicitan declarar de Inter\u00e9s Municipal la exhibici\u00f3n que realiza el CEPT N\u00ba 12 en homenaje al Ex Club Hotel\u201d.<br \/>\nSeg\u00fan lo dictaminado por la Comisi\u00f3n de Asuntos Municipales, se aprueba por unanimidad la Resoluci\u00f3n N\u00ba 10\/11 por la que se Declara de Inter\u00e9s Municipal la exhibici\u00f3n que se realizar\u00e1 el pr\u00f3ximo 11 de noviembre de 2011 en las instalaciones del CEPT N\u00ba 12 de Villa Ventana, en homenaje la centenario del Ex Club Hotel.-<\/p>\n<p>Expte. N\u00ba 6388\/11: \u201cN.P. \u2013 Sindicato de Trabajadores Municipales de Tornquist: Solicita Reuni\u00f3n Tripartita\u201d.<br \/>\nSe aprueba por unanimidad el dictamen de la Comisi\u00f3n de Asuntos Municipales que aconseja enviar el mismo al Departamento Ejecutivo para que analice lo solicitado.-<\/p>\n<p>Asuntos Particulares<br \/>\nN.P. Colegio Nuestra Sra. De Luj\u00e1n: Solicita se declare de Inter\u00e9s Municipal las D\u00e9cimo Quintas Jornadas de Lectura Serrana a llevarse a cabo los d\u00edas 20 y 21 de octubre, y pide colaboraci\u00f3n para solventar los gastos generados por dicho\u00a0 evento.-<br \/>\nSe solicita formaci\u00f3n de Expediente y pase a Comisi\u00f3n.-<\/p>\n<p>N.P. C\u00e1mara Argentina de Comercio y C\u00e1mara del Comercio de Bah\u00eda Blanca: Solicita se declare de Inter\u00e9s Municipal el seminario \u201cComercio y Turismo en Pueblos Rurales, un camino para proyectar el desarrollo regional\u201d.<br \/>\nSe realiza tratamiento sobre Tablas.<br \/>\nSe forma el Expediente N\u00ba 6389\/11 y se aprueba por unanimidad la Resoluci\u00f3n N\u00ba 11\/11 por la que se declara de Inter\u00e9s Municipal el seminario \u201cComercio y Turismo en Pueblos Rurales, un camino para proyectar el desarrollo regional\u201d, a desarrollarse el d\u00eda mi\u00e9rcoles 28 de septiembre en las Instalaciones de la Asociaci\u00f3n de Bomberos Voluntarios de Sierra de la Ventana.<\/p>\n<p>Hacen uso de la palabra los se\u00f1ores Concejales:<br \/>\nConcejal Julio Oviedo:<br \/>\n\u201cLos empleados de comercio hoy est\u00e1n de festejos, y se toman su merecido descanso por ser aquellos que d\u00eda a d\u00eda son la cara visible de supermercados y negocios. Esta nueva celebraci\u00f3n es en homenaje a que en un d\u00eda como este, pero\u00a0 en el a\u00f1o 1933 se sancion\u00f3 la primera Ley de Contrato de Trabajo, ley que benefici\u00f3 con el tiempo a todos los trabajadores, pero fue realizada exclusivamente por empleados de comercio. Quiero reflejar con esta lectura nuestro saludo a todos los empleados de comercio, principalmente del Distrito de Tornquist, y especialmente al Centro de Empleados de Comercio que funciona en Tornquist, al celebrarse hoy el d\u00eda del Empleado de Comercio y que el mismo ha sido declarado por Ley por el Senado y la C\u00e1mara de Diputados como el d\u00eda del Empleado de Comercio asimilaci\u00f3n a feriado nacional, promulgado en diciembre del a\u00f1o 2009. Muchas gracias\u201d.<\/p>\n<p>Concejal Mabel Corvo:<br \/>\n\u201cYo quer\u00eda destacar a Juli\u00e1n C\u00e1neva, que es un joven de nuestro distrito, que el d\u00eda viernes pasado, ha presentado un documental que realiz\u00f3 este joven, que se llama \u201cObjetivo Tornquist\u201d. Con el mismo documental el d\u00eda s\u00e1bado 17 gan\u00f3 en el Festival Latinoamericano de Cine en la ciudad de La Plata. Me parece importante destacar el desarrollo de los grandes valores que se est\u00e1 dando en nuestro distrito, como as\u00ed tambi\u00e9n el encuentro coral que se llev\u00f3 a cabo el d\u00eda s\u00e1bado en el cual se presentaron los tres coros que tenemos en nuestro distrito, en el Teatro Municipal. Much\u00edsimas gracias Sra. Presidente\u201d.<\/p>\n<p>Concejal Julio Oviedo:<br \/>\n\u201cTambi\u00e9n en el d\u00eda de hoy tenemos un cumplea\u00f1os dentro del Cuerpo, as\u00ed que quer\u00edamos de nuestra parte saludar al Concejal Julio Nicolini por su cumplea\u00f1os\u201d.<\/p>\n<p>Concejal Julio Nicolini:<br \/>\n\u201cMuch\u00edsimas gracias Julio, much\u00edsimas gracias a todos los compa\u00f1eros, a todos los Concejales del Cuerpo gracias\u201d.<\/p>\n<p>PRENSA HCD<\/p>\n","protected":false},"excerpt":{"rendered":"<p>A partir de las 21:40 hs. aproximadamente comienza la Sesi\u00f3n Ordinaria del d\u00eda, en la que se tratan los siguientes temas: Comunicaciones Oficiales y Dict\u00e1menes de las Comisiones Expte. N\u00ba 227\/11: \u201cO.P. \u2013 Comisi\u00f3n Asesora Vial Municipal, adquisici\u00f3n de Motoniveladora por medio de Leasing\u201d. Se solicita tratamiento sobre Tablas. Se aprueba por unanimidad la Ordenanza [&hellip;]<\/p>\n","protected":false},"author":1,"featured_media":0,"comment_status":"closed","ping_status":"open","sticky":false,"template":"","format":"standard","meta":{"footnotes":""},"categories":[53],"tags":[],"class_list":["post-2005","post","type-post","status-publish","format-standard","hentry","category-politica"],"yoast_head":"<!-- This site is optimized with the Yoast SEO plugin v19.7.1 - https:\/\/yoast.com\/wordpress\/plugins\/seo\/ -->\n<title>Sesi\u00f3n del HCD.: Aprueban la imagen tur\u00edstica institucional \u00abaire de sierras\u00bb y los logotipos que se establecen para cada localidad - CELTTV<\/title>\n<meta name=\"description\" content=\"Sitio web de noticias de la localidad de Tornquist, provincia de Buenos Aires, Rep\u00fablica Argentina. Contenido propio originado por periodistas de CELTTV, el canal de TV local de la Cooperativa El\u00e9ctrica de Tornquist. Turismo, Pol\u00edtica, Sociedad, Deporte, Cultura y todo el contenido de inter\u00e9s general que la gente del pueblo y la regi\u00f3n debe conocer.\" \/>\n<meta name=\"robots\" content=\"index, follow, max-snippet:-1, max-image-preview:large, max-video-preview:-1\" \/>\n<link rel=\"canonical\" href=\"https:\/\/www.celttv.com.ar\/index.php\/2011\/09\/28\/sesion-del-hcd-aprueban-la-imagen-turistica-institucional-aire-de-sierras-y-los-logotipos-que-se-establecen-para-cada-localidad\/\" \/>\n<meta property=\"og:locale\" content=\"es_ES\" \/>\n<meta property=\"og:type\" content=\"article\" \/>\n<meta property=\"og:title\" content=\"Sesi\u00f3n del HCD.: Aprueban la imagen tur\u00edstica institucional \u00abaire de sierras\u00bb y los logotipos que se establecen para cada localidad - CELTTV\" \/>\n<meta property=\"og:description\" content=\"Sitio web de noticias de la localidad de Tornquist, provincia de Buenos Aires, Rep\u00fablica Argentina. Contenido propio originado por periodistas de CELTTV, el canal de TV local de la Cooperativa El\u00e9ctrica de Tornquist. Turismo, Pol\u00edtica, Sociedad, Deporte, Cultura y todo el contenido de inter\u00e9s general que la gente del pueblo y la regi\u00f3n debe conocer.\" \/>\n<meta property=\"og:url\" content=\"https:\/\/www.celttv.com.ar\/index.php\/2011\/09\/28\/sesion-del-hcd-aprueban-la-imagen-turistica-institucional-aire-de-sierras-y-los-logotipos-que-se-establecen-para-cada-localidad\/\" \/>\n<meta property=\"og:site_name\" content=\"CELTTV\" \/>\n<meta property=\"article:publisher\" content=\"https:\/\/www.facebook.com\/celtTV\/\" \/>\n<meta property=\"article:published_time\" content=\"2011-09-28T21:54:33+00:00\" \/>\n<meta name=\"author\" content=\"ulises\" \/>\n<meta name=\"twitter:card\" content=\"summary_large_image\" \/>\n<meta name=\"twitter:label1\" content=\"Escrito por\" \/>\n\t<meta name=\"twitter:data1\" content=\"ulises\" \/>\n\t<meta name=\"twitter:label2\" content=\"Tiempo de lectura\" \/>\n\t<meta name=\"twitter:data2\" content=\"11 minutos\" \/>\n<script type=\"application\/ld+json\" class=\"yoast-schema-graph\">{\"@context\":\"https:\/\/schema.org\",\"@graph\":[{\"@type\":\"NewsArticle\",\"@id\":\"https:\/\/www.celttv.com.ar\/index.php\/2011\/09\/28\/sesion-del-hcd-aprueban-la-imagen-turistica-institucional-aire-de-sierras-y-los-logotipos-que-se-establecen-para-cada-localidad\/#article\",\"isPartOf\":{\"@id\":\"https:\/\/www.celttv.com.ar\/index.php\/2011\/09\/28\/sesion-del-hcd-aprueban-la-imagen-turistica-institucional-aire-de-sierras-y-los-logotipos-que-se-establecen-para-cada-localidad\/\"},\"author\":{\"name\":\"ulises\",\"@id\":\"https:\/\/www.celttv.com.ar\/#\/schema\/person\/6d99c072dba59953809c81446e9d0ace\"},\"headline\":\"Sesi\u00f3n del HCD.: Aprueban la imagen tur\u00edstica institucional \u00abaire de sierras\u00bb y los logotipos que se establecen para cada localidad\",\"datePublished\":\"2011-09-28T21:54:33+00:00\",\"dateModified\":\"2011-09-28T21:54:33+00:00\",\"mainEntityOfPage\":{\"@id\":\"https:\/\/www.celttv.com.ar\/index.php\/2011\/09\/28\/sesion-del-hcd-aprueban-la-imagen-turistica-institucional-aire-de-sierras-y-los-logotipos-que-se-establecen-para-cada-localidad\/\"},\"wordCount\":2165,\"publisher\":{\"@id\":\"https:\/\/www.celttv.com.ar\/#organization\"},\"articleSection\":[\"Pol\u00edtica\"],\"inLanguage\":\"es\"},{\"@type\":\"WebPage\",\"@id\":\"https:\/\/www.celttv.com.ar\/index.php\/2011\/09\/28\/sesion-del-hcd-aprueban-la-imagen-turistica-institucional-aire-de-sierras-y-los-logotipos-que-se-establecen-para-cada-localidad\/\",\"url\":\"https:\/\/www.celttv.com.ar\/index.php\/2011\/09\/28\/sesion-del-hcd-aprueban-la-imagen-turistica-institucional-aire-de-sierras-y-los-logotipos-que-se-establecen-para-cada-localidad\/\",\"name\":\"Sesi\u00f3n del HCD.: Aprueban la imagen tur\u00edstica institucional \u00abaire de sierras\u00bb y los logotipos que se establecen para cada localidad - CELTTV\",\"isPartOf\":{\"@id\":\"https:\/\/www.celttv.com.ar\/#website\"},\"datePublished\":\"2011-09-28T21:54:33+00:00\",\"dateModified\":\"2011-09-28T21:54:33+00:00\",\"description\":\"Sitio web de noticias de la localidad de Tornquist, provincia de Buenos Aires, Rep\u00fablica Argentina. Contenido propio originado por periodistas de CELTTV, el canal de TV local de la Cooperativa El\u00e9ctrica de Tornquist. Turismo, Pol\u00edtica, Sociedad, Deporte, Cultura y todo el contenido de inter\u00e9s general que la gente del pueblo y la regi\u00f3n debe conocer.\",\"breadcrumb\":{\"@id\":\"https:\/\/www.celttv.com.ar\/index.php\/2011\/09\/28\/sesion-del-hcd-aprueban-la-imagen-turistica-institucional-aire-de-sierras-y-los-logotipos-que-se-establecen-para-cada-localidad\/#breadcrumb\"},\"inLanguage\":\"es\",\"potentialAction\":[{\"@type\":\"ReadAction\",\"target\":[\"https:\/\/www.celttv.com.ar\/index.php\/2011\/09\/28\/sesion-del-hcd-aprueban-la-imagen-turistica-institucional-aire-de-sierras-y-los-logotipos-que-se-establecen-para-cada-localidad\/\"]}]},{\"@type\":\"BreadcrumbList\",\"@id\":\"https:\/\/www.celttv.com.ar\/index.php\/2011\/09\/28\/sesion-del-hcd-aprueban-la-imagen-turistica-institucional-aire-de-sierras-y-los-logotipos-que-se-establecen-para-cada-localidad\/#breadcrumb\",\"itemListElement\":[{\"@type\":\"ListItem\",\"position\":1,\"name\":\"Inicio\",\"item\":\"https:\/\/www.celttv.com.ar\/\"},{\"@type\":\"ListItem\",\"position\":2,\"name\":\"Sesi\u00f3n del HCD.: Aprueban la imagen tur\u00edstica institucional \u00abaire de sierras\u00bb y los logotipos que se establecen para cada localidad\"}]},{\"@type\":\"WebSite\",\"@id\":\"https:\/\/www.celttv.com.ar\/#website\",\"url\":\"https:\/\/www.celttv.com.ar\/\",\"name\":\"CELTTV\",\"description\":\"Cooperativa El\u00e9ctrica de Tornquist\",\"publisher\":{\"@id\":\"https:\/\/www.celttv.com.ar\/#organization\"},\"potentialAction\":[{\"@type\":\"SearchAction\",\"target\":{\"@type\":\"EntryPoint\",\"urlTemplate\":\"https:\/\/www.celttv.com.ar\/?s={search_term_string}\"},\"query-input\":\"required name=search_term_string\"}],\"inLanguage\":\"es\"},{\"@type\":\"Organization\",\"@id\":\"https:\/\/www.celttv.com.ar\/#organization\",\"name\":\"CELTTV\",\"url\":\"https:\/\/www.celttv.com.ar\/\",\"sameAs\":[\"https:\/\/www.youtube.com\/channel\/UCz_oIt8Hig64Ub-EmcNPIhg\",\"https:\/\/www.facebook.com\/celtTV\/\"],\"logo\":{\"@type\":\"ImageObject\",\"inLanguage\":\"es\",\"@id\":\"https:\/\/www.celttv.com.ar\/#\/schema\/logo\/image\/\",\"url\":\"http:\/\/www.celttv.com.ar\/wp-content\/uploads\/2022\/08\/logo-1.png\",\"contentUrl\":\"http:\/\/www.celttv.com.ar\/wp-content\/uploads\/2022\/08\/logo-1.png\",\"width\":461,\"height\":159,\"caption\":\"CELTTV\"},\"image\":{\"@id\":\"https:\/\/www.celttv.com.ar\/#\/schema\/logo\/image\/\"}},{\"@type\":\"Person\",\"@id\":\"https:\/\/www.celttv.com.ar\/#\/schema\/person\/6d99c072dba59953809c81446e9d0ace\",\"name\":\"ulises\",\"image\":{\"@type\":\"ImageObject\",\"inLanguage\":\"es\",\"@id\":\"https:\/\/www.celttv.com.ar\/#\/schema\/person\/image\/\",\"url\":\"https:\/\/secure.gravatar.com\/avatar\/7f2c48bdc33b30088f941fb6082e555f2874c98e20cb159d7b92b50eadfce793?s=96&d=mm&r=g\",\"contentUrl\":\"https:\/\/secure.gravatar.com\/avatar\/7f2c48bdc33b30088f941fb6082e555f2874c98e20cb159d7b92b50eadfce793?s=96&d=mm&r=g\",\"caption\":\"ulises\"},\"sameAs\":[\"http:\/\/www.celttv.com.ar\"]}]}<\/script>\n<!-- \/ Yoast SEO plugin. -->","yoast_head_json":{"title":"Sesi\u00f3n del HCD.: Aprueban la imagen tur\u00edstica institucional \u00abaire de sierras\u00bb y los logotipos que se establecen para cada localidad - CELTTV","description":"Sitio web de noticias de la localidad de Tornquist, provincia de Buenos Aires, Rep\u00fablica Argentina. Contenido propio originado por periodistas de CELTTV, el canal de TV local de la Cooperativa El\u00e9ctrica de Tornquist. Turismo, Pol\u00edtica, Sociedad, Deporte, Cultura y todo el contenido de inter\u00e9s general que la gente del pueblo y la regi\u00f3n debe conocer.","robots":{"index":"index","follow":"follow","max-snippet":"max-snippet:-1","max-image-preview":"max-image-preview:large","max-video-preview":"max-video-preview:-1"},"canonical":"https:\/\/www.celttv.com.ar\/index.php\/2011\/09\/28\/sesion-del-hcd-aprueban-la-imagen-turistica-institucional-aire-de-sierras-y-los-logotipos-que-se-establecen-para-cada-localidad\/","og_locale":"es_ES","og_type":"article","og_title":"Sesi\u00f3n del HCD.: Aprueban la imagen tur\u00edstica institucional \u00abaire de sierras\u00bb y los logotipos que se establecen para cada localidad - CELTTV","og_description":"Sitio web de noticias de la localidad de Tornquist, provincia de Buenos Aires, Rep\u00fablica Argentina. Contenido propio originado por periodistas de CELTTV, el canal de TV local de la Cooperativa El\u00e9ctrica de Tornquist. Turismo, Pol\u00edtica, Sociedad, Deporte, Cultura y todo el contenido de inter\u00e9s general que la gente del pueblo y la regi\u00f3n debe conocer.","og_url":"https:\/\/www.celttv.com.ar\/index.php\/2011\/09\/28\/sesion-del-hcd-aprueban-la-imagen-turistica-institucional-aire-de-sierras-y-los-logotipos-que-se-establecen-para-cada-localidad\/","og_site_name":"CELTTV","article_publisher":"https:\/\/www.facebook.com\/celtTV\/","article_published_time":"2011-09-28T21:54:33+00:00","author":"ulises","twitter_card":"summary_large_image","twitter_misc":{"Escrito por":"ulises","Tiempo de lectura":"11 minutos"},"schema":{"@context":"https:\/\/schema.org","@graph":[{"@type":"NewsArticle","@id":"https:\/\/www.celttv.com.ar\/index.php\/2011\/09\/28\/sesion-del-hcd-aprueban-la-imagen-turistica-institucional-aire-de-sierras-y-los-logotipos-que-se-establecen-para-cada-localidad\/#article","isPartOf":{"@id":"https:\/\/www.celttv.com.ar\/index.php\/2011\/09\/28\/sesion-del-hcd-aprueban-la-imagen-turistica-institucional-aire-de-sierras-y-los-logotipos-que-se-establecen-para-cada-localidad\/"},"author":{"name":"ulises","@id":"https:\/\/www.celttv.com.ar\/#\/schema\/person\/6d99c072dba59953809c81446e9d0ace"},"headline":"Sesi\u00f3n del HCD.: Aprueban la imagen tur\u00edstica institucional \u00abaire de sierras\u00bb y los logotipos que se establecen para cada localidad","datePublished":"2011-09-28T21:54:33+00:00","dateModified":"2011-09-28T21:54:33+00:00","mainEntityOfPage":{"@id":"https:\/\/www.celttv.com.ar\/index.php\/2011\/09\/28\/sesion-del-hcd-aprueban-la-imagen-turistica-institucional-aire-de-sierras-y-los-logotipos-que-se-establecen-para-cada-localidad\/"},"wordCount":2165,"publisher":{"@id":"https:\/\/www.celttv.com.ar\/#organization"},"articleSection":["Pol\u00edtica"],"inLanguage":"es"},{"@type":"WebPage","@id":"https:\/\/www.celttv.com.ar\/index.php\/2011\/09\/28\/sesion-del-hcd-aprueban-la-imagen-turistica-institucional-aire-de-sierras-y-los-logotipos-que-se-establecen-para-cada-localidad\/","url":"https:\/\/www.celttv.com.ar\/index.php\/2011\/09\/28\/sesion-del-hcd-aprueban-la-imagen-turistica-institucional-aire-de-sierras-y-los-logotipos-que-se-establecen-para-cada-localidad\/","name":"Sesi\u00f3n del HCD.: Aprueban la imagen tur\u00edstica institucional \u00abaire de sierras\u00bb y los logotipos que se establecen para cada localidad - CELTTV","isPartOf":{"@id":"https:\/\/www.celttv.com.ar\/#website"},"datePublished":"2011-09-28T21:54:33+00:00","dateModified":"2011-09-28T21:54:33+00:00","description":"Sitio web de noticias de la localidad de Tornquist, provincia de Buenos Aires, Rep\u00fablica Argentina. Contenido propio originado por periodistas de CELTTV, el canal de TV local de la Cooperativa El\u00e9ctrica de Tornquist. Turismo, Pol\u00edtica, Sociedad, Deporte, Cultura y todo el contenido de inter\u00e9s general que la gente del pueblo y la regi\u00f3n debe conocer.","breadcrumb":{"@id":"https:\/\/www.celttv.com.ar\/index.php\/2011\/09\/28\/sesion-del-hcd-aprueban-la-imagen-turistica-institucional-aire-de-sierras-y-los-logotipos-que-se-establecen-para-cada-localidad\/#breadcrumb"},"inLanguage":"es","potentialAction":[{"@type":"ReadAction","target":["https:\/\/www.celttv.com.ar\/index.php\/2011\/09\/28\/sesion-del-hcd-aprueban-la-imagen-turistica-institucional-aire-de-sierras-y-los-logotipos-que-se-establecen-para-cada-localidad\/"]}]},{"@type":"BreadcrumbList","@id":"https:\/\/www.celttv.com.ar\/index.php\/2011\/09\/28\/sesion-del-hcd-aprueban-la-imagen-turistica-institucional-aire-de-sierras-y-los-logotipos-que-se-establecen-para-cada-localidad\/#breadcrumb","itemListElement":[{"@type":"ListItem","position":1,"name":"Inicio","item":"https:\/\/www.celttv.com.ar\/"},{"@type":"ListItem","position":2,"name":"Sesi\u00f3n del HCD.: Aprueban la imagen tur\u00edstica institucional \u00abaire de sierras\u00bb y los logotipos que se establecen para cada localidad"}]},{"@type":"WebSite","@id":"https:\/\/www.celttv.com.ar\/#website","url":"https:\/\/www.celttv.com.ar\/","name":"CELTTV","description":"Cooperativa El\u00e9ctrica de Tornquist","publisher":{"@id":"https:\/\/www.celttv.com.ar\/#organization"},"potentialAction":[{"@type":"SearchAction","target":{"@type":"EntryPoint","urlTemplate":"https:\/\/www.celttv.com.ar\/?s={search_term_string}"},"query-input":"required name=search_term_string"}],"inLanguage":"es"},{"@type":"Organization","@id":"https:\/\/www.celttv.com.ar\/#organization","name":"CELTTV","url":"https:\/\/www.celttv.com.ar\/","sameAs":["https:\/\/www.youtube.com\/channel\/UCz_oIt8Hig64Ub-EmcNPIhg","https:\/\/www.facebook.com\/celtTV\/"],"logo":{"@type":"ImageObject","inLanguage":"es","@id":"https:\/\/www.celttv.com.ar\/#\/schema\/logo\/image\/","url":"http:\/\/www.celttv.com.ar\/wp-content\/uploads\/2022\/08\/logo-1.png","contentUrl":"http:\/\/www.celttv.com.ar\/wp-content\/uploads\/2022\/08\/logo-1.png","width":461,"height":159,"caption":"CELTTV"},"image":{"@id":"https:\/\/www.celttv.com.ar\/#\/schema\/logo\/image\/"}},{"@type":"Person","@id":"https:\/\/www.celttv.com.ar\/#\/schema\/person\/6d99c072dba59953809c81446e9d0ace","name":"ulises","image":{"@type":"ImageObject","inLanguage":"es","@id":"https:\/\/www.celttv.com.ar\/#\/schema\/person\/image\/","url":"https:\/\/secure.gravatar.com\/avatar\/7f2c48bdc33b30088f941fb6082e555f2874c98e20cb159d7b92b50eadfce793?s=96&d=mm&r=g","contentUrl":"https:\/\/secure.gravatar.com\/avatar\/7f2c48bdc33b30088f941fb6082e555f2874c98e20cb159d7b92b50eadfce793?s=96&d=mm&r=g","caption":"ulises"},"sameAs":["http:\/\/www.celttv.com.ar"]}]}},"_links":{"self":[{"href":"https:\/\/www.celttv.com.ar\/index.php\/wp-json\/wp\/v2\/posts\/2005","targetHints":{"allow":["GET"]}}],"collection":[{"href":"https:\/\/www.celttv.com.ar\/index.php\/wp-json\/wp\/v2\/posts"}],"about":[{"href":"https:\/\/www.celttv.com.ar\/index.php\/wp-json\/wp\/v2\/types\/post"}],"author":[{"embeddable":true,"href":"https:\/\/www.celttv.com.ar\/index.php\/wp-json\/wp\/v2\/users\/1"}],"replies":[{"embeddable":true,"href":"https:\/\/www.celttv.com.ar\/index.php\/wp-json\/wp\/v2\/comments?post=2005"}],"version-history":[{"count":1,"href":"https:\/\/www.celttv.com.ar\/index.php\/wp-json\/wp\/v2\/posts\/2005\/revisions"}],"predecessor-version":[{"id":2006,"href":"https:\/\/www.celttv.com.ar\/index.php\/wp-json\/wp\/v2\/posts\/2005\/revisions\/2006"}],"wp:attachment":[{"href":"https:\/\/www.celttv.com.ar\/index.php\/wp-json\/wp\/v2\/media?parent=2005"}],"wp:term":[{"taxonomy":"category","embeddable":true,"href":"https:\/\/www.celttv.com.ar\/index.php\/wp-json\/wp\/v2\/categories?post=2005"},{"taxonomy":"post_tag","embeddable":true,"href":"https:\/\/www.celttv.com.ar\/index.php\/wp-json\/wp\/v2\/tags?post=2005"}],"curies":[{"name":"wp","href":"https:\/\/api.w.org\/{rel}","templated":true}]}}