{"id":20084,"date":"2014-05-08T15:04:17","date_gmt":"2014-05-08T15:04:17","guid":{"rendered":"http:\/\/www.tvcnoticias.com.ar\/?p=20084"},"modified":"2014-05-08T15:04:17","modified_gmt":"2014-05-08T15:04:17","slug":"manana-se-inaugurara-otra-historica-obra-en-tres-picos","status":"publish","type":"post","link":"https:\/\/www.celttv.com.ar\/index.php\/2014\/05\/08\/manana-se-inaugurara-otra-historica-obra-en-tres-picos\/","title":{"rendered":"MA\u00d1ANA SE INAUGURAR\u00c1 OTRA HISTORICA OBRA EN TRES PICOS"},"content":{"rendered":"<p><a rel=\"attachment wp-att-20085\" href=\"http:\/\/www.tvcnoticias.com.ar\/?attachment_id=20085\"><img loading=\"lazy\" decoding=\"async\" class=\"aligncenter size-medium wp-image-20085\" title=\"1459 - TRES PICOS CALEFACTORES (Medium)\" src=\"http:\/\/www.tvcnoticias.com.ar\/wp-content\/uploads\/2014\/05\/1459-TRES-PICOS-CALEFACTORES-Medium-450x337.jpg\" alt=\"\" width=\"450\" height=\"337\" \/><\/a>Con una celebraci\u00f3n acorde a la circunstancia, el pr\u00f3ximo viernes se inaugurar\u00e1 una trascendental obra que convertir\u00e1 a Tres Picos en la primera localidad de la provincia de Buenos Aires en contar con el 100 por ciento de sus viviendas provistas con termotanques solares para calentar el agua de red.<br \/>\nEl corte de cintas de la importante intervenci\u00f3n, ejecutada por la Municipalidad de Tornquist y el Servicios Provincial de Agua Potable y Saneamiento Rural (SPAR), contar\u00e1 con la presencia del intendente municipal, licenciado Gustavo Trankels, y autoridades bonaerenses, entre ellas, el presidente del SPAR, Juan Mar\u00eda Vi\u00f1ales.<br \/>\nLa celebraci\u00f3n, que seguramente colocar\u00e1 a Tres Picos como un ejemplo dentro del territorio provincial, se llevar\u00e1 a cabo en el predio del ferrocarril y comenzar\u00e1 a las 11 horas. Se invita a todos los vecinos del distrito a compartir este momento.<br \/>\nDespu\u00e9s de la hist\u00f3rica obra que permiti\u00f3 dotar a la localidad de agua corriente, inaugurada en marzo de 2011 por la actual gesti\u00f3n municipal, surgi\u00f3 el proyecto de permitir que todos los vecinos accedieran al agua caliente por intermedio de la energ\u00eda solar, sistema ecol\u00f3gico que permite un considerable ahorro para los habitantes.<br \/>\nLa obra comenz\u00f3 a ejecutarse el a\u00f1o pasado y tambi\u00e9n incluye a las diferentes dependencias p\u00fablicas y entidades, como el Sportman Club y los establecimientos educativos.<br \/>\nSin dudas que la obra significar\u00e1 un antes y un despu\u00e9s para Tres Picos, adem\u00e1s de un signo de crecimiento y mejora en la calidad de vida de los vecinos.<br \/>\nDurante el acto, se escuchar\u00e1n palabras alusivas, se realizar\u00e1 una bendici\u00f3n religiosa, habr\u00e1 suelta de palomas y se producir\u00e1 el tradicional corte de cintas, s\u00edmbolo de la puesta en funcionamiento de un sistema que convertir\u00e1 a Tres Picos en el primer pueblo de la provincia de Buenos Aires en contar con el mismo en todas sus viviendas.<br \/>\nPara completar la fiesta, se contar\u00e1 con presencia de la banda del Regimiento N\u00b0 3 Mecanizado de Pig\u00fc\u00e9.<br \/>\n&nbsp;<br \/>\n&nbsp;<\/p>\n","protected":false},"excerpt":{"rendered":"<p>Con una celebraci\u00f3n acorde a la circunstancia, el pr\u00f3ximo viernes se inaugurar\u00e1 una trascendental obra que convertir\u00e1 a Tres Picos en la primera localidad de la provincia de Buenos Aires en contar con el 100 por ciento de sus viviendas provistas con termotanques solares para calentar el agua de red. El corte de cintas de [&hellip;]<\/p>\n","protected":false},"author":1,"featured_media":0,"comment_status":"closed","ping_status":"open","sticky":false,"template":"","format":"standard","meta":{"footnotes":""},"categories":[51,52,53],"tags":[],"class_list":["post-20084","post","type-post","status-publish","format-standard","hentry","category-comunidad","category-destacadas","category-politica"],"yoast_head":"<!-- This site is optimized with the Yoast SEO plugin v19.7.1 - https:\/\/yoast.com\/wordpress\/plugins\/seo\/ -->\n<title>MA\u00d1ANA SE INAUGURAR\u00c1 OTRA HISTORICA OBRA EN TRES PICOS - CELTTV<\/title>\n<meta name=\"description\" content=\"Sitio web de noticias de la localidad de Tornquist, provincia de Buenos Aires, Rep\u00fablica Argentina. Contenido propio originado por periodistas de CELTTV, el canal de TV local de la Cooperativa El\u00e9ctrica de Tornquist. Turismo, Pol\u00edtica, Sociedad, Deporte, Cultura y todo el contenido de inter\u00e9s general que la gente del pueblo y la regi\u00f3n debe conocer.\" \/>\n<meta name=\"robots\" content=\"index, follow, max-snippet:-1, max-image-preview:large, max-video-preview:-1\" \/>\n<link rel=\"canonical\" href=\"https:\/\/www.celttv.com.ar\/index.php\/2014\/05\/08\/manana-se-inaugurara-otra-historica-obra-en-tres-picos\/\" \/>\n<meta property=\"og:locale\" content=\"es_ES\" \/>\n<meta property=\"og:type\" content=\"article\" \/>\n<meta property=\"og:title\" content=\"MA\u00d1ANA SE INAUGURAR\u00c1 OTRA HISTORICA OBRA EN TRES PICOS - CELTTV\" \/>\n<meta property=\"og:description\" content=\"Sitio web de noticias de la localidad de Tornquist, provincia de Buenos Aires, Rep\u00fablica Argentina. Contenido propio originado por periodistas de CELTTV, el canal de TV local de la Cooperativa El\u00e9ctrica de Tornquist. Turismo, Pol\u00edtica, Sociedad, Deporte, Cultura y todo el contenido de inter\u00e9s general que la gente del pueblo y la regi\u00f3n debe conocer.\" \/>\n<meta property=\"og:url\" content=\"https:\/\/www.celttv.com.ar\/index.php\/2014\/05\/08\/manana-se-inaugurara-otra-historica-obra-en-tres-picos\/\" \/>\n<meta property=\"og:site_name\" content=\"CELTTV\" \/>\n<meta property=\"article:publisher\" content=\"https:\/\/www.facebook.com\/celtTV\/\" \/>\n<meta property=\"article:published_time\" content=\"2014-05-08T15:04:17+00:00\" \/>\n<meta property=\"og:image\" content=\"http:\/\/www.tvcnoticias.com.ar\/wp-content\/uploads\/2014\/05\/1459-TRES-PICOS-CALEFACTORES-Medium-450x337.jpg\" \/>\n<meta name=\"author\" content=\"ulises\" \/>\n<meta name=\"twitter:card\" content=\"summary_large_image\" \/>\n<meta name=\"twitter:label1\" content=\"Escrito por\" \/>\n\t<meta name=\"twitter:data1\" content=\"ulises\" \/>\n\t<meta name=\"twitter:label2\" content=\"Tiempo de lectura\" \/>\n\t<meta name=\"twitter:data2\" content=\"2 minutos\" \/>\n<script type=\"application\/ld+json\" class=\"yoast-schema-graph\">{\"@context\":\"https:\/\/schema.org\",\"@graph\":[{\"@type\":\"NewsArticle\",\"@id\":\"https:\/\/www.celttv.com.ar\/index.php\/2014\/05\/08\/manana-se-inaugurara-otra-historica-obra-en-tres-picos\/#article\",\"isPartOf\":{\"@id\":\"https:\/\/www.celttv.com.ar\/index.php\/2014\/05\/08\/manana-se-inaugurara-otra-historica-obra-en-tres-picos\/\"},\"author\":{\"name\":\"ulises\",\"@id\":\"https:\/\/www.celttv.com.ar\/#\/schema\/person\/6d99c072dba59953809c81446e9d0ace\"},\"headline\":\"MA\u00d1ANA SE INAUGURAR\u00c1 OTRA HISTORICA OBRA EN TRES PICOS\",\"datePublished\":\"2014-05-08T15:04:17+00:00\",\"dateModified\":\"2014-05-08T15:04:17+00:00\",\"mainEntityOfPage\":{\"@id\":\"https:\/\/www.celttv.com.ar\/index.php\/2014\/05\/08\/manana-se-inaugurara-otra-historica-obra-en-tres-picos\/\"},\"wordCount\":350,\"publisher\":{\"@id\":\"https:\/\/www.celttv.com.ar\/#organization\"},\"articleSection\":[\"Comunidad\",\"Destacadas\",\"Pol\u00edtica\"],\"inLanguage\":\"es\"},{\"@type\":\"WebPage\",\"@id\":\"https:\/\/www.celttv.com.ar\/index.php\/2014\/05\/08\/manana-se-inaugurara-otra-historica-obra-en-tres-picos\/\",\"url\":\"https:\/\/www.celttv.com.ar\/index.php\/2014\/05\/08\/manana-se-inaugurara-otra-historica-obra-en-tres-picos\/\",\"name\":\"MA\u00d1ANA SE INAUGURAR\u00c1 OTRA HISTORICA OBRA EN TRES PICOS - CELTTV\",\"isPartOf\":{\"@id\":\"https:\/\/www.celttv.com.ar\/#website\"},\"datePublished\":\"2014-05-08T15:04:17+00:00\",\"dateModified\":\"2014-05-08T15:04:17+00:00\",\"description\":\"Sitio web de noticias de la localidad de Tornquist, provincia de Buenos Aires, Rep\u00fablica Argentina. Contenido propio originado por periodistas de CELTTV, el canal de TV local de la Cooperativa El\u00e9ctrica de Tornquist. Turismo, Pol\u00edtica, Sociedad, Deporte, Cultura y todo el contenido de inter\u00e9s general que la gente del pueblo y la regi\u00f3n debe conocer.\",\"breadcrumb\":{\"@id\":\"https:\/\/www.celttv.com.ar\/index.php\/2014\/05\/08\/manana-se-inaugurara-otra-historica-obra-en-tres-picos\/#breadcrumb\"},\"inLanguage\":\"es\",\"potentialAction\":[{\"@type\":\"ReadAction\",\"target\":[\"https:\/\/www.celttv.com.ar\/index.php\/2014\/05\/08\/manana-se-inaugurara-otra-historica-obra-en-tres-picos\/\"]}]},{\"@type\":\"BreadcrumbList\",\"@id\":\"https:\/\/www.celttv.com.ar\/index.php\/2014\/05\/08\/manana-se-inaugurara-otra-historica-obra-en-tres-picos\/#breadcrumb\",\"itemListElement\":[{\"@type\":\"ListItem\",\"position\":1,\"name\":\"Inicio\",\"item\":\"https:\/\/www.celttv.com.ar\/\"},{\"@type\":\"ListItem\",\"position\":2,\"name\":\"MA\u00d1ANA SE INAUGURAR\u00c1 OTRA HISTORICA OBRA EN TRES PICOS\"}]},{\"@type\":\"WebSite\",\"@id\":\"https:\/\/www.celttv.com.ar\/#website\",\"url\":\"https:\/\/www.celttv.com.ar\/\",\"name\":\"CELTTV\",\"description\":\"Cooperativa El\u00e9ctrica de Tornquist\",\"publisher\":{\"@id\":\"https:\/\/www.celttv.com.ar\/#organization\"},\"potentialAction\":[{\"@type\":\"SearchAction\",\"target\":{\"@type\":\"EntryPoint\",\"urlTemplate\":\"https:\/\/www.celttv.com.ar\/?s={search_term_string}\"},\"query-input\":\"required name=search_term_string\"}],\"inLanguage\":\"es\"},{\"@type\":\"Organization\",\"@id\":\"https:\/\/www.celttv.com.ar\/#organization\",\"name\":\"CELTTV\",\"url\":\"https:\/\/www.celttv.com.ar\/\",\"sameAs\":[\"https:\/\/www.youtube.com\/channel\/UCz_oIt8Hig64Ub-EmcNPIhg\",\"https:\/\/www.facebook.com\/celtTV\/\"],\"logo\":{\"@type\":\"ImageObject\",\"inLanguage\":\"es\",\"@id\":\"https:\/\/www.celttv.com.ar\/#\/schema\/logo\/image\/\",\"url\":\"http:\/\/www.celttv.com.ar\/wp-content\/uploads\/2022\/08\/logo-1.png\",\"contentUrl\":\"http:\/\/www.celttv.com.ar\/wp-content\/uploads\/2022\/08\/logo-1.png\",\"width\":461,\"height\":159,\"caption\":\"CELTTV\"},\"image\":{\"@id\":\"https:\/\/www.celttv.com.ar\/#\/schema\/logo\/image\/\"}},{\"@type\":\"Person\",\"@id\":\"https:\/\/www.celttv.com.ar\/#\/schema\/person\/6d99c072dba59953809c81446e9d0ace\",\"name\":\"ulises\",\"image\":{\"@type\":\"ImageObject\",\"inLanguage\":\"es\",\"@id\":\"https:\/\/www.celttv.com.ar\/#\/schema\/person\/image\/\",\"url\":\"https:\/\/secure.gravatar.com\/avatar\/7f2c48bdc33b30088f941fb6082e555f2874c98e20cb159d7b92b50eadfce793?s=96&d=mm&r=g\",\"contentUrl\":\"https:\/\/secure.gravatar.com\/avatar\/7f2c48bdc33b30088f941fb6082e555f2874c98e20cb159d7b92b50eadfce793?s=96&d=mm&r=g\",\"caption\":\"ulises\"},\"sameAs\":[\"http:\/\/www.celttv.com.ar\"]}]}<\/script>\n<!-- \/ Yoast SEO plugin. -->","yoast_head_json":{"title":"MA\u00d1ANA SE INAUGURAR\u00c1 OTRA HISTORICA OBRA EN TRES PICOS - CELTTV","description":"Sitio web de noticias de la localidad de Tornquist, provincia de Buenos Aires, Rep\u00fablica Argentina. Contenido propio originado por periodistas de CELTTV, el canal de TV local de la Cooperativa El\u00e9ctrica de Tornquist. Turismo, Pol\u00edtica, Sociedad, Deporte, Cultura y todo el contenido de inter\u00e9s general que la gente del pueblo y la regi\u00f3n debe conocer.","robots":{"index":"index","follow":"follow","max-snippet":"max-snippet:-1","max-image-preview":"max-image-preview:large","max-video-preview":"max-video-preview:-1"},"canonical":"https:\/\/www.celttv.com.ar\/index.php\/2014\/05\/08\/manana-se-inaugurara-otra-historica-obra-en-tres-picos\/","og_locale":"es_ES","og_type":"article","og_title":"MA\u00d1ANA SE INAUGURAR\u00c1 OTRA HISTORICA OBRA EN TRES PICOS - CELTTV","og_description":"Sitio web de noticias de la localidad de Tornquist, provincia de Buenos Aires, Rep\u00fablica Argentina. Contenido propio originado por periodistas de CELTTV, el canal de TV local de la Cooperativa El\u00e9ctrica de Tornquist. Turismo, Pol\u00edtica, Sociedad, Deporte, Cultura y todo el contenido de inter\u00e9s general que la gente del pueblo y la regi\u00f3n debe conocer.","og_url":"https:\/\/www.celttv.com.ar\/index.php\/2014\/05\/08\/manana-se-inaugurara-otra-historica-obra-en-tres-picos\/","og_site_name":"CELTTV","article_publisher":"https:\/\/www.facebook.com\/celtTV\/","article_published_time":"2014-05-08T15:04:17+00:00","og_image":[{"url":"http:\/\/www.tvcnoticias.com.ar\/wp-content\/uploads\/2014\/05\/1459-TRES-PICOS-CALEFACTORES-Medium-450x337.jpg"}],"author":"ulises","twitter_card":"summary_large_image","twitter_misc":{"Escrito por":"ulises","Tiempo de lectura":"2 minutos"},"schema":{"@context":"https:\/\/schema.org","@graph":[{"@type":"NewsArticle","@id":"https:\/\/www.celttv.com.ar\/index.php\/2014\/05\/08\/manana-se-inaugurara-otra-historica-obra-en-tres-picos\/#article","isPartOf":{"@id":"https:\/\/www.celttv.com.ar\/index.php\/2014\/05\/08\/manana-se-inaugurara-otra-historica-obra-en-tres-picos\/"},"author":{"name":"ulises","@id":"https:\/\/www.celttv.com.ar\/#\/schema\/person\/6d99c072dba59953809c81446e9d0ace"},"headline":"MA\u00d1ANA SE INAUGURAR\u00c1 OTRA HISTORICA OBRA EN TRES PICOS","datePublished":"2014-05-08T15:04:17+00:00","dateModified":"2014-05-08T15:04:17+00:00","mainEntityOfPage":{"@id":"https:\/\/www.celttv.com.ar\/index.php\/2014\/05\/08\/manana-se-inaugurara-otra-historica-obra-en-tres-picos\/"},"wordCount":350,"publisher":{"@id":"https:\/\/www.celttv.com.ar\/#organization"},"articleSection":["Comunidad","Destacadas","Pol\u00edtica"],"inLanguage":"es"},{"@type":"WebPage","@id":"https:\/\/www.celttv.com.ar\/index.php\/2014\/05\/08\/manana-se-inaugurara-otra-historica-obra-en-tres-picos\/","url":"https:\/\/www.celttv.com.ar\/index.php\/2014\/05\/08\/manana-se-inaugurara-otra-historica-obra-en-tres-picos\/","name":"MA\u00d1ANA SE INAUGURAR\u00c1 OTRA HISTORICA OBRA EN TRES PICOS - CELTTV","isPartOf":{"@id":"https:\/\/www.celttv.com.ar\/#website"},"datePublished":"2014-05-08T15:04:17+00:00","dateModified":"2014-05-08T15:04:17+00:00","description":"Sitio web de noticias de la localidad de Tornquist, provincia de Buenos Aires, Rep\u00fablica Argentina. Contenido propio originado por periodistas de CELTTV, el canal de TV local de la Cooperativa El\u00e9ctrica de Tornquist. Turismo, Pol\u00edtica, Sociedad, Deporte, Cultura y todo el contenido de inter\u00e9s general que la gente del pueblo y la regi\u00f3n debe conocer.","breadcrumb":{"@id":"https:\/\/www.celttv.com.ar\/index.php\/2014\/05\/08\/manana-se-inaugurara-otra-historica-obra-en-tres-picos\/#breadcrumb"},"inLanguage":"es","potentialAction":[{"@type":"ReadAction","target":["https:\/\/www.celttv.com.ar\/index.php\/2014\/05\/08\/manana-se-inaugurara-otra-historica-obra-en-tres-picos\/"]}]},{"@type":"BreadcrumbList","@id":"https:\/\/www.celttv.com.ar\/index.php\/2014\/05\/08\/manana-se-inaugurara-otra-historica-obra-en-tres-picos\/#breadcrumb","itemListElement":[{"@type":"ListItem","position":1,"name":"Inicio","item":"https:\/\/www.celttv.com.ar\/"},{"@type":"ListItem","position":2,"name":"MA\u00d1ANA SE INAUGURAR\u00c1 OTRA HISTORICA OBRA EN TRES PICOS"}]},{"@type":"WebSite","@id":"https:\/\/www.celttv.com.ar\/#website","url":"https:\/\/www.celttv.com.ar\/","name":"CELTTV","description":"Cooperativa El\u00e9ctrica de Tornquist","publisher":{"@id":"https:\/\/www.celttv.com.ar\/#organization"},"potentialAction":[{"@type":"SearchAction","target":{"@type":"EntryPoint","urlTemplate":"https:\/\/www.celttv.com.ar\/?s={search_term_string}"},"query-input":"required name=search_term_string"}],"inLanguage":"es"},{"@type":"Organization","@id":"https:\/\/www.celttv.com.ar\/#organization","name":"CELTTV","url":"https:\/\/www.celttv.com.ar\/","sameAs":["https:\/\/www.youtube.com\/channel\/UCz_oIt8Hig64Ub-EmcNPIhg","https:\/\/www.facebook.com\/celtTV\/"],"logo":{"@type":"ImageObject","inLanguage":"es","@id":"https:\/\/www.celttv.com.ar\/#\/schema\/logo\/image\/","url":"http:\/\/www.celttv.com.ar\/wp-content\/uploads\/2022\/08\/logo-1.png","contentUrl":"http:\/\/www.celttv.com.ar\/wp-content\/uploads\/2022\/08\/logo-1.png","width":461,"height":159,"caption":"CELTTV"},"image":{"@id":"https:\/\/www.celttv.com.ar\/#\/schema\/logo\/image\/"}},{"@type":"Person","@id":"https:\/\/www.celttv.com.ar\/#\/schema\/person\/6d99c072dba59953809c81446e9d0ace","name":"ulises","image":{"@type":"ImageObject","inLanguage":"es","@id":"https:\/\/www.celttv.com.ar\/#\/schema\/person\/image\/","url":"https:\/\/secure.gravatar.com\/avatar\/7f2c48bdc33b30088f941fb6082e555f2874c98e20cb159d7b92b50eadfce793?s=96&d=mm&r=g","contentUrl":"https:\/\/secure.gravatar.com\/avatar\/7f2c48bdc33b30088f941fb6082e555f2874c98e20cb159d7b92b50eadfce793?s=96&d=mm&r=g","caption":"ulises"},"sameAs":["http:\/\/www.celttv.com.ar"]}]}},"_links":{"self":[{"href":"https:\/\/www.celttv.com.ar\/index.php\/wp-json\/wp\/v2\/posts\/20084","targetHints":{"allow":["GET"]}}],"collection":[{"href":"https:\/\/www.celttv.com.ar\/index.php\/wp-json\/wp\/v2\/posts"}],"about":[{"href":"https:\/\/www.celttv.com.ar\/index.php\/wp-json\/wp\/v2\/types\/post"}],"author":[{"embeddable":true,"href":"https:\/\/www.celttv.com.ar\/index.php\/wp-json\/wp\/v2\/users\/1"}],"replies":[{"embeddable":true,"href":"https:\/\/www.celttv.com.ar\/index.php\/wp-json\/wp\/v2\/comments?post=20084"}],"version-history":[{"count":0,"href":"https:\/\/www.celttv.com.ar\/index.php\/wp-json\/wp\/v2\/posts\/20084\/revisions"}],"wp:attachment":[{"href":"https:\/\/www.celttv.com.ar\/index.php\/wp-json\/wp\/v2\/media?parent=20084"}],"wp:term":[{"taxonomy":"category","embeddable":true,"href":"https:\/\/www.celttv.com.ar\/index.php\/wp-json\/wp\/v2\/categories?post=20084"},{"taxonomy":"post_tag","embeddable":true,"href":"https:\/\/www.celttv.com.ar\/index.php\/wp-json\/wp\/v2\/tags?post=20084"}],"curies":[{"name":"wp","href":"https:\/\/api.w.org\/{rel}","templated":true}]}}