{"id":20243,"date":"2014-05-14T15:43:51","date_gmt":"2014-05-14T15:43:51","guid":{"rendered":"http:\/\/www.tvcnoticias.com.ar\/?p=20243"},"modified":"2014-05-14T15:43:51","modified_gmt":"2014-05-14T15:43:51","slug":"autoridades-y-jovenes-recuperados-de-fazenda-visitan-tornquist-notas","status":"publish","type":"post","link":"https:\/\/www.celttv.com.ar\/index.php\/2014\/05\/14\/autoridades-y-jovenes-recuperados-de-fazenda-visitan-tornquist-notas\/","title":{"rendered":"AUTORIDADES Y JOVENES RECUPERADOS DE FAZENDA VISITAN TORNQUIST (notas)"},"content":{"rendered":"<p><a href=\"https:\/\/www.youtube.com\/watch?v=wBGTqeFM_VM\">httpv:\/\/www.youtube.com\/watch?v=wBGTqeFM_VM<\/a><br \/>\nLA COMUNIDAD EDUCATIVA DEL COLEGIO NUESTRA SE\u00d1ORA DE LUJAN INFORMA QUE MA\u00d1ANA MIERCOLES 14 DE MAYO A LAS 19 HORAS EN EL SALON DEL COLEGIO \u00a0\u00a0\u00a0\u00a0\u00a0 SE REALIZARA UNA CHARLA ABIERTA DONDE LOS RESPONSABLES DE LA FAZENDA INFORMARAN SOBRE SU TAREA.<br \/>\nSe informa que la FAZENDA es una organizaci\u00f3n sin fines de lucro que trabaja para la prevenci\u00f3n y tratamiento de las adicciones a las drogas.<br \/>\nPor lo tanto la cita de ma\u00f1ana mi\u00e9rcoles 14 a las 19 horas es una MUY BUENA oportunidad para que PADRES, DOCENTES, ESTUDIANTES\u00a0 Y PUBLICO EN GENERAL SE INTERIORICE Y TOME CONCIENCIA DE LO QUE PODEMOS HACER ANTE EL PROBLEMA DE LA ADICCION A LAS DROGAS.<br \/>\nMUCHAS GRACIAS<br \/>\n&nbsp;<br \/>\n&nbsp;<\/p>\n","protected":false},"excerpt":{"rendered":"<p>httpv:\/\/www.youtube.com\/watch?v=wBGTqeFM_VM LA COMUNIDAD EDUCATIVA DEL COLEGIO NUESTRA SE\u00d1ORA DE LUJAN INFORMA QUE MA\u00d1ANA MIERCOLES 14 DE MAYO A LAS 19 HORAS EN EL SALON DEL COLEGIO \u00a0\u00a0\u00a0\u00a0\u00a0 SE REALIZARA UNA CHARLA ABIERTA DONDE LOS RESPONSABLES DE LA FAZENDA INFORMARAN SOBRE SU TAREA. Se informa que la FAZENDA es una organizaci\u00f3n sin fines de lucro que [&hellip;]<\/p>\n","protected":false},"author":1,"featured_media":0,"comment_status":"closed","ping_status":"open","sticky":false,"template":"","format":"standard","meta":{"footnotes":""},"categories":[51,52,64],"tags":[],"class_list":["post-20243","post","type-post","status-publish","format-standard","hentry","category-comunidad","category-destacadas","category-videos-destacados"],"yoast_head":"<!-- This site is optimized with the Yoast SEO plugin v19.7.1 - https:\/\/yoast.com\/wordpress\/plugins\/seo\/ -->\n<title>AUTORIDADES Y JOVENES RECUPERADOS DE FAZENDA VISITAN TORNQUIST (notas) - CELTTV<\/title>\n<meta name=\"description\" content=\"Sitio web de noticias de la localidad de Tornquist, provincia de Buenos Aires, Rep\u00fablica Argentina. Contenido propio originado por periodistas de CELTTV, el canal de TV local de la Cooperativa El\u00e9ctrica de Tornquist. Turismo, Pol\u00edtica, Sociedad, Deporte, Cultura y todo el contenido de inter\u00e9s general que la gente del pueblo y la regi\u00f3n debe conocer.\" \/>\n<meta name=\"robots\" content=\"index, follow, max-snippet:-1, max-image-preview:large, max-video-preview:-1\" \/>\n<link rel=\"canonical\" href=\"https:\/\/www.celttv.com.ar\/index.php\/2014\/05\/14\/autoridades-y-jovenes-recuperados-de-fazenda-visitan-tornquist-notas\/\" \/>\n<meta property=\"og:locale\" content=\"es_ES\" \/>\n<meta property=\"og:type\" content=\"article\" \/>\n<meta property=\"og:title\" content=\"AUTORIDADES Y JOVENES RECUPERADOS DE FAZENDA VISITAN TORNQUIST (notas) - CELTTV\" \/>\n<meta property=\"og:description\" content=\"Sitio web de noticias de la localidad de Tornquist, provincia de Buenos Aires, Rep\u00fablica Argentina. Contenido propio originado por periodistas de CELTTV, el canal de TV local de la Cooperativa El\u00e9ctrica de Tornquist. Turismo, Pol\u00edtica, Sociedad, Deporte, Cultura y todo el contenido de inter\u00e9s general que la gente del pueblo y la regi\u00f3n debe conocer.\" \/>\n<meta property=\"og:url\" content=\"https:\/\/www.celttv.com.ar\/index.php\/2014\/05\/14\/autoridades-y-jovenes-recuperados-de-fazenda-visitan-tornquist-notas\/\" \/>\n<meta property=\"og:site_name\" content=\"CELTTV\" \/>\n<meta property=\"article:publisher\" content=\"https:\/\/www.facebook.com\/celtTV\/\" \/>\n<meta property=\"article:published_time\" content=\"2014-05-14T15:43:51+00:00\" \/>\n<meta name=\"author\" content=\"ulises\" \/>\n<meta name=\"twitter:card\" content=\"summary_large_image\" \/>\n<meta name=\"twitter:label1\" content=\"Escrito por\" \/>\n\t<meta name=\"twitter:data1\" content=\"ulises\" \/>\n\t<meta name=\"twitter:label2\" content=\"Tiempo de lectura\" \/>\n\t<meta name=\"twitter:data2\" content=\"1 minuto\" \/>\n<script type=\"application\/ld+json\" class=\"yoast-schema-graph\">{\"@context\":\"https:\/\/schema.org\",\"@graph\":[{\"@type\":\"NewsArticle\",\"@id\":\"https:\/\/www.celttv.com.ar\/index.php\/2014\/05\/14\/autoridades-y-jovenes-recuperados-de-fazenda-visitan-tornquist-notas\/#article\",\"isPartOf\":{\"@id\":\"https:\/\/www.celttv.com.ar\/index.php\/2014\/05\/14\/autoridades-y-jovenes-recuperados-de-fazenda-visitan-tornquist-notas\/\"},\"author\":{\"name\":\"ulises\",\"@id\":\"https:\/\/www.celttv.com.ar\/#\/schema\/person\/6d99c072dba59953809c81446e9d0ace\"},\"headline\":\"AUTORIDADES Y JOVENES RECUPERADOS DE FAZENDA VISITAN TORNQUIST (notas)\",\"datePublished\":\"2014-05-14T15:43:51+00:00\",\"dateModified\":\"2014-05-14T15:43:51+00:00\",\"mainEntityOfPage\":{\"@id\":\"https:\/\/www.celttv.com.ar\/index.php\/2014\/05\/14\/autoridades-y-jovenes-recuperados-de-fazenda-visitan-tornquist-notas\/\"},\"wordCount\":134,\"publisher\":{\"@id\":\"https:\/\/www.celttv.com.ar\/#organization\"},\"articleSection\":[\"Comunidad\",\"Destacadas\",\"Videos Destacados\"],\"inLanguage\":\"es\"},{\"@type\":\"WebPage\",\"@id\":\"https:\/\/www.celttv.com.ar\/index.php\/2014\/05\/14\/autoridades-y-jovenes-recuperados-de-fazenda-visitan-tornquist-notas\/\",\"url\":\"https:\/\/www.celttv.com.ar\/index.php\/2014\/05\/14\/autoridades-y-jovenes-recuperados-de-fazenda-visitan-tornquist-notas\/\",\"name\":\"AUTORIDADES Y JOVENES RECUPERADOS DE FAZENDA VISITAN TORNQUIST (notas) - CELTTV\",\"isPartOf\":{\"@id\":\"https:\/\/www.celttv.com.ar\/#website\"},\"datePublished\":\"2014-05-14T15:43:51+00:00\",\"dateModified\":\"2014-05-14T15:43:51+00:00\",\"description\":\"Sitio web de noticias de la localidad de Tornquist, provincia de Buenos Aires, Rep\u00fablica Argentina. Contenido propio originado por periodistas de CELTTV, el canal de TV local de la Cooperativa El\u00e9ctrica de Tornquist. Turismo, Pol\u00edtica, Sociedad, Deporte, Cultura y todo el contenido de inter\u00e9s general que la gente del pueblo y la regi\u00f3n debe conocer.\",\"breadcrumb\":{\"@id\":\"https:\/\/www.celttv.com.ar\/index.php\/2014\/05\/14\/autoridades-y-jovenes-recuperados-de-fazenda-visitan-tornquist-notas\/#breadcrumb\"},\"inLanguage\":\"es\",\"potentialAction\":[{\"@type\":\"ReadAction\",\"target\":[\"https:\/\/www.celttv.com.ar\/index.php\/2014\/05\/14\/autoridades-y-jovenes-recuperados-de-fazenda-visitan-tornquist-notas\/\"]}]},{\"@type\":\"BreadcrumbList\",\"@id\":\"https:\/\/www.celttv.com.ar\/index.php\/2014\/05\/14\/autoridades-y-jovenes-recuperados-de-fazenda-visitan-tornquist-notas\/#breadcrumb\",\"itemListElement\":[{\"@type\":\"ListItem\",\"position\":1,\"name\":\"Inicio\",\"item\":\"https:\/\/www.celttv.com.ar\/\"},{\"@type\":\"ListItem\",\"position\":2,\"name\":\"AUTORIDADES Y JOVENES RECUPERADOS DE FAZENDA VISITAN TORNQUIST (notas)\"}]},{\"@type\":\"WebSite\",\"@id\":\"https:\/\/www.celttv.com.ar\/#website\",\"url\":\"https:\/\/www.celttv.com.ar\/\",\"name\":\"CELTTV\",\"description\":\"Cooperativa El\u00e9ctrica de Tornquist\",\"publisher\":{\"@id\":\"https:\/\/www.celttv.com.ar\/#organization\"},\"potentialAction\":[{\"@type\":\"SearchAction\",\"target\":{\"@type\":\"EntryPoint\",\"urlTemplate\":\"https:\/\/www.celttv.com.ar\/?s={search_term_string}\"},\"query-input\":\"required name=search_term_string\"}],\"inLanguage\":\"es\"},{\"@type\":\"Organization\",\"@id\":\"https:\/\/www.celttv.com.ar\/#organization\",\"name\":\"CELTTV\",\"url\":\"https:\/\/www.celttv.com.ar\/\",\"sameAs\":[\"https:\/\/www.youtube.com\/channel\/UCz_oIt8Hig64Ub-EmcNPIhg\",\"https:\/\/www.facebook.com\/celtTV\/\"],\"logo\":{\"@type\":\"ImageObject\",\"inLanguage\":\"es\",\"@id\":\"https:\/\/www.celttv.com.ar\/#\/schema\/logo\/image\/\",\"url\":\"http:\/\/www.celttv.com.ar\/wp-content\/uploads\/2022\/08\/logo-1.png\",\"contentUrl\":\"http:\/\/www.celttv.com.ar\/wp-content\/uploads\/2022\/08\/logo-1.png\",\"width\":461,\"height\":159,\"caption\":\"CELTTV\"},\"image\":{\"@id\":\"https:\/\/www.celttv.com.ar\/#\/schema\/logo\/image\/\"}},{\"@type\":\"Person\",\"@id\":\"https:\/\/www.celttv.com.ar\/#\/schema\/person\/6d99c072dba59953809c81446e9d0ace\",\"name\":\"ulises\",\"image\":{\"@type\":\"ImageObject\",\"inLanguage\":\"es\",\"@id\":\"https:\/\/www.celttv.com.ar\/#\/schema\/person\/image\/\",\"url\":\"https:\/\/secure.gravatar.com\/avatar\/7f2c48bdc33b30088f941fb6082e555f2874c98e20cb159d7b92b50eadfce793?s=96&d=mm&r=g\",\"contentUrl\":\"https:\/\/secure.gravatar.com\/avatar\/7f2c48bdc33b30088f941fb6082e555f2874c98e20cb159d7b92b50eadfce793?s=96&d=mm&r=g\",\"caption\":\"ulises\"},\"sameAs\":[\"http:\/\/www.celttv.com.ar\"]}]}<\/script>\n<!-- \/ Yoast SEO plugin. -->","yoast_head_json":{"title":"AUTORIDADES Y JOVENES RECUPERADOS DE FAZENDA VISITAN TORNQUIST (notas) - CELTTV","description":"Sitio web de noticias de la localidad de Tornquist, provincia de Buenos Aires, Rep\u00fablica Argentina. Contenido propio originado por periodistas de CELTTV, el canal de TV local de la Cooperativa El\u00e9ctrica de Tornquist. Turismo, Pol\u00edtica, Sociedad, Deporte, Cultura y todo el contenido de inter\u00e9s general que la gente del pueblo y la regi\u00f3n debe conocer.","robots":{"index":"index","follow":"follow","max-snippet":"max-snippet:-1","max-image-preview":"max-image-preview:large","max-video-preview":"max-video-preview:-1"},"canonical":"https:\/\/www.celttv.com.ar\/index.php\/2014\/05\/14\/autoridades-y-jovenes-recuperados-de-fazenda-visitan-tornquist-notas\/","og_locale":"es_ES","og_type":"article","og_title":"AUTORIDADES Y JOVENES RECUPERADOS DE FAZENDA VISITAN TORNQUIST (notas) - CELTTV","og_description":"Sitio web de noticias de la localidad de Tornquist, provincia de Buenos Aires, Rep\u00fablica Argentina. Contenido propio originado por periodistas de CELTTV, el canal de TV local de la Cooperativa El\u00e9ctrica de Tornquist. Turismo, Pol\u00edtica, Sociedad, Deporte, Cultura y todo el contenido de inter\u00e9s general que la gente del pueblo y la regi\u00f3n debe conocer.","og_url":"https:\/\/www.celttv.com.ar\/index.php\/2014\/05\/14\/autoridades-y-jovenes-recuperados-de-fazenda-visitan-tornquist-notas\/","og_site_name":"CELTTV","article_publisher":"https:\/\/www.facebook.com\/celtTV\/","article_published_time":"2014-05-14T15:43:51+00:00","author":"ulises","twitter_card":"summary_large_image","twitter_misc":{"Escrito por":"ulises","Tiempo de lectura":"1 minuto"},"schema":{"@context":"https:\/\/schema.org","@graph":[{"@type":"NewsArticle","@id":"https:\/\/www.celttv.com.ar\/index.php\/2014\/05\/14\/autoridades-y-jovenes-recuperados-de-fazenda-visitan-tornquist-notas\/#article","isPartOf":{"@id":"https:\/\/www.celttv.com.ar\/index.php\/2014\/05\/14\/autoridades-y-jovenes-recuperados-de-fazenda-visitan-tornquist-notas\/"},"author":{"name":"ulises","@id":"https:\/\/www.celttv.com.ar\/#\/schema\/person\/6d99c072dba59953809c81446e9d0ace"},"headline":"AUTORIDADES Y JOVENES RECUPERADOS DE FAZENDA VISITAN TORNQUIST (notas)","datePublished":"2014-05-14T15:43:51+00:00","dateModified":"2014-05-14T15:43:51+00:00","mainEntityOfPage":{"@id":"https:\/\/www.celttv.com.ar\/index.php\/2014\/05\/14\/autoridades-y-jovenes-recuperados-de-fazenda-visitan-tornquist-notas\/"},"wordCount":134,"publisher":{"@id":"https:\/\/www.celttv.com.ar\/#organization"},"articleSection":["Comunidad","Destacadas","Videos Destacados"],"inLanguage":"es"},{"@type":"WebPage","@id":"https:\/\/www.celttv.com.ar\/index.php\/2014\/05\/14\/autoridades-y-jovenes-recuperados-de-fazenda-visitan-tornquist-notas\/","url":"https:\/\/www.celttv.com.ar\/index.php\/2014\/05\/14\/autoridades-y-jovenes-recuperados-de-fazenda-visitan-tornquist-notas\/","name":"AUTORIDADES Y JOVENES RECUPERADOS DE FAZENDA VISITAN TORNQUIST (notas) - CELTTV","isPartOf":{"@id":"https:\/\/www.celttv.com.ar\/#website"},"datePublished":"2014-05-14T15:43:51+00:00","dateModified":"2014-05-14T15:43:51+00:00","description":"Sitio web de noticias de la localidad de Tornquist, provincia de Buenos Aires, Rep\u00fablica Argentina. Contenido propio originado por periodistas de CELTTV, el canal de TV local de la Cooperativa El\u00e9ctrica de Tornquist. Turismo, Pol\u00edtica, Sociedad, Deporte, Cultura y todo el contenido de inter\u00e9s general que la gente del pueblo y la regi\u00f3n debe conocer.","breadcrumb":{"@id":"https:\/\/www.celttv.com.ar\/index.php\/2014\/05\/14\/autoridades-y-jovenes-recuperados-de-fazenda-visitan-tornquist-notas\/#breadcrumb"},"inLanguage":"es","potentialAction":[{"@type":"ReadAction","target":["https:\/\/www.celttv.com.ar\/index.php\/2014\/05\/14\/autoridades-y-jovenes-recuperados-de-fazenda-visitan-tornquist-notas\/"]}]},{"@type":"BreadcrumbList","@id":"https:\/\/www.celttv.com.ar\/index.php\/2014\/05\/14\/autoridades-y-jovenes-recuperados-de-fazenda-visitan-tornquist-notas\/#breadcrumb","itemListElement":[{"@type":"ListItem","position":1,"name":"Inicio","item":"https:\/\/www.celttv.com.ar\/"},{"@type":"ListItem","position":2,"name":"AUTORIDADES Y JOVENES RECUPERADOS DE FAZENDA VISITAN TORNQUIST (notas)"}]},{"@type":"WebSite","@id":"https:\/\/www.celttv.com.ar\/#website","url":"https:\/\/www.celttv.com.ar\/","name":"CELTTV","description":"Cooperativa El\u00e9ctrica de Tornquist","publisher":{"@id":"https:\/\/www.celttv.com.ar\/#organization"},"potentialAction":[{"@type":"SearchAction","target":{"@type":"EntryPoint","urlTemplate":"https:\/\/www.celttv.com.ar\/?s={search_term_string}"},"query-input":"required name=search_term_string"}],"inLanguage":"es"},{"@type":"Organization","@id":"https:\/\/www.celttv.com.ar\/#organization","name":"CELTTV","url":"https:\/\/www.celttv.com.ar\/","sameAs":["https:\/\/www.youtube.com\/channel\/UCz_oIt8Hig64Ub-EmcNPIhg","https:\/\/www.facebook.com\/celtTV\/"],"logo":{"@type":"ImageObject","inLanguage":"es","@id":"https:\/\/www.celttv.com.ar\/#\/schema\/logo\/image\/","url":"http:\/\/www.celttv.com.ar\/wp-content\/uploads\/2022\/08\/logo-1.png","contentUrl":"http:\/\/www.celttv.com.ar\/wp-content\/uploads\/2022\/08\/logo-1.png","width":461,"height":159,"caption":"CELTTV"},"image":{"@id":"https:\/\/www.celttv.com.ar\/#\/schema\/logo\/image\/"}},{"@type":"Person","@id":"https:\/\/www.celttv.com.ar\/#\/schema\/person\/6d99c072dba59953809c81446e9d0ace","name":"ulises","image":{"@type":"ImageObject","inLanguage":"es","@id":"https:\/\/www.celttv.com.ar\/#\/schema\/person\/image\/","url":"https:\/\/secure.gravatar.com\/avatar\/7f2c48bdc33b30088f941fb6082e555f2874c98e20cb159d7b92b50eadfce793?s=96&d=mm&r=g","contentUrl":"https:\/\/secure.gravatar.com\/avatar\/7f2c48bdc33b30088f941fb6082e555f2874c98e20cb159d7b92b50eadfce793?s=96&d=mm&r=g","caption":"ulises"},"sameAs":["http:\/\/www.celttv.com.ar"]}]}},"_links":{"self":[{"href":"https:\/\/www.celttv.com.ar\/index.php\/wp-json\/wp\/v2\/posts\/20243","targetHints":{"allow":["GET"]}}],"collection":[{"href":"https:\/\/www.celttv.com.ar\/index.php\/wp-json\/wp\/v2\/posts"}],"about":[{"href":"https:\/\/www.celttv.com.ar\/index.php\/wp-json\/wp\/v2\/types\/post"}],"author":[{"embeddable":true,"href":"https:\/\/www.celttv.com.ar\/index.php\/wp-json\/wp\/v2\/users\/1"}],"replies":[{"embeddable":true,"href":"https:\/\/www.celttv.com.ar\/index.php\/wp-json\/wp\/v2\/comments?post=20243"}],"version-history":[{"count":0,"href":"https:\/\/www.celttv.com.ar\/index.php\/wp-json\/wp\/v2\/posts\/20243\/revisions"}],"wp:attachment":[{"href":"https:\/\/www.celttv.com.ar\/index.php\/wp-json\/wp\/v2\/media?parent=20243"}],"wp:term":[{"taxonomy":"category","embeddable":true,"href":"https:\/\/www.celttv.com.ar\/index.php\/wp-json\/wp\/v2\/categories?post=20243"},{"taxonomy":"post_tag","embeddable":true,"href":"https:\/\/www.celttv.com.ar\/index.php\/wp-json\/wp\/v2\/tags?post=20243"}],"curies":[{"name":"wp","href":"https:\/\/api.w.org\/{rel}","templated":true}]}}