{"id":20306,"date":"2014-05-16T21:00:16","date_gmt":"2014-05-16T21:00:16","guid":{"rendered":"http:\/\/www.tvcnoticias.com.ar\/?p=20306"},"modified":"2014-05-16T21:00:16","modified_gmt":"2014-05-16T21:00:16","slug":"hcd-preocupa-a-la-asoc-de-fomento-del-barrio-parque-golf-el-tema-de-la-basura","status":"publish","type":"post","link":"https:\/\/www.celttv.com.ar\/index.php\/2014\/05\/16\/hcd-preocupa-a-la-asoc-de-fomento-del-barrio-parque-golf-el-tema-de-la-basura\/","title":{"rendered":"HCD.: PREOCUPA A LA ASOC. DE FOMENTO DEL BARRIO PARQUE GOLF EL TEMA DE LA BASURA"},"content":{"rendered":"<p><a rel=\"attachment wp-att-20307\" href=\"http:\/\/www.tvcnoticias.com.ar\/?attachment_id=20307\"><img loading=\"lazy\" decoding=\"async\" class=\"aligncenter size-medium wp-image-20307\" title=\"13-05-14 001arreg (Small)\" src=\"http:\/\/www.tvcnoticias.com.ar\/wp-content\/uploads\/2014\/05\/13-05-14-001arreg-Small-450x337.jpg\" alt=\"\" width=\"450\" height=\"337\" \/><\/a><br \/>\nA solicitud de la Asociaci\u00f3n de Fomento del Barrio Parque Golf de Sierra de la Ventana, seg\u00fan consta en el Expediente N\u00ba 6602\/14 el martes 13 del corriente se dieron cita en instalaciones del Honorable Concejo Deliberante representantes de dicha instituci\u00f3n a fin de mantener una reuni\u00f3n con los Ediles e integrantes del Departamento Ejecutivo, del cual se hicieron presentes el Secretario de Producci\u00f3n y Medio Ambiente Ricardo Valentini, el Director de Producci\u00f3n y Medio Ambiente Walter Taylor y el Delegado de Sierra de la Ventana Daniel Lagos.<br \/>\nLa reuni\u00f3n gir\u00f3 en torno a cinco temas espec\u00edficos, para los cuales se proyectaron varias fotos que daban muestra de los reclamos de este grupo de vecinos:<br \/>\n1-\u00a0\u00a0\u00a0 Basurero a cielo abierto. Se mostraron im\u00e1genes de la quema de basura en el basurero, del tama\u00f1o que tiene en la actualidad, y de chicos que estaban jugando en el lugar, tratando de\u00a0 cazar roedores. Plantean el peligro que esto significa. Valentini manifiesta que se han tomado algunas medidas para reducir la cantidad de basura que se genera, al trabajar con la separaci\u00f3n de residuos, ya que esto hace que muchos desperdicios que son reciclables no vayan a parar a ese lugar, adem\u00e1s, lograron que la basura que llevaban desde Villa La Arcadia a ese basurero, se haga cargo el Distrito de Su\u00e1rez, que es al que pertenece la Villa. A\u00fan as\u00ed, el funcionario reconoce que eliminar el basurero a cielo abierto es una materia pendiente.<br \/>\n&nbsp;<br \/>\n2-\u00a0\u00a0\u00a0 Separaci\u00f3n de residuos y \u201cPuntos Limpios\u201d. En este tema, todos coincidieron que si bien se podr\u00edan agregar \u201cPuntos Limpios\u201d, para que los que ya est\u00e1n no se recarguen tanto los fines de semana que vienen muchos turistas, el tema pasa por la educaci\u00f3n y\u00a0 la concientizaci\u00f3n de los vecinos, para realizar la separaci\u00f3n como corresponde. Este es un proceso que se ha iniciado, pero que puede llevar tiempo hasta que toda la comunidad lo incorpora.<br \/>\n&nbsp;<br \/>\n3-\u00a0\u00a0\u00a0 Canastos de residuos p\u00fablicos y privados. Se conversa sobre las viviendas que no tienen canastos, o que no est\u00e1n en condiciones. Se recuerda una normativa en vigencia, que es la Ordenanza N\u00ba 999\/94, en la cual los concejales trabajar\u00e1n para actualizarla.<br \/>\n&nbsp;<br \/>\n4-\u00a0\u00a0\u00a0 Recolecci\u00f3n de ramas y escombros. Bald\u00edos y veredas con pastizales. Se han establecido en conjunto con la Delegaci\u00f3n Municipal de Sierra de la Ventana varios puntos verdes, los que sirven para que el vecino lleve all\u00ed las ramas y pasto que cortan, y desde all\u00ed esa basura es recolectada una vez por semana por la delegaci\u00f3n. Los vecinos a veces colocan adem\u00e1s de ramas bolsas con basura, lo que hace que el trabajo sea m\u00e1s engorroso. Nuevamente se habla de la educaci\u00f3n hacia los vecinos, y de hacer campa\u00f1as de difusi\u00f3n, para que realizando un trabajo en conjunto, instituciones particulares y el estado, se pueda llegar a cumplir el objetivo de mantener la localidad m\u00e1s limpia. Respecto de los pastizales en bald\u00edos, muchos de ellos tienen due\u00f1os, y algunos est\u00e1n a la venta por inmobiliarias. Los vecinos reclaman que se hagan inspecciones, ya que est\u00e1 en vigencia la Ordenanza  N\u00ba 2548\/12, por la que se deben mantener limpias las veredas y los bald\u00edos, de lo contrario los propietarios pueden ser pasibles de multas.<br \/>\n&nbsp;<br \/>\n5-\u00a0\u00a0\u00a0 Parador Los Angelitos. Desde la instituci\u00f3n solicitan que se averig\u00fce si este parador tiene habilitaci\u00f3n para funcionar como tal.<br \/>\n&nbsp;<br \/>\nUno de los temas en el que todos coincidieron es tener en cuenta que al ser una localidad tur\u00edstica, es muy dif\u00edcil mantener ciertas normas en relaci\u00f3n a la basura, ya que el turista viene los fines de semana, o se instalan unos d\u00edas y luego se van, por eso es muy importante que quienes tienen a cargo casas o caba\u00f1as en alquiler colaboren para que el turista siga las normas de la comunidad, como por ejemplo en el tema del separado de basura. Para finalizar, acordaron convocar a una reuni\u00f3n a caba\u00f1eros, prestadores tur\u00edsticos y administradores de inmobiliarias, para que en conjunto se puedan tomar medidas que ayude a mejorar algunos de los temas planteados.<br \/>\n&nbsp;<br \/>\nHONORABLE CONCEJO DELIBERANTE<br \/>\n&nbsp;<br \/>\n&nbsp;<br \/>\n&nbsp;<br \/>\n&nbsp;<\/p>\n","protected":false},"excerpt":{"rendered":"<p>A solicitud de la Asociaci\u00f3n de Fomento del Barrio Parque Golf de Sierra de la Ventana, seg\u00fan consta en el Expediente N\u00ba 6602\/14 el martes 13 del corriente se dieron cita en instalaciones del Honorable Concejo Deliberante representantes de dicha instituci\u00f3n a fin de mantener una reuni\u00f3n con los Ediles e integrantes del Departamento Ejecutivo, [&hellip;]<\/p>\n","protected":false},"author":1,"featured_media":0,"comment_status":"closed","ping_status":"open","sticky":false,"template":"","format":"standard","meta":{"footnotes":""},"categories":[51,52,53],"tags":[],"class_list":["post-20306","post","type-post","status-publish","format-standard","hentry","category-comunidad","category-destacadas","category-politica"],"yoast_head":"<!-- This site is optimized with the Yoast SEO plugin v19.7.1 - https:\/\/yoast.com\/wordpress\/plugins\/seo\/ -->\n<title>HCD.: PREOCUPA A LA ASOC. DE FOMENTO DEL BARRIO PARQUE GOLF EL TEMA DE LA BASURA - CELTTV<\/title>\n<meta name=\"description\" content=\"Sitio web de noticias de la localidad de Tornquist, provincia de Buenos Aires, Rep\u00fablica Argentina. Contenido propio originado por periodistas de CELTTV, el canal de TV local de la Cooperativa El\u00e9ctrica de Tornquist. Turismo, Pol\u00edtica, Sociedad, Deporte, Cultura y todo el contenido de inter\u00e9s general que la gente del pueblo y la regi\u00f3n debe conocer.\" \/>\n<meta name=\"robots\" content=\"index, follow, max-snippet:-1, max-image-preview:large, max-video-preview:-1\" \/>\n<link rel=\"canonical\" href=\"https:\/\/www.celttv.com.ar\/index.php\/2014\/05\/16\/hcd-preocupa-a-la-asoc-de-fomento-del-barrio-parque-golf-el-tema-de-la-basura\/\" \/>\n<meta property=\"og:locale\" content=\"es_ES\" \/>\n<meta property=\"og:type\" content=\"article\" \/>\n<meta property=\"og:title\" content=\"HCD.: PREOCUPA A LA ASOC. DE FOMENTO DEL BARRIO PARQUE GOLF EL TEMA DE LA BASURA - CELTTV\" \/>\n<meta property=\"og:description\" content=\"Sitio web de noticias de la localidad de Tornquist, provincia de Buenos Aires, Rep\u00fablica Argentina. Contenido propio originado por periodistas de CELTTV, el canal de TV local de la Cooperativa El\u00e9ctrica de Tornquist. Turismo, Pol\u00edtica, Sociedad, Deporte, Cultura y todo el contenido de inter\u00e9s general que la gente del pueblo y la regi\u00f3n debe conocer.\" \/>\n<meta property=\"og:url\" content=\"https:\/\/www.celttv.com.ar\/index.php\/2014\/05\/16\/hcd-preocupa-a-la-asoc-de-fomento-del-barrio-parque-golf-el-tema-de-la-basura\/\" \/>\n<meta property=\"og:site_name\" content=\"CELTTV\" \/>\n<meta property=\"article:publisher\" content=\"https:\/\/www.facebook.com\/celtTV\/\" \/>\n<meta property=\"article:published_time\" content=\"2014-05-16T21:00:16+00:00\" \/>\n<meta property=\"og:image\" content=\"http:\/\/www.tvcnoticias.com.ar\/wp-content\/uploads\/2014\/05\/13-05-14-001arreg-Small-450x337.jpg\" \/>\n<meta name=\"author\" content=\"ulises\" \/>\n<meta name=\"twitter:card\" content=\"summary_large_image\" \/>\n<meta name=\"twitter:label1\" content=\"Escrito por\" \/>\n\t<meta name=\"twitter:data1\" content=\"ulises\" \/>\n\t<meta name=\"twitter:label2\" content=\"Tiempo de lectura\" \/>\n\t<meta name=\"twitter:data2\" content=\"4 minutos\" \/>\n<script type=\"application\/ld+json\" class=\"yoast-schema-graph\">{\"@context\":\"https:\/\/schema.org\",\"@graph\":[{\"@type\":\"NewsArticle\",\"@id\":\"https:\/\/www.celttv.com.ar\/index.php\/2014\/05\/16\/hcd-preocupa-a-la-asoc-de-fomento-del-barrio-parque-golf-el-tema-de-la-basura\/#article\",\"isPartOf\":{\"@id\":\"https:\/\/www.celttv.com.ar\/index.php\/2014\/05\/16\/hcd-preocupa-a-la-asoc-de-fomento-del-barrio-parque-golf-el-tema-de-la-basura\/\"},\"author\":{\"name\":\"ulises\",\"@id\":\"https:\/\/www.celttv.com.ar\/#\/schema\/person\/6d99c072dba59953809c81446e9d0ace\"},\"headline\":\"HCD.: PREOCUPA A LA ASOC. DE FOMENTO DEL BARRIO PARQUE GOLF EL TEMA DE LA BASURA\",\"datePublished\":\"2014-05-16T21:00:16+00:00\",\"dateModified\":\"2014-05-16T21:00:16+00:00\",\"mainEntityOfPage\":{\"@id\":\"https:\/\/www.celttv.com.ar\/index.php\/2014\/05\/16\/hcd-preocupa-a-la-asoc-de-fomento-del-barrio-parque-golf-el-tema-de-la-basura\/\"},\"wordCount\":747,\"publisher\":{\"@id\":\"https:\/\/www.celttv.com.ar\/#organization\"},\"articleSection\":[\"Comunidad\",\"Destacadas\",\"Pol\u00edtica\"],\"inLanguage\":\"es\"},{\"@type\":\"WebPage\",\"@id\":\"https:\/\/www.celttv.com.ar\/index.php\/2014\/05\/16\/hcd-preocupa-a-la-asoc-de-fomento-del-barrio-parque-golf-el-tema-de-la-basura\/\",\"url\":\"https:\/\/www.celttv.com.ar\/index.php\/2014\/05\/16\/hcd-preocupa-a-la-asoc-de-fomento-del-barrio-parque-golf-el-tema-de-la-basura\/\",\"name\":\"HCD.: PREOCUPA A LA ASOC. DE FOMENTO DEL BARRIO PARQUE GOLF EL TEMA DE LA BASURA - CELTTV\",\"isPartOf\":{\"@id\":\"https:\/\/www.celttv.com.ar\/#website\"},\"datePublished\":\"2014-05-16T21:00:16+00:00\",\"dateModified\":\"2014-05-16T21:00:16+00:00\",\"description\":\"Sitio web de noticias de la localidad de Tornquist, provincia de Buenos Aires, Rep\u00fablica Argentina. Contenido propio originado por periodistas de CELTTV, el canal de TV local de la Cooperativa El\u00e9ctrica de Tornquist. Turismo, Pol\u00edtica, Sociedad, Deporte, Cultura y todo el contenido de inter\u00e9s general que la gente del pueblo y la regi\u00f3n debe conocer.\",\"breadcrumb\":{\"@id\":\"https:\/\/www.celttv.com.ar\/index.php\/2014\/05\/16\/hcd-preocupa-a-la-asoc-de-fomento-del-barrio-parque-golf-el-tema-de-la-basura\/#breadcrumb\"},\"inLanguage\":\"es\",\"potentialAction\":[{\"@type\":\"ReadAction\",\"target\":[\"https:\/\/www.celttv.com.ar\/index.php\/2014\/05\/16\/hcd-preocupa-a-la-asoc-de-fomento-del-barrio-parque-golf-el-tema-de-la-basura\/\"]}]},{\"@type\":\"BreadcrumbList\",\"@id\":\"https:\/\/www.celttv.com.ar\/index.php\/2014\/05\/16\/hcd-preocupa-a-la-asoc-de-fomento-del-barrio-parque-golf-el-tema-de-la-basura\/#breadcrumb\",\"itemListElement\":[{\"@type\":\"ListItem\",\"position\":1,\"name\":\"Inicio\",\"item\":\"https:\/\/www.celttv.com.ar\/\"},{\"@type\":\"ListItem\",\"position\":2,\"name\":\"HCD.: PREOCUPA A LA ASOC. DE FOMENTO DEL BARRIO PARQUE GOLF EL TEMA DE LA BASURA\"}]},{\"@type\":\"WebSite\",\"@id\":\"https:\/\/www.celttv.com.ar\/#website\",\"url\":\"https:\/\/www.celttv.com.ar\/\",\"name\":\"CELTTV\",\"description\":\"Cooperativa El\u00e9ctrica de Tornquist\",\"publisher\":{\"@id\":\"https:\/\/www.celttv.com.ar\/#organization\"},\"potentialAction\":[{\"@type\":\"SearchAction\",\"target\":{\"@type\":\"EntryPoint\",\"urlTemplate\":\"https:\/\/www.celttv.com.ar\/?s={search_term_string}\"},\"query-input\":\"required name=search_term_string\"}],\"inLanguage\":\"es\"},{\"@type\":\"Organization\",\"@id\":\"https:\/\/www.celttv.com.ar\/#organization\",\"name\":\"CELTTV\",\"url\":\"https:\/\/www.celttv.com.ar\/\",\"sameAs\":[\"https:\/\/www.youtube.com\/channel\/UCz_oIt8Hig64Ub-EmcNPIhg\",\"https:\/\/www.facebook.com\/celtTV\/\"],\"logo\":{\"@type\":\"ImageObject\",\"inLanguage\":\"es\",\"@id\":\"https:\/\/www.celttv.com.ar\/#\/schema\/logo\/image\/\",\"url\":\"http:\/\/www.celttv.com.ar\/wp-content\/uploads\/2022\/08\/logo-1.png\",\"contentUrl\":\"http:\/\/www.celttv.com.ar\/wp-content\/uploads\/2022\/08\/logo-1.png\",\"width\":461,\"height\":159,\"caption\":\"CELTTV\"},\"image\":{\"@id\":\"https:\/\/www.celttv.com.ar\/#\/schema\/logo\/image\/\"}},{\"@type\":\"Person\",\"@id\":\"https:\/\/www.celttv.com.ar\/#\/schema\/person\/6d99c072dba59953809c81446e9d0ace\",\"name\":\"ulises\",\"image\":{\"@type\":\"ImageObject\",\"inLanguage\":\"es\",\"@id\":\"https:\/\/www.celttv.com.ar\/#\/schema\/person\/image\/\",\"url\":\"https:\/\/secure.gravatar.com\/avatar\/7f2c48bdc33b30088f941fb6082e555f2874c98e20cb159d7b92b50eadfce793?s=96&d=mm&r=g\",\"contentUrl\":\"https:\/\/secure.gravatar.com\/avatar\/7f2c48bdc33b30088f941fb6082e555f2874c98e20cb159d7b92b50eadfce793?s=96&d=mm&r=g\",\"caption\":\"ulises\"},\"sameAs\":[\"http:\/\/www.celttv.com.ar\"]}]}<\/script>\n<!-- \/ Yoast SEO plugin. -->","yoast_head_json":{"title":"HCD.: PREOCUPA A LA ASOC. DE FOMENTO DEL BARRIO PARQUE GOLF EL TEMA DE LA BASURA - CELTTV","description":"Sitio web de noticias de la localidad de Tornquist, provincia de Buenos Aires, Rep\u00fablica Argentina. Contenido propio originado por periodistas de CELTTV, el canal de TV local de la Cooperativa El\u00e9ctrica de Tornquist. Turismo, Pol\u00edtica, Sociedad, Deporte, Cultura y todo el contenido de inter\u00e9s general que la gente del pueblo y la regi\u00f3n debe conocer.","robots":{"index":"index","follow":"follow","max-snippet":"max-snippet:-1","max-image-preview":"max-image-preview:large","max-video-preview":"max-video-preview:-1"},"canonical":"https:\/\/www.celttv.com.ar\/index.php\/2014\/05\/16\/hcd-preocupa-a-la-asoc-de-fomento-del-barrio-parque-golf-el-tema-de-la-basura\/","og_locale":"es_ES","og_type":"article","og_title":"HCD.: PREOCUPA A LA ASOC. DE FOMENTO DEL BARRIO PARQUE GOLF EL TEMA DE LA BASURA - CELTTV","og_description":"Sitio web de noticias de la localidad de Tornquist, provincia de Buenos Aires, Rep\u00fablica Argentina. Contenido propio originado por periodistas de CELTTV, el canal de TV local de la Cooperativa El\u00e9ctrica de Tornquist. Turismo, Pol\u00edtica, Sociedad, Deporte, Cultura y todo el contenido de inter\u00e9s general que la gente del pueblo y la regi\u00f3n debe conocer.","og_url":"https:\/\/www.celttv.com.ar\/index.php\/2014\/05\/16\/hcd-preocupa-a-la-asoc-de-fomento-del-barrio-parque-golf-el-tema-de-la-basura\/","og_site_name":"CELTTV","article_publisher":"https:\/\/www.facebook.com\/celtTV\/","article_published_time":"2014-05-16T21:00:16+00:00","og_image":[{"url":"http:\/\/www.tvcnoticias.com.ar\/wp-content\/uploads\/2014\/05\/13-05-14-001arreg-Small-450x337.jpg"}],"author":"ulises","twitter_card":"summary_large_image","twitter_misc":{"Escrito por":"ulises","Tiempo de lectura":"4 minutos"},"schema":{"@context":"https:\/\/schema.org","@graph":[{"@type":"NewsArticle","@id":"https:\/\/www.celttv.com.ar\/index.php\/2014\/05\/16\/hcd-preocupa-a-la-asoc-de-fomento-del-barrio-parque-golf-el-tema-de-la-basura\/#article","isPartOf":{"@id":"https:\/\/www.celttv.com.ar\/index.php\/2014\/05\/16\/hcd-preocupa-a-la-asoc-de-fomento-del-barrio-parque-golf-el-tema-de-la-basura\/"},"author":{"name":"ulises","@id":"https:\/\/www.celttv.com.ar\/#\/schema\/person\/6d99c072dba59953809c81446e9d0ace"},"headline":"HCD.: PREOCUPA A LA ASOC. DE FOMENTO DEL BARRIO PARQUE GOLF EL TEMA DE LA BASURA","datePublished":"2014-05-16T21:00:16+00:00","dateModified":"2014-05-16T21:00:16+00:00","mainEntityOfPage":{"@id":"https:\/\/www.celttv.com.ar\/index.php\/2014\/05\/16\/hcd-preocupa-a-la-asoc-de-fomento-del-barrio-parque-golf-el-tema-de-la-basura\/"},"wordCount":747,"publisher":{"@id":"https:\/\/www.celttv.com.ar\/#organization"},"articleSection":["Comunidad","Destacadas","Pol\u00edtica"],"inLanguage":"es"},{"@type":"WebPage","@id":"https:\/\/www.celttv.com.ar\/index.php\/2014\/05\/16\/hcd-preocupa-a-la-asoc-de-fomento-del-barrio-parque-golf-el-tema-de-la-basura\/","url":"https:\/\/www.celttv.com.ar\/index.php\/2014\/05\/16\/hcd-preocupa-a-la-asoc-de-fomento-del-barrio-parque-golf-el-tema-de-la-basura\/","name":"HCD.: PREOCUPA A LA ASOC. DE FOMENTO DEL BARRIO PARQUE GOLF EL TEMA DE LA BASURA - CELTTV","isPartOf":{"@id":"https:\/\/www.celttv.com.ar\/#website"},"datePublished":"2014-05-16T21:00:16+00:00","dateModified":"2014-05-16T21:00:16+00:00","description":"Sitio web de noticias de la localidad de Tornquist, provincia de Buenos Aires, Rep\u00fablica Argentina. Contenido propio originado por periodistas de CELTTV, el canal de TV local de la Cooperativa El\u00e9ctrica de Tornquist. Turismo, Pol\u00edtica, Sociedad, Deporte, Cultura y todo el contenido de inter\u00e9s general que la gente del pueblo y la regi\u00f3n debe conocer.","breadcrumb":{"@id":"https:\/\/www.celttv.com.ar\/index.php\/2014\/05\/16\/hcd-preocupa-a-la-asoc-de-fomento-del-barrio-parque-golf-el-tema-de-la-basura\/#breadcrumb"},"inLanguage":"es","potentialAction":[{"@type":"ReadAction","target":["https:\/\/www.celttv.com.ar\/index.php\/2014\/05\/16\/hcd-preocupa-a-la-asoc-de-fomento-del-barrio-parque-golf-el-tema-de-la-basura\/"]}]},{"@type":"BreadcrumbList","@id":"https:\/\/www.celttv.com.ar\/index.php\/2014\/05\/16\/hcd-preocupa-a-la-asoc-de-fomento-del-barrio-parque-golf-el-tema-de-la-basura\/#breadcrumb","itemListElement":[{"@type":"ListItem","position":1,"name":"Inicio","item":"https:\/\/www.celttv.com.ar\/"},{"@type":"ListItem","position":2,"name":"HCD.: PREOCUPA A LA ASOC. DE FOMENTO DEL BARRIO PARQUE GOLF EL TEMA DE LA BASURA"}]},{"@type":"WebSite","@id":"https:\/\/www.celttv.com.ar\/#website","url":"https:\/\/www.celttv.com.ar\/","name":"CELTTV","description":"Cooperativa El\u00e9ctrica de Tornquist","publisher":{"@id":"https:\/\/www.celttv.com.ar\/#organization"},"potentialAction":[{"@type":"SearchAction","target":{"@type":"EntryPoint","urlTemplate":"https:\/\/www.celttv.com.ar\/?s={search_term_string}"},"query-input":"required name=search_term_string"}],"inLanguage":"es"},{"@type":"Organization","@id":"https:\/\/www.celttv.com.ar\/#organization","name":"CELTTV","url":"https:\/\/www.celttv.com.ar\/","sameAs":["https:\/\/www.youtube.com\/channel\/UCz_oIt8Hig64Ub-EmcNPIhg","https:\/\/www.facebook.com\/celtTV\/"],"logo":{"@type":"ImageObject","inLanguage":"es","@id":"https:\/\/www.celttv.com.ar\/#\/schema\/logo\/image\/","url":"http:\/\/www.celttv.com.ar\/wp-content\/uploads\/2022\/08\/logo-1.png","contentUrl":"http:\/\/www.celttv.com.ar\/wp-content\/uploads\/2022\/08\/logo-1.png","width":461,"height":159,"caption":"CELTTV"},"image":{"@id":"https:\/\/www.celttv.com.ar\/#\/schema\/logo\/image\/"}},{"@type":"Person","@id":"https:\/\/www.celttv.com.ar\/#\/schema\/person\/6d99c072dba59953809c81446e9d0ace","name":"ulises","image":{"@type":"ImageObject","inLanguage":"es","@id":"https:\/\/www.celttv.com.ar\/#\/schema\/person\/image\/","url":"https:\/\/secure.gravatar.com\/avatar\/7f2c48bdc33b30088f941fb6082e555f2874c98e20cb159d7b92b50eadfce793?s=96&d=mm&r=g","contentUrl":"https:\/\/secure.gravatar.com\/avatar\/7f2c48bdc33b30088f941fb6082e555f2874c98e20cb159d7b92b50eadfce793?s=96&d=mm&r=g","caption":"ulises"},"sameAs":["http:\/\/www.celttv.com.ar"]}]}},"_links":{"self":[{"href":"https:\/\/www.celttv.com.ar\/index.php\/wp-json\/wp\/v2\/posts\/20306","targetHints":{"allow":["GET"]}}],"collection":[{"href":"https:\/\/www.celttv.com.ar\/index.php\/wp-json\/wp\/v2\/posts"}],"about":[{"href":"https:\/\/www.celttv.com.ar\/index.php\/wp-json\/wp\/v2\/types\/post"}],"author":[{"embeddable":true,"href":"https:\/\/www.celttv.com.ar\/index.php\/wp-json\/wp\/v2\/users\/1"}],"replies":[{"embeddable":true,"href":"https:\/\/www.celttv.com.ar\/index.php\/wp-json\/wp\/v2\/comments?post=20306"}],"version-history":[{"count":0,"href":"https:\/\/www.celttv.com.ar\/index.php\/wp-json\/wp\/v2\/posts\/20306\/revisions"}],"wp:attachment":[{"href":"https:\/\/www.celttv.com.ar\/index.php\/wp-json\/wp\/v2\/media?parent=20306"}],"wp:term":[{"taxonomy":"category","embeddable":true,"href":"https:\/\/www.celttv.com.ar\/index.php\/wp-json\/wp\/v2\/categories?post=20306"},{"taxonomy":"post_tag","embeddable":true,"href":"https:\/\/www.celttv.com.ar\/index.php\/wp-json\/wp\/v2\/tags?post=20306"}],"curies":[{"name":"wp","href":"https:\/\/api.w.org\/{rel}","templated":true}]}}