{"id":20447,"date":"2014-05-22T16:30:37","date_gmt":"2014-05-22T16:30:37","guid":{"rendered":"http:\/\/www.tvcnoticias.com.ar\/?p=20447"},"modified":"2014-05-22T16:30:37","modified_gmt":"2014-05-22T16:30:37","slug":"avanza-el-proyecto-para-construir-una-autopista-en-la-ruta-nacional-33","status":"publish","type":"post","link":"https:\/\/www.celttv.com.ar\/index.php\/2014\/05\/22\/avanza-el-proyecto-para-construir-una-autopista-en-la-ruta-nacional-33\/","title":{"rendered":"AVANZA EL PROYECTO PARA CONSTRUIR UNA AUTOPISTA EN LA RUTA NACIONAL 33"},"content":{"rendered":"<p><a rel=\"attachment wp-att-20448\" href=\"http:\/\/www.tvcnoticias.com.ar\/?attachment_id=20448\"><img loading=\"lazy\" decoding=\"async\" class=\"aligncenter size-medium wp-image-20448\" title=\"1460 - RUTA 33 (Small)\" src=\"http:\/\/www.tvcnoticias.com.ar\/wp-content\/uploads\/2014\/05\/1460-RUTA-33-Small-450x337.jpg\" alt=\"\" width=\"450\" height=\"337\" \/><\/a>Una excelente noticia respecto de la futura construcci\u00f3n de una autopista en la ruta nacional 33 se conoci\u00f3 en las \u00faltimas horas: enviaron a la Municipalidad de Tornquist los planos de los sectores de campo que ser\u00e1n expropiados cuando se ejecute la obra.<br \/>\nLos documentos ser\u00e1n evaluados por la Secretar\u00eda de Obras y Servicios P\u00fablicos, \u00e1rea que se encargar\u00e1 de visar los planos en cuesti\u00f3n y remitirlos nuevamente a las autoridades competentes, con el objetivo de permitir el avance de los tr\u00e1mites correspondientes.<br \/>\nEl intendente municipal, licenciado Gustavo Trankels, recibi\u00f3 con benepl\u00e1cito la noticia del inicio del mencionado tr\u00e1mite, que permite continuar con el proyecto para construir la autopista entre las ciudades de Bah\u00eda Blanca y Pig\u00fc\u00e9.<br \/>\nEn la foto que acompa\u00f1a este prensa, se observa al jefe comunal y los secretarios Anabella Madue\u00f1a (Obras y Servicios P\u00fablicos) y Guillermo L\u00f6ffler (Gobierno y Hacienda) analizando los planos que permitir\u00e1n expropiar las tierras necesarias para el paso de la carretera.<br \/>\nEl intendente Trankels agradeci\u00f3 el compromiso mantenido para con nuestra comunidad del ingeniero Gustavo Torres, jefe del distrito 19 de Vialidad Nacional; el ingeniero Nelson Periotti, titular de Vialidad Nacional; y el ministro de Planificaci\u00f3n Federal, arquitecto Julio De Vido.<br \/>\n&nbsp;<\/p>\n","protected":false},"excerpt":{"rendered":"<p>Una excelente noticia respecto de la futura construcci\u00f3n de una autopista en la ruta nacional 33 se conoci\u00f3 en las \u00faltimas horas: enviaron a la Municipalidad de Tornquist los planos de los sectores de campo que ser\u00e1n expropiados cuando se ejecute la obra. Los documentos ser\u00e1n evaluados por la Secretar\u00eda de Obras y Servicios P\u00fablicos, [&hellip;]<\/p>\n","protected":false},"author":1,"featured_media":0,"comment_status":"closed","ping_status":"open","sticky":false,"template":"","format":"standard","meta":{"footnotes":""},"categories":[51,52,53],"tags":[],"class_list":["post-20447","post","type-post","status-publish","format-standard","hentry","category-comunidad","category-destacadas","category-politica"],"yoast_head":"<!-- This site is optimized with the Yoast SEO plugin v19.7.1 - https:\/\/yoast.com\/wordpress\/plugins\/seo\/ -->\n<title>AVANZA EL PROYECTO PARA CONSTRUIR UNA AUTOPISTA EN LA RUTA NACIONAL 33 - CELTTV<\/title>\n<meta name=\"description\" content=\"Sitio web de noticias de la localidad de Tornquist, provincia de Buenos Aires, Rep\u00fablica Argentina. Contenido propio originado por periodistas de CELTTV, el canal de TV local de la Cooperativa El\u00e9ctrica de Tornquist. Turismo, Pol\u00edtica, Sociedad, Deporte, Cultura y todo el contenido de inter\u00e9s general que la gente del pueblo y la regi\u00f3n debe conocer.\" \/>\n<meta name=\"robots\" content=\"index, follow, max-snippet:-1, max-image-preview:large, max-video-preview:-1\" \/>\n<link rel=\"canonical\" href=\"https:\/\/www.celttv.com.ar\/index.php\/2014\/05\/22\/avanza-el-proyecto-para-construir-una-autopista-en-la-ruta-nacional-33\/\" \/>\n<meta property=\"og:locale\" content=\"es_ES\" \/>\n<meta property=\"og:type\" content=\"article\" \/>\n<meta property=\"og:title\" content=\"AVANZA EL PROYECTO PARA CONSTRUIR UNA AUTOPISTA EN LA RUTA NACIONAL 33 - CELTTV\" \/>\n<meta property=\"og:description\" content=\"Sitio web de noticias de la localidad de Tornquist, provincia de Buenos Aires, Rep\u00fablica Argentina. Contenido propio originado por periodistas de CELTTV, el canal de TV local de la Cooperativa El\u00e9ctrica de Tornquist. Turismo, Pol\u00edtica, Sociedad, Deporte, Cultura y todo el contenido de inter\u00e9s general que la gente del pueblo y la regi\u00f3n debe conocer.\" \/>\n<meta property=\"og:url\" content=\"https:\/\/www.celttv.com.ar\/index.php\/2014\/05\/22\/avanza-el-proyecto-para-construir-una-autopista-en-la-ruta-nacional-33\/\" \/>\n<meta property=\"og:site_name\" content=\"CELTTV\" \/>\n<meta property=\"article:publisher\" content=\"https:\/\/www.facebook.com\/celtTV\/\" \/>\n<meta property=\"article:published_time\" content=\"2014-05-22T16:30:37+00:00\" \/>\n<meta property=\"og:image\" content=\"http:\/\/www.tvcnoticias.com.ar\/wp-content\/uploads\/2014\/05\/1460-RUTA-33-Small-450x337.jpg\" \/>\n<meta name=\"author\" content=\"ulises\" \/>\n<meta name=\"twitter:card\" content=\"summary_large_image\" \/>\n<meta name=\"twitter:label1\" content=\"Escrito por\" \/>\n\t<meta name=\"twitter:data1\" content=\"ulises\" \/>\n\t<meta name=\"twitter:label2\" content=\"Tiempo de lectura\" \/>\n\t<meta name=\"twitter:data2\" content=\"1 minuto\" \/>\n<script type=\"application\/ld+json\" class=\"yoast-schema-graph\">{\"@context\":\"https:\/\/schema.org\",\"@graph\":[{\"@type\":\"NewsArticle\",\"@id\":\"https:\/\/www.celttv.com.ar\/index.php\/2014\/05\/22\/avanza-el-proyecto-para-construir-una-autopista-en-la-ruta-nacional-33\/#article\",\"isPartOf\":{\"@id\":\"https:\/\/www.celttv.com.ar\/index.php\/2014\/05\/22\/avanza-el-proyecto-para-construir-una-autopista-en-la-ruta-nacional-33\/\"},\"author\":{\"name\":\"ulises\",\"@id\":\"https:\/\/www.celttv.com.ar\/#\/schema\/person\/6d99c072dba59953809c81446e9d0ace\"},\"headline\":\"AVANZA EL PROYECTO PARA CONSTRUIR UNA AUTOPISTA EN LA RUTA NACIONAL 33\",\"datePublished\":\"2014-05-22T16:30:37+00:00\",\"dateModified\":\"2014-05-22T16:30:37+00:00\",\"mainEntityOfPage\":{\"@id\":\"https:\/\/www.celttv.com.ar\/index.php\/2014\/05\/22\/avanza-el-proyecto-para-construir-una-autopista-en-la-ruta-nacional-33\/\"},\"wordCount\":225,\"publisher\":{\"@id\":\"https:\/\/www.celttv.com.ar\/#organization\"},\"articleSection\":[\"Comunidad\",\"Destacadas\",\"Pol\u00edtica\"],\"inLanguage\":\"es\"},{\"@type\":\"WebPage\",\"@id\":\"https:\/\/www.celttv.com.ar\/index.php\/2014\/05\/22\/avanza-el-proyecto-para-construir-una-autopista-en-la-ruta-nacional-33\/\",\"url\":\"https:\/\/www.celttv.com.ar\/index.php\/2014\/05\/22\/avanza-el-proyecto-para-construir-una-autopista-en-la-ruta-nacional-33\/\",\"name\":\"AVANZA EL PROYECTO PARA CONSTRUIR UNA AUTOPISTA EN LA RUTA NACIONAL 33 - CELTTV\",\"isPartOf\":{\"@id\":\"https:\/\/www.celttv.com.ar\/#website\"},\"datePublished\":\"2014-05-22T16:30:37+00:00\",\"dateModified\":\"2014-05-22T16:30:37+00:00\",\"description\":\"Sitio web de noticias de la localidad de Tornquist, provincia de Buenos Aires, Rep\u00fablica Argentina. Contenido propio originado por periodistas de CELTTV, el canal de TV local de la Cooperativa El\u00e9ctrica de Tornquist. Turismo, Pol\u00edtica, Sociedad, Deporte, Cultura y todo el contenido de inter\u00e9s general que la gente del pueblo y la regi\u00f3n debe conocer.\",\"breadcrumb\":{\"@id\":\"https:\/\/www.celttv.com.ar\/index.php\/2014\/05\/22\/avanza-el-proyecto-para-construir-una-autopista-en-la-ruta-nacional-33\/#breadcrumb\"},\"inLanguage\":\"es\",\"potentialAction\":[{\"@type\":\"ReadAction\",\"target\":[\"https:\/\/www.celttv.com.ar\/index.php\/2014\/05\/22\/avanza-el-proyecto-para-construir-una-autopista-en-la-ruta-nacional-33\/\"]}]},{\"@type\":\"BreadcrumbList\",\"@id\":\"https:\/\/www.celttv.com.ar\/index.php\/2014\/05\/22\/avanza-el-proyecto-para-construir-una-autopista-en-la-ruta-nacional-33\/#breadcrumb\",\"itemListElement\":[{\"@type\":\"ListItem\",\"position\":1,\"name\":\"Inicio\",\"item\":\"https:\/\/www.celttv.com.ar\/\"},{\"@type\":\"ListItem\",\"position\":2,\"name\":\"AVANZA EL PROYECTO PARA CONSTRUIR UNA AUTOPISTA EN LA RUTA NACIONAL 33\"}]},{\"@type\":\"WebSite\",\"@id\":\"https:\/\/www.celttv.com.ar\/#website\",\"url\":\"https:\/\/www.celttv.com.ar\/\",\"name\":\"CELTTV\",\"description\":\"Cooperativa El\u00e9ctrica de Tornquist\",\"publisher\":{\"@id\":\"https:\/\/www.celttv.com.ar\/#organization\"},\"potentialAction\":[{\"@type\":\"SearchAction\",\"target\":{\"@type\":\"EntryPoint\",\"urlTemplate\":\"https:\/\/www.celttv.com.ar\/?s={search_term_string}\"},\"query-input\":\"required name=search_term_string\"}],\"inLanguage\":\"es\"},{\"@type\":\"Organization\",\"@id\":\"https:\/\/www.celttv.com.ar\/#organization\",\"name\":\"CELTTV\",\"url\":\"https:\/\/www.celttv.com.ar\/\",\"sameAs\":[\"https:\/\/www.youtube.com\/channel\/UCz_oIt8Hig64Ub-EmcNPIhg\",\"https:\/\/www.facebook.com\/celtTV\/\"],\"logo\":{\"@type\":\"ImageObject\",\"inLanguage\":\"es\",\"@id\":\"https:\/\/www.celttv.com.ar\/#\/schema\/logo\/image\/\",\"url\":\"http:\/\/www.celttv.com.ar\/wp-content\/uploads\/2022\/08\/logo-1.png\",\"contentUrl\":\"http:\/\/www.celttv.com.ar\/wp-content\/uploads\/2022\/08\/logo-1.png\",\"width\":461,\"height\":159,\"caption\":\"CELTTV\"},\"image\":{\"@id\":\"https:\/\/www.celttv.com.ar\/#\/schema\/logo\/image\/\"}},{\"@type\":\"Person\",\"@id\":\"https:\/\/www.celttv.com.ar\/#\/schema\/person\/6d99c072dba59953809c81446e9d0ace\",\"name\":\"ulises\",\"image\":{\"@type\":\"ImageObject\",\"inLanguage\":\"es\",\"@id\":\"https:\/\/www.celttv.com.ar\/#\/schema\/person\/image\/\",\"url\":\"https:\/\/secure.gravatar.com\/avatar\/7f2c48bdc33b30088f941fb6082e555f2874c98e20cb159d7b92b50eadfce793?s=96&d=mm&r=g\",\"contentUrl\":\"https:\/\/secure.gravatar.com\/avatar\/7f2c48bdc33b30088f941fb6082e555f2874c98e20cb159d7b92b50eadfce793?s=96&d=mm&r=g\",\"caption\":\"ulises\"},\"sameAs\":[\"http:\/\/www.celttv.com.ar\"]}]}<\/script>\n<!-- \/ Yoast SEO plugin. -->","yoast_head_json":{"title":"AVANZA EL PROYECTO PARA CONSTRUIR UNA AUTOPISTA EN LA RUTA NACIONAL 33 - CELTTV","description":"Sitio web de noticias de la localidad de Tornquist, provincia de Buenos Aires, Rep\u00fablica Argentina. Contenido propio originado por periodistas de CELTTV, el canal de TV local de la Cooperativa El\u00e9ctrica de Tornquist. Turismo, Pol\u00edtica, Sociedad, Deporte, Cultura y todo el contenido de inter\u00e9s general que la gente del pueblo y la regi\u00f3n debe conocer.","robots":{"index":"index","follow":"follow","max-snippet":"max-snippet:-1","max-image-preview":"max-image-preview:large","max-video-preview":"max-video-preview:-1"},"canonical":"https:\/\/www.celttv.com.ar\/index.php\/2014\/05\/22\/avanza-el-proyecto-para-construir-una-autopista-en-la-ruta-nacional-33\/","og_locale":"es_ES","og_type":"article","og_title":"AVANZA EL PROYECTO PARA CONSTRUIR UNA AUTOPISTA EN LA RUTA NACIONAL 33 - CELTTV","og_description":"Sitio web de noticias de la localidad de Tornquist, provincia de Buenos Aires, Rep\u00fablica Argentina. Contenido propio originado por periodistas de CELTTV, el canal de TV local de la Cooperativa El\u00e9ctrica de Tornquist. Turismo, Pol\u00edtica, Sociedad, Deporte, Cultura y todo el contenido de inter\u00e9s general que la gente del pueblo y la regi\u00f3n debe conocer.","og_url":"https:\/\/www.celttv.com.ar\/index.php\/2014\/05\/22\/avanza-el-proyecto-para-construir-una-autopista-en-la-ruta-nacional-33\/","og_site_name":"CELTTV","article_publisher":"https:\/\/www.facebook.com\/celtTV\/","article_published_time":"2014-05-22T16:30:37+00:00","og_image":[{"url":"http:\/\/www.tvcnoticias.com.ar\/wp-content\/uploads\/2014\/05\/1460-RUTA-33-Small-450x337.jpg"}],"author":"ulises","twitter_card":"summary_large_image","twitter_misc":{"Escrito por":"ulises","Tiempo de lectura":"1 minuto"},"schema":{"@context":"https:\/\/schema.org","@graph":[{"@type":"NewsArticle","@id":"https:\/\/www.celttv.com.ar\/index.php\/2014\/05\/22\/avanza-el-proyecto-para-construir-una-autopista-en-la-ruta-nacional-33\/#article","isPartOf":{"@id":"https:\/\/www.celttv.com.ar\/index.php\/2014\/05\/22\/avanza-el-proyecto-para-construir-una-autopista-en-la-ruta-nacional-33\/"},"author":{"name":"ulises","@id":"https:\/\/www.celttv.com.ar\/#\/schema\/person\/6d99c072dba59953809c81446e9d0ace"},"headline":"AVANZA EL PROYECTO PARA CONSTRUIR UNA AUTOPISTA EN LA RUTA NACIONAL 33","datePublished":"2014-05-22T16:30:37+00:00","dateModified":"2014-05-22T16:30:37+00:00","mainEntityOfPage":{"@id":"https:\/\/www.celttv.com.ar\/index.php\/2014\/05\/22\/avanza-el-proyecto-para-construir-una-autopista-en-la-ruta-nacional-33\/"},"wordCount":225,"publisher":{"@id":"https:\/\/www.celttv.com.ar\/#organization"},"articleSection":["Comunidad","Destacadas","Pol\u00edtica"],"inLanguage":"es"},{"@type":"WebPage","@id":"https:\/\/www.celttv.com.ar\/index.php\/2014\/05\/22\/avanza-el-proyecto-para-construir-una-autopista-en-la-ruta-nacional-33\/","url":"https:\/\/www.celttv.com.ar\/index.php\/2014\/05\/22\/avanza-el-proyecto-para-construir-una-autopista-en-la-ruta-nacional-33\/","name":"AVANZA EL PROYECTO PARA CONSTRUIR UNA AUTOPISTA EN LA RUTA NACIONAL 33 - CELTTV","isPartOf":{"@id":"https:\/\/www.celttv.com.ar\/#website"},"datePublished":"2014-05-22T16:30:37+00:00","dateModified":"2014-05-22T16:30:37+00:00","description":"Sitio web de noticias de la localidad de Tornquist, provincia de Buenos Aires, Rep\u00fablica Argentina. Contenido propio originado por periodistas de CELTTV, el canal de TV local de la Cooperativa El\u00e9ctrica de Tornquist. Turismo, Pol\u00edtica, Sociedad, Deporte, Cultura y todo el contenido de inter\u00e9s general que la gente del pueblo y la regi\u00f3n debe conocer.","breadcrumb":{"@id":"https:\/\/www.celttv.com.ar\/index.php\/2014\/05\/22\/avanza-el-proyecto-para-construir-una-autopista-en-la-ruta-nacional-33\/#breadcrumb"},"inLanguage":"es","potentialAction":[{"@type":"ReadAction","target":["https:\/\/www.celttv.com.ar\/index.php\/2014\/05\/22\/avanza-el-proyecto-para-construir-una-autopista-en-la-ruta-nacional-33\/"]}]},{"@type":"BreadcrumbList","@id":"https:\/\/www.celttv.com.ar\/index.php\/2014\/05\/22\/avanza-el-proyecto-para-construir-una-autopista-en-la-ruta-nacional-33\/#breadcrumb","itemListElement":[{"@type":"ListItem","position":1,"name":"Inicio","item":"https:\/\/www.celttv.com.ar\/"},{"@type":"ListItem","position":2,"name":"AVANZA EL PROYECTO PARA CONSTRUIR UNA AUTOPISTA EN LA RUTA NACIONAL 33"}]},{"@type":"WebSite","@id":"https:\/\/www.celttv.com.ar\/#website","url":"https:\/\/www.celttv.com.ar\/","name":"CELTTV","description":"Cooperativa El\u00e9ctrica de Tornquist","publisher":{"@id":"https:\/\/www.celttv.com.ar\/#organization"},"potentialAction":[{"@type":"SearchAction","target":{"@type":"EntryPoint","urlTemplate":"https:\/\/www.celttv.com.ar\/?s={search_term_string}"},"query-input":"required name=search_term_string"}],"inLanguage":"es"},{"@type":"Organization","@id":"https:\/\/www.celttv.com.ar\/#organization","name":"CELTTV","url":"https:\/\/www.celttv.com.ar\/","sameAs":["https:\/\/www.youtube.com\/channel\/UCz_oIt8Hig64Ub-EmcNPIhg","https:\/\/www.facebook.com\/celtTV\/"],"logo":{"@type":"ImageObject","inLanguage":"es","@id":"https:\/\/www.celttv.com.ar\/#\/schema\/logo\/image\/","url":"http:\/\/www.celttv.com.ar\/wp-content\/uploads\/2022\/08\/logo-1.png","contentUrl":"http:\/\/www.celttv.com.ar\/wp-content\/uploads\/2022\/08\/logo-1.png","width":461,"height":159,"caption":"CELTTV"},"image":{"@id":"https:\/\/www.celttv.com.ar\/#\/schema\/logo\/image\/"}},{"@type":"Person","@id":"https:\/\/www.celttv.com.ar\/#\/schema\/person\/6d99c072dba59953809c81446e9d0ace","name":"ulises","image":{"@type":"ImageObject","inLanguage":"es","@id":"https:\/\/www.celttv.com.ar\/#\/schema\/person\/image\/","url":"https:\/\/secure.gravatar.com\/avatar\/7f2c48bdc33b30088f941fb6082e555f2874c98e20cb159d7b92b50eadfce793?s=96&d=mm&r=g","contentUrl":"https:\/\/secure.gravatar.com\/avatar\/7f2c48bdc33b30088f941fb6082e555f2874c98e20cb159d7b92b50eadfce793?s=96&d=mm&r=g","caption":"ulises"},"sameAs":["http:\/\/www.celttv.com.ar"]}]}},"_links":{"self":[{"href":"https:\/\/www.celttv.com.ar\/index.php\/wp-json\/wp\/v2\/posts\/20447","targetHints":{"allow":["GET"]}}],"collection":[{"href":"https:\/\/www.celttv.com.ar\/index.php\/wp-json\/wp\/v2\/posts"}],"about":[{"href":"https:\/\/www.celttv.com.ar\/index.php\/wp-json\/wp\/v2\/types\/post"}],"author":[{"embeddable":true,"href":"https:\/\/www.celttv.com.ar\/index.php\/wp-json\/wp\/v2\/users\/1"}],"replies":[{"embeddable":true,"href":"https:\/\/www.celttv.com.ar\/index.php\/wp-json\/wp\/v2\/comments?post=20447"}],"version-history":[{"count":0,"href":"https:\/\/www.celttv.com.ar\/index.php\/wp-json\/wp\/v2\/posts\/20447\/revisions"}],"wp:attachment":[{"href":"https:\/\/www.celttv.com.ar\/index.php\/wp-json\/wp\/v2\/media?parent=20447"}],"wp:term":[{"taxonomy":"category","embeddable":true,"href":"https:\/\/www.celttv.com.ar\/index.php\/wp-json\/wp\/v2\/categories?post=20447"},{"taxonomy":"post_tag","embeddable":true,"href":"https:\/\/www.celttv.com.ar\/index.php\/wp-json\/wp\/v2\/tags?post=20447"}],"curies":[{"name":"wp","href":"https:\/\/api.w.org\/{rel}","templated":true}]}}