{"id":20468,"date":"2014-05-22T19:48:39","date_gmt":"2014-05-22T19:48:39","guid":{"rendered":"http:\/\/www.tvcnoticias.com.ar\/?p=20468"},"modified":"2014-05-22T19:48:39","modified_gmt":"2014-05-22T19:48:39","slug":"el-club-union-presento-su-nueva-camiseta-video-y-nota-con-jorge-marcolini","status":"publish","type":"post","link":"https:\/\/www.celttv.com.ar\/index.php\/2014\/05\/22\/el-club-union-presento-su-nueva-camiseta-video-y-nota-con-jorge-marcolini\/","title":{"rendered":"EL CLUB UNION PRESENTO SU NUEVA CAMISETA (Video y nota con Jorge Marcolini)"},"content":{"rendered":"<p><a href=\"https:\/\/www.youtube.com\/watch?v=v6AQ525Ttgg\">httpv:\/\/www.youtube.com\/watch?v=v6AQ525Ttgg<\/a><br \/>\nCon una cena desarrollada ayer por la noche en el sal\u00f3n Altos, el Club Uni\u00f3n present\u00f3 su nueva camiseta que lucir\u00e1 en lo que resta del campeonato de la Liga Regional de F\u00fatbol.<br \/>\nEl men\u00fa consisti\u00f3 en asado a la parrilla acompa\u00f1ado por ensaladas varias, vinos y gaseosas y flan casero con dulce de leche como postre.\u00a0 \u00a0Alejandro Gim\u00e9nez, Mauricio Albanesi y Jes\u00fas Mauri fueron los encargados de lucir la nueva casaca (de color negro, verde y blanco) en la que aparece el nuevo sponsor, Droguer\u00eda Sur y en la parte superior de la espalda el reconocimiento a la banda Almafuerte y debajo del n\u00famero Uni\u00f3n Man\u00eda (art\u00edculos oficiales).<br \/>\nLuego de dar la bienvenida a los asistentes a la cena de camarader\u00eda con la que el Club Uni\u00f3n present\u00f3 su nueva indumentaria, el presidente de la instituci\u00f3n Jorge Marcolini tuvo palabra de agradecimiento para quienes permanentemente colaboran con la instituci\u00f3n y para con las firmas comerciales que se suman para brindar su aporte en esta temporada.<br \/>\n\u201cQueremos agradecerles a las empresas y comercios locales allegadas al club que nos acompa\u00f1aron durante todos estos \u00faltimos a\u00f1os actuando como sponsor en nuestra indumentaria y que hoy lo siguen haciendo en divisiones menores de f\u00fatbol y algunas otras disciplinas\u201d se\u00f1al\u00f3 Marcolini.<br \/>\n\u201cEste a\u00f1o tenemos como sponsor a dos firmas que no son locales tratando de descomprimir un poco la presi\u00f3n que permanentemente ejercemos sobre la gente allegada al club. Este a\u00f1o la camiseta llevar\u00e1 como sponsor a Droguer\u00eda Sur, una firma comercial como mucha trayectoria en la zona.<br \/>\nY en la otra parte de la camiseta tendremos a un amigo mas tradicional y mas conocido por nosotros, con quien tenemos un permanente reconocimiento ya que nos est\u00e1 acompa\u00f1ando y nos seguir\u00e1 acompa\u00f1ando, como es el grupo Almafuerte y en especial Ricardo Iorio quien se ha convertido en un hincha muy importante para el club y dispuesto a apoyarnos permanentemente\u201d sostuvo el presidente verde.<br \/>\nMarcolini tambi\u00e9n destac\u00f3 la labor que se viene desarrollando en el rubro f\u00fatbol en sus distintas categor\u00edas.<\/p>\n","protected":false},"excerpt":{"rendered":"<p>httpv:\/\/www.youtube.com\/watch?v=v6AQ525Ttgg Con una cena desarrollada ayer por la noche en el sal\u00f3n Altos, el Club Uni\u00f3n present\u00f3 su nueva camiseta que lucir\u00e1 en lo que resta del campeonato de la Liga Regional de F\u00fatbol. El men\u00fa consisti\u00f3 en asado a la parrilla acompa\u00f1ado por ensaladas varias, vinos y gaseosas y flan casero con dulce de [&hellip;]<\/p>\n","protected":false},"author":1,"featured_media":0,"comment_status":"closed","ping_status":"open","sticky":false,"template":"","format":"standard","meta":{"footnotes":""},"categories":[60,52,64],"tags":[],"class_list":["post-20468","post","type-post","status-publish","format-standard","hentry","category-deporte","category-destacadas","category-videos-destacados"],"yoast_head":"<!-- This site is optimized with the Yoast SEO plugin v19.7.1 - https:\/\/yoast.com\/wordpress\/plugins\/seo\/ -->\n<title>EL CLUB UNION PRESENTO SU NUEVA CAMISETA (Video y nota con Jorge Marcolini) - CELTTV<\/title>\n<meta name=\"description\" content=\"Sitio web de noticias de la localidad de Tornquist, provincia de Buenos Aires, Rep\u00fablica Argentina. Contenido propio originado por periodistas de CELTTV, el canal de TV local de la Cooperativa El\u00e9ctrica de Tornquist. Turismo, Pol\u00edtica, Sociedad, Deporte, Cultura y todo el contenido de inter\u00e9s general que la gente del pueblo y la regi\u00f3n debe conocer.\" \/>\n<meta name=\"robots\" content=\"index, follow, max-snippet:-1, max-image-preview:large, max-video-preview:-1\" \/>\n<link rel=\"canonical\" href=\"https:\/\/www.celttv.com.ar\/index.php\/2014\/05\/22\/el-club-union-presento-su-nueva-camiseta-video-y-nota-con-jorge-marcolini\/\" \/>\n<meta property=\"og:locale\" content=\"es_ES\" \/>\n<meta property=\"og:type\" content=\"article\" \/>\n<meta property=\"og:title\" content=\"EL CLUB UNION PRESENTO SU NUEVA CAMISETA (Video y nota con Jorge Marcolini) - CELTTV\" \/>\n<meta property=\"og:description\" content=\"Sitio web de noticias de la localidad de Tornquist, provincia de Buenos Aires, Rep\u00fablica Argentina. Contenido propio originado por periodistas de CELTTV, el canal de TV local de la Cooperativa El\u00e9ctrica de Tornquist. Turismo, Pol\u00edtica, Sociedad, Deporte, Cultura y todo el contenido de inter\u00e9s general que la gente del pueblo y la regi\u00f3n debe conocer.\" \/>\n<meta property=\"og:url\" content=\"https:\/\/www.celttv.com.ar\/index.php\/2014\/05\/22\/el-club-union-presento-su-nueva-camiseta-video-y-nota-con-jorge-marcolini\/\" \/>\n<meta property=\"og:site_name\" content=\"CELTTV\" \/>\n<meta property=\"article:publisher\" content=\"https:\/\/www.facebook.com\/celtTV\/\" \/>\n<meta property=\"article:published_time\" content=\"2014-05-22T19:48:39+00:00\" \/>\n<meta name=\"author\" content=\"ulises\" \/>\n<meta name=\"twitter:card\" content=\"summary_large_image\" \/>\n<meta name=\"twitter:label1\" content=\"Escrito por\" \/>\n\t<meta name=\"twitter:data1\" content=\"ulises\" \/>\n\t<meta name=\"twitter:label2\" content=\"Tiempo de lectura\" \/>\n\t<meta name=\"twitter:data2\" content=\"2 minutos\" \/>\n<script type=\"application\/ld+json\" class=\"yoast-schema-graph\">{\"@context\":\"https:\/\/schema.org\",\"@graph\":[{\"@type\":\"NewsArticle\",\"@id\":\"https:\/\/www.celttv.com.ar\/index.php\/2014\/05\/22\/el-club-union-presento-su-nueva-camiseta-video-y-nota-con-jorge-marcolini\/#article\",\"isPartOf\":{\"@id\":\"https:\/\/www.celttv.com.ar\/index.php\/2014\/05\/22\/el-club-union-presento-su-nueva-camiseta-video-y-nota-con-jorge-marcolini\/\"},\"author\":{\"name\":\"ulises\",\"@id\":\"https:\/\/www.celttv.com.ar\/#\/schema\/person\/6d99c072dba59953809c81446e9d0ace\"},\"headline\":\"EL CLUB UNION PRESENTO SU NUEVA CAMISETA (Video y nota con Jorge Marcolini)\",\"datePublished\":\"2014-05-22T19:48:39+00:00\",\"dateModified\":\"2014-05-22T19:48:39+00:00\",\"mainEntityOfPage\":{\"@id\":\"https:\/\/www.celttv.com.ar\/index.php\/2014\/05\/22\/el-club-union-presento-su-nueva-camiseta-video-y-nota-con-jorge-marcolini\/\"},\"wordCount\":387,\"publisher\":{\"@id\":\"https:\/\/www.celttv.com.ar\/#organization\"},\"articleSection\":[\"Deporte\",\"Destacadas\",\"Videos Destacados\"],\"inLanguage\":\"es\"},{\"@type\":\"WebPage\",\"@id\":\"https:\/\/www.celttv.com.ar\/index.php\/2014\/05\/22\/el-club-union-presento-su-nueva-camiseta-video-y-nota-con-jorge-marcolini\/\",\"url\":\"https:\/\/www.celttv.com.ar\/index.php\/2014\/05\/22\/el-club-union-presento-su-nueva-camiseta-video-y-nota-con-jorge-marcolini\/\",\"name\":\"EL CLUB UNION PRESENTO SU NUEVA CAMISETA (Video y nota con Jorge Marcolini) - CELTTV\",\"isPartOf\":{\"@id\":\"https:\/\/www.celttv.com.ar\/#website\"},\"datePublished\":\"2014-05-22T19:48:39+00:00\",\"dateModified\":\"2014-05-22T19:48:39+00:00\",\"description\":\"Sitio web de noticias de la localidad de Tornquist, provincia de Buenos Aires, Rep\u00fablica Argentina. Contenido propio originado por periodistas de CELTTV, el canal de TV local de la Cooperativa El\u00e9ctrica de Tornquist. Turismo, Pol\u00edtica, Sociedad, Deporte, Cultura y todo el contenido de inter\u00e9s general que la gente del pueblo y la regi\u00f3n debe conocer.\",\"breadcrumb\":{\"@id\":\"https:\/\/www.celttv.com.ar\/index.php\/2014\/05\/22\/el-club-union-presento-su-nueva-camiseta-video-y-nota-con-jorge-marcolini\/#breadcrumb\"},\"inLanguage\":\"es\",\"potentialAction\":[{\"@type\":\"ReadAction\",\"target\":[\"https:\/\/www.celttv.com.ar\/index.php\/2014\/05\/22\/el-club-union-presento-su-nueva-camiseta-video-y-nota-con-jorge-marcolini\/\"]}]},{\"@type\":\"BreadcrumbList\",\"@id\":\"https:\/\/www.celttv.com.ar\/index.php\/2014\/05\/22\/el-club-union-presento-su-nueva-camiseta-video-y-nota-con-jorge-marcolini\/#breadcrumb\",\"itemListElement\":[{\"@type\":\"ListItem\",\"position\":1,\"name\":\"Inicio\",\"item\":\"https:\/\/www.celttv.com.ar\/\"},{\"@type\":\"ListItem\",\"position\":2,\"name\":\"EL CLUB UNION PRESENTO SU NUEVA CAMISETA (Video y nota con Jorge Marcolini)\"}]},{\"@type\":\"WebSite\",\"@id\":\"https:\/\/www.celttv.com.ar\/#website\",\"url\":\"https:\/\/www.celttv.com.ar\/\",\"name\":\"CELTTV\",\"description\":\"Cooperativa El\u00e9ctrica de Tornquist\",\"publisher\":{\"@id\":\"https:\/\/www.celttv.com.ar\/#organization\"},\"potentialAction\":[{\"@type\":\"SearchAction\",\"target\":{\"@type\":\"EntryPoint\",\"urlTemplate\":\"https:\/\/www.celttv.com.ar\/?s={search_term_string}\"},\"query-input\":\"required name=search_term_string\"}],\"inLanguage\":\"es\"},{\"@type\":\"Organization\",\"@id\":\"https:\/\/www.celttv.com.ar\/#organization\",\"name\":\"CELTTV\",\"url\":\"https:\/\/www.celttv.com.ar\/\",\"sameAs\":[\"https:\/\/www.youtube.com\/channel\/UCz_oIt8Hig64Ub-EmcNPIhg\",\"https:\/\/www.facebook.com\/celtTV\/\"],\"logo\":{\"@type\":\"ImageObject\",\"inLanguage\":\"es\",\"@id\":\"https:\/\/www.celttv.com.ar\/#\/schema\/logo\/image\/\",\"url\":\"http:\/\/www.celttv.com.ar\/wp-content\/uploads\/2022\/08\/logo-1.png\",\"contentUrl\":\"http:\/\/www.celttv.com.ar\/wp-content\/uploads\/2022\/08\/logo-1.png\",\"width\":461,\"height\":159,\"caption\":\"CELTTV\"},\"image\":{\"@id\":\"https:\/\/www.celttv.com.ar\/#\/schema\/logo\/image\/\"}},{\"@type\":\"Person\",\"@id\":\"https:\/\/www.celttv.com.ar\/#\/schema\/person\/6d99c072dba59953809c81446e9d0ace\",\"name\":\"ulises\",\"image\":{\"@type\":\"ImageObject\",\"inLanguage\":\"es\",\"@id\":\"https:\/\/www.celttv.com.ar\/#\/schema\/person\/image\/\",\"url\":\"https:\/\/secure.gravatar.com\/avatar\/7f2c48bdc33b30088f941fb6082e555f2874c98e20cb159d7b92b50eadfce793?s=96&d=mm&r=g\",\"contentUrl\":\"https:\/\/secure.gravatar.com\/avatar\/7f2c48bdc33b30088f941fb6082e555f2874c98e20cb159d7b92b50eadfce793?s=96&d=mm&r=g\",\"caption\":\"ulises\"},\"sameAs\":[\"http:\/\/www.celttv.com.ar\"]}]}<\/script>\n<!-- \/ Yoast SEO plugin. -->","yoast_head_json":{"title":"EL CLUB UNION PRESENTO SU NUEVA CAMISETA (Video y nota con Jorge Marcolini) - CELTTV","description":"Sitio web de noticias de la localidad de Tornquist, provincia de Buenos Aires, Rep\u00fablica Argentina. Contenido propio originado por periodistas de CELTTV, el canal de TV local de la Cooperativa El\u00e9ctrica de Tornquist. Turismo, Pol\u00edtica, Sociedad, Deporte, Cultura y todo el contenido de inter\u00e9s general que la gente del pueblo y la regi\u00f3n debe conocer.","robots":{"index":"index","follow":"follow","max-snippet":"max-snippet:-1","max-image-preview":"max-image-preview:large","max-video-preview":"max-video-preview:-1"},"canonical":"https:\/\/www.celttv.com.ar\/index.php\/2014\/05\/22\/el-club-union-presento-su-nueva-camiseta-video-y-nota-con-jorge-marcolini\/","og_locale":"es_ES","og_type":"article","og_title":"EL CLUB UNION PRESENTO SU NUEVA CAMISETA (Video y nota con Jorge Marcolini) - CELTTV","og_description":"Sitio web de noticias de la localidad de Tornquist, provincia de Buenos Aires, Rep\u00fablica Argentina. Contenido propio originado por periodistas de CELTTV, el canal de TV local de la Cooperativa El\u00e9ctrica de Tornquist. Turismo, Pol\u00edtica, Sociedad, Deporte, Cultura y todo el contenido de inter\u00e9s general que la gente del pueblo y la regi\u00f3n debe conocer.","og_url":"https:\/\/www.celttv.com.ar\/index.php\/2014\/05\/22\/el-club-union-presento-su-nueva-camiseta-video-y-nota-con-jorge-marcolini\/","og_site_name":"CELTTV","article_publisher":"https:\/\/www.facebook.com\/celtTV\/","article_published_time":"2014-05-22T19:48:39+00:00","author":"ulises","twitter_card":"summary_large_image","twitter_misc":{"Escrito por":"ulises","Tiempo de lectura":"2 minutos"},"schema":{"@context":"https:\/\/schema.org","@graph":[{"@type":"NewsArticle","@id":"https:\/\/www.celttv.com.ar\/index.php\/2014\/05\/22\/el-club-union-presento-su-nueva-camiseta-video-y-nota-con-jorge-marcolini\/#article","isPartOf":{"@id":"https:\/\/www.celttv.com.ar\/index.php\/2014\/05\/22\/el-club-union-presento-su-nueva-camiseta-video-y-nota-con-jorge-marcolini\/"},"author":{"name":"ulises","@id":"https:\/\/www.celttv.com.ar\/#\/schema\/person\/6d99c072dba59953809c81446e9d0ace"},"headline":"EL CLUB UNION PRESENTO SU NUEVA CAMISETA (Video y nota con Jorge Marcolini)","datePublished":"2014-05-22T19:48:39+00:00","dateModified":"2014-05-22T19:48:39+00:00","mainEntityOfPage":{"@id":"https:\/\/www.celttv.com.ar\/index.php\/2014\/05\/22\/el-club-union-presento-su-nueva-camiseta-video-y-nota-con-jorge-marcolini\/"},"wordCount":387,"publisher":{"@id":"https:\/\/www.celttv.com.ar\/#organization"},"articleSection":["Deporte","Destacadas","Videos Destacados"],"inLanguage":"es"},{"@type":"WebPage","@id":"https:\/\/www.celttv.com.ar\/index.php\/2014\/05\/22\/el-club-union-presento-su-nueva-camiseta-video-y-nota-con-jorge-marcolini\/","url":"https:\/\/www.celttv.com.ar\/index.php\/2014\/05\/22\/el-club-union-presento-su-nueva-camiseta-video-y-nota-con-jorge-marcolini\/","name":"EL CLUB UNION PRESENTO SU NUEVA CAMISETA (Video y nota con Jorge Marcolini) - CELTTV","isPartOf":{"@id":"https:\/\/www.celttv.com.ar\/#website"},"datePublished":"2014-05-22T19:48:39+00:00","dateModified":"2014-05-22T19:48:39+00:00","description":"Sitio web de noticias de la localidad de Tornquist, provincia de Buenos Aires, Rep\u00fablica Argentina. Contenido propio originado por periodistas de CELTTV, el canal de TV local de la Cooperativa El\u00e9ctrica de Tornquist. Turismo, Pol\u00edtica, Sociedad, Deporte, Cultura y todo el contenido de inter\u00e9s general que la gente del pueblo y la regi\u00f3n debe conocer.","breadcrumb":{"@id":"https:\/\/www.celttv.com.ar\/index.php\/2014\/05\/22\/el-club-union-presento-su-nueva-camiseta-video-y-nota-con-jorge-marcolini\/#breadcrumb"},"inLanguage":"es","potentialAction":[{"@type":"ReadAction","target":["https:\/\/www.celttv.com.ar\/index.php\/2014\/05\/22\/el-club-union-presento-su-nueva-camiseta-video-y-nota-con-jorge-marcolini\/"]}]},{"@type":"BreadcrumbList","@id":"https:\/\/www.celttv.com.ar\/index.php\/2014\/05\/22\/el-club-union-presento-su-nueva-camiseta-video-y-nota-con-jorge-marcolini\/#breadcrumb","itemListElement":[{"@type":"ListItem","position":1,"name":"Inicio","item":"https:\/\/www.celttv.com.ar\/"},{"@type":"ListItem","position":2,"name":"EL CLUB UNION PRESENTO SU NUEVA CAMISETA (Video y nota con Jorge Marcolini)"}]},{"@type":"WebSite","@id":"https:\/\/www.celttv.com.ar\/#website","url":"https:\/\/www.celttv.com.ar\/","name":"CELTTV","description":"Cooperativa El\u00e9ctrica de Tornquist","publisher":{"@id":"https:\/\/www.celttv.com.ar\/#organization"},"potentialAction":[{"@type":"SearchAction","target":{"@type":"EntryPoint","urlTemplate":"https:\/\/www.celttv.com.ar\/?s={search_term_string}"},"query-input":"required name=search_term_string"}],"inLanguage":"es"},{"@type":"Organization","@id":"https:\/\/www.celttv.com.ar\/#organization","name":"CELTTV","url":"https:\/\/www.celttv.com.ar\/","sameAs":["https:\/\/www.youtube.com\/channel\/UCz_oIt8Hig64Ub-EmcNPIhg","https:\/\/www.facebook.com\/celtTV\/"],"logo":{"@type":"ImageObject","inLanguage":"es","@id":"https:\/\/www.celttv.com.ar\/#\/schema\/logo\/image\/","url":"http:\/\/www.celttv.com.ar\/wp-content\/uploads\/2022\/08\/logo-1.png","contentUrl":"http:\/\/www.celttv.com.ar\/wp-content\/uploads\/2022\/08\/logo-1.png","width":461,"height":159,"caption":"CELTTV"},"image":{"@id":"https:\/\/www.celttv.com.ar\/#\/schema\/logo\/image\/"}},{"@type":"Person","@id":"https:\/\/www.celttv.com.ar\/#\/schema\/person\/6d99c072dba59953809c81446e9d0ace","name":"ulises","image":{"@type":"ImageObject","inLanguage":"es","@id":"https:\/\/www.celttv.com.ar\/#\/schema\/person\/image\/","url":"https:\/\/secure.gravatar.com\/avatar\/7f2c48bdc33b30088f941fb6082e555f2874c98e20cb159d7b92b50eadfce793?s=96&d=mm&r=g","contentUrl":"https:\/\/secure.gravatar.com\/avatar\/7f2c48bdc33b30088f941fb6082e555f2874c98e20cb159d7b92b50eadfce793?s=96&d=mm&r=g","caption":"ulises"},"sameAs":["http:\/\/www.celttv.com.ar"]}]}},"_links":{"self":[{"href":"https:\/\/www.celttv.com.ar\/index.php\/wp-json\/wp\/v2\/posts\/20468","targetHints":{"allow":["GET"]}}],"collection":[{"href":"https:\/\/www.celttv.com.ar\/index.php\/wp-json\/wp\/v2\/posts"}],"about":[{"href":"https:\/\/www.celttv.com.ar\/index.php\/wp-json\/wp\/v2\/types\/post"}],"author":[{"embeddable":true,"href":"https:\/\/www.celttv.com.ar\/index.php\/wp-json\/wp\/v2\/users\/1"}],"replies":[{"embeddable":true,"href":"https:\/\/www.celttv.com.ar\/index.php\/wp-json\/wp\/v2\/comments?post=20468"}],"version-history":[{"count":0,"href":"https:\/\/www.celttv.com.ar\/index.php\/wp-json\/wp\/v2\/posts\/20468\/revisions"}],"wp:attachment":[{"href":"https:\/\/www.celttv.com.ar\/index.php\/wp-json\/wp\/v2\/media?parent=20468"}],"wp:term":[{"taxonomy":"category","embeddable":true,"href":"https:\/\/www.celttv.com.ar\/index.php\/wp-json\/wp\/v2\/categories?post=20468"},{"taxonomy":"post_tag","embeddable":true,"href":"https:\/\/www.celttv.com.ar\/index.php\/wp-json\/wp\/v2\/tags?post=20468"}],"curies":[{"name":"wp","href":"https:\/\/api.w.org\/{rel}","templated":true}]}}