{"id":20474,"date":"2014-05-22T22:53:53","date_gmt":"2014-05-22T22:53:53","guid":{"rendered":"http:\/\/www.tvcnoticias.com.ar\/?p=20474"},"modified":"2014-05-22T22:53:53","modified_gmt":"2014-05-22T22:53:53","slug":"la-biblioteca-popular-de-tornquist-recibio-una-excelente-noticia-2","status":"publish","type":"post","link":"https:\/\/www.celttv.com.ar\/index.php\/2014\/05\/22\/la-biblioteca-popular-de-tornquist-recibio-una-excelente-noticia-2\/","title":{"rendered":"LA BIBLIOTECA POPULAR DE TORNQUIST RECIBIO UNA EXCELENTE NOTICIA"},"content":{"rendered":"<p><a href=\"https:\/\/www.youtube.com\/watch?v=9qRlbnnzKnQ\">httpv:\/\/www.youtube.com\/watch?v=9qRlbnnzKnQ<\/a><br \/>\n<a href=\"https:\/\/www.youtube.com\/watch?v=v_2mh32rE_I\">httpv:\/\/www.youtube.com\/watch?v=v_2mh32rE_I<\/a><br \/>\n<a href=\"https:\/\/www.youtube.com\/watch?v=9qRlbnnzKnQ\"><\/a>Con el objetivo de ayudar a paliar la dif\u00edcil situaci\u00f3n econ\u00f3mica que atraviesa la instituci\u00f3n, el intendente municipal, licenciado Gustavo Trankels, le entreg\u00f3 un importante subsidio a directivos de la comisi\u00f3n directiva de la Biblioteca Popular \u201cErnesto Tornquist\u201d.<br \/>\nEl cheque fue recibido por Estela y Alicia Rodr\u00edguez, \u00a0en el despacho del jefe comunal en el Palacio Municipal, y permitir\u00e1 saldar algunas deudas que mantiene la entidad, cercana a cumplir el centenario de existencia.<br \/>\n\u201cCon la comisi\u00f3n de la Biblioteca nos reunimos frecuentemente. Ellos cumplen una funci\u00f3n importante en lo que hace a la cultura y acompa\u00f1amiento a la educaci\u00f3n.<br \/>\n&nbsp;<br \/>\nTiene muchos a\u00f1os y las puertas abiertas. Estamos contentos de poder acompa\u00f1ar esa tarea desde la gesti\u00f3n municipal, con aportes econ\u00f3micos. La tarea de ellos no tiene precio\u201d, consider\u00f3 Trankels.<br \/>\n\u201cM\u00e1s all\u00e1 de la ayuda econ\u00f3mica, el trabajo que realizan quienes est\u00e1n en la entidad es permanente, al igual que la gente que se acerca a dar una mano.Eso hay que reconocerlo y por eso decimos presente\u201d, asegur\u00f3.<br \/>\nEl intendente tambi\u00e9n destac\u00f3 el acompa\u00f1amiento que reciben desde diferentes \u00e1mbitos provinciales y nacionales para asistir a la Biblioteca.\u00a0 \u00a0\u201cCada vez que golpeamos la puerta encontramos respuestas efectivas para nuestro distrito.<br \/>\nSucedi\u00f3 cuando le pedimos a Juli\u00e1n Dom\u00ednguez, que incluso visit\u00f3 la instituci\u00f3n, como cuando hicimos lo propio con Daniel Scioli. Y eso nos facilita la tarea\u201d, explic\u00f3.<br \/>\nPor su parte, las directivas mostraron su satisfacci\u00f3n por el alivio financiero que significa el aporte efectuado.<br \/>\n\u201cEstamos atravesando un momento dif\u00edcil. Son tres o cuatro factores los que aceleraron esta inquietud. Desde que asumimos hemos tenido siempre los mismos objetivos: tratar de que la Biblioteca siga funcionando, porque son 97 a\u00f1os de trayectoria en la instituci\u00f3n, con las puertas abiertas y el acompa\u00f1amiento de las autoridades municipales y el pueblo. Vamos a seguir trabajando por el bien de la cultura y el pueblo\u201d, dijo Estela.<br \/>\n\u201cEs un gran alivio, porque est\u00e1bamos pensando muy seriamente en la continuidad de la Biblioteca. Tenemos muy en clara que no podemos dejar a una instituci\u00f3n endeudada. Estamos contentos de que se nos haya escuchado\u201d, admiti\u00f3 Alicia.<br \/>\nc<\/p>\n","protected":false},"excerpt":{"rendered":"<p>httpv:\/\/www.youtube.com\/watch?v=9qRlbnnzKnQ httpv:\/\/www.youtube.com\/watch?v=v_2mh32rE_I Con el objetivo de ayudar a paliar la dif\u00edcil situaci\u00f3n econ\u00f3mica que atraviesa la instituci\u00f3n, el intendente municipal, licenciado Gustavo Trankels, le entreg\u00f3 un importante subsidio a directivos de la comisi\u00f3n directiva de la Biblioteca Popular \u201cErnesto Tornquist\u201d. El cheque fue recibido por Estela y Alicia Rodr\u00edguez, \u00a0en el despacho del jefe comunal [&hellip;]<\/p>\n","protected":false},"author":1,"featured_media":0,"comment_status":"closed","ping_status":"open","sticky":false,"template":"","format":"standard","meta":{"footnotes":""},"categories":[51,52,53,64],"tags":[],"class_list":["post-20474","post","type-post","status-publish","format-standard","hentry","category-comunidad","category-destacadas","category-politica","category-videos-destacados"],"yoast_head":"<!-- This site is optimized with the Yoast SEO plugin v19.7.1 - https:\/\/yoast.com\/wordpress\/plugins\/seo\/ -->\n<title>LA BIBLIOTECA POPULAR DE TORNQUIST RECIBIO UNA EXCELENTE NOTICIA - CELTTV<\/title>\n<meta name=\"description\" content=\"Sitio web de noticias de la localidad de Tornquist, provincia de Buenos Aires, Rep\u00fablica Argentina. Contenido propio originado por periodistas de CELTTV, el canal de TV local de la Cooperativa El\u00e9ctrica de Tornquist. Turismo, Pol\u00edtica, Sociedad, Deporte, Cultura y todo el contenido de inter\u00e9s general que la gente del pueblo y la regi\u00f3n debe conocer.\" \/>\n<meta name=\"robots\" content=\"index, follow, max-snippet:-1, max-image-preview:large, max-video-preview:-1\" \/>\n<link rel=\"canonical\" href=\"https:\/\/www.celttv.com.ar\/index.php\/2014\/05\/22\/la-biblioteca-popular-de-tornquist-recibio-una-excelente-noticia-2\/\" \/>\n<meta property=\"og:locale\" content=\"es_ES\" \/>\n<meta property=\"og:type\" content=\"article\" \/>\n<meta property=\"og:title\" content=\"LA BIBLIOTECA POPULAR DE TORNQUIST RECIBIO UNA EXCELENTE NOTICIA - CELTTV\" \/>\n<meta property=\"og:description\" content=\"Sitio web de noticias de la localidad de Tornquist, provincia de Buenos Aires, Rep\u00fablica Argentina. Contenido propio originado por periodistas de CELTTV, el canal de TV local de la Cooperativa El\u00e9ctrica de Tornquist. Turismo, Pol\u00edtica, Sociedad, Deporte, Cultura y todo el contenido de inter\u00e9s general que la gente del pueblo y la regi\u00f3n debe conocer.\" \/>\n<meta property=\"og:url\" content=\"https:\/\/www.celttv.com.ar\/index.php\/2014\/05\/22\/la-biblioteca-popular-de-tornquist-recibio-una-excelente-noticia-2\/\" \/>\n<meta property=\"og:site_name\" content=\"CELTTV\" \/>\n<meta property=\"article:publisher\" content=\"https:\/\/www.facebook.com\/celtTV\/\" \/>\n<meta property=\"article:published_time\" content=\"2014-05-22T22:53:53+00:00\" \/>\n<meta name=\"author\" content=\"ulises\" \/>\n<meta name=\"twitter:card\" content=\"summary_large_image\" \/>\n<meta name=\"twitter:label1\" content=\"Escrito por\" \/>\n\t<meta name=\"twitter:data1\" content=\"ulises\" \/>\n\t<meta name=\"twitter:label2\" content=\"Tiempo de lectura\" \/>\n\t<meta name=\"twitter:data2\" content=\"2 minutos\" \/>\n<script type=\"application\/ld+json\" class=\"yoast-schema-graph\">{\"@context\":\"https:\/\/schema.org\",\"@graph\":[{\"@type\":\"NewsArticle\",\"@id\":\"https:\/\/www.celttv.com.ar\/index.php\/2014\/05\/22\/la-biblioteca-popular-de-tornquist-recibio-una-excelente-noticia-2\/#article\",\"isPartOf\":{\"@id\":\"https:\/\/www.celttv.com.ar\/index.php\/2014\/05\/22\/la-biblioteca-popular-de-tornquist-recibio-una-excelente-noticia-2\/\"},\"author\":{\"name\":\"ulises\",\"@id\":\"https:\/\/www.celttv.com.ar\/#\/schema\/person\/6d99c072dba59953809c81446e9d0ace\"},\"headline\":\"LA BIBLIOTECA POPULAR DE TORNQUIST RECIBIO UNA EXCELENTE NOTICIA\",\"datePublished\":\"2014-05-22T22:53:53+00:00\",\"dateModified\":\"2014-05-22T22:53:53+00:00\",\"mainEntityOfPage\":{\"@id\":\"https:\/\/www.celttv.com.ar\/index.php\/2014\/05\/22\/la-biblioteca-popular-de-tornquist-recibio-una-excelente-noticia-2\/\"},\"wordCount\":405,\"publisher\":{\"@id\":\"https:\/\/www.celttv.com.ar\/#organization\"},\"articleSection\":[\"Comunidad\",\"Destacadas\",\"Pol\u00edtica\",\"Videos Destacados\"],\"inLanguage\":\"es\"},{\"@type\":\"WebPage\",\"@id\":\"https:\/\/www.celttv.com.ar\/index.php\/2014\/05\/22\/la-biblioteca-popular-de-tornquist-recibio-una-excelente-noticia-2\/\",\"url\":\"https:\/\/www.celttv.com.ar\/index.php\/2014\/05\/22\/la-biblioteca-popular-de-tornquist-recibio-una-excelente-noticia-2\/\",\"name\":\"LA BIBLIOTECA POPULAR DE TORNQUIST RECIBIO UNA EXCELENTE NOTICIA - CELTTV\",\"isPartOf\":{\"@id\":\"https:\/\/www.celttv.com.ar\/#website\"},\"datePublished\":\"2014-05-22T22:53:53+00:00\",\"dateModified\":\"2014-05-22T22:53:53+00:00\",\"description\":\"Sitio web de noticias de la localidad de Tornquist, provincia de Buenos Aires, Rep\u00fablica Argentina. Contenido propio originado por periodistas de CELTTV, el canal de TV local de la Cooperativa El\u00e9ctrica de Tornquist. Turismo, Pol\u00edtica, Sociedad, Deporte, Cultura y todo el contenido de inter\u00e9s general que la gente del pueblo y la regi\u00f3n debe conocer.\",\"breadcrumb\":{\"@id\":\"https:\/\/www.celttv.com.ar\/index.php\/2014\/05\/22\/la-biblioteca-popular-de-tornquist-recibio-una-excelente-noticia-2\/#breadcrumb\"},\"inLanguage\":\"es\",\"potentialAction\":[{\"@type\":\"ReadAction\",\"target\":[\"https:\/\/www.celttv.com.ar\/index.php\/2014\/05\/22\/la-biblioteca-popular-de-tornquist-recibio-una-excelente-noticia-2\/\"]}]},{\"@type\":\"BreadcrumbList\",\"@id\":\"https:\/\/www.celttv.com.ar\/index.php\/2014\/05\/22\/la-biblioteca-popular-de-tornquist-recibio-una-excelente-noticia-2\/#breadcrumb\",\"itemListElement\":[{\"@type\":\"ListItem\",\"position\":1,\"name\":\"Inicio\",\"item\":\"https:\/\/www.celttv.com.ar\/\"},{\"@type\":\"ListItem\",\"position\":2,\"name\":\"LA BIBLIOTECA POPULAR DE TORNQUIST RECIBIO UNA EXCELENTE NOTICIA\"}]},{\"@type\":\"WebSite\",\"@id\":\"https:\/\/www.celttv.com.ar\/#website\",\"url\":\"https:\/\/www.celttv.com.ar\/\",\"name\":\"CELTTV\",\"description\":\"Cooperativa El\u00e9ctrica de Tornquist\",\"publisher\":{\"@id\":\"https:\/\/www.celttv.com.ar\/#organization\"},\"potentialAction\":[{\"@type\":\"SearchAction\",\"target\":{\"@type\":\"EntryPoint\",\"urlTemplate\":\"https:\/\/www.celttv.com.ar\/?s={search_term_string}\"},\"query-input\":\"required name=search_term_string\"}],\"inLanguage\":\"es\"},{\"@type\":\"Organization\",\"@id\":\"https:\/\/www.celttv.com.ar\/#organization\",\"name\":\"CELTTV\",\"url\":\"https:\/\/www.celttv.com.ar\/\",\"sameAs\":[\"https:\/\/www.youtube.com\/channel\/UCz_oIt8Hig64Ub-EmcNPIhg\",\"https:\/\/www.facebook.com\/celtTV\/\"],\"logo\":{\"@type\":\"ImageObject\",\"inLanguage\":\"es\",\"@id\":\"https:\/\/www.celttv.com.ar\/#\/schema\/logo\/image\/\",\"url\":\"http:\/\/www.celttv.com.ar\/wp-content\/uploads\/2022\/08\/logo-1.png\",\"contentUrl\":\"http:\/\/www.celttv.com.ar\/wp-content\/uploads\/2022\/08\/logo-1.png\",\"width\":461,\"height\":159,\"caption\":\"CELTTV\"},\"image\":{\"@id\":\"https:\/\/www.celttv.com.ar\/#\/schema\/logo\/image\/\"}},{\"@type\":\"Person\",\"@id\":\"https:\/\/www.celttv.com.ar\/#\/schema\/person\/6d99c072dba59953809c81446e9d0ace\",\"name\":\"ulises\",\"image\":{\"@type\":\"ImageObject\",\"inLanguage\":\"es\",\"@id\":\"https:\/\/www.celttv.com.ar\/#\/schema\/person\/image\/\",\"url\":\"https:\/\/secure.gravatar.com\/avatar\/7f2c48bdc33b30088f941fb6082e555f2874c98e20cb159d7b92b50eadfce793?s=96&d=mm&r=g\",\"contentUrl\":\"https:\/\/secure.gravatar.com\/avatar\/7f2c48bdc33b30088f941fb6082e555f2874c98e20cb159d7b92b50eadfce793?s=96&d=mm&r=g\",\"caption\":\"ulises\"},\"sameAs\":[\"http:\/\/www.celttv.com.ar\"]}]}<\/script>\n<!-- \/ Yoast SEO plugin. -->","yoast_head_json":{"title":"LA BIBLIOTECA POPULAR DE TORNQUIST RECIBIO UNA EXCELENTE NOTICIA - CELTTV","description":"Sitio web de noticias de la localidad de Tornquist, provincia de Buenos Aires, Rep\u00fablica Argentina. Contenido propio originado por periodistas de CELTTV, el canal de TV local de la Cooperativa El\u00e9ctrica de Tornquist. Turismo, Pol\u00edtica, Sociedad, Deporte, Cultura y todo el contenido de inter\u00e9s general que la gente del pueblo y la regi\u00f3n debe conocer.","robots":{"index":"index","follow":"follow","max-snippet":"max-snippet:-1","max-image-preview":"max-image-preview:large","max-video-preview":"max-video-preview:-1"},"canonical":"https:\/\/www.celttv.com.ar\/index.php\/2014\/05\/22\/la-biblioteca-popular-de-tornquist-recibio-una-excelente-noticia-2\/","og_locale":"es_ES","og_type":"article","og_title":"LA BIBLIOTECA POPULAR DE TORNQUIST RECIBIO UNA EXCELENTE NOTICIA - CELTTV","og_description":"Sitio web de noticias de la localidad de Tornquist, provincia de Buenos Aires, Rep\u00fablica Argentina. Contenido propio originado por periodistas de CELTTV, el canal de TV local de la Cooperativa El\u00e9ctrica de Tornquist. Turismo, Pol\u00edtica, Sociedad, Deporte, Cultura y todo el contenido de inter\u00e9s general que la gente del pueblo y la regi\u00f3n debe conocer.","og_url":"https:\/\/www.celttv.com.ar\/index.php\/2014\/05\/22\/la-biblioteca-popular-de-tornquist-recibio-una-excelente-noticia-2\/","og_site_name":"CELTTV","article_publisher":"https:\/\/www.facebook.com\/celtTV\/","article_published_time":"2014-05-22T22:53:53+00:00","author":"ulises","twitter_card":"summary_large_image","twitter_misc":{"Escrito por":"ulises","Tiempo de lectura":"2 minutos"},"schema":{"@context":"https:\/\/schema.org","@graph":[{"@type":"NewsArticle","@id":"https:\/\/www.celttv.com.ar\/index.php\/2014\/05\/22\/la-biblioteca-popular-de-tornquist-recibio-una-excelente-noticia-2\/#article","isPartOf":{"@id":"https:\/\/www.celttv.com.ar\/index.php\/2014\/05\/22\/la-biblioteca-popular-de-tornquist-recibio-una-excelente-noticia-2\/"},"author":{"name":"ulises","@id":"https:\/\/www.celttv.com.ar\/#\/schema\/person\/6d99c072dba59953809c81446e9d0ace"},"headline":"LA BIBLIOTECA POPULAR DE TORNQUIST RECIBIO UNA EXCELENTE NOTICIA","datePublished":"2014-05-22T22:53:53+00:00","dateModified":"2014-05-22T22:53:53+00:00","mainEntityOfPage":{"@id":"https:\/\/www.celttv.com.ar\/index.php\/2014\/05\/22\/la-biblioteca-popular-de-tornquist-recibio-una-excelente-noticia-2\/"},"wordCount":405,"publisher":{"@id":"https:\/\/www.celttv.com.ar\/#organization"},"articleSection":["Comunidad","Destacadas","Pol\u00edtica","Videos Destacados"],"inLanguage":"es"},{"@type":"WebPage","@id":"https:\/\/www.celttv.com.ar\/index.php\/2014\/05\/22\/la-biblioteca-popular-de-tornquist-recibio-una-excelente-noticia-2\/","url":"https:\/\/www.celttv.com.ar\/index.php\/2014\/05\/22\/la-biblioteca-popular-de-tornquist-recibio-una-excelente-noticia-2\/","name":"LA BIBLIOTECA POPULAR DE TORNQUIST RECIBIO UNA EXCELENTE NOTICIA - CELTTV","isPartOf":{"@id":"https:\/\/www.celttv.com.ar\/#website"},"datePublished":"2014-05-22T22:53:53+00:00","dateModified":"2014-05-22T22:53:53+00:00","description":"Sitio web de noticias de la localidad de Tornquist, provincia de Buenos Aires, Rep\u00fablica Argentina. Contenido propio originado por periodistas de CELTTV, el canal de TV local de la Cooperativa El\u00e9ctrica de Tornquist. Turismo, Pol\u00edtica, Sociedad, Deporte, Cultura y todo el contenido de inter\u00e9s general que la gente del pueblo y la regi\u00f3n debe conocer.","breadcrumb":{"@id":"https:\/\/www.celttv.com.ar\/index.php\/2014\/05\/22\/la-biblioteca-popular-de-tornquist-recibio-una-excelente-noticia-2\/#breadcrumb"},"inLanguage":"es","potentialAction":[{"@type":"ReadAction","target":["https:\/\/www.celttv.com.ar\/index.php\/2014\/05\/22\/la-biblioteca-popular-de-tornquist-recibio-una-excelente-noticia-2\/"]}]},{"@type":"BreadcrumbList","@id":"https:\/\/www.celttv.com.ar\/index.php\/2014\/05\/22\/la-biblioteca-popular-de-tornquist-recibio-una-excelente-noticia-2\/#breadcrumb","itemListElement":[{"@type":"ListItem","position":1,"name":"Inicio","item":"https:\/\/www.celttv.com.ar\/"},{"@type":"ListItem","position":2,"name":"LA BIBLIOTECA POPULAR DE TORNQUIST RECIBIO UNA EXCELENTE NOTICIA"}]},{"@type":"WebSite","@id":"https:\/\/www.celttv.com.ar\/#website","url":"https:\/\/www.celttv.com.ar\/","name":"CELTTV","description":"Cooperativa El\u00e9ctrica de Tornquist","publisher":{"@id":"https:\/\/www.celttv.com.ar\/#organization"},"potentialAction":[{"@type":"SearchAction","target":{"@type":"EntryPoint","urlTemplate":"https:\/\/www.celttv.com.ar\/?s={search_term_string}"},"query-input":"required name=search_term_string"}],"inLanguage":"es"},{"@type":"Organization","@id":"https:\/\/www.celttv.com.ar\/#organization","name":"CELTTV","url":"https:\/\/www.celttv.com.ar\/","sameAs":["https:\/\/www.youtube.com\/channel\/UCz_oIt8Hig64Ub-EmcNPIhg","https:\/\/www.facebook.com\/celtTV\/"],"logo":{"@type":"ImageObject","inLanguage":"es","@id":"https:\/\/www.celttv.com.ar\/#\/schema\/logo\/image\/","url":"http:\/\/www.celttv.com.ar\/wp-content\/uploads\/2022\/08\/logo-1.png","contentUrl":"http:\/\/www.celttv.com.ar\/wp-content\/uploads\/2022\/08\/logo-1.png","width":461,"height":159,"caption":"CELTTV"},"image":{"@id":"https:\/\/www.celttv.com.ar\/#\/schema\/logo\/image\/"}},{"@type":"Person","@id":"https:\/\/www.celttv.com.ar\/#\/schema\/person\/6d99c072dba59953809c81446e9d0ace","name":"ulises","image":{"@type":"ImageObject","inLanguage":"es","@id":"https:\/\/www.celttv.com.ar\/#\/schema\/person\/image\/","url":"https:\/\/secure.gravatar.com\/avatar\/7f2c48bdc33b30088f941fb6082e555f2874c98e20cb159d7b92b50eadfce793?s=96&d=mm&r=g","contentUrl":"https:\/\/secure.gravatar.com\/avatar\/7f2c48bdc33b30088f941fb6082e555f2874c98e20cb159d7b92b50eadfce793?s=96&d=mm&r=g","caption":"ulises"},"sameAs":["http:\/\/www.celttv.com.ar"]}]}},"_links":{"self":[{"href":"https:\/\/www.celttv.com.ar\/index.php\/wp-json\/wp\/v2\/posts\/20474","targetHints":{"allow":["GET"]}}],"collection":[{"href":"https:\/\/www.celttv.com.ar\/index.php\/wp-json\/wp\/v2\/posts"}],"about":[{"href":"https:\/\/www.celttv.com.ar\/index.php\/wp-json\/wp\/v2\/types\/post"}],"author":[{"embeddable":true,"href":"https:\/\/www.celttv.com.ar\/index.php\/wp-json\/wp\/v2\/users\/1"}],"replies":[{"embeddable":true,"href":"https:\/\/www.celttv.com.ar\/index.php\/wp-json\/wp\/v2\/comments?post=20474"}],"version-history":[{"count":0,"href":"https:\/\/www.celttv.com.ar\/index.php\/wp-json\/wp\/v2\/posts\/20474\/revisions"}],"wp:attachment":[{"href":"https:\/\/www.celttv.com.ar\/index.php\/wp-json\/wp\/v2\/media?parent=20474"}],"wp:term":[{"taxonomy":"category","embeddable":true,"href":"https:\/\/www.celttv.com.ar\/index.php\/wp-json\/wp\/v2\/categories?post=20474"},{"taxonomy":"post_tag","embeddable":true,"href":"https:\/\/www.celttv.com.ar\/index.php\/wp-json\/wp\/v2\/tags?post=20474"}],"curies":[{"name":"wp","href":"https:\/\/api.w.org\/{rel}","templated":true}]}}