{"id":20486,"date":"2014-05-23T13:08:39","date_gmt":"2014-05-23T13:08:39","guid":{"rendered":"http:\/\/www.tvcnoticias.com.ar\/?p=20486"},"modified":"2014-05-23T13:08:39","modified_gmt":"2014-05-23T13:08:39","slug":"12j-del-club-union-sera-una-fiesta-inolvidable-nota-con-leandro-marcolini-y-german-pettinari","status":"publish","type":"post","link":"https:\/\/www.celttv.com.ar\/index.php\/2014\/05\/23\/12j-del-club-union-sera-una-fiesta-inolvidable-nota-con-leandro-marcolini-y-german-pettinari\/","title":{"rendered":"#12J DEL CLUB UNION: &#8220;SERA UNA FIESTA INOLVIDABLE&#8221; (Nota con Leandro Marcolini y German Pettinari)"},"content":{"rendered":"<p><a href=\"https:\/\/www.youtube.com\/watch?v=tYXdkaHIQAc\">httpv:\/\/www.youtube.com\/watch?v=tYXdkaHIQAc<\/a><br \/>\n<a href=\"https:\/\/www.youtube.com\/watch?v=9xa4Xwh1Qew\">httpv:\/\/www.youtube.com\/watch?v=9xa4Xwh1Qew<\/a><br \/>\nLos dirigentes del Club Uni\u00f3n Leandro Marcolini y German Pettinari brindan detalles de la sin precedentes que se realizar\u00e1 en el predio de la entidad verde el pr\u00f3ximo 12 de julio festejando la inauguraci\u00f3n de la Cancha de Hockey, la obra de iluminaci\u00f3n y el D\u00eda del Amigo.<br \/>\nRecordamos que se confirm\u00f3 la presencia de los reconocidos grupos Tamb\u00f3 Tamb\u00f3 y Amar Azul, un tercer grupo cuyo nombre aun no trascendi\u00f3, bailarinas y reconocimientos.<br \/>\nTodo se desarrollar\u00e1 en una amplia carpa con capacidad para mas de 1000 personas.<\/p>\n","protected":false},"excerpt":{"rendered":"<p>httpv:\/\/www.youtube.com\/watch?v=tYXdkaHIQAc httpv:\/\/www.youtube.com\/watch?v=9xa4Xwh1Qew Los dirigentes del Club Uni\u00f3n Leandro Marcolini y German Pettinari brindan detalles de la sin precedentes que se realizar\u00e1 en el predio de la entidad verde el pr\u00f3ximo 12 de julio festejando la inauguraci\u00f3n de la Cancha de Hockey, la obra de iluminaci\u00f3n y el D\u00eda del Amigo. Recordamos que se confirm\u00f3 la [&hellip;]<\/p>\n","protected":false},"author":1,"featured_media":0,"comment_status":"closed","ping_status":"open","sticky":false,"template":"","format":"standard","meta":{"footnotes":""},"categories":[60,52,56,64],"tags":[],"class_list":["post-20486","post","type-post","status-publish","format-standard","hentry","category-deporte","category-destacadas","category-espectaculos","category-videos-destacados"],"yoast_head":"<!-- This site is optimized with the Yoast SEO plugin v19.7.1 - https:\/\/yoast.com\/wordpress\/plugins\/seo\/ -->\n<title>#12J DEL CLUB UNION: &quot;SERA UNA FIESTA INOLVIDABLE&quot; (Nota con Leandro Marcolini y German Pettinari) - CELTTV<\/title>\n<meta name=\"description\" content=\"Sitio web de noticias de la localidad de Tornquist, provincia de Buenos Aires, Rep\u00fablica Argentina. Contenido propio originado por periodistas de CELTTV, el canal de TV local de la Cooperativa El\u00e9ctrica de Tornquist. Turismo, Pol\u00edtica, Sociedad, Deporte, Cultura y todo el contenido de inter\u00e9s general que la gente del pueblo y la regi\u00f3n debe conocer.\" \/>\n<meta name=\"robots\" content=\"index, follow, max-snippet:-1, max-image-preview:large, max-video-preview:-1\" \/>\n<link rel=\"canonical\" href=\"https:\/\/www.celttv.com.ar\/index.php\/2014\/05\/23\/12j-del-club-union-sera-una-fiesta-inolvidable-nota-con-leandro-marcolini-y-german-pettinari\/\" \/>\n<meta property=\"og:locale\" content=\"es_ES\" \/>\n<meta property=\"og:type\" content=\"article\" \/>\n<meta property=\"og:title\" content=\"#12J DEL CLUB UNION: &quot;SERA UNA FIESTA INOLVIDABLE&quot; (Nota con Leandro Marcolini y German Pettinari) - CELTTV\" \/>\n<meta property=\"og:description\" content=\"Sitio web de noticias de la localidad de Tornquist, provincia de Buenos Aires, Rep\u00fablica Argentina. Contenido propio originado por periodistas de CELTTV, el canal de TV local de la Cooperativa El\u00e9ctrica de Tornquist. Turismo, Pol\u00edtica, Sociedad, Deporte, Cultura y todo el contenido de inter\u00e9s general que la gente del pueblo y la regi\u00f3n debe conocer.\" \/>\n<meta property=\"og:url\" content=\"https:\/\/www.celttv.com.ar\/index.php\/2014\/05\/23\/12j-del-club-union-sera-una-fiesta-inolvidable-nota-con-leandro-marcolini-y-german-pettinari\/\" \/>\n<meta property=\"og:site_name\" content=\"CELTTV\" \/>\n<meta property=\"article:publisher\" content=\"https:\/\/www.facebook.com\/celtTV\/\" \/>\n<meta property=\"article:published_time\" content=\"2014-05-23T13:08:39+00:00\" \/>\n<meta name=\"author\" content=\"ulises\" \/>\n<meta name=\"twitter:card\" content=\"summary_large_image\" \/>\n<meta name=\"twitter:label1\" content=\"Escrito por\" \/>\n\t<meta name=\"twitter:data1\" content=\"ulises\" \/>\n\t<meta name=\"twitter:label2\" content=\"Tiempo de lectura\" \/>\n\t<meta name=\"twitter:data2\" content=\"1 minuto\" \/>\n<script type=\"application\/ld+json\" class=\"yoast-schema-graph\">{\"@context\":\"https:\/\/schema.org\",\"@graph\":[{\"@type\":\"NewsArticle\",\"@id\":\"https:\/\/www.celttv.com.ar\/index.php\/2014\/05\/23\/12j-del-club-union-sera-una-fiesta-inolvidable-nota-con-leandro-marcolini-y-german-pettinari\/#article\",\"isPartOf\":{\"@id\":\"https:\/\/www.celttv.com.ar\/index.php\/2014\/05\/23\/12j-del-club-union-sera-una-fiesta-inolvidable-nota-con-leandro-marcolini-y-german-pettinari\/\"},\"author\":{\"name\":\"ulises\",\"@id\":\"https:\/\/www.celttv.com.ar\/#\/schema\/person\/6d99c072dba59953809c81446e9d0ace\"},\"headline\":\"#12J DEL CLUB UNION: &#8220;SERA UNA FIESTA INOLVIDABLE&#8221; (Nota con Leandro Marcolini y German Pettinari)\",\"datePublished\":\"2014-05-23T13:08:39+00:00\",\"dateModified\":\"2014-05-23T13:08:39+00:00\",\"mainEntityOfPage\":{\"@id\":\"https:\/\/www.celttv.com.ar\/index.php\/2014\/05\/23\/12j-del-club-union-sera-una-fiesta-inolvidable-nota-con-leandro-marcolini-y-german-pettinari\/\"},\"wordCount\":122,\"publisher\":{\"@id\":\"https:\/\/www.celttv.com.ar\/#organization\"},\"articleSection\":[\"Deporte\",\"Destacadas\",\"Espect\u00e1culos\",\"Videos Destacados\"],\"inLanguage\":\"es\"},{\"@type\":\"WebPage\",\"@id\":\"https:\/\/www.celttv.com.ar\/index.php\/2014\/05\/23\/12j-del-club-union-sera-una-fiesta-inolvidable-nota-con-leandro-marcolini-y-german-pettinari\/\",\"url\":\"https:\/\/www.celttv.com.ar\/index.php\/2014\/05\/23\/12j-del-club-union-sera-una-fiesta-inolvidable-nota-con-leandro-marcolini-y-german-pettinari\/\",\"name\":\"#12J DEL CLUB UNION: \\\"SERA UNA FIESTA INOLVIDABLE\\\" (Nota con Leandro Marcolini y German Pettinari) - CELTTV\",\"isPartOf\":{\"@id\":\"https:\/\/www.celttv.com.ar\/#website\"},\"datePublished\":\"2014-05-23T13:08:39+00:00\",\"dateModified\":\"2014-05-23T13:08:39+00:00\",\"description\":\"Sitio web de noticias de la localidad de Tornquist, provincia de Buenos Aires, Rep\u00fablica Argentina. Contenido propio originado por periodistas de CELTTV, el canal de TV local de la Cooperativa El\u00e9ctrica de Tornquist. Turismo, Pol\u00edtica, Sociedad, Deporte, Cultura y todo el contenido de inter\u00e9s general que la gente del pueblo y la regi\u00f3n debe conocer.\",\"breadcrumb\":{\"@id\":\"https:\/\/www.celttv.com.ar\/index.php\/2014\/05\/23\/12j-del-club-union-sera-una-fiesta-inolvidable-nota-con-leandro-marcolini-y-german-pettinari\/#breadcrumb\"},\"inLanguage\":\"es\",\"potentialAction\":[{\"@type\":\"ReadAction\",\"target\":[\"https:\/\/www.celttv.com.ar\/index.php\/2014\/05\/23\/12j-del-club-union-sera-una-fiesta-inolvidable-nota-con-leandro-marcolini-y-german-pettinari\/\"]}]},{\"@type\":\"BreadcrumbList\",\"@id\":\"https:\/\/www.celttv.com.ar\/index.php\/2014\/05\/23\/12j-del-club-union-sera-una-fiesta-inolvidable-nota-con-leandro-marcolini-y-german-pettinari\/#breadcrumb\",\"itemListElement\":[{\"@type\":\"ListItem\",\"position\":1,\"name\":\"Inicio\",\"item\":\"https:\/\/www.celttv.com.ar\/\"},{\"@type\":\"ListItem\",\"position\":2,\"name\":\"#12J DEL CLUB UNION: &#8220;SERA UNA FIESTA INOLVIDABLE&#8221; (Nota con Leandro Marcolini y German Pettinari)\"}]},{\"@type\":\"WebSite\",\"@id\":\"https:\/\/www.celttv.com.ar\/#website\",\"url\":\"https:\/\/www.celttv.com.ar\/\",\"name\":\"CELTTV\",\"description\":\"Cooperativa El\u00e9ctrica de Tornquist\",\"publisher\":{\"@id\":\"https:\/\/www.celttv.com.ar\/#organization\"},\"potentialAction\":[{\"@type\":\"SearchAction\",\"target\":{\"@type\":\"EntryPoint\",\"urlTemplate\":\"https:\/\/www.celttv.com.ar\/?s={search_term_string}\"},\"query-input\":\"required name=search_term_string\"}],\"inLanguage\":\"es\"},{\"@type\":\"Organization\",\"@id\":\"https:\/\/www.celttv.com.ar\/#organization\",\"name\":\"CELTTV\",\"url\":\"https:\/\/www.celttv.com.ar\/\",\"sameAs\":[\"https:\/\/www.youtube.com\/channel\/UCz_oIt8Hig64Ub-EmcNPIhg\",\"https:\/\/www.facebook.com\/celtTV\/\"],\"logo\":{\"@type\":\"ImageObject\",\"inLanguage\":\"es\",\"@id\":\"https:\/\/www.celttv.com.ar\/#\/schema\/logo\/image\/\",\"url\":\"http:\/\/www.celttv.com.ar\/wp-content\/uploads\/2022\/08\/logo-1.png\",\"contentUrl\":\"http:\/\/www.celttv.com.ar\/wp-content\/uploads\/2022\/08\/logo-1.png\",\"width\":461,\"height\":159,\"caption\":\"CELTTV\"},\"image\":{\"@id\":\"https:\/\/www.celttv.com.ar\/#\/schema\/logo\/image\/\"}},{\"@type\":\"Person\",\"@id\":\"https:\/\/www.celttv.com.ar\/#\/schema\/person\/6d99c072dba59953809c81446e9d0ace\",\"name\":\"ulises\",\"image\":{\"@type\":\"ImageObject\",\"inLanguage\":\"es\",\"@id\":\"https:\/\/www.celttv.com.ar\/#\/schema\/person\/image\/\",\"url\":\"https:\/\/secure.gravatar.com\/avatar\/7f2c48bdc33b30088f941fb6082e555f2874c98e20cb159d7b92b50eadfce793?s=96&d=mm&r=g\",\"contentUrl\":\"https:\/\/secure.gravatar.com\/avatar\/7f2c48bdc33b30088f941fb6082e555f2874c98e20cb159d7b92b50eadfce793?s=96&d=mm&r=g\",\"caption\":\"ulises\"},\"sameAs\":[\"http:\/\/www.celttv.com.ar\"]}]}<\/script>\n<!-- \/ Yoast SEO plugin. -->","yoast_head_json":{"title":"#12J DEL CLUB UNION: \"SERA UNA FIESTA INOLVIDABLE\" (Nota con Leandro Marcolini y German Pettinari) - CELTTV","description":"Sitio web de noticias de la localidad de Tornquist, provincia de Buenos Aires, Rep\u00fablica Argentina. Contenido propio originado por periodistas de CELTTV, el canal de TV local de la Cooperativa El\u00e9ctrica de Tornquist. Turismo, Pol\u00edtica, Sociedad, Deporte, Cultura y todo el contenido de inter\u00e9s general que la gente del pueblo y la regi\u00f3n debe conocer.","robots":{"index":"index","follow":"follow","max-snippet":"max-snippet:-1","max-image-preview":"max-image-preview:large","max-video-preview":"max-video-preview:-1"},"canonical":"https:\/\/www.celttv.com.ar\/index.php\/2014\/05\/23\/12j-del-club-union-sera-una-fiesta-inolvidable-nota-con-leandro-marcolini-y-german-pettinari\/","og_locale":"es_ES","og_type":"article","og_title":"#12J DEL CLUB UNION: \"SERA UNA FIESTA INOLVIDABLE\" (Nota con Leandro Marcolini y German Pettinari) - CELTTV","og_description":"Sitio web de noticias de la localidad de Tornquist, provincia de Buenos Aires, Rep\u00fablica Argentina. Contenido propio originado por periodistas de CELTTV, el canal de TV local de la Cooperativa El\u00e9ctrica de Tornquist. Turismo, Pol\u00edtica, Sociedad, Deporte, Cultura y todo el contenido de inter\u00e9s general que la gente del pueblo y la regi\u00f3n debe conocer.","og_url":"https:\/\/www.celttv.com.ar\/index.php\/2014\/05\/23\/12j-del-club-union-sera-una-fiesta-inolvidable-nota-con-leandro-marcolini-y-german-pettinari\/","og_site_name":"CELTTV","article_publisher":"https:\/\/www.facebook.com\/celtTV\/","article_published_time":"2014-05-23T13:08:39+00:00","author":"ulises","twitter_card":"summary_large_image","twitter_misc":{"Escrito por":"ulises","Tiempo de lectura":"1 minuto"},"schema":{"@context":"https:\/\/schema.org","@graph":[{"@type":"NewsArticle","@id":"https:\/\/www.celttv.com.ar\/index.php\/2014\/05\/23\/12j-del-club-union-sera-una-fiesta-inolvidable-nota-con-leandro-marcolini-y-german-pettinari\/#article","isPartOf":{"@id":"https:\/\/www.celttv.com.ar\/index.php\/2014\/05\/23\/12j-del-club-union-sera-una-fiesta-inolvidable-nota-con-leandro-marcolini-y-german-pettinari\/"},"author":{"name":"ulises","@id":"https:\/\/www.celttv.com.ar\/#\/schema\/person\/6d99c072dba59953809c81446e9d0ace"},"headline":"#12J DEL CLUB UNION: &#8220;SERA UNA FIESTA INOLVIDABLE&#8221; (Nota con Leandro Marcolini y German Pettinari)","datePublished":"2014-05-23T13:08:39+00:00","dateModified":"2014-05-23T13:08:39+00:00","mainEntityOfPage":{"@id":"https:\/\/www.celttv.com.ar\/index.php\/2014\/05\/23\/12j-del-club-union-sera-una-fiesta-inolvidable-nota-con-leandro-marcolini-y-german-pettinari\/"},"wordCount":122,"publisher":{"@id":"https:\/\/www.celttv.com.ar\/#organization"},"articleSection":["Deporte","Destacadas","Espect\u00e1culos","Videos Destacados"],"inLanguage":"es"},{"@type":"WebPage","@id":"https:\/\/www.celttv.com.ar\/index.php\/2014\/05\/23\/12j-del-club-union-sera-una-fiesta-inolvidable-nota-con-leandro-marcolini-y-german-pettinari\/","url":"https:\/\/www.celttv.com.ar\/index.php\/2014\/05\/23\/12j-del-club-union-sera-una-fiesta-inolvidable-nota-con-leandro-marcolini-y-german-pettinari\/","name":"#12J DEL CLUB UNION: \"SERA UNA FIESTA INOLVIDABLE\" (Nota con Leandro Marcolini y German Pettinari) - CELTTV","isPartOf":{"@id":"https:\/\/www.celttv.com.ar\/#website"},"datePublished":"2014-05-23T13:08:39+00:00","dateModified":"2014-05-23T13:08:39+00:00","description":"Sitio web de noticias de la localidad de Tornquist, provincia de Buenos Aires, Rep\u00fablica Argentina. Contenido propio originado por periodistas de CELTTV, el canal de TV local de la Cooperativa El\u00e9ctrica de Tornquist. Turismo, Pol\u00edtica, Sociedad, Deporte, Cultura y todo el contenido de inter\u00e9s general que la gente del pueblo y la regi\u00f3n debe conocer.","breadcrumb":{"@id":"https:\/\/www.celttv.com.ar\/index.php\/2014\/05\/23\/12j-del-club-union-sera-una-fiesta-inolvidable-nota-con-leandro-marcolini-y-german-pettinari\/#breadcrumb"},"inLanguage":"es","potentialAction":[{"@type":"ReadAction","target":["https:\/\/www.celttv.com.ar\/index.php\/2014\/05\/23\/12j-del-club-union-sera-una-fiesta-inolvidable-nota-con-leandro-marcolini-y-german-pettinari\/"]}]},{"@type":"BreadcrumbList","@id":"https:\/\/www.celttv.com.ar\/index.php\/2014\/05\/23\/12j-del-club-union-sera-una-fiesta-inolvidable-nota-con-leandro-marcolini-y-german-pettinari\/#breadcrumb","itemListElement":[{"@type":"ListItem","position":1,"name":"Inicio","item":"https:\/\/www.celttv.com.ar\/"},{"@type":"ListItem","position":2,"name":"#12J DEL CLUB UNION: &#8220;SERA UNA FIESTA INOLVIDABLE&#8221; (Nota con Leandro Marcolini y German Pettinari)"}]},{"@type":"WebSite","@id":"https:\/\/www.celttv.com.ar\/#website","url":"https:\/\/www.celttv.com.ar\/","name":"CELTTV","description":"Cooperativa El\u00e9ctrica de Tornquist","publisher":{"@id":"https:\/\/www.celttv.com.ar\/#organization"},"potentialAction":[{"@type":"SearchAction","target":{"@type":"EntryPoint","urlTemplate":"https:\/\/www.celttv.com.ar\/?s={search_term_string}"},"query-input":"required name=search_term_string"}],"inLanguage":"es"},{"@type":"Organization","@id":"https:\/\/www.celttv.com.ar\/#organization","name":"CELTTV","url":"https:\/\/www.celttv.com.ar\/","sameAs":["https:\/\/www.youtube.com\/channel\/UCz_oIt8Hig64Ub-EmcNPIhg","https:\/\/www.facebook.com\/celtTV\/"],"logo":{"@type":"ImageObject","inLanguage":"es","@id":"https:\/\/www.celttv.com.ar\/#\/schema\/logo\/image\/","url":"http:\/\/www.celttv.com.ar\/wp-content\/uploads\/2022\/08\/logo-1.png","contentUrl":"http:\/\/www.celttv.com.ar\/wp-content\/uploads\/2022\/08\/logo-1.png","width":461,"height":159,"caption":"CELTTV"},"image":{"@id":"https:\/\/www.celttv.com.ar\/#\/schema\/logo\/image\/"}},{"@type":"Person","@id":"https:\/\/www.celttv.com.ar\/#\/schema\/person\/6d99c072dba59953809c81446e9d0ace","name":"ulises","image":{"@type":"ImageObject","inLanguage":"es","@id":"https:\/\/www.celttv.com.ar\/#\/schema\/person\/image\/","url":"https:\/\/secure.gravatar.com\/avatar\/7f2c48bdc33b30088f941fb6082e555f2874c98e20cb159d7b92b50eadfce793?s=96&d=mm&r=g","contentUrl":"https:\/\/secure.gravatar.com\/avatar\/7f2c48bdc33b30088f941fb6082e555f2874c98e20cb159d7b92b50eadfce793?s=96&d=mm&r=g","caption":"ulises"},"sameAs":["http:\/\/www.celttv.com.ar"]}]}},"_links":{"self":[{"href":"https:\/\/www.celttv.com.ar\/index.php\/wp-json\/wp\/v2\/posts\/20486","targetHints":{"allow":["GET"]}}],"collection":[{"href":"https:\/\/www.celttv.com.ar\/index.php\/wp-json\/wp\/v2\/posts"}],"about":[{"href":"https:\/\/www.celttv.com.ar\/index.php\/wp-json\/wp\/v2\/types\/post"}],"author":[{"embeddable":true,"href":"https:\/\/www.celttv.com.ar\/index.php\/wp-json\/wp\/v2\/users\/1"}],"replies":[{"embeddable":true,"href":"https:\/\/www.celttv.com.ar\/index.php\/wp-json\/wp\/v2\/comments?post=20486"}],"version-history":[{"count":0,"href":"https:\/\/www.celttv.com.ar\/index.php\/wp-json\/wp\/v2\/posts\/20486\/revisions"}],"wp:attachment":[{"href":"https:\/\/www.celttv.com.ar\/index.php\/wp-json\/wp\/v2\/media?parent=20486"}],"wp:term":[{"taxonomy":"category","embeddable":true,"href":"https:\/\/www.celttv.com.ar\/index.php\/wp-json\/wp\/v2\/categories?post=20486"},{"taxonomy":"post_tag","embeddable":true,"href":"https:\/\/www.celttv.com.ar\/index.php\/wp-json\/wp\/v2\/tags?post=20486"}],"curies":[{"name":"wp","href":"https:\/\/api.w.org\/{rel}","templated":true}]}}