{"id":20489,"date":"2014-05-23T15:16:56","date_gmt":"2014-05-23T15:16:56","guid":{"rendered":"http:\/\/www.tvcnoticias.com.ar\/?p=20489"},"modified":"2014-05-23T15:16:56","modified_gmt":"2014-05-23T15:16:56","slug":"record-de-inscriptos-para-la-maraton-de-montana-de-este-domingo","status":"publish","type":"post","link":"https:\/\/www.celttv.com.ar\/index.php\/2014\/05\/23\/record-de-inscriptos-para-la-maraton-de-montana-de-este-domingo\/","title":{"rendered":"RECORD DE INSCRIPTOS PARA LA MARATON DE MONTA\u00d1A DE ESTE DOMINGO"},"content":{"rendered":"<p><strong><a rel=\"attachment wp-att-20490\" href=\"http:\/\/www.tvcnoticias.com.ar\/?attachment_id=20490\"><img loading=\"lazy\" decoding=\"async\" class=\"aligncenter size-medium wp-image-20490\" title=\"1460 - MARATON (Small)\" src=\"http:\/\/www.tvcnoticias.com.ar\/wp-content\/uploads\/2014\/05\/1460-MARATON-Small-450x303.jpg\" alt=\"\" width=\"450\" height=\"303\" \/><\/a>Con un r\u00e9cord de m\u00e1s de mil atletas que ya se encuentran inscriptos, se desarrollar\u00e1 este domingo, en Villa Ventana, uno de los desaf\u00edos m\u00e1s trascendentes del calendario deportivo de nuestro distrito: la M42k Marat\u00f3n de Monta\u00f1a 2014.<\/strong><br \/>\n<strong> La iniciativa, que cuenta con la organizaci\u00f3n de FC Producciones y el auspicio de la Municipalidad de Tornquist, se desarrolla en pleno cord\u00f3n serrano, con las dificultades y complicaciones que trae aparejado el terreno, m\u00e1s despu\u00e9s de las precipitaciones que se generaron en los \u00faltimos d\u00edas.<\/strong><br \/>\n<strong> La competencia, que ya se convirti\u00f3 en un cl\u00e1sico, contar\u00e1 con tres distancias diferentes (42, 25 y 10k) para los adultos y una para los menores de 14 a\u00f1os.<\/strong><br \/>\n<strong> La trascendencia que viene cobrando la carrera en el transcurso de los a\u00f1os (esta ser\u00e1 la cuarta edici\u00f3n que incluye los 42 kil\u00f3metros) se refleja en el r\u00e9cord de inscriptos. De este total, cerca unos 200 personas se anotaron en la distancia m\u00e1s larga, el doble de los participantes del a\u00f1o pasado.<\/strong><br \/>\n<strong> Por primera vez desde que esta prueba se instal\u00f3 en Villa Ventana, los tiempos de los corredores se medir\u00e1n con chips.<\/strong><br \/>\n<strong> <\/strong><strong> Tanto para las competencias de 10, 25 y 42k, las categor\u00edas se dividir\u00e1n de la siguiente manera: h<\/strong>asta 35 a\u00f1os; de 36 a 45; de 46 a 55; y mayores de 56. La divisional kids, en tanto, ser\u00e1 para ni\u00f1os de 0 a 14 a\u00f1os, mientras que los menores de 15 a 18 a\u00f1os podr\u00e1n competir en los 10k con autorizaci\u00f3n de padre, madre o tutor.<br \/>\n&nbsp;<br \/>\n<strong>Cronograma<\/strong><br \/>\n<strong>S\u00e1bado<\/strong><br \/>\n<strong>&#8211; <\/strong>14 a 19.30 horas: entrega de kits, en\u00a0<strong>La Gran Caba\u00f1a.<\/strong><strong> <\/strong><br \/>\n&#8211;\u00a0\u00a0\u00a0\u00a0\u00a0\u00a0\u00a0\u00a0\u00a0 <strong>19.30: <\/strong>Charla t\u00e9cnica en el hall central.<br \/>\n<strong>Domingo<\/strong><br \/>\n&#8211;\u00a0\u00a0\u00a0\u00a0\u00a0\u00a0\u00a0\u00a0\u00a0 8 horas: entrega de kits para 42K.<br \/>\n&#8211;\u00a0\u00a0\u00a0\u00a0\u00a0\u00a0\u00a0\u00a0\u00a0 8.45: entrega de kits para 10 y 25k.<br \/>\n&#8211;\u00a0\u00a0\u00a0\u00a0\u00a0\u00a0\u00a0\u00a0\u00a0 <strong>9: l<\/strong>argada 42k.<br \/>\n&#8211;\u00a0\u00a0\u00a0\u00a0\u00a0\u00a0\u00a0\u00a0\u00a0 <strong>10.30: l<\/strong>argada 10k y 25k.<br \/>\n&#8211;\u00a0\u00a0\u00a0\u00a0\u00a0\u00a0\u00a0\u00a0\u00a0 13.30: largada de categor\u00eda Kids.<br \/>\n&#8211;\u00a0\u00a0\u00a0\u00a0\u00a0\u00a0\u00a0\u00a0\u00a0 14.30: entrega de premios 25k y 10k.<br \/>\n&#8211;\u00a0\u00a0\u00a0\u00a0\u00a0\u00a0\u00a0\u00a0\u00a0 16.30: entrega de premios 42k.<br \/>\nLa largada se realizar\u00e1 desde la Estancia Las Vertientes, ubicada en el kil\u00f3metro 221 de la ruta provincial 76, en cercan\u00edas de Villa Ventana.<br \/>\n&nbsp;<br \/>\nPrensa Municipalidad de Tornquist (<a href=\"mailto:prensa@tornquist.gov.ar\">prensa@tornquist.gov.ar<\/a>)<br \/>\nTwitter: @prensatornquist<br \/>\n<span style=\"text-decoration: underline;\"><a href=\"http:\/\/www.tornquist.gob.ar\/\">www.tornquist.gob.ar<\/a><\/span><br \/>\n&nbsp;<br \/>\n&nbsp;<\/p>\n","protected":false},"excerpt":{"rendered":"<p>Con un r\u00e9cord de m\u00e1s de mil atletas que ya se encuentran inscriptos, se desarrollar\u00e1 este domingo, en Villa Ventana, uno de los desaf\u00edos m\u00e1s trascendentes del calendario deportivo de nuestro distrito: la M42k Marat\u00f3n de Monta\u00f1a 2014. La iniciativa, que cuenta con la organizaci\u00f3n de FC Producciones y el auspicio de la Municipalidad de [&hellip;]<\/p>\n","protected":false},"author":1,"featured_media":0,"comment_status":"closed","ping_status":"open","sticky":false,"template":"","format":"standard","meta":{"footnotes":""},"categories":[51,60,52],"tags":[],"class_list":["post-20489","post","type-post","status-publish","format-standard","hentry","category-comunidad","category-deporte","category-destacadas"],"yoast_head":"<!-- This site is optimized with the Yoast SEO plugin v19.7.1 - https:\/\/yoast.com\/wordpress\/plugins\/seo\/ -->\n<title>RECORD DE INSCRIPTOS PARA LA MARATON DE MONTA\u00d1A DE ESTE DOMINGO - CELTTV<\/title>\n<meta name=\"description\" content=\"Sitio web de noticias de la localidad de Tornquist, provincia de Buenos Aires, Rep\u00fablica Argentina. Contenido propio originado por periodistas de CELTTV, el canal de TV local de la Cooperativa El\u00e9ctrica de Tornquist. Turismo, Pol\u00edtica, Sociedad, Deporte, Cultura y todo el contenido de inter\u00e9s general que la gente del pueblo y la regi\u00f3n debe conocer.\" \/>\n<meta name=\"robots\" content=\"index, follow, max-snippet:-1, max-image-preview:large, max-video-preview:-1\" \/>\n<link rel=\"canonical\" href=\"https:\/\/www.celttv.com.ar\/index.php\/2014\/05\/23\/record-de-inscriptos-para-la-maraton-de-montana-de-este-domingo\/\" \/>\n<meta property=\"og:locale\" content=\"es_ES\" \/>\n<meta property=\"og:type\" content=\"article\" \/>\n<meta property=\"og:title\" content=\"RECORD DE INSCRIPTOS PARA LA MARATON DE MONTA\u00d1A DE ESTE DOMINGO - CELTTV\" \/>\n<meta property=\"og:description\" content=\"Sitio web de noticias de la localidad de Tornquist, provincia de Buenos Aires, Rep\u00fablica Argentina. Contenido propio originado por periodistas de CELTTV, el canal de TV local de la Cooperativa El\u00e9ctrica de Tornquist. Turismo, Pol\u00edtica, Sociedad, Deporte, Cultura y todo el contenido de inter\u00e9s general que la gente del pueblo y la regi\u00f3n debe conocer.\" \/>\n<meta property=\"og:url\" content=\"https:\/\/www.celttv.com.ar\/index.php\/2014\/05\/23\/record-de-inscriptos-para-la-maraton-de-montana-de-este-domingo\/\" \/>\n<meta property=\"og:site_name\" content=\"CELTTV\" \/>\n<meta property=\"article:publisher\" content=\"https:\/\/www.facebook.com\/celtTV\/\" \/>\n<meta property=\"article:published_time\" content=\"2014-05-23T15:16:56+00:00\" \/>\n<meta property=\"og:image\" content=\"http:\/\/www.tvcnoticias.com.ar\/wp-content\/uploads\/2014\/05\/1460-MARATON-Small-450x303.jpg\" \/>\n<meta name=\"author\" content=\"ulises\" \/>\n<meta name=\"twitter:card\" content=\"summary_large_image\" \/>\n<meta name=\"twitter:label1\" content=\"Escrito por\" \/>\n\t<meta name=\"twitter:data1\" content=\"ulises\" \/>\n\t<meta name=\"twitter:label2\" content=\"Tiempo de lectura\" \/>\n\t<meta name=\"twitter:data2\" content=\"2 minutos\" \/>\n<script type=\"application\/ld+json\" class=\"yoast-schema-graph\">{\"@context\":\"https:\/\/schema.org\",\"@graph\":[{\"@type\":\"NewsArticle\",\"@id\":\"https:\/\/www.celttv.com.ar\/index.php\/2014\/05\/23\/record-de-inscriptos-para-la-maraton-de-montana-de-este-domingo\/#article\",\"isPartOf\":{\"@id\":\"https:\/\/www.celttv.com.ar\/index.php\/2014\/05\/23\/record-de-inscriptos-para-la-maraton-de-montana-de-este-domingo\/\"},\"author\":{\"name\":\"ulises\",\"@id\":\"https:\/\/www.celttv.com.ar\/#\/schema\/person\/6d99c072dba59953809c81446e9d0ace\"},\"headline\":\"RECORD DE INSCRIPTOS PARA LA MARATON DE MONTA\u00d1A DE ESTE DOMINGO\",\"datePublished\":\"2014-05-23T15:16:56+00:00\",\"dateModified\":\"2014-05-23T15:16:56+00:00\",\"mainEntityOfPage\":{\"@id\":\"https:\/\/www.celttv.com.ar\/index.php\/2014\/05\/23\/record-de-inscriptos-para-la-maraton-de-montana-de-este-domingo\/\"},\"wordCount\":380,\"publisher\":{\"@id\":\"https:\/\/www.celttv.com.ar\/#organization\"},\"articleSection\":[\"Comunidad\",\"Deporte\",\"Destacadas\"],\"inLanguage\":\"es\"},{\"@type\":\"WebPage\",\"@id\":\"https:\/\/www.celttv.com.ar\/index.php\/2014\/05\/23\/record-de-inscriptos-para-la-maraton-de-montana-de-este-domingo\/\",\"url\":\"https:\/\/www.celttv.com.ar\/index.php\/2014\/05\/23\/record-de-inscriptos-para-la-maraton-de-montana-de-este-domingo\/\",\"name\":\"RECORD DE INSCRIPTOS PARA LA MARATON DE MONTA\u00d1A DE ESTE DOMINGO - CELTTV\",\"isPartOf\":{\"@id\":\"https:\/\/www.celttv.com.ar\/#website\"},\"datePublished\":\"2014-05-23T15:16:56+00:00\",\"dateModified\":\"2014-05-23T15:16:56+00:00\",\"description\":\"Sitio web de noticias de la localidad de Tornquist, provincia de Buenos Aires, Rep\u00fablica Argentina. Contenido propio originado por periodistas de CELTTV, el canal de TV local de la Cooperativa El\u00e9ctrica de Tornquist. Turismo, Pol\u00edtica, Sociedad, Deporte, Cultura y todo el contenido de inter\u00e9s general que la gente del pueblo y la regi\u00f3n debe conocer.\",\"breadcrumb\":{\"@id\":\"https:\/\/www.celttv.com.ar\/index.php\/2014\/05\/23\/record-de-inscriptos-para-la-maraton-de-montana-de-este-domingo\/#breadcrumb\"},\"inLanguage\":\"es\",\"potentialAction\":[{\"@type\":\"ReadAction\",\"target\":[\"https:\/\/www.celttv.com.ar\/index.php\/2014\/05\/23\/record-de-inscriptos-para-la-maraton-de-montana-de-este-domingo\/\"]}]},{\"@type\":\"BreadcrumbList\",\"@id\":\"https:\/\/www.celttv.com.ar\/index.php\/2014\/05\/23\/record-de-inscriptos-para-la-maraton-de-montana-de-este-domingo\/#breadcrumb\",\"itemListElement\":[{\"@type\":\"ListItem\",\"position\":1,\"name\":\"Inicio\",\"item\":\"https:\/\/www.celttv.com.ar\/\"},{\"@type\":\"ListItem\",\"position\":2,\"name\":\"RECORD DE INSCRIPTOS PARA LA MARATON DE MONTA\u00d1A DE ESTE DOMINGO\"}]},{\"@type\":\"WebSite\",\"@id\":\"https:\/\/www.celttv.com.ar\/#website\",\"url\":\"https:\/\/www.celttv.com.ar\/\",\"name\":\"CELTTV\",\"description\":\"Cooperativa El\u00e9ctrica de Tornquist\",\"publisher\":{\"@id\":\"https:\/\/www.celttv.com.ar\/#organization\"},\"potentialAction\":[{\"@type\":\"SearchAction\",\"target\":{\"@type\":\"EntryPoint\",\"urlTemplate\":\"https:\/\/www.celttv.com.ar\/?s={search_term_string}\"},\"query-input\":\"required name=search_term_string\"}],\"inLanguage\":\"es\"},{\"@type\":\"Organization\",\"@id\":\"https:\/\/www.celttv.com.ar\/#organization\",\"name\":\"CELTTV\",\"url\":\"https:\/\/www.celttv.com.ar\/\",\"sameAs\":[\"https:\/\/www.youtube.com\/channel\/UCz_oIt8Hig64Ub-EmcNPIhg\",\"https:\/\/www.facebook.com\/celtTV\/\"],\"logo\":{\"@type\":\"ImageObject\",\"inLanguage\":\"es\",\"@id\":\"https:\/\/www.celttv.com.ar\/#\/schema\/logo\/image\/\",\"url\":\"http:\/\/www.celttv.com.ar\/wp-content\/uploads\/2022\/08\/logo-1.png\",\"contentUrl\":\"http:\/\/www.celttv.com.ar\/wp-content\/uploads\/2022\/08\/logo-1.png\",\"width\":461,\"height\":159,\"caption\":\"CELTTV\"},\"image\":{\"@id\":\"https:\/\/www.celttv.com.ar\/#\/schema\/logo\/image\/\"}},{\"@type\":\"Person\",\"@id\":\"https:\/\/www.celttv.com.ar\/#\/schema\/person\/6d99c072dba59953809c81446e9d0ace\",\"name\":\"ulises\",\"image\":{\"@type\":\"ImageObject\",\"inLanguage\":\"es\",\"@id\":\"https:\/\/www.celttv.com.ar\/#\/schema\/person\/image\/\",\"url\":\"https:\/\/secure.gravatar.com\/avatar\/7f2c48bdc33b30088f941fb6082e555f2874c98e20cb159d7b92b50eadfce793?s=96&d=mm&r=g\",\"contentUrl\":\"https:\/\/secure.gravatar.com\/avatar\/7f2c48bdc33b30088f941fb6082e555f2874c98e20cb159d7b92b50eadfce793?s=96&d=mm&r=g\",\"caption\":\"ulises\"},\"sameAs\":[\"http:\/\/www.celttv.com.ar\"]}]}<\/script>\n<!-- \/ Yoast SEO plugin. -->","yoast_head_json":{"title":"RECORD DE INSCRIPTOS PARA LA MARATON DE MONTA\u00d1A DE ESTE DOMINGO - CELTTV","description":"Sitio web de noticias de la localidad de Tornquist, provincia de Buenos Aires, Rep\u00fablica Argentina. Contenido propio originado por periodistas de CELTTV, el canal de TV local de la Cooperativa El\u00e9ctrica de Tornquist. Turismo, Pol\u00edtica, Sociedad, Deporte, Cultura y todo el contenido de inter\u00e9s general que la gente del pueblo y la regi\u00f3n debe conocer.","robots":{"index":"index","follow":"follow","max-snippet":"max-snippet:-1","max-image-preview":"max-image-preview:large","max-video-preview":"max-video-preview:-1"},"canonical":"https:\/\/www.celttv.com.ar\/index.php\/2014\/05\/23\/record-de-inscriptos-para-la-maraton-de-montana-de-este-domingo\/","og_locale":"es_ES","og_type":"article","og_title":"RECORD DE INSCRIPTOS PARA LA MARATON DE MONTA\u00d1A DE ESTE DOMINGO - CELTTV","og_description":"Sitio web de noticias de la localidad de Tornquist, provincia de Buenos Aires, Rep\u00fablica Argentina. Contenido propio originado por periodistas de CELTTV, el canal de TV local de la Cooperativa El\u00e9ctrica de Tornquist. Turismo, Pol\u00edtica, Sociedad, Deporte, Cultura y todo el contenido de inter\u00e9s general que la gente del pueblo y la regi\u00f3n debe conocer.","og_url":"https:\/\/www.celttv.com.ar\/index.php\/2014\/05\/23\/record-de-inscriptos-para-la-maraton-de-montana-de-este-domingo\/","og_site_name":"CELTTV","article_publisher":"https:\/\/www.facebook.com\/celtTV\/","article_published_time":"2014-05-23T15:16:56+00:00","og_image":[{"url":"http:\/\/www.tvcnoticias.com.ar\/wp-content\/uploads\/2014\/05\/1460-MARATON-Small-450x303.jpg"}],"author":"ulises","twitter_card":"summary_large_image","twitter_misc":{"Escrito por":"ulises","Tiempo de lectura":"2 minutos"},"schema":{"@context":"https:\/\/schema.org","@graph":[{"@type":"NewsArticle","@id":"https:\/\/www.celttv.com.ar\/index.php\/2014\/05\/23\/record-de-inscriptos-para-la-maraton-de-montana-de-este-domingo\/#article","isPartOf":{"@id":"https:\/\/www.celttv.com.ar\/index.php\/2014\/05\/23\/record-de-inscriptos-para-la-maraton-de-montana-de-este-domingo\/"},"author":{"name":"ulises","@id":"https:\/\/www.celttv.com.ar\/#\/schema\/person\/6d99c072dba59953809c81446e9d0ace"},"headline":"RECORD DE INSCRIPTOS PARA LA MARATON DE MONTA\u00d1A DE ESTE DOMINGO","datePublished":"2014-05-23T15:16:56+00:00","dateModified":"2014-05-23T15:16:56+00:00","mainEntityOfPage":{"@id":"https:\/\/www.celttv.com.ar\/index.php\/2014\/05\/23\/record-de-inscriptos-para-la-maraton-de-montana-de-este-domingo\/"},"wordCount":380,"publisher":{"@id":"https:\/\/www.celttv.com.ar\/#organization"},"articleSection":["Comunidad","Deporte","Destacadas"],"inLanguage":"es"},{"@type":"WebPage","@id":"https:\/\/www.celttv.com.ar\/index.php\/2014\/05\/23\/record-de-inscriptos-para-la-maraton-de-montana-de-este-domingo\/","url":"https:\/\/www.celttv.com.ar\/index.php\/2014\/05\/23\/record-de-inscriptos-para-la-maraton-de-montana-de-este-domingo\/","name":"RECORD DE INSCRIPTOS PARA LA MARATON DE MONTA\u00d1A DE ESTE DOMINGO - CELTTV","isPartOf":{"@id":"https:\/\/www.celttv.com.ar\/#website"},"datePublished":"2014-05-23T15:16:56+00:00","dateModified":"2014-05-23T15:16:56+00:00","description":"Sitio web de noticias de la localidad de Tornquist, provincia de Buenos Aires, Rep\u00fablica Argentina. Contenido propio originado por periodistas de CELTTV, el canal de TV local de la Cooperativa El\u00e9ctrica de Tornquist. Turismo, Pol\u00edtica, Sociedad, Deporte, Cultura y todo el contenido de inter\u00e9s general que la gente del pueblo y la regi\u00f3n debe conocer.","breadcrumb":{"@id":"https:\/\/www.celttv.com.ar\/index.php\/2014\/05\/23\/record-de-inscriptos-para-la-maraton-de-montana-de-este-domingo\/#breadcrumb"},"inLanguage":"es","potentialAction":[{"@type":"ReadAction","target":["https:\/\/www.celttv.com.ar\/index.php\/2014\/05\/23\/record-de-inscriptos-para-la-maraton-de-montana-de-este-domingo\/"]}]},{"@type":"BreadcrumbList","@id":"https:\/\/www.celttv.com.ar\/index.php\/2014\/05\/23\/record-de-inscriptos-para-la-maraton-de-montana-de-este-domingo\/#breadcrumb","itemListElement":[{"@type":"ListItem","position":1,"name":"Inicio","item":"https:\/\/www.celttv.com.ar\/"},{"@type":"ListItem","position":2,"name":"RECORD DE INSCRIPTOS PARA LA MARATON DE MONTA\u00d1A DE ESTE DOMINGO"}]},{"@type":"WebSite","@id":"https:\/\/www.celttv.com.ar\/#website","url":"https:\/\/www.celttv.com.ar\/","name":"CELTTV","description":"Cooperativa El\u00e9ctrica de Tornquist","publisher":{"@id":"https:\/\/www.celttv.com.ar\/#organization"},"potentialAction":[{"@type":"SearchAction","target":{"@type":"EntryPoint","urlTemplate":"https:\/\/www.celttv.com.ar\/?s={search_term_string}"},"query-input":"required name=search_term_string"}],"inLanguage":"es"},{"@type":"Organization","@id":"https:\/\/www.celttv.com.ar\/#organization","name":"CELTTV","url":"https:\/\/www.celttv.com.ar\/","sameAs":["https:\/\/www.youtube.com\/channel\/UCz_oIt8Hig64Ub-EmcNPIhg","https:\/\/www.facebook.com\/celtTV\/"],"logo":{"@type":"ImageObject","inLanguage":"es","@id":"https:\/\/www.celttv.com.ar\/#\/schema\/logo\/image\/","url":"http:\/\/www.celttv.com.ar\/wp-content\/uploads\/2022\/08\/logo-1.png","contentUrl":"http:\/\/www.celttv.com.ar\/wp-content\/uploads\/2022\/08\/logo-1.png","width":461,"height":159,"caption":"CELTTV"},"image":{"@id":"https:\/\/www.celttv.com.ar\/#\/schema\/logo\/image\/"}},{"@type":"Person","@id":"https:\/\/www.celttv.com.ar\/#\/schema\/person\/6d99c072dba59953809c81446e9d0ace","name":"ulises","image":{"@type":"ImageObject","inLanguage":"es","@id":"https:\/\/www.celttv.com.ar\/#\/schema\/person\/image\/","url":"https:\/\/secure.gravatar.com\/avatar\/7f2c48bdc33b30088f941fb6082e555f2874c98e20cb159d7b92b50eadfce793?s=96&d=mm&r=g","contentUrl":"https:\/\/secure.gravatar.com\/avatar\/7f2c48bdc33b30088f941fb6082e555f2874c98e20cb159d7b92b50eadfce793?s=96&d=mm&r=g","caption":"ulises"},"sameAs":["http:\/\/www.celttv.com.ar"]}]}},"_links":{"self":[{"href":"https:\/\/www.celttv.com.ar\/index.php\/wp-json\/wp\/v2\/posts\/20489","targetHints":{"allow":["GET"]}}],"collection":[{"href":"https:\/\/www.celttv.com.ar\/index.php\/wp-json\/wp\/v2\/posts"}],"about":[{"href":"https:\/\/www.celttv.com.ar\/index.php\/wp-json\/wp\/v2\/types\/post"}],"author":[{"embeddable":true,"href":"https:\/\/www.celttv.com.ar\/index.php\/wp-json\/wp\/v2\/users\/1"}],"replies":[{"embeddable":true,"href":"https:\/\/www.celttv.com.ar\/index.php\/wp-json\/wp\/v2\/comments?post=20489"}],"version-history":[{"count":0,"href":"https:\/\/www.celttv.com.ar\/index.php\/wp-json\/wp\/v2\/posts\/20489\/revisions"}],"wp:attachment":[{"href":"https:\/\/www.celttv.com.ar\/index.php\/wp-json\/wp\/v2\/media?parent=20489"}],"wp:term":[{"taxonomy":"category","embeddable":true,"href":"https:\/\/www.celttv.com.ar\/index.php\/wp-json\/wp\/v2\/categories?post=20489"},{"taxonomy":"post_tag","embeddable":true,"href":"https:\/\/www.celttv.com.ar\/index.php\/wp-json\/wp\/v2\/tags?post=20489"}],"curies":[{"name":"wp","href":"https:\/\/api.w.org\/{rel}","templated":true}]}}