{"id":20630,"date":"2014-05-28T01:04:19","date_gmt":"2014-05-28T01:04:19","guid":{"rendered":"http:\/\/www.tvcnoticias.com.ar\/?p=20630"},"modified":"2014-05-28T01:04:19","modified_gmt":"2014-05-28T01:04:19","slug":"el-lic-horacio-anselmi-brindo-una-charla-para-evaluadores-del-programa-equipo-olimpico-argentina-2018","status":"publish","type":"post","link":"https:\/\/www.celttv.com.ar\/index.php\/2014\/05\/28\/el-lic-horacio-anselmi-brindo-una-charla-para-evaluadores-del-programa-equipo-olimpico-argentina-2018\/","title":{"rendered":"EL Lic. HORACIO ANSELMI BRINDO UNA CHARLA PARA EVALUADORES DEL PROGRAMA &#8220;EQUIPO OLIMPICO ARGENTINA 2018&#8221;"},"content":{"rendered":"<p><a href=\"https:\/\/www.youtube.com\/watch?v=dApUONfLXmU\">httpv:\/\/www.youtube.com\/watch?v=dApUONfLXmU<\/a><br \/>\n<a href=\"https:\/\/www.youtube.com\/watch?v=LQ-4YbMsCc0\">httpv:\/\/www.youtube.com\/watch?v=LQ-4YbMsCc0<\/a><br \/>\nLa primera charla para la capacitaci\u00f3n de los Evaluadores del Programa \u201cEquipo Ol\u00edmpico Argentino, Buenos Aires 2018\u201d, que tiene como objetivo llevar a cabo un plan de detecci\u00f3n y captaci\u00f3n de talentos con vistas a los Juegos Ol\u00edmpicos de la Juventud, se llev\u00f3 a cabo en el Gimnasio Municipal \u201cEva Per\u00f3n\u201d de la ciudad cabecera del distrito.\u00a0 \u00a0La capacitaci\u00f3n estuvo a cargo de Horacio Anselmi, reconocido entrenador a nivel mundial, especialista en biomec\u00e1nica, fuerza y potencia en el deporte, y metod\u00f3logo del ENARD.\u00a0 \u00a0La jornada cont\u00f3 con la participaci\u00f3n de representantes de los municipios de Adolfo Alsina, Adolfo Gonzales Chaves, Bah\u00eda Blanca, Benito Ju\u00e1rez, Coronel Dorrego, Coronel Pringles, Coronel Rosales, Coronel Su\u00e1rez, Daireaux, Guamin\u00ed, General La Madrid, Laprida, Monte Hermoso, Patagones, Pellegrini, Puan, Saavedra, Salliquel\u00f3, Tres Arroyos, Tres Lomas, Villarino, Azul, Bol\u00edvar, General Alvear, Olavarr\u00eda, Roque P\u00e9rez, Saladillo, Tapalqu\u00e9, 25 de Mayo y el distrito anfitri\u00f3n.\u00a0 \u00a0El secretario de Deportes bonaerense, Alejandro Rodr\u00edguez, destac\u00f3 que \u201cla Provincia de Buenos Aires est\u00e1 llena de talentos deportivos por descubrir. Sin dudas, este Programa del ENARD ayudar\u00e1 a que muchos j\u00f3venes se acerquen al deporte, uno de los objetivos que compartimos con el Gobernador Daniel Scioli\u201d.\u00a0 \u00a0Representaron a la mencionada dependencia los directores Walter Andrada (de Federaciones) y Juan Carlos Palitto (de Alto Rendimiento Deportivo).\u00a0 \u00a0Antes de finalizar la jornada, se entregaron Kit de evaluaci\u00f3n a todos los presentes.\u00a0 \u00a0Posteriormente, MAGAZINE SPORT dialog\u00f3 con Horacio Anselmi, quien verti\u00f3 diferentes conceptos vinculados a los j\u00f3venes, el rol de los padres y la educaci\u00f3n, entre otros temas.<br \/>\n&nbsp;<\/p>\n","protected":false},"excerpt":{"rendered":"<p>httpv:\/\/www.youtube.com\/watch?v=dApUONfLXmU httpv:\/\/www.youtube.com\/watch?v=LQ-4YbMsCc0 La primera charla para la capacitaci\u00f3n de los Evaluadores del Programa \u201cEquipo Ol\u00edmpico Argentino, Buenos Aires 2018\u201d, que tiene como objetivo llevar a cabo un plan de detecci\u00f3n y captaci\u00f3n de talentos con vistas a los Juegos Ol\u00edmpicos de la Juventud, se llev\u00f3 a cabo en el Gimnasio Municipal \u201cEva Per\u00f3n\u201d de la [&hellip;]<\/p>\n","protected":false},"author":1,"featured_media":0,"comment_status":"closed","ping_status":"open","sticky":false,"template":"","format":"standard","meta":{"footnotes":""},"categories":[60,52,64],"tags":[],"class_list":["post-20630","post","type-post","status-publish","format-standard","hentry","category-deporte","category-destacadas","category-videos-destacados"],"yoast_head":"<!-- This site is optimized with the Yoast SEO plugin v19.7.1 - https:\/\/yoast.com\/wordpress\/plugins\/seo\/ -->\n<title>EL Lic. HORACIO ANSELMI BRINDO UNA CHARLA PARA EVALUADORES DEL PROGRAMA &quot;EQUIPO OLIMPICO ARGENTINA 2018&quot; - CELTTV<\/title>\n<meta name=\"description\" content=\"Sitio web de noticias de la localidad de Tornquist, provincia de Buenos Aires, Rep\u00fablica Argentina. Contenido propio originado por periodistas de CELTTV, el canal de TV local de la Cooperativa El\u00e9ctrica de Tornquist. Turismo, Pol\u00edtica, Sociedad, Deporte, Cultura y todo el contenido de inter\u00e9s general que la gente del pueblo y la regi\u00f3n debe conocer.\" \/>\n<meta name=\"robots\" content=\"index, follow, max-snippet:-1, max-image-preview:large, max-video-preview:-1\" \/>\n<link rel=\"canonical\" href=\"https:\/\/www.celttv.com.ar\/index.php\/2014\/05\/28\/el-lic-horacio-anselmi-brindo-una-charla-para-evaluadores-del-programa-equipo-olimpico-argentina-2018\/\" \/>\n<meta property=\"og:locale\" content=\"es_ES\" \/>\n<meta property=\"og:type\" content=\"article\" \/>\n<meta property=\"og:title\" content=\"EL Lic. HORACIO ANSELMI BRINDO UNA CHARLA PARA EVALUADORES DEL PROGRAMA &quot;EQUIPO OLIMPICO ARGENTINA 2018&quot; - CELTTV\" \/>\n<meta property=\"og:description\" content=\"Sitio web de noticias de la localidad de Tornquist, provincia de Buenos Aires, Rep\u00fablica Argentina. Contenido propio originado por periodistas de CELTTV, el canal de TV local de la Cooperativa El\u00e9ctrica de Tornquist. Turismo, Pol\u00edtica, Sociedad, Deporte, Cultura y todo el contenido de inter\u00e9s general que la gente del pueblo y la regi\u00f3n debe conocer.\" \/>\n<meta property=\"og:url\" content=\"https:\/\/www.celttv.com.ar\/index.php\/2014\/05\/28\/el-lic-horacio-anselmi-brindo-una-charla-para-evaluadores-del-programa-equipo-olimpico-argentina-2018\/\" \/>\n<meta property=\"og:site_name\" content=\"CELTTV\" \/>\n<meta property=\"article:publisher\" content=\"https:\/\/www.facebook.com\/celtTV\/\" \/>\n<meta property=\"article:published_time\" content=\"2014-05-28T01:04:19+00:00\" \/>\n<meta name=\"author\" content=\"ulises\" \/>\n<meta name=\"twitter:card\" content=\"summary_large_image\" \/>\n<meta name=\"twitter:label1\" content=\"Escrito por\" \/>\n\t<meta name=\"twitter:data1\" content=\"ulises\" \/>\n\t<meta name=\"twitter:label2\" content=\"Tiempo de lectura\" \/>\n\t<meta name=\"twitter:data2\" content=\"1 minuto\" \/>\n<script type=\"application\/ld+json\" class=\"yoast-schema-graph\">{\"@context\":\"https:\/\/schema.org\",\"@graph\":[{\"@type\":\"NewsArticle\",\"@id\":\"https:\/\/www.celttv.com.ar\/index.php\/2014\/05\/28\/el-lic-horacio-anselmi-brindo-una-charla-para-evaluadores-del-programa-equipo-olimpico-argentina-2018\/#article\",\"isPartOf\":{\"@id\":\"https:\/\/www.celttv.com.ar\/index.php\/2014\/05\/28\/el-lic-horacio-anselmi-brindo-una-charla-para-evaluadores-del-programa-equipo-olimpico-argentina-2018\/\"},\"author\":{\"name\":\"ulises\",\"@id\":\"https:\/\/www.celttv.com.ar\/#\/schema\/person\/6d99c072dba59953809c81446e9d0ace\"},\"headline\":\"EL Lic. HORACIO ANSELMI BRINDO UNA CHARLA PARA EVALUADORES DEL PROGRAMA &#8220;EQUIPO OLIMPICO ARGENTINA 2018&#8221;\",\"datePublished\":\"2014-05-28T01:04:19+00:00\",\"dateModified\":\"2014-05-28T01:04:19+00:00\",\"mainEntityOfPage\":{\"@id\":\"https:\/\/www.celttv.com.ar\/index.php\/2014\/05\/28\/el-lic-horacio-anselmi-brindo-una-charla-para-evaluadores-del-programa-equipo-olimpico-argentina-2018\/\"},\"wordCount\":302,\"publisher\":{\"@id\":\"https:\/\/www.celttv.com.ar\/#organization\"},\"articleSection\":[\"Deporte\",\"Destacadas\",\"Videos Destacados\"],\"inLanguage\":\"es\"},{\"@type\":\"WebPage\",\"@id\":\"https:\/\/www.celttv.com.ar\/index.php\/2014\/05\/28\/el-lic-horacio-anselmi-brindo-una-charla-para-evaluadores-del-programa-equipo-olimpico-argentina-2018\/\",\"url\":\"https:\/\/www.celttv.com.ar\/index.php\/2014\/05\/28\/el-lic-horacio-anselmi-brindo-una-charla-para-evaluadores-del-programa-equipo-olimpico-argentina-2018\/\",\"name\":\"EL Lic. HORACIO ANSELMI BRINDO UNA CHARLA PARA EVALUADORES DEL PROGRAMA \\\"EQUIPO OLIMPICO ARGENTINA 2018\\\" - CELTTV\",\"isPartOf\":{\"@id\":\"https:\/\/www.celttv.com.ar\/#website\"},\"datePublished\":\"2014-05-28T01:04:19+00:00\",\"dateModified\":\"2014-05-28T01:04:19+00:00\",\"description\":\"Sitio web de noticias de la localidad de Tornquist, provincia de Buenos Aires, Rep\u00fablica Argentina. Contenido propio originado por periodistas de CELTTV, el canal de TV local de la Cooperativa El\u00e9ctrica de Tornquist. Turismo, Pol\u00edtica, Sociedad, Deporte, Cultura y todo el contenido de inter\u00e9s general que la gente del pueblo y la regi\u00f3n debe conocer.\",\"breadcrumb\":{\"@id\":\"https:\/\/www.celttv.com.ar\/index.php\/2014\/05\/28\/el-lic-horacio-anselmi-brindo-una-charla-para-evaluadores-del-programa-equipo-olimpico-argentina-2018\/#breadcrumb\"},\"inLanguage\":\"es\",\"potentialAction\":[{\"@type\":\"ReadAction\",\"target\":[\"https:\/\/www.celttv.com.ar\/index.php\/2014\/05\/28\/el-lic-horacio-anselmi-brindo-una-charla-para-evaluadores-del-programa-equipo-olimpico-argentina-2018\/\"]}]},{\"@type\":\"BreadcrumbList\",\"@id\":\"https:\/\/www.celttv.com.ar\/index.php\/2014\/05\/28\/el-lic-horacio-anselmi-brindo-una-charla-para-evaluadores-del-programa-equipo-olimpico-argentina-2018\/#breadcrumb\",\"itemListElement\":[{\"@type\":\"ListItem\",\"position\":1,\"name\":\"Inicio\",\"item\":\"https:\/\/www.celttv.com.ar\/\"},{\"@type\":\"ListItem\",\"position\":2,\"name\":\"EL Lic. HORACIO ANSELMI BRINDO UNA CHARLA PARA EVALUADORES DEL PROGRAMA &#8220;EQUIPO OLIMPICO ARGENTINA 2018&#8221;\"}]},{\"@type\":\"WebSite\",\"@id\":\"https:\/\/www.celttv.com.ar\/#website\",\"url\":\"https:\/\/www.celttv.com.ar\/\",\"name\":\"CELTTV\",\"description\":\"Cooperativa El\u00e9ctrica de Tornquist\",\"publisher\":{\"@id\":\"https:\/\/www.celttv.com.ar\/#organization\"},\"potentialAction\":[{\"@type\":\"SearchAction\",\"target\":{\"@type\":\"EntryPoint\",\"urlTemplate\":\"https:\/\/www.celttv.com.ar\/?s={search_term_string}\"},\"query-input\":\"required name=search_term_string\"}],\"inLanguage\":\"es\"},{\"@type\":\"Organization\",\"@id\":\"https:\/\/www.celttv.com.ar\/#organization\",\"name\":\"CELTTV\",\"url\":\"https:\/\/www.celttv.com.ar\/\",\"sameAs\":[\"https:\/\/www.youtube.com\/channel\/UCz_oIt8Hig64Ub-EmcNPIhg\",\"https:\/\/www.facebook.com\/celtTV\/\"],\"logo\":{\"@type\":\"ImageObject\",\"inLanguage\":\"es\",\"@id\":\"https:\/\/www.celttv.com.ar\/#\/schema\/logo\/image\/\",\"url\":\"http:\/\/www.celttv.com.ar\/wp-content\/uploads\/2022\/08\/logo-1.png\",\"contentUrl\":\"http:\/\/www.celttv.com.ar\/wp-content\/uploads\/2022\/08\/logo-1.png\",\"width\":461,\"height\":159,\"caption\":\"CELTTV\"},\"image\":{\"@id\":\"https:\/\/www.celttv.com.ar\/#\/schema\/logo\/image\/\"}},{\"@type\":\"Person\",\"@id\":\"https:\/\/www.celttv.com.ar\/#\/schema\/person\/6d99c072dba59953809c81446e9d0ace\",\"name\":\"ulises\",\"image\":{\"@type\":\"ImageObject\",\"inLanguage\":\"es\",\"@id\":\"https:\/\/www.celttv.com.ar\/#\/schema\/person\/image\/\",\"url\":\"https:\/\/secure.gravatar.com\/avatar\/7f2c48bdc33b30088f941fb6082e555f2874c98e20cb159d7b92b50eadfce793?s=96&d=mm&r=g\",\"contentUrl\":\"https:\/\/secure.gravatar.com\/avatar\/7f2c48bdc33b30088f941fb6082e555f2874c98e20cb159d7b92b50eadfce793?s=96&d=mm&r=g\",\"caption\":\"ulises\"},\"sameAs\":[\"http:\/\/www.celttv.com.ar\"]}]}<\/script>\n<!-- \/ Yoast SEO plugin. -->","yoast_head_json":{"title":"EL Lic. HORACIO ANSELMI BRINDO UNA CHARLA PARA EVALUADORES DEL PROGRAMA \"EQUIPO OLIMPICO ARGENTINA 2018\" - CELTTV","description":"Sitio web de noticias de la localidad de Tornquist, provincia de Buenos Aires, Rep\u00fablica Argentina. Contenido propio originado por periodistas de CELTTV, el canal de TV local de la Cooperativa El\u00e9ctrica de Tornquist. Turismo, Pol\u00edtica, Sociedad, Deporte, Cultura y todo el contenido de inter\u00e9s general que la gente del pueblo y la regi\u00f3n debe conocer.","robots":{"index":"index","follow":"follow","max-snippet":"max-snippet:-1","max-image-preview":"max-image-preview:large","max-video-preview":"max-video-preview:-1"},"canonical":"https:\/\/www.celttv.com.ar\/index.php\/2014\/05\/28\/el-lic-horacio-anselmi-brindo-una-charla-para-evaluadores-del-programa-equipo-olimpico-argentina-2018\/","og_locale":"es_ES","og_type":"article","og_title":"EL Lic. HORACIO ANSELMI BRINDO UNA CHARLA PARA EVALUADORES DEL PROGRAMA \"EQUIPO OLIMPICO ARGENTINA 2018\" - CELTTV","og_description":"Sitio web de noticias de la localidad de Tornquist, provincia de Buenos Aires, Rep\u00fablica Argentina. Contenido propio originado por periodistas de CELTTV, el canal de TV local de la Cooperativa El\u00e9ctrica de Tornquist. Turismo, Pol\u00edtica, Sociedad, Deporte, Cultura y todo el contenido de inter\u00e9s general que la gente del pueblo y la regi\u00f3n debe conocer.","og_url":"https:\/\/www.celttv.com.ar\/index.php\/2014\/05\/28\/el-lic-horacio-anselmi-brindo-una-charla-para-evaluadores-del-programa-equipo-olimpico-argentina-2018\/","og_site_name":"CELTTV","article_publisher":"https:\/\/www.facebook.com\/celtTV\/","article_published_time":"2014-05-28T01:04:19+00:00","author":"ulises","twitter_card":"summary_large_image","twitter_misc":{"Escrito por":"ulises","Tiempo de lectura":"1 minuto"},"schema":{"@context":"https:\/\/schema.org","@graph":[{"@type":"NewsArticle","@id":"https:\/\/www.celttv.com.ar\/index.php\/2014\/05\/28\/el-lic-horacio-anselmi-brindo-una-charla-para-evaluadores-del-programa-equipo-olimpico-argentina-2018\/#article","isPartOf":{"@id":"https:\/\/www.celttv.com.ar\/index.php\/2014\/05\/28\/el-lic-horacio-anselmi-brindo-una-charla-para-evaluadores-del-programa-equipo-olimpico-argentina-2018\/"},"author":{"name":"ulises","@id":"https:\/\/www.celttv.com.ar\/#\/schema\/person\/6d99c072dba59953809c81446e9d0ace"},"headline":"EL Lic. HORACIO ANSELMI BRINDO UNA CHARLA PARA EVALUADORES DEL PROGRAMA &#8220;EQUIPO OLIMPICO ARGENTINA 2018&#8221;","datePublished":"2014-05-28T01:04:19+00:00","dateModified":"2014-05-28T01:04:19+00:00","mainEntityOfPage":{"@id":"https:\/\/www.celttv.com.ar\/index.php\/2014\/05\/28\/el-lic-horacio-anselmi-brindo-una-charla-para-evaluadores-del-programa-equipo-olimpico-argentina-2018\/"},"wordCount":302,"publisher":{"@id":"https:\/\/www.celttv.com.ar\/#organization"},"articleSection":["Deporte","Destacadas","Videos Destacados"],"inLanguage":"es"},{"@type":"WebPage","@id":"https:\/\/www.celttv.com.ar\/index.php\/2014\/05\/28\/el-lic-horacio-anselmi-brindo-una-charla-para-evaluadores-del-programa-equipo-olimpico-argentina-2018\/","url":"https:\/\/www.celttv.com.ar\/index.php\/2014\/05\/28\/el-lic-horacio-anselmi-brindo-una-charla-para-evaluadores-del-programa-equipo-olimpico-argentina-2018\/","name":"EL Lic. HORACIO ANSELMI BRINDO UNA CHARLA PARA EVALUADORES DEL PROGRAMA \"EQUIPO OLIMPICO ARGENTINA 2018\" - CELTTV","isPartOf":{"@id":"https:\/\/www.celttv.com.ar\/#website"},"datePublished":"2014-05-28T01:04:19+00:00","dateModified":"2014-05-28T01:04:19+00:00","description":"Sitio web de noticias de la localidad de Tornquist, provincia de Buenos Aires, Rep\u00fablica Argentina. Contenido propio originado por periodistas de CELTTV, el canal de TV local de la Cooperativa El\u00e9ctrica de Tornquist. Turismo, Pol\u00edtica, Sociedad, Deporte, Cultura y todo el contenido de inter\u00e9s general que la gente del pueblo y la regi\u00f3n debe conocer.","breadcrumb":{"@id":"https:\/\/www.celttv.com.ar\/index.php\/2014\/05\/28\/el-lic-horacio-anselmi-brindo-una-charla-para-evaluadores-del-programa-equipo-olimpico-argentina-2018\/#breadcrumb"},"inLanguage":"es","potentialAction":[{"@type":"ReadAction","target":["https:\/\/www.celttv.com.ar\/index.php\/2014\/05\/28\/el-lic-horacio-anselmi-brindo-una-charla-para-evaluadores-del-programa-equipo-olimpico-argentina-2018\/"]}]},{"@type":"BreadcrumbList","@id":"https:\/\/www.celttv.com.ar\/index.php\/2014\/05\/28\/el-lic-horacio-anselmi-brindo-una-charla-para-evaluadores-del-programa-equipo-olimpico-argentina-2018\/#breadcrumb","itemListElement":[{"@type":"ListItem","position":1,"name":"Inicio","item":"https:\/\/www.celttv.com.ar\/"},{"@type":"ListItem","position":2,"name":"EL Lic. HORACIO ANSELMI BRINDO UNA CHARLA PARA EVALUADORES DEL PROGRAMA &#8220;EQUIPO OLIMPICO ARGENTINA 2018&#8221;"}]},{"@type":"WebSite","@id":"https:\/\/www.celttv.com.ar\/#website","url":"https:\/\/www.celttv.com.ar\/","name":"CELTTV","description":"Cooperativa El\u00e9ctrica de Tornquist","publisher":{"@id":"https:\/\/www.celttv.com.ar\/#organization"},"potentialAction":[{"@type":"SearchAction","target":{"@type":"EntryPoint","urlTemplate":"https:\/\/www.celttv.com.ar\/?s={search_term_string}"},"query-input":"required name=search_term_string"}],"inLanguage":"es"},{"@type":"Organization","@id":"https:\/\/www.celttv.com.ar\/#organization","name":"CELTTV","url":"https:\/\/www.celttv.com.ar\/","sameAs":["https:\/\/www.youtube.com\/channel\/UCz_oIt8Hig64Ub-EmcNPIhg","https:\/\/www.facebook.com\/celtTV\/"],"logo":{"@type":"ImageObject","inLanguage":"es","@id":"https:\/\/www.celttv.com.ar\/#\/schema\/logo\/image\/","url":"http:\/\/www.celttv.com.ar\/wp-content\/uploads\/2022\/08\/logo-1.png","contentUrl":"http:\/\/www.celttv.com.ar\/wp-content\/uploads\/2022\/08\/logo-1.png","width":461,"height":159,"caption":"CELTTV"},"image":{"@id":"https:\/\/www.celttv.com.ar\/#\/schema\/logo\/image\/"}},{"@type":"Person","@id":"https:\/\/www.celttv.com.ar\/#\/schema\/person\/6d99c072dba59953809c81446e9d0ace","name":"ulises","image":{"@type":"ImageObject","inLanguage":"es","@id":"https:\/\/www.celttv.com.ar\/#\/schema\/person\/image\/","url":"https:\/\/secure.gravatar.com\/avatar\/7f2c48bdc33b30088f941fb6082e555f2874c98e20cb159d7b92b50eadfce793?s=96&d=mm&r=g","contentUrl":"https:\/\/secure.gravatar.com\/avatar\/7f2c48bdc33b30088f941fb6082e555f2874c98e20cb159d7b92b50eadfce793?s=96&d=mm&r=g","caption":"ulises"},"sameAs":["http:\/\/www.celttv.com.ar"]}]}},"_links":{"self":[{"href":"https:\/\/www.celttv.com.ar\/index.php\/wp-json\/wp\/v2\/posts\/20630","targetHints":{"allow":["GET"]}}],"collection":[{"href":"https:\/\/www.celttv.com.ar\/index.php\/wp-json\/wp\/v2\/posts"}],"about":[{"href":"https:\/\/www.celttv.com.ar\/index.php\/wp-json\/wp\/v2\/types\/post"}],"author":[{"embeddable":true,"href":"https:\/\/www.celttv.com.ar\/index.php\/wp-json\/wp\/v2\/users\/1"}],"replies":[{"embeddable":true,"href":"https:\/\/www.celttv.com.ar\/index.php\/wp-json\/wp\/v2\/comments?post=20630"}],"version-history":[{"count":0,"href":"https:\/\/www.celttv.com.ar\/index.php\/wp-json\/wp\/v2\/posts\/20630\/revisions"}],"wp:attachment":[{"href":"https:\/\/www.celttv.com.ar\/index.php\/wp-json\/wp\/v2\/media?parent=20630"}],"wp:term":[{"taxonomy":"category","embeddable":true,"href":"https:\/\/www.celttv.com.ar\/index.php\/wp-json\/wp\/v2\/categories?post=20630"},{"taxonomy":"post_tag","embeddable":true,"href":"https:\/\/www.celttv.com.ar\/index.php\/wp-json\/wp\/v2\/tags?post=20630"}],"curies":[{"name":"wp","href":"https:\/\/api.w.org\/{rel}","templated":true}]}}