{"id":20639,"date":"2014-05-28T14:26:43","date_gmt":"2014-05-28T14:26:43","guid":{"rendered":"http:\/\/www.tvcnoticias.com.ar\/?p=20639"},"modified":"2014-05-28T14:26:43","modified_gmt":"2014-05-28T14:26:43","slug":"villa-ventana-la-policia-recupero-elementos-robados-y-detienen-al-autor","status":"publish","type":"post","link":"https:\/\/www.celttv.com.ar\/index.php\/2014\/05\/28\/villa-ventana-la-policia-recupero-elementos-robados-y-detienen-al-autor\/","title":{"rendered":"VILLA VENTANA: LA POLICIA RECUPER\u00d3 ELEMENTOS ROBADOS Y DETIENEN AL AUTOR"},"content":{"rendered":"<div><a rel=\"attachment wp-att-20640\" href=\"http:\/\/www.tvcnoticias.com.ar\/?attachment_id=20640\"><img loading=\"lazy\" decoding=\"async\" class=\"aligncenter size-medium wp-image-20640\" title=\"1461 - POLICIALES SIERRA (Small)\" src=\"http:\/\/www.tvcnoticias.com.ar\/wp-content\/uploads\/2014\/05\/1461-POLICIALES-SIERRA-Small-253x450.jpg\" alt=\"\" width=\"253\" height=\"450\" \/><\/a>Personal policial de Villa Ventana procedi\u00f3 a la aprehensi\u00f3n\u00a0del mentado\u00a0<strong>AGUILAR WALTER EMILIANO<\/strong>, por el delito a prima facie de\u00a0<strong>HURTO REITERADOS EN CONCURSO REAL<\/strong>,\u00a0\u00a0que\u00a0en horas de la ma\u00f1ana\u00a0se hace presente en el\u00a0 Puesto de Vigilancia de Villa Ventana el Sr.\u00a0<strong><span style=\"text-decoration: underline;\">JOSE PANIAGUA,<\/span><\/strong>, dando cuenta haber sido v\u00edctima de un delito contra la propiedad alegando que autores ignorados le hab\u00edan sustra\u00eddo\u00a0<strong>TRES (3)<\/strong> maquinas desmalezadoras siendo estas del tipo explosi\u00f3n dos marca\u00a0<strong>DOWEL<\/strong> carcasa motor color rojas y una marca\u00a0<strong>ECHO SRM 4605<\/strong> carcasa motor de color naranja,<\/div>\n<div>Por ello Inmediatamente el Teniente Primero KILLIAN RUBEN PATRICIO encargado del Puesto de Vigilancia de Villa Ventana y personal de guardia se dirigen hasta el lugar de los hechos a los efectos de poder dar con los autores y o elementos en cuesti\u00f3n, realisandose un operativo en el lugar con colaboraci\u00f3n del personal de sierra de la ventana con moviles y medios logrando dar un con sujeto del sexo masculino \u00a0el cual al denotar el operativo dado en el sector se da a la fuga \u00a0el cual \u00a0corriendo llevando en una de sus manos herramientas varias dandosele la voz de alto lograndoselo reducirlo,\u00a0\u00a0sobre la avenida Cruz del Sur esquina Churrinche de la localidad de Villa Ventana siendo identificado como\u00a0<strong><span style=\"text-decoration: underline;\">WALTER EMILIANO AGUILAR<\/span><\/strong>, Y logr\u00e1ndose establecer de averiguaciones practicadas\u00a0 por el personal policial en el lugar\u00a0que los elementos Ut-Supra pertenecian al ciudadano\u00a0<strong><span style=\"text-decoration: underline;\">JORGE ALFREDO CARDINAUX<\/span><\/strong>, solicitando su\u00a0 pronta presencia en el lugar reconociendo a los mismo como de su propiedad los cuales hab\u00edan sido sustra\u00eddos del interior de su morada, \u00a0constatando luego otros faltantes<\/div>\n<div>Por tal motivo se efect\u00faa un rastrillaje en terrenos linderos a los damnificados logr\u00e1ndose observar entre las malezas elementos que el ciudadano\u00a0<strong>JORGE<\/strong> hab\u00eda mencionado como faltante las cuales se encontraban ocultas para su posterior reduccion , procedi\u00e9ndose al secuestro de los mismos, para luego continuar con la busqueda se observa Detr\u00e1s de un galp\u00f3n tres maquinas del tipo desmalezadora \u00a0en el suelo \u00a0correspondiente a las denunciadas por el damnificado\u00a0<strong>PANIAGUA JOSE<\/strong>, ya ocultas, lograndose recuperar todos los elementos denunciados por los damnificados, dado al rapido accionar policial\u00a0.<\/div>\n<div>Magistrado de ingerencias dispuso el traslado del mismo a sede ministerial el dia 28 cte., a primera audiencia fines prestar declaraci\u00f3n bajos los terminos del articulo 308 del C.P.P en p\u00fablico despacho y sede ministerial. cumplimentase recaudo legales para con aprehendido, secuestro y actuados, dej\u00e1ndose constancia y siendo dable destacar que el aprehendido en cuestion posee antecedentes penales y policiales por los delitos de HURTO y ROBO.-<\/div>\n<div>FDO. \u00a0SUBCOMISARIO JUAREZ NICOLAS HERNAN \u2013 JEFE SUBESTACION DE POLICIA COMUNAL SIERRA DE LA VENTANA POR INTERMEDIO DE LA SECRETARIA DE SEGURIDAD DE ESTA POLICIA COMUNAL.-<\/div>\n<div><strong><span style=\"text-decoration: underline;\"> <\/span><\/strong><\/div>\n<div><strong><span style=\"text-decoration: underline;\"> <\/span><\/strong><\/div>\n","protected":false},"excerpt":{"rendered":"<p>Personal policial de Villa Ventana procedi\u00f3 a la aprehensi\u00f3n\u00a0del mentado\u00a0AGUILAR WALTER EMILIANO, por el delito a prima facie de\u00a0HURTO REITERADOS EN CONCURSO REAL,\u00a0\u00a0que\u00a0en horas de la ma\u00f1ana\u00a0se hace presente en el\u00a0 Puesto de Vigilancia de Villa Ventana el Sr.\u00a0JOSE PANIAGUA,, dando cuenta haber sido v\u00edctima de un delito contra la propiedad alegando que autores ignorados [&hellip;]<\/p>\n","protected":false},"author":1,"featured_media":0,"comment_status":"closed","ping_status":"open","sticky":false,"template":"","format":"standard","meta":{"footnotes":""},"categories":[51,52,53],"tags":[],"class_list":["post-20639","post","type-post","status-publish","format-standard","hentry","category-comunidad","category-destacadas","category-politica"],"yoast_head":"<!-- This site is optimized with the Yoast SEO plugin v19.7.1 - https:\/\/yoast.com\/wordpress\/plugins\/seo\/ -->\n<title>VILLA VENTANA: LA POLICIA RECUPER\u00d3 ELEMENTOS ROBADOS Y DETIENEN AL AUTOR - CELTTV<\/title>\n<meta name=\"description\" content=\"Sitio web de noticias de la localidad de Tornquist, provincia de Buenos Aires, Rep\u00fablica Argentina. Contenido propio originado por periodistas de CELTTV, el canal de TV local de la Cooperativa El\u00e9ctrica de Tornquist. Turismo, Pol\u00edtica, Sociedad, Deporte, Cultura y todo el contenido de inter\u00e9s general que la gente del pueblo y la regi\u00f3n debe conocer.\" \/>\n<meta name=\"robots\" content=\"index, follow, max-snippet:-1, max-image-preview:large, max-video-preview:-1\" \/>\n<link rel=\"canonical\" href=\"https:\/\/www.celttv.com.ar\/index.php\/2014\/05\/28\/villa-ventana-la-policia-recupero-elementos-robados-y-detienen-al-autor\/\" \/>\n<meta property=\"og:locale\" content=\"es_ES\" \/>\n<meta property=\"og:type\" content=\"article\" \/>\n<meta property=\"og:title\" content=\"VILLA VENTANA: LA POLICIA RECUPER\u00d3 ELEMENTOS ROBADOS Y DETIENEN AL AUTOR - CELTTV\" \/>\n<meta property=\"og:description\" content=\"Sitio web de noticias de la localidad de Tornquist, provincia de Buenos Aires, Rep\u00fablica Argentina. Contenido propio originado por periodistas de CELTTV, el canal de TV local de la Cooperativa El\u00e9ctrica de Tornquist. Turismo, Pol\u00edtica, Sociedad, Deporte, Cultura y todo el contenido de inter\u00e9s general que la gente del pueblo y la regi\u00f3n debe conocer.\" \/>\n<meta property=\"og:url\" content=\"https:\/\/www.celttv.com.ar\/index.php\/2014\/05\/28\/villa-ventana-la-policia-recupero-elementos-robados-y-detienen-al-autor\/\" \/>\n<meta property=\"og:site_name\" content=\"CELTTV\" \/>\n<meta property=\"article:publisher\" content=\"https:\/\/www.facebook.com\/celtTV\/\" \/>\n<meta property=\"article:published_time\" content=\"2014-05-28T14:26:43+00:00\" \/>\n<meta property=\"og:image\" content=\"http:\/\/www.tvcnoticias.com.ar\/wp-content\/uploads\/2014\/05\/1461-POLICIALES-SIERRA-Small-253x450.jpg\" \/>\n<meta name=\"author\" content=\"ulises\" \/>\n<meta name=\"twitter:card\" content=\"summary_large_image\" \/>\n<meta name=\"twitter:label1\" content=\"Escrito por\" \/>\n\t<meta name=\"twitter:data1\" content=\"ulises\" \/>\n\t<meta name=\"twitter:label2\" content=\"Tiempo de lectura\" \/>\n\t<meta name=\"twitter:data2\" content=\"2 minutos\" \/>\n<script type=\"application\/ld+json\" class=\"yoast-schema-graph\">{\"@context\":\"https:\/\/schema.org\",\"@graph\":[{\"@type\":\"NewsArticle\",\"@id\":\"https:\/\/www.celttv.com.ar\/index.php\/2014\/05\/28\/villa-ventana-la-policia-recupero-elementos-robados-y-detienen-al-autor\/#article\",\"isPartOf\":{\"@id\":\"https:\/\/www.celttv.com.ar\/index.php\/2014\/05\/28\/villa-ventana-la-policia-recupero-elementos-robados-y-detienen-al-autor\/\"},\"author\":{\"name\":\"ulises\",\"@id\":\"https:\/\/www.celttv.com.ar\/#\/schema\/person\/6d99c072dba59953809c81446e9d0ace\"},\"headline\":\"VILLA VENTANA: LA POLICIA RECUPER\u00d3 ELEMENTOS ROBADOS Y DETIENEN AL AUTOR\",\"datePublished\":\"2014-05-28T14:26:43+00:00\",\"dateModified\":\"2014-05-28T14:26:43+00:00\",\"mainEntityOfPage\":{\"@id\":\"https:\/\/www.celttv.com.ar\/index.php\/2014\/05\/28\/villa-ventana-la-policia-recupero-elementos-robados-y-detienen-al-autor\/\"},\"wordCount\":476,\"publisher\":{\"@id\":\"https:\/\/www.celttv.com.ar\/#organization\"},\"articleSection\":[\"Comunidad\",\"Destacadas\",\"Pol\u00edtica\"],\"inLanguage\":\"es\"},{\"@type\":\"WebPage\",\"@id\":\"https:\/\/www.celttv.com.ar\/index.php\/2014\/05\/28\/villa-ventana-la-policia-recupero-elementos-robados-y-detienen-al-autor\/\",\"url\":\"https:\/\/www.celttv.com.ar\/index.php\/2014\/05\/28\/villa-ventana-la-policia-recupero-elementos-robados-y-detienen-al-autor\/\",\"name\":\"VILLA VENTANA: LA POLICIA RECUPER\u00d3 ELEMENTOS ROBADOS Y DETIENEN AL AUTOR - CELTTV\",\"isPartOf\":{\"@id\":\"https:\/\/www.celttv.com.ar\/#website\"},\"datePublished\":\"2014-05-28T14:26:43+00:00\",\"dateModified\":\"2014-05-28T14:26:43+00:00\",\"description\":\"Sitio web de noticias de la localidad de Tornquist, provincia de Buenos Aires, Rep\u00fablica Argentina. Contenido propio originado por periodistas de CELTTV, el canal de TV local de la Cooperativa El\u00e9ctrica de Tornquist. Turismo, Pol\u00edtica, Sociedad, Deporte, Cultura y todo el contenido de inter\u00e9s general que la gente del pueblo y la regi\u00f3n debe conocer.\",\"breadcrumb\":{\"@id\":\"https:\/\/www.celttv.com.ar\/index.php\/2014\/05\/28\/villa-ventana-la-policia-recupero-elementos-robados-y-detienen-al-autor\/#breadcrumb\"},\"inLanguage\":\"es\",\"potentialAction\":[{\"@type\":\"ReadAction\",\"target\":[\"https:\/\/www.celttv.com.ar\/index.php\/2014\/05\/28\/villa-ventana-la-policia-recupero-elementos-robados-y-detienen-al-autor\/\"]}]},{\"@type\":\"BreadcrumbList\",\"@id\":\"https:\/\/www.celttv.com.ar\/index.php\/2014\/05\/28\/villa-ventana-la-policia-recupero-elementos-robados-y-detienen-al-autor\/#breadcrumb\",\"itemListElement\":[{\"@type\":\"ListItem\",\"position\":1,\"name\":\"Inicio\",\"item\":\"https:\/\/www.celttv.com.ar\/\"},{\"@type\":\"ListItem\",\"position\":2,\"name\":\"VILLA VENTANA: LA POLICIA RECUPER\u00d3 ELEMENTOS ROBADOS Y DETIENEN AL AUTOR\"}]},{\"@type\":\"WebSite\",\"@id\":\"https:\/\/www.celttv.com.ar\/#website\",\"url\":\"https:\/\/www.celttv.com.ar\/\",\"name\":\"CELTTV\",\"description\":\"Cooperativa El\u00e9ctrica de Tornquist\",\"publisher\":{\"@id\":\"https:\/\/www.celttv.com.ar\/#organization\"},\"potentialAction\":[{\"@type\":\"SearchAction\",\"target\":{\"@type\":\"EntryPoint\",\"urlTemplate\":\"https:\/\/www.celttv.com.ar\/?s={search_term_string}\"},\"query-input\":\"required name=search_term_string\"}],\"inLanguage\":\"es\"},{\"@type\":\"Organization\",\"@id\":\"https:\/\/www.celttv.com.ar\/#organization\",\"name\":\"CELTTV\",\"url\":\"https:\/\/www.celttv.com.ar\/\",\"sameAs\":[\"https:\/\/www.youtube.com\/channel\/UCz_oIt8Hig64Ub-EmcNPIhg\",\"https:\/\/www.facebook.com\/celtTV\/\"],\"logo\":{\"@type\":\"ImageObject\",\"inLanguage\":\"es\",\"@id\":\"https:\/\/www.celttv.com.ar\/#\/schema\/logo\/image\/\",\"url\":\"http:\/\/www.celttv.com.ar\/wp-content\/uploads\/2022\/08\/logo-1.png\",\"contentUrl\":\"http:\/\/www.celttv.com.ar\/wp-content\/uploads\/2022\/08\/logo-1.png\",\"width\":461,\"height\":159,\"caption\":\"CELTTV\"},\"image\":{\"@id\":\"https:\/\/www.celttv.com.ar\/#\/schema\/logo\/image\/\"}},{\"@type\":\"Person\",\"@id\":\"https:\/\/www.celttv.com.ar\/#\/schema\/person\/6d99c072dba59953809c81446e9d0ace\",\"name\":\"ulises\",\"image\":{\"@type\":\"ImageObject\",\"inLanguage\":\"es\",\"@id\":\"https:\/\/www.celttv.com.ar\/#\/schema\/person\/image\/\",\"url\":\"https:\/\/secure.gravatar.com\/avatar\/7f2c48bdc33b30088f941fb6082e555f2874c98e20cb159d7b92b50eadfce793?s=96&d=mm&r=g\",\"contentUrl\":\"https:\/\/secure.gravatar.com\/avatar\/7f2c48bdc33b30088f941fb6082e555f2874c98e20cb159d7b92b50eadfce793?s=96&d=mm&r=g\",\"caption\":\"ulises\"},\"sameAs\":[\"http:\/\/www.celttv.com.ar\"]}]}<\/script>\n<!-- \/ Yoast SEO plugin. -->","yoast_head_json":{"title":"VILLA VENTANA: LA POLICIA RECUPER\u00d3 ELEMENTOS ROBADOS Y DETIENEN AL AUTOR - CELTTV","description":"Sitio web de noticias de la localidad de Tornquist, provincia de Buenos Aires, Rep\u00fablica Argentina. Contenido propio originado por periodistas de CELTTV, el canal de TV local de la Cooperativa El\u00e9ctrica de Tornquist. Turismo, Pol\u00edtica, Sociedad, Deporte, Cultura y todo el contenido de inter\u00e9s general que la gente del pueblo y la regi\u00f3n debe conocer.","robots":{"index":"index","follow":"follow","max-snippet":"max-snippet:-1","max-image-preview":"max-image-preview:large","max-video-preview":"max-video-preview:-1"},"canonical":"https:\/\/www.celttv.com.ar\/index.php\/2014\/05\/28\/villa-ventana-la-policia-recupero-elementos-robados-y-detienen-al-autor\/","og_locale":"es_ES","og_type":"article","og_title":"VILLA VENTANA: LA POLICIA RECUPER\u00d3 ELEMENTOS ROBADOS Y DETIENEN AL AUTOR - CELTTV","og_description":"Sitio web de noticias de la localidad de Tornquist, provincia de Buenos Aires, Rep\u00fablica Argentina. Contenido propio originado por periodistas de CELTTV, el canal de TV local de la Cooperativa El\u00e9ctrica de Tornquist. Turismo, Pol\u00edtica, Sociedad, Deporte, Cultura y todo el contenido de inter\u00e9s general que la gente del pueblo y la regi\u00f3n debe conocer.","og_url":"https:\/\/www.celttv.com.ar\/index.php\/2014\/05\/28\/villa-ventana-la-policia-recupero-elementos-robados-y-detienen-al-autor\/","og_site_name":"CELTTV","article_publisher":"https:\/\/www.facebook.com\/celtTV\/","article_published_time":"2014-05-28T14:26:43+00:00","og_image":[{"url":"http:\/\/www.tvcnoticias.com.ar\/wp-content\/uploads\/2014\/05\/1461-POLICIALES-SIERRA-Small-253x450.jpg"}],"author":"ulises","twitter_card":"summary_large_image","twitter_misc":{"Escrito por":"ulises","Tiempo de lectura":"2 minutos"},"schema":{"@context":"https:\/\/schema.org","@graph":[{"@type":"NewsArticle","@id":"https:\/\/www.celttv.com.ar\/index.php\/2014\/05\/28\/villa-ventana-la-policia-recupero-elementos-robados-y-detienen-al-autor\/#article","isPartOf":{"@id":"https:\/\/www.celttv.com.ar\/index.php\/2014\/05\/28\/villa-ventana-la-policia-recupero-elementos-robados-y-detienen-al-autor\/"},"author":{"name":"ulises","@id":"https:\/\/www.celttv.com.ar\/#\/schema\/person\/6d99c072dba59953809c81446e9d0ace"},"headline":"VILLA VENTANA: LA POLICIA RECUPER\u00d3 ELEMENTOS ROBADOS Y DETIENEN AL AUTOR","datePublished":"2014-05-28T14:26:43+00:00","dateModified":"2014-05-28T14:26:43+00:00","mainEntityOfPage":{"@id":"https:\/\/www.celttv.com.ar\/index.php\/2014\/05\/28\/villa-ventana-la-policia-recupero-elementos-robados-y-detienen-al-autor\/"},"wordCount":476,"publisher":{"@id":"https:\/\/www.celttv.com.ar\/#organization"},"articleSection":["Comunidad","Destacadas","Pol\u00edtica"],"inLanguage":"es"},{"@type":"WebPage","@id":"https:\/\/www.celttv.com.ar\/index.php\/2014\/05\/28\/villa-ventana-la-policia-recupero-elementos-robados-y-detienen-al-autor\/","url":"https:\/\/www.celttv.com.ar\/index.php\/2014\/05\/28\/villa-ventana-la-policia-recupero-elementos-robados-y-detienen-al-autor\/","name":"VILLA VENTANA: LA POLICIA RECUPER\u00d3 ELEMENTOS ROBADOS Y DETIENEN AL AUTOR - CELTTV","isPartOf":{"@id":"https:\/\/www.celttv.com.ar\/#website"},"datePublished":"2014-05-28T14:26:43+00:00","dateModified":"2014-05-28T14:26:43+00:00","description":"Sitio web de noticias de la localidad de Tornquist, provincia de Buenos Aires, Rep\u00fablica Argentina. Contenido propio originado por periodistas de CELTTV, el canal de TV local de la Cooperativa El\u00e9ctrica de Tornquist. Turismo, Pol\u00edtica, Sociedad, Deporte, Cultura y todo el contenido de inter\u00e9s general que la gente del pueblo y la regi\u00f3n debe conocer.","breadcrumb":{"@id":"https:\/\/www.celttv.com.ar\/index.php\/2014\/05\/28\/villa-ventana-la-policia-recupero-elementos-robados-y-detienen-al-autor\/#breadcrumb"},"inLanguage":"es","potentialAction":[{"@type":"ReadAction","target":["https:\/\/www.celttv.com.ar\/index.php\/2014\/05\/28\/villa-ventana-la-policia-recupero-elementos-robados-y-detienen-al-autor\/"]}]},{"@type":"BreadcrumbList","@id":"https:\/\/www.celttv.com.ar\/index.php\/2014\/05\/28\/villa-ventana-la-policia-recupero-elementos-robados-y-detienen-al-autor\/#breadcrumb","itemListElement":[{"@type":"ListItem","position":1,"name":"Inicio","item":"https:\/\/www.celttv.com.ar\/"},{"@type":"ListItem","position":2,"name":"VILLA VENTANA: LA POLICIA RECUPER\u00d3 ELEMENTOS ROBADOS Y DETIENEN AL AUTOR"}]},{"@type":"WebSite","@id":"https:\/\/www.celttv.com.ar\/#website","url":"https:\/\/www.celttv.com.ar\/","name":"CELTTV","description":"Cooperativa El\u00e9ctrica de Tornquist","publisher":{"@id":"https:\/\/www.celttv.com.ar\/#organization"},"potentialAction":[{"@type":"SearchAction","target":{"@type":"EntryPoint","urlTemplate":"https:\/\/www.celttv.com.ar\/?s={search_term_string}"},"query-input":"required name=search_term_string"}],"inLanguage":"es"},{"@type":"Organization","@id":"https:\/\/www.celttv.com.ar\/#organization","name":"CELTTV","url":"https:\/\/www.celttv.com.ar\/","sameAs":["https:\/\/www.youtube.com\/channel\/UCz_oIt8Hig64Ub-EmcNPIhg","https:\/\/www.facebook.com\/celtTV\/"],"logo":{"@type":"ImageObject","inLanguage":"es","@id":"https:\/\/www.celttv.com.ar\/#\/schema\/logo\/image\/","url":"http:\/\/www.celttv.com.ar\/wp-content\/uploads\/2022\/08\/logo-1.png","contentUrl":"http:\/\/www.celttv.com.ar\/wp-content\/uploads\/2022\/08\/logo-1.png","width":461,"height":159,"caption":"CELTTV"},"image":{"@id":"https:\/\/www.celttv.com.ar\/#\/schema\/logo\/image\/"}},{"@type":"Person","@id":"https:\/\/www.celttv.com.ar\/#\/schema\/person\/6d99c072dba59953809c81446e9d0ace","name":"ulises","image":{"@type":"ImageObject","inLanguage":"es","@id":"https:\/\/www.celttv.com.ar\/#\/schema\/person\/image\/","url":"https:\/\/secure.gravatar.com\/avatar\/7f2c48bdc33b30088f941fb6082e555f2874c98e20cb159d7b92b50eadfce793?s=96&d=mm&r=g","contentUrl":"https:\/\/secure.gravatar.com\/avatar\/7f2c48bdc33b30088f941fb6082e555f2874c98e20cb159d7b92b50eadfce793?s=96&d=mm&r=g","caption":"ulises"},"sameAs":["http:\/\/www.celttv.com.ar"]}]}},"_links":{"self":[{"href":"https:\/\/www.celttv.com.ar\/index.php\/wp-json\/wp\/v2\/posts\/20639","targetHints":{"allow":["GET"]}}],"collection":[{"href":"https:\/\/www.celttv.com.ar\/index.php\/wp-json\/wp\/v2\/posts"}],"about":[{"href":"https:\/\/www.celttv.com.ar\/index.php\/wp-json\/wp\/v2\/types\/post"}],"author":[{"embeddable":true,"href":"https:\/\/www.celttv.com.ar\/index.php\/wp-json\/wp\/v2\/users\/1"}],"replies":[{"embeddable":true,"href":"https:\/\/www.celttv.com.ar\/index.php\/wp-json\/wp\/v2\/comments?post=20639"}],"version-history":[{"count":0,"href":"https:\/\/www.celttv.com.ar\/index.php\/wp-json\/wp\/v2\/posts\/20639\/revisions"}],"wp:attachment":[{"href":"https:\/\/www.celttv.com.ar\/index.php\/wp-json\/wp\/v2\/media?parent=20639"}],"wp:term":[{"taxonomy":"category","embeddable":true,"href":"https:\/\/www.celttv.com.ar\/index.php\/wp-json\/wp\/v2\/categories?post=20639"},{"taxonomy":"post_tag","embeddable":true,"href":"https:\/\/www.celttv.com.ar\/index.php\/wp-json\/wp\/v2\/tags?post=20639"}],"curies":[{"name":"wp","href":"https:\/\/api.w.org\/{rel}","templated":true}]}}