{"id":20644,"date":"2014-05-28T14:49:08","date_gmt":"2014-05-28T14:49:08","guid":{"rendered":"http:\/\/www.tvcnoticias.com.ar\/?p=20644"},"modified":"2014-05-28T14:49:08","modified_gmt":"2014-05-28T14:49:08","slug":"biografia-de-alfosina-storni-en-un-nuevo-encuentro-literario-en-la-biblioteca-de-tornquist","status":"publish","type":"post","link":"https:\/\/www.celttv.com.ar\/index.php\/2014\/05\/28\/biografia-de-alfosina-storni-en-un-nuevo-encuentro-literario-en-la-biblioteca-de-tornquist\/","title":{"rendered":"BIOGRAFIA DE ALFOSINA STORNI EN UN NUEVO ENCUENTRO LITERARIO EN LA BIBLIOTECA DE TORNQUIST"},"content":{"rendered":"<p><a rel=\"attachment wp-att-20650\" href=\"http:\/\/www.tvcnoticias.com.ar\/?attachment_id=20650\"><a rel=\"attachment wp-att-20648\" href=\"http:\/\/www.tvcnoticias.com.ar\/?attachment_id=20648\"><img loading=\"lazy\" decoding=\"async\" class=\"aligncenter size-medium wp-image-20648\" title=\"DSC08344 (Medium)\" src=\"http:\/\/www.tvcnoticias.com.ar\/wp-content\/uploads\/2014\/05\/DSC08344-Medium-450x337.jpg\" alt=\"\" width=\"450\" height=\"337\" \/><\/a><img loading=\"lazy\" decoding=\"async\" class=\"aligncenter size-medium wp-image-20650\" title=\"DSC08346 (Medium)\" src=\"http:\/\/www.tvcnoticias.com.ar\/wp-content\/uploads\/2014\/05\/DSC08346-Medium-450x337.jpg\" alt=\"\" width=\"450\" height=\"337\" \/><\/a><br \/>\nLa profesora Gabriela Garc\u00eda fue quien, de manera muy did\u00e1ctica, habl\u00f3 de la vida y obra de Alfonsina Storni remitiendose en distintos pasajes a los poemas de la reconocida escritora\u00a0argentina nacida en 1892 en Suiza y se constituy\u00f3 en uno de los \u00edconos de la literatura posmodernista. &#8220;Con una infancia dif\u00edcil y con carencias y luego una vida con recurrentes enfermedades, su poes\u00eda est\u00e1 impregnada de lucha, audacia, amor y una reivindicaci\u00f3n del g\u00e9nero femenino. Algunos de sus poemas a resaltar son:\u00a0<a href=\"http:\/\/www.poemas-del-alma.com\/adios.htm\">\u00a1Adi\u00f3s!<\/a>,\u00a0<a href=\"http:\/\/www.poemas-del-alma.com\/alma-desnuda.htm\">Alma desnuda<\/a>,\u00a0<a href=\"http:\/\/www.poemas-del-alma.com\/la-caricia-perdida.htm\">La caricia perdida<\/a>,<a href=\"http:\/\/www.poemas-del-alma.com\/razones-y-paisajes.htm\">Razones y paisajes de amor<\/a>,\u00a0<a href=\"http:\/\/www.poemas-del-alma.com\/queja.htm\">Queja<\/a>,\u00a0<a href=\"http:\/\/www.poemas-del-alma.com\/tu-dulzura.htm\">Tu dulzura<\/a>,\u00a0<a href=\"http:\/\/www.poemas-del-alma.com\/dolor.htm\">Dolor<\/a> y\u00a0<a href=\"http:\/\/www.poemas-del-alma.com\/frente-al-mar-storni.htm\">Frente al mar<\/a>&#8221; citaba Gabriela.<br \/>\nEn este nuevo encuentro literario se homenaje\u00f3 a la mujer; por ese motivo, adem\u00e1s de la biograf\u00eda de Alfonsina Storni, fue reconocida la Sra. Laura Segismondi por su tarea solidaria desarrollada, junto a un grupo de vecinas, a traves de distintas campa\u00f1as.<br \/>\nEl aporte musical estuvo a cargo de la cantante Vanina Lamberto acompa\u00f1ada del guitarrista &#8220;Quique&#8221; Lorenzi, para redondear otra estupenda cita con la literatura y la m\u00fasica, organizada por la Biblioteca Popular Ernesto Tornquist.<\/p>\n","protected":false},"excerpt":{"rendered":"<p>La profesora Gabriela Garc\u00eda fue quien, de manera muy did\u00e1ctica, habl\u00f3 de la vida y obra de Alfonsina Storni remitiendose en distintos pasajes a los poemas de la reconocida escritora\u00a0argentina nacida en 1892 en Suiza y se constituy\u00f3 en uno de los \u00edconos de la literatura posmodernista. &#8220;Con una infancia dif\u00edcil y con carencias y [&hellip;]<\/p>\n","protected":false},"author":1,"featured_media":0,"comment_status":"closed","ping_status":"open","sticky":false,"template":"","format":"standard","meta":{"footnotes":""},"categories":[51,52,56],"tags":[],"class_list":["post-20644","post","type-post","status-publish","format-standard","hentry","category-comunidad","category-destacadas","category-espectaculos"],"yoast_head":"<!-- This site is optimized with the Yoast SEO plugin v19.7.1 - https:\/\/yoast.com\/wordpress\/plugins\/seo\/ -->\n<title>BIOGRAFIA DE ALFOSINA STORNI EN UN NUEVO ENCUENTRO LITERARIO EN LA BIBLIOTECA DE TORNQUIST - CELTTV<\/title>\n<meta name=\"description\" content=\"Sitio web de noticias de la localidad de Tornquist, provincia de Buenos Aires, Rep\u00fablica Argentina. Contenido propio originado por periodistas de CELTTV, el canal de TV local de la Cooperativa El\u00e9ctrica de Tornquist. Turismo, Pol\u00edtica, Sociedad, Deporte, Cultura y todo el contenido de inter\u00e9s general que la gente del pueblo y la regi\u00f3n debe conocer.\" \/>\n<meta name=\"robots\" content=\"index, follow, max-snippet:-1, max-image-preview:large, max-video-preview:-1\" \/>\n<link rel=\"canonical\" href=\"https:\/\/www.celttv.com.ar\/index.php\/2014\/05\/28\/biografia-de-alfosina-storni-en-un-nuevo-encuentro-literario-en-la-biblioteca-de-tornquist\/\" \/>\n<meta property=\"og:locale\" content=\"es_ES\" \/>\n<meta property=\"og:type\" content=\"article\" \/>\n<meta property=\"og:title\" content=\"BIOGRAFIA DE ALFOSINA STORNI EN UN NUEVO ENCUENTRO LITERARIO EN LA BIBLIOTECA DE TORNQUIST - CELTTV\" \/>\n<meta property=\"og:description\" content=\"Sitio web de noticias de la localidad de Tornquist, provincia de Buenos Aires, Rep\u00fablica Argentina. Contenido propio originado por periodistas de CELTTV, el canal de TV local de la Cooperativa El\u00e9ctrica de Tornquist. Turismo, Pol\u00edtica, Sociedad, Deporte, Cultura y todo el contenido de inter\u00e9s general que la gente del pueblo y la regi\u00f3n debe conocer.\" \/>\n<meta property=\"og:url\" content=\"https:\/\/www.celttv.com.ar\/index.php\/2014\/05\/28\/biografia-de-alfosina-storni-en-un-nuevo-encuentro-literario-en-la-biblioteca-de-tornquist\/\" \/>\n<meta property=\"og:site_name\" content=\"CELTTV\" \/>\n<meta property=\"article:publisher\" content=\"https:\/\/www.facebook.com\/celtTV\/\" \/>\n<meta property=\"article:published_time\" content=\"2014-05-28T14:49:08+00:00\" \/>\n<meta property=\"og:image\" content=\"http:\/\/www.tvcnoticias.com.ar\/wp-content\/uploads\/2014\/05\/DSC08344-Medium-450x337.jpg\" \/>\n<meta name=\"author\" content=\"ulises\" \/>\n<meta name=\"twitter:card\" content=\"summary_large_image\" \/>\n<meta name=\"twitter:label1\" content=\"Escrito por\" \/>\n\t<meta name=\"twitter:data1\" content=\"ulises\" \/>\n\t<meta name=\"twitter:label2\" content=\"Tiempo de lectura\" \/>\n\t<meta name=\"twitter:data2\" content=\"1 minuto\" \/>\n<script type=\"application\/ld+json\" class=\"yoast-schema-graph\">{\"@context\":\"https:\/\/schema.org\",\"@graph\":[{\"@type\":\"NewsArticle\",\"@id\":\"https:\/\/www.celttv.com.ar\/index.php\/2014\/05\/28\/biografia-de-alfosina-storni-en-un-nuevo-encuentro-literario-en-la-biblioteca-de-tornquist\/#article\",\"isPartOf\":{\"@id\":\"https:\/\/www.celttv.com.ar\/index.php\/2014\/05\/28\/biografia-de-alfosina-storni-en-un-nuevo-encuentro-literario-en-la-biblioteca-de-tornquist\/\"},\"author\":{\"name\":\"ulises\",\"@id\":\"https:\/\/www.celttv.com.ar\/#\/schema\/person\/6d99c072dba59953809c81446e9d0ace\"},\"headline\":\"BIOGRAFIA DE ALFOSINA STORNI EN UN NUEVO ENCUENTRO LITERARIO EN LA BIBLIOTECA DE TORNQUIST\",\"datePublished\":\"2014-05-28T14:49:08+00:00\",\"dateModified\":\"2014-05-28T14:49:08+00:00\",\"mainEntityOfPage\":{\"@id\":\"https:\/\/www.celttv.com.ar\/index.php\/2014\/05\/28\/biografia-de-alfosina-storni-en-un-nuevo-encuentro-literario-en-la-biblioteca-de-tornquist\/\"},\"wordCount\":209,\"publisher\":{\"@id\":\"https:\/\/www.celttv.com.ar\/#organization\"},\"articleSection\":[\"Comunidad\",\"Destacadas\",\"Espect\u00e1culos\"],\"inLanguage\":\"es\"},{\"@type\":\"WebPage\",\"@id\":\"https:\/\/www.celttv.com.ar\/index.php\/2014\/05\/28\/biografia-de-alfosina-storni-en-un-nuevo-encuentro-literario-en-la-biblioteca-de-tornquist\/\",\"url\":\"https:\/\/www.celttv.com.ar\/index.php\/2014\/05\/28\/biografia-de-alfosina-storni-en-un-nuevo-encuentro-literario-en-la-biblioteca-de-tornquist\/\",\"name\":\"BIOGRAFIA DE ALFOSINA STORNI EN UN NUEVO ENCUENTRO LITERARIO EN LA BIBLIOTECA DE TORNQUIST - CELTTV\",\"isPartOf\":{\"@id\":\"https:\/\/www.celttv.com.ar\/#website\"},\"datePublished\":\"2014-05-28T14:49:08+00:00\",\"dateModified\":\"2014-05-28T14:49:08+00:00\",\"description\":\"Sitio web de noticias de la localidad de Tornquist, provincia de Buenos Aires, Rep\u00fablica Argentina. Contenido propio originado por periodistas de CELTTV, el canal de TV local de la Cooperativa El\u00e9ctrica de Tornquist. Turismo, Pol\u00edtica, Sociedad, Deporte, Cultura y todo el contenido de inter\u00e9s general que la gente del pueblo y la regi\u00f3n debe conocer.\",\"breadcrumb\":{\"@id\":\"https:\/\/www.celttv.com.ar\/index.php\/2014\/05\/28\/biografia-de-alfosina-storni-en-un-nuevo-encuentro-literario-en-la-biblioteca-de-tornquist\/#breadcrumb\"},\"inLanguage\":\"es\",\"potentialAction\":[{\"@type\":\"ReadAction\",\"target\":[\"https:\/\/www.celttv.com.ar\/index.php\/2014\/05\/28\/biografia-de-alfosina-storni-en-un-nuevo-encuentro-literario-en-la-biblioteca-de-tornquist\/\"]}]},{\"@type\":\"BreadcrumbList\",\"@id\":\"https:\/\/www.celttv.com.ar\/index.php\/2014\/05\/28\/biografia-de-alfosina-storni-en-un-nuevo-encuentro-literario-en-la-biblioteca-de-tornquist\/#breadcrumb\",\"itemListElement\":[{\"@type\":\"ListItem\",\"position\":1,\"name\":\"Inicio\",\"item\":\"https:\/\/www.celttv.com.ar\/\"},{\"@type\":\"ListItem\",\"position\":2,\"name\":\"BIOGRAFIA DE ALFOSINA STORNI EN UN NUEVO ENCUENTRO LITERARIO EN LA BIBLIOTECA DE TORNQUIST\"}]},{\"@type\":\"WebSite\",\"@id\":\"https:\/\/www.celttv.com.ar\/#website\",\"url\":\"https:\/\/www.celttv.com.ar\/\",\"name\":\"CELTTV\",\"description\":\"Cooperativa El\u00e9ctrica de Tornquist\",\"publisher\":{\"@id\":\"https:\/\/www.celttv.com.ar\/#organization\"},\"potentialAction\":[{\"@type\":\"SearchAction\",\"target\":{\"@type\":\"EntryPoint\",\"urlTemplate\":\"https:\/\/www.celttv.com.ar\/?s={search_term_string}\"},\"query-input\":\"required name=search_term_string\"}],\"inLanguage\":\"es\"},{\"@type\":\"Organization\",\"@id\":\"https:\/\/www.celttv.com.ar\/#organization\",\"name\":\"CELTTV\",\"url\":\"https:\/\/www.celttv.com.ar\/\",\"sameAs\":[\"https:\/\/www.youtube.com\/channel\/UCz_oIt8Hig64Ub-EmcNPIhg\",\"https:\/\/www.facebook.com\/celtTV\/\"],\"logo\":{\"@type\":\"ImageObject\",\"inLanguage\":\"es\",\"@id\":\"https:\/\/www.celttv.com.ar\/#\/schema\/logo\/image\/\",\"url\":\"http:\/\/www.celttv.com.ar\/wp-content\/uploads\/2022\/08\/logo-1.png\",\"contentUrl\":\"http:\/\/www.celttv.com.ar\/wp-content\/uploads\/2022\/08\/logo-1.png\",\"width\":461,\"height\":159,\"caption\":\"CELTTV\"},\"image\":{\"@id\":\"https:\/\/www.celttv.com.ar\/#\/schema\/logo\/image\/\"}},{\"@type\":\"Person\",\"@id\":\"https:\/\/www.celttv.com.ar\/#\/schema\/person\/6d99c072dba59953809c81446e9d0ace\",\"name\":\"ulises\",\"image\":{\"@type\":\"ImageObject\",\"inLanguage\":\"es\",\"@id\":\"https:\/\/www.celttv.com.ar\/#\/schema\/person\/image\/\",\"url\":\"https:\/\/secure.gravatar.com\/avatar\/7f2c48bdc33b30088f941fb6082e555f2874c98e20cb159d7b92b50eadfce793?s=96&d=mm&r=g\",\"contentUrl\":\"https:\/\/secure.gravatar.com\/avatar\/7f2c48bdc33b30088f941fb6082e555f2874c98e20cb159d7b92b50eadfce793?s=96&d=mm&r=g\",\"caption\":\"ulises\"},\"sameAs\":[\"http:\/\/www.celttv.com.ar\"]}]}<\/script>\n<!-- \/ Yoast SEO plugin. -->","yoast_head_json":{"title":"BIOGRAFIA DE ALFOSINA STORNI EN UN NUEVO ENCUENTRO LITERARIO EN LA BIBLIOTECA DE TORNQUIST - CELTTV","description":"Sitio web de noticias de la localidad de Tornquist, provincia de Buenos Aires, Rep\u00fablica Argentina. Contenido propio originado por periodistas de CELTTV, el canal de TV local de la Cooperativa El\u00e9ctrica de Tornquist. Turismo, Pol\u00edtica, Sociedad, Deporte, Cultura y todo el contenido de inter\u00e9s general que la gente del pueblo y la regi\u00f3n debe conocer.","robots":{"index":"index","follow":"follow","max-snippet":"max-snippet:-1","max-image-preview":"max-image-preview:large","max-video-preview":"max-video-preview:-1"},"canonical":"https:\/\/www.celttv.com.ar\/index.php\/2014\/05\/28\/biografia-de-alfosina-storni-en-un-nuevo-encuentro-literario-en-la-biblioteca-de-tornquist\/","og_locale":"es_ES","og_type":"article","og_title":"BIOGRAFIA DE ALFOSINA STORNI EN UN NUEVO ENCUENTRO LITERARIO EN LA BIBLIOTECA DE TORNQUIST - CELTTV","og_description":"Sitio web de noticias de la localidad de Tornquist, provincia de Buenos Aires, Rep\u00fablica Argentina. Contenido propio originado por periodistas de CELTTV, el canal de TV local de la Cooperativa El\u00e9ctrica de Tornquist. Turismo, Pol\u00edtica, Sociedad, Deporte, Cultura y todo el contenido de inter\u00e9s general que la gente del pueblo y la regi\u00f3n debe conocer.","og_url":"https:\/\/www.celttv.com.ar\/index.php\/2014\/05\/28\/biografia-de-alfosina-storni-en-un-nuevo-encuentro-literario-en-la-biblioteca-de-tornquist\/","og_site_name":"CELTTV","article_publisher":"https:\/\/www.facebook.com\/celtTV\/","article_published_time":"2014-05-28T14:49:08+00:00","og_image":[{"url":"http:\/\/www.tvcnoticias.com.ar\/wp-content\/uploads\/2014\/05\/DSC08344-Medium-450x337.jpg"}],"author":"ulises","twitter_card":"summary_large_image","twitter_misc":{"Escrito por":"ulises","Tiempo de lectura":"1 minuto"},"schema":{"@context":"https:\/\/schema.org","@graph":[{"@type":"NewsArticle","@id":"https:\/\/www.celttv.com.ar\/index.php\/2014\/05\/28\/biografia-de-alfosina-storni-en-un-nuevo-encuentro-literario-en-la-biblioteca-de-tornquist\/#article","isPartOf":{"@id":"https:\/\/www.celttv.com.ar\/index.php\/2014\/05\/28\/biografia-de-alfosina-storni-en-un-nuevo-encuentro-literario-en-la-biblioteca-de-tornquist\/"},"author":{"name":"ulises","@id":"https:\/\/www.celttv.com.ar\/#\/schema\/person\/6d99c072dba59953809c81446e9d0ace"},"headline":"BIOGRAFIA DE ALFOSINA STORNI EN UN NUEVO ENCUENTRO LITERARIO EN LA BIBLIOTECA DE TORNQUIST","datePublished":"2014-05-28T14:49:08+00:00","dateModified":"2014-05-28T14:49:08+00:00","mainEntityOfPage":{"@id":"https:\/\/www.celttv.com.ar\/index.php\/2014\/05\/28\/biografia-de-alfosina-storni-en-un-nuevo-encuentro-literario-en-la-biblioteca-de-tornquist\/"},"wordCount":209,"publisher":{"@id":"https:\/\/www.celttv.com.ar\/#organization"},"articleSection":["Comunidad","Destacadas","Espect\u00e1culos"],"inLanguage":"es"},{"@type":"WebPage","@id":"https:\/\/www.celttv.com.ar\/index.php\/2014\/05\/28\/biografia-de-alfosina-storni-en-un-nuevo-encuentro-literario-en-la-biblioteca-de-tornquist\/","url":"https:\/\/www.celttv.com.ar\/index.php\/2014\/05\/28\/biografia-de-alfosina-storni-en-un-nuevo-encuentro-literario-en-la-biblioteca-de-tornquist\/","name":"BIOGRAFIA DE ALFOSINA STORNI EN UN NUEVO ENCUENTRO LITERARIO EN LA BIBLIOTECA DE TORNQUIST - CELTTV","isPartOf":{"@id":"https:\/\/www.celttv.com.ar\/#website"},"datePublished":"2014-05-28T14:49:08+00:00","dateModified":"2014-05-28T14:49:08+00:00","description":"Sitio web de noticias de la localidad de Tornquist, provincia de Buenos Aires, Rep\u00fablica Argentina. Contenido propio originado por periodistas de CELTTV, el canal de TV local de la Cooperativa El\u00e9ctrica de Tornquist. Turismo, Pol\u00edtica, Sociedad, Deporte, Cultura y todo el contenido de inter\u00e9s general que la gente del pueblo y la regi\u00f3n debe conocer.","breadcrumb":{"@id":"https:\/\/www.celttv.com.ar\/index.php\/2014\/05\/28\/biografia-de-alfosina-storni-en-un-nuevo-encuentro-literario-en-la-biblioteca-de-tornquist\/#breadcrumb"},"inLanguage":"es","potentialAction":[{"@type":"ReadAction","target":["https:\/\/www.celttv.com.ar\/index.php\/2014\/05\/28\/biografia-de-alfosina-storni-en-un-nuevo-encuentro-literario-en-la-biblioteca-de-tornquist\/"]}]},{"@type":"BreadcrumbList","@id":"https:\/\/www.celttv.com.ar\/index.php\/2014\/05\/28\/biografia-de-alfosina-storni-en-un-nuevo-encuentro-literario-en-la-biblioteca-de-tornquist\/#breadcrumb","itemListElement":[{"@type":"ListItem","position":1,"name":"Inicio","item":"https:\/\/www.celttv.com.ar\/"},{"@type":"ListItem","position":2,"name":"BIOGRAFIA DE ALFOSINA STORNI EN UN NUEVO ENCUENTRO LITERARIO EN LA BIBLIOTECA DE TORNQUIST"}]},{"@type":"WebSite","@id":"https:\/\/www.celttv.com.ar\/#website","url":"https:\/\/www.celttv.com.ar\/","name":"CELTTV","description":"Cooperativa El\u00e9ctrica de Tornquist","publisher":{"@id":"https:\/\/www.celttv.com.ar\/#organization"},"potentialAction":[{"@type":"SearchAction","target":{"@type":"EntryPoint","urlTemplate":"https:\/\/www.celttv.com.ar\/?s={search_term_string}"},"query-input":"required name=search_term_string"}],"inLanguage":"es"},{"@type":"Organization","@id":"https:\/\/www.celttv.com.ar\/#organization","name":"CELTTV","url":"https:\/\/www.celttv.com.ar\/","sameAs":["https:\/\/www.youtube.com\/channel\/UCz_oIt8Hig64Ub-EmcNPIhg","https:\/\/www.facebook.com\/celtTV\/"],"logo":{"@type":"ImageObject","inLanguage":"es","@id":"https:\/\/www.celttv.com.ar\/#\/schema\/logo\/image\/","url":"http:\/\/www.celttv.com.ar\/wp-content\/uploads\/2022\/08\/logo-1.png","contentUrl":"http:\/\/www.celttv.com.ar\/wp-content\/uploads\/2022\/08\/logo-1.png","width":461,"height":159,"caption":"CELTTV"},"image":{"@id":"https:\/\/www.celttv.com.ar\/#\/schema\/logo\/image\/"}},{"@type":"Person","@id":"https:\/\/www.celttv.com.ar\/#\/schema\/person\/6d99c072dba59953809c81446e9d0ace","name":"ulises","image":{"@type":"ImageObject","inLanguage":"es","@id":"https:\/\/www.celttv.com.ar\/#\/schema\/person\/image\/","url":"https:\/\/secure.gravatar.com\/avatar\/7f2c48bdc33b30088f941fb6082e555f2874c98e20cb159d7b92b50eadfce793?s=96&d=mm&r=g","contentUrl":"https:\/\/secure.gravatar.com\/avatar\/7f2c48bdc33b30088f941fb6082e555f2874c98e20cb159d7b92b50eadfce793?s=96&d=mm&r=g","caption":"ulises"},"sameAs":["http:\/\/www.celttv.com.ar"]}]}},"_links":{"self":[{"href":"https:\/\/www.celttv.com.ar\/index.php\/wp-json\/wp\/v2\/posts\/20644","targetHints":{"allow":["GET"]}}],"collection":[{"href":"https:\/\/www.celttv.com.ar\/index.php\/wp-json\/wp\/v2\/posts"}],"about":[{"href":"https:\/\/www.celttv.com.ar\/index.php\/wp-json\/wp\/v2\/types\/post"}],"author":[{"embeddable":true,"href":"https:\/\/www.celttv.com.ar\/index.php\/wp-json\/wp\/v2\/users\/1"}],"replies":[{"embeddable":true,"href":"https:\/\/www.celttv.com.ar\/index.php\/wp-json\/wp\/v2\/comments?post=20644"}],"version-history":[{"count":0,"href":"https:\/\/www.celttv.com.ar\/index.php\/wp-json\/wp\/v2\/posts\/20644\/revisions"}],"wp:attachment":[{"href":"https:\/\/www.celttv.com.ar\/index.php\/wp-json\/wp\/v2\/media?parent=20644"}],"wp:term":[{"taxonomy":"category","embeddable":true,"href":"https:\/\/www.celttv.com.ar\/index.php\/wp-json\/wp\/v2\/categories?post=20644"},{"taxonomy":"post_tag","embeddable":true,"href":"https:\/\/www.celttv.com.ar\/index.php\/wp-json\/wp\/v2\/tags?post=20644"}],"curies":[{"name":"wp","href":"https:\/\/api.w.org\/{rel}","templated":true}]}}