{"id":20664,"date":"2014-05-28T15:47:36","date_gmt":"2014-05-28T15:47:36","guid":{"rendered":"http:\/\/www.tvcnoticias.com.ar\/?p=20664"},"modified":"2014-05-28T15:47:36","modified_gmt":"2014-05-28T15:47:36","slug":"tan-exquisito-como-exitoso-el-locro-del-25-del-jardin-de-infantes-901-notas-y-videos","status":"publish","type":"post","link":"https:\/\/www.celttv.com.ar\/index.php\/2014\/05\/28\/tan-exquisito-como-exitoso-el-locro-del-25-del-jardin-de-infantes-901-notas-y-videos\/","title":{"rendered":"TAN EXQUISITO COMO EXITOSO EL &#8220;LOCRO DEL 25&#8221; DEL JARDIN DE INFANTES 901 (Notas y videos)"},"content":{"rendered":"<p><a href=\"https:\/\/www.youtube.com\/watch?v=UKk2cptmCpw\">httpv:\/\/www.youtube.com\/watch?v=UKk2cptmCpw<\/a><br \/>\nResult\u00f3 exitoso el Locro del 25, organizado por el Jard\u00edn de Infantes 901 Constancio C. Vigil.<br \/>\nUn verdadero manjar del que disfrutaron quienes compartieron la velada en el sal\u00f3n de actos del establecimiento educativo, como as\u00ed tambi\u00e9n quienes prefirieron retirar su porci\u00f3n para disfrutarlo en su casa.<br \/>\nSe not\u00f3 la mano de \u201cRoby\u201d Cassano y Eduardo Ferace que pusieron toda su experiencia para beneficio del Jard\u00edn 901 despuntando el vicio de la buena cocina.<br \/>\nIntegrantes de la cooperadora, docentes y padres contribuyeron para que la fiesta tuviera todo lo necesario para pasarla muy bien.\u00a0 \u00a0La m\u00fasica estuvo a cargo del grupo folkl\u00f3rico Pe\u00f1i Hue y Florencia GImenez.<\/p>\n","protected":false},"excerpt":{"rendered":"<p>httpv:\/\/www.youtube.com\/watch?v=UKk2cptmCpw Result\u00f3 exitoso el Locro del 25, organizado por el Jard\u00edn de Infantes 901 Constancio C. Vigil. Un verdadero manjar del que disfrutaron quienes compartieron la velada en el sal\u00f3n de actos del establecimiento educativo, como as\u00ed tambi\u00e9n quienes prefirieron retirar su porci\u00f3n para disfrutarlo en su casa. Se not\u00f3 la mano de \u201cRoby\u201d Cassano [&hellip;]<\/p>\n","protected":false},"author":1,"featured_media":0,"comment_status":"closed","ping_status":"open","sticky":false,"template":"","format":"standard","meta":{"footnotes":""},"categories":[51,52,56,64],"tags":[],"class_list":["post-20664","post","type-post","status-publish","format-standard","hentry","category-comunidad","category-destacadas","category-espectaculos","category-videos-destacados"],"yoast_head":"<!-- This site is optimized with the Yoast SEO plugin v19.7.1 - https:\/\/yoast.com\/wordpress\/plugins\/seo\/ -->\n<title>TAN EXQUISITO COMO EXITOSO EL &quot;LOCRO DEL 25&quot; DEL JARDIN DE INFANTES 901 (Notas y videos) - CELTTV<\/title>\n<meta name=\"description\" content=\"Sitio web de noticias de la localidad de Tornquist, provincia de Buenos Aires, Rep\u00fablica Argentina. Contenido propio originado por periodistas de CELTTV, el canal de TV local de la Cooperativa El\u00e9ctrica de Tornquist. Turismo, Pol\u00edtica, Sociedad, Deporte, Cultura y todo el contenido de inter\u00e9s general que la gente del pueblo y la regi\u00f3n debe conocer.\" \/>\n<meta name=\"robots\" content=\"index, follow, max-snippet:-1, max-image-preview:large, max-video-preview:-1\" \/>\n<link rel=\"canonical\" href=\"https:\/\/www.celttv.com.ar\/index.php\/2014\/05\/28\/tan-exquisito-como-exitoso-el-locro-del-25-del-jardin-de-infantes-901-notas-y-videos\/\" \/>\n<meta property=\"og:locale\" content=\"es_ES\" \/>\n<meta property=\"og:type\" content=\"article\" \/>\n<meta property=\"og:title\" content=\"TAN EXQUISITO COMO EXITOSO EL &quot;LOCRO DEL 25&quot; DEL JARDIN DE INFANTES 901 (Notas y videos) - CELTTV\" \/>\n<meta property=\"og:description\" content=\"Sitio web de noticias de la localidad de Tornquist, provincia de Buenos Aires, Rep\u00fablica Argentina. Contenido propio originado por periodistas de CELTTV, el canal de TV local de la Cooperativa El\u00e9ctrica de Tornquist. Turismo, Pol\u00edtica, Sociedad, Deporte, Cultura y todo el contenido de inter\u00e9s general que la gente del pueblo y la regi\u00f3n debe conocer.\" \/>\n<meta property=\"og:url\" content=\"https:\/\/www.celttv.com.ar\/index.php\/2014\/05\/28\/tan-exquisito-como-exitoso-el-locro-del-25-del-jardin-de-infantes-901-notas-y-videos\/\" \/>\n<meta property=\"og:site_name\" content=\"CELTTV\" \/>\n<meta property=\"article:publisher\" content=\"https:\/\/www.facebook.com\/celtTV\/\" \/>\n<meta property=\"article:published_time\" content=\"2014-05-28T15:47:36+00:00\" \/>\n<meta name=\"author\" content=\"ulises\" \/>\n<meta name=\"twitter:card\" content=\"summary_large_image\" \/>\n<meta name=\"twitter:label1\" content=\"Escrito por\" \/>\n\t<meta name=\"twitter:data1\" content=\"ulises\" \/>\n\t<meta name=\"twitter:label2\" content=\"Tiempo de lectura\" \/>\n\t<meta name=\"twitter:data2\" content=\"1 minuto\" \/>\n<script type=\"application\/ld+json\" class=\"yoast-schema-graph\">{\"@context\":\"https:\/\/schema.org\",\"@graph\":[{\"@type\":\"NewsArticle\",\"@id\":\"https:\/\/www.celttv.com.ar\/index.php\/2014\/05\/28\/tan-exquisito-como-exitoso-el-locro-del-25-del-jardin-de-infantes-901-notas-y-videos\/#article\",\"isPartOf\":{\"@id\":\"https:\/\/www.celttv.com.ar\/index.php\/2014\/05\/28\/tan-exquisito-como-exitoso-el-locro-del-25-del-jardin-de-infantes-901-notas-y-videos\/\"},\"author\":{\"name\":\"ulises\",\"@id\":\"https:\/\/www.celttv.com.ar\/#\/schema\/person\/6d99c072dba59953809c81446e9d0ace\"},\"headline\":\"TAN EXQUISITO COMO EXITOSO EL &#8220;LOCRO DEL 25&#8221; DEL JARDIN DE INFANTES 901 (Notas y videos)\",\"datePublished\":\"2014-05-28T15:47:36+00:00\",\"dateModified\":\"2014-05-28T15:47:36+00:00\",\"mainEntityOfPage\":{\"@id\":\"https:\/\/www.celttv.com.ar\/index.php\/2014\/05\/28\/tan-exquisito-como-exitoso-el-locro-del-25-del-jardin-de-infantes-901-notas-y-videos\/\"},\"wordCount\":134,\"publisher\":{\"@id\":\"https:\/\/www.celttv.com.ar\/#organization\"},\"articleSection\":[\"Comunidad\",\"Destacadas\",\"Espect\u00e1culos\",\"Videos Destacados\"],\"inLanguage\":\"es\"},{\"@type\":\"WebPage\",\"@id\":\"https:\/\/www.celttv.com.ar\/index.php\/2014\/05\/28\/tan-exquisito-como-exitoso-el-locro-del-25-del-jardin-de-infantes-901-notas-y-videos\/\",\"url\":\"https:\/\/www.celttv.com.ar\/index.php\/2014\/05\/28\/tan-exquisito-como-exitoso-el-locro-del-25-del-jardin-de-infantes-901-notas-y-videos\/\",\"name\":\"TAN EXQUISITO COMO EXITOSO EL \\\"LOCRO DEL 25\\\" DEL JARDIN DE INFANTES 901 (Notas y videos) - CELTTV\",\"isPartOf\":{\"@id\":\"https:\/\/www.celttv.com.ar\/#website\"},\"datePublished\":\"2014-05-28T15:47:36+00:00\",\"dateModified\":\"2014-05-28T15:47:36+00:00\",\"description\":\"Sitio web de noticias de la localidad de Tornquist, provincia de Buenos Aires, Rep\u00fablica Argentina. Contenido propio originado por periodistas de CELTTV, el canal de TV local de la Cooperativa El\u00e9ctrica de Tornquist. Turismo, Pol\u00edtica, Sociedad, Deporte, Cultura y todo el contenido de inter\u00e9s general que la gente del pueblo y la regi\u00f3n debe conocer.\",\"breadcrumb\":{\"@id\":\"https:\/\/www.celttv.com.ar\/index.php\/2014\/05\/28\/tan-exquisito-como-exitoso-el-locro-del-25-del-jardin-de-infantes-901-notas-y-videos\/#breadcrumb\"},\"inLanguage\":\"es\",\"potentialAction\":[{\"@type\":\"ReadAction\",\"target\":[\"https:\/\/www.celttv.com.ar\/index.php\/2014\/05\/28\/tan-exquisito-como-exitoso-el-locro-del-25-del-jardin-de-infantes-901-notas-y-videos\/\"]}]},{\"@type\":\"BreadcrumbList\",\"@id\":\"https:\/\/www.celttv.com.ar\/index.php\/2014\/05\/28\/tan-exquisito-como-exitoso-el-locro-del-25-del-jardin-de-infantes-901-notas-y-videos\/#breadcrumb\",\"itemListElement\":[{\"@type\":\"ListItem\",\"position\":1,\"name\":\"Inicio\",\"item\":\"https:\/\/www.celttv.com.ar\/\"},{\"@type\":\"ListItem\",\"position\":2,\"name\":\"TAN EXQUISITO COMO EXITOSO EL &#8220;LOCRO DEL 25&#8221; DEL JARDIN DE INFANTES 901 (Notas y videos)\"}]},{\"@type\":\"WebSite\",\"@id\":\"https:\/\/www.celttv.com.ar\/#website\",\"url\":\"https:\/\/www.celttv.com.ar\/\",\"name\":\"CELTTV\",\"description\":\"Cooperativa El\u00e9ctrica de Tornquist\",\"publisher\":{\"@id\":\"https:\/\/www.celttv.com.ar\/#organization\"},\"potentialAction\":[{\"@type\":\"SearchAction\",\"target\":{\"@type\":\"EntryPoint\",\"urlTemplate\":\"https:\/\/www.celttv.com.ar\/?s={search_term_string}\"},\"query-input\":\"required name=search_term_string\"}],\"inLanguage\":\"es\"},{\"@type\":\"Organization\",\"@id\":\"https:\/\/www.celttv.com.ar\/#organization\",\"name\":\"CELTTV\",\"url\":\"https:\/\/www.celttv.com.ar\/\",\"sameAs\":[\"https:\/\/www.youtube.com\/channel\/UCz_oIt8Hig64Ub-EmcNPIhg\",\"https:\/\/www.facebook.com\/celtTV\/\"],\"logo\":{\"@type\":\"ImageObject\",\"inLanguage\":\"es\",\"@id\":\"https:\/\/www.celttv.com.ar\/#\/schema\/logo\/image\/\",\"url\":\"http:\/\/www.celttv.com.ar\/wp-content\/uploads\/2022\/08\/logo-1.png\",\"contentUrl\":\"http:\/\/www.celttv.com.ar\/wp-content\/uploads\/2022\/08\/logo-1.png\",\"width\":461,\"height\":159,\"caption\":\"CELTTV\"},\"image\":{\"@id\":\"https:\/\/www.celttv.com.ar\/#\/schema\/logo\/image\/\"}},{\"@type\":\"Person\",\"@id\":\"https:\/\/www.celttv.com.ar\/#\/schema\/person\/6d99c072dba59953809c81446e9d0ace\",\"name\":\"ulises\",\"image\":{\"@type\":\"ImageObject\",\"inLanguage\":\"es\",\"@id\":\"https:\/\/www.celttv.com.ar\/#\/schema\/person\/image\/\",\"url\":\"https:\/\/secure.gravatar.com\/avatar\/7f2c48bdc33b30088f941fb6082e555f2874c98e20cb159d7b92b50eadfce793?s=96&d=mm&r=g\",\"contentUrl\":\"https:\/\/secure.gravatar.com\/avatar\/7f2c48bdc33b30088f941fb6082e555f2874c98e20cb159d7b92b50eadfce793?s=96&d=mm&r=g\",\"caption\":\"ulises\"},\"sameAs\":[\"http:\/\/www.celttv.com.ar\"]}]}<\/script>\n<!-- \/ Yoast SEO plugin. -->","yoast_head_json":{"title":"TAN EXQUISITO COMO EXITOSO EL \"LOCRO DEL 25\" DEL JARDIN DE INFANTES 901 (Notas y videos) - CELTTV","description":"Sitio web de noticias de la localidad de Tornquist, provincia de Buenos Aires, Rep\u00fablica Argentina. Contenido propio originado por periodistas de CELTTV, el canal de TV local de la Cooperativa El\u00e9ctrica de Tornquist. Turismo, Pol\u00edtica, Sociedad, Deporte, Cultura y todo el contenido de inter\u00e9s general que la gente del pueblo y la regi\u00f3n debe conocer.","robots":{"index":"index","follow":"follow","max-snippet":"max-snippet:-1","max-image-preview":"max-image-preview:large","max-video-preview":"max-video-preview:-1"},"canonical":"https:\/\/www.celttv.com.ar\/index.php\/2014\/05\/28\/tan-exquisito-como-exitoso-el-locro-del-25-del-jardin-de-infantes-901-notas-y-videos\/","og_locale":"es_ES","og_type":"article","og_title":"TAN EXQUISITO COMO EXITOSO EL \"LOCRO DEL 25\" DEL JARDIN DE INFANTES 901 (Notas y videos) - CELTTV","og_description":"Sitio web de noticias de la localidad de Tornquist, provincia de Buenos Aires, Rep\u00fablica Argentina. Contenido propio originado por periodistas de CELTTV, el canal de TV local de la Cooperativa El\u00e9ctrica de Tornquist. Turismo, Pol\u00edtica, Sociedad, Deporte, Cultura y todo el contenido de inter\u00e9s general que la gente del pueblo y la regi\u00f3n debe conocer.","og_url":"https:\/\/www.celttv.com.ar\/index.php\/2014\/05\/28\/tan-exquisito-como-exitoso-el-locro-del-25-del-jardin-de-infantes-901-notas-y-videos\/","og_site_name":"CELTTV","article_publisher":"https:\/\/www.facebook.com\/celtTV\/","article_published_time":"2014-05-28T15:47:36+00:00","author":"ulises","twitter_card":"summary_large_image","twitter_misc":{"Escrito por":"ulises","Tiempo de lectura":"1 minuto"},"schema":{"@context":"https:\/\/schema.org","@graph":[{"@type":"NewsArticle","@id":"https:\/\/www.celttv.com.ar\/index.php\/2014\/05\/28\/tan-exquisito-como-exitoso-el-locro-del-25-del-jardin-de-infantes-901-notas-y-videos\/#article","isPartOf":{"@id":"https:\/\/www.celttv.com.ar\/index.php\/2014\/05\/28\/tan-exquisito-como-exitoso-el-locro-del-25-del-jardin-de-infantes-901-notas-y-videos\/"},"author":{"name":"ulises","@id":"https:\/\/www.celttv.com.ar\/#\/schema\/person\/6d99c072dba59953809c81446e9d0ace"},"headline":"TAN EXQUISITO COMO EXITOSO EL &#8220;LOCRO DEL 25&#8221; DEL JARDIN DE INFANTES 901 (Notas y videos)","datePublished":"2014-05-28T15:47:36+00:00","dateModified":"2014-05-28T15:47:36+00:00","mainEntityOfPage":{"@id":"https:\/\/www.celttv.com.ar\/index.php\/2014\/05\/28\/tan-exquisito-como-exitoso-el-locro-del-25-del-jardin-de-infantes-901-notas-y-videos\/"},"wordCount":134,"publisher":{"@id":"https:\/\/www.celttv.com.ar\/#organization"},"articleSection":["Comunidad","Destacadas","Espect\u00e1culos","Videos Destacados"],"inLanguage":"es"},{"@type":"WebPage","@id":"https:\/\/www.celttv.com.ar\/index.php\/2014\/05\/28\/tan-exquisito-como-exitoso-el-locro-del-25-del-jardin-de-infantes-901-notas-y-videos\/","url":"https:\/\/www.celttv.com.ar\/index.php\/2014\/05\/28\/tan-exquisito-como-exitoso-el-locro-del-25-del-jardin-de-infantes-901-notas-y-videos\/","name":"TAN EXQUISITO COMO EXITOSO EL \"LOCRO DEL 25\" DEL JARDIN DE INFANTES 901 (Notas y videos) - CELTTV","isPartOf":{"@id":"https:\/\/www.celttv.com.ar\/#website"},"datePublished":"2014-05-28T15:47:36+00:00","dateModified":"2014-05-28T15:47:36+00:00","description":"Sitio web de noticias de la localidad de Tornquist, provincia de Buenos Aires, Rep\u00fablica Argentina. Contenido propio originado por periodistas de CELTTV, el canal de TV local de la Cooperativa El\u00e9ctrica de Tornquist. Turismo, Pol\u00edtica, Sociedad, Deporte, Cultura y todo el contenido de inter\u00e9s general que la gente del pueblo y la regi\u00f3n debe conocer.","breadcrumb":{"@id":"https:\/\/www.celttv.com.ar\/index.php\/2014\/05\/28\/tan-exquisito-como-exitoso-el-locro-del-25-del-jardin-de-infantes-901-notas-y-videos\/#breadcrumb"},"inLanguage":"es","potentialAction":[{"@type":"ReadAction","target":["https:\/\/www.celttv.com.ar\/index.php\/2014\/05\/28\/tan-exquisito-como-exitoso-el-locro-del-25-del-jardin-de-infantes-901-notas-y-videos\/"]}]},{"@type":"BreadcrumbList","@id":"https:\/\/www.celttv.com.ar\/index.php\/2014\/05\/28\/tan-exquisito-como-exitoso-el-locro-del-25-del-jardin-de-infantes-901-notas-y-videos\/#breadcrumb","itemListElement":[{"@type":"ListItem","position":1,"name":"Inicio","item":"https:\/\/www.celttv.com.ar\/"},{"@type":"ListItem","position":2,"name":"TAN EXQUISITO COMO EXITOSO EL &#8220;LOCRO DEL 25&#8221; DEL JARDIN DE INFANTES 901 (Notas y videos)"}]},{"@type":"WebSite","@id":"https:\/\/www.celttv.com.ar\/#website","url":"https:\/\/www.celttv.com.ar\/","name":"CELTTV","description":"Cooperativa El\u00e9ctrica de Tornquist","publisher":{"@id":"https:\/\/www.celttv.com.ar\/#organization"},"potentialAction":[{"@type":"SearchAction","target":{"@type":"EntryPoint","urlTemplate":"https:\/\/www.celttv.com.ar\/?s={search_term_string}"},"query-input":"required name=search_term_string"}],"inLanguage":"es"},{"@type":"Organization","@id":"https:\/\/www.celttv.com.ar\/#organization","name":"CELTTV","url":"https:\/\/www.celttv.com.ar\/","sameAs":["https:\/\/www.youtube.com\/channel\/UCz_oIt8Hig64Ub-EmcNPIhg","https:\/\/www.facebook.com\/celtTV\/"],"logo":{"@type":"ImageObject","inLanguage":"es","@id":"https:\/\/www.celttv.com.ar\/#\/schema\/logo\/image\/","url":"http:\/\/www.celttv.com.ar\/wp-content\/uploads\/2022\/08\/logo-1.png","contentUrl":"http:\/\/www.celttv.com.ar\/wp-content\/uploads\/2022\/08\/logo-1.png","width":461,"height":159,"caption":"CELTTV"},"image":{"@id":"https:\/\/www.celttv.com.ar\/#\/schema\/logo\/image\/"}},{"@type":"Person","@id":"https:\/\/www.celttv.com.ar\/#\/schema\/person\/6d99c072dba59953809c81446e9d0ace","name":"ulises","image":{"@type":"ImageObject","inLanguage":"es","@id":"https:\/\/www.celttv.com.ar\/#\/schema\/person\/image\/","url":"https:\/\/secure.gravatar.com\/avatar\/7f2c48bdc33b30088f941fb6082e555f2874c98e20cb159d7b92b50eadfce793?s=96&d=mm&r=g","contentUrl":"https:\/\/secure.gravatar.com\/avatar\/7f2c48bdc33b30088f941fb6082e555f2874c98e20cb159d7b92b50eadfce793?s=96&d=mm&r=g","caption":"ulises"},"sameAs":["http:\/\/www.celttv.com.ar"]}]}},"_links":{"self":[{"href":"https:\/\/www.celttv.com.ar\/index.php\/wp-json\/wp\/v2\/posts\/20664","targetHints":{"allow":["GET"]}}],"collection":[{"href":"https:\/\/www.celttv.com.ar\/index.php\/wp-json\/wp\/v2\/posts"}],"about":[{"href":"https:\/\/www.celttv.com.ar\/index.php\/wp-json\/wp\/v2\/types\/post"}],"author":[{"embeddable":true,"href":"https:\/\/www.celttv.com.ar\/index.php\/wp-json\/wp\/v2\/users\/1"}],"replies":[{"embeddable":true,"href":"https:\/\/www.celttv.com.ar\/index.php\/wp-json\/wp\/v2\/comments?post=20664"}],"version-history":[{"count":0,"href":"https:\/\/www.celttv.com.ar\/index.php\/wp-json\/wp\/v2\/posts\/20664\/revisions"}],"wp:attachment":[{"href":"https:\/\/www.celttv.com.ar\/index.php\/wp-json\/wp\/v2\/media?parent=20664"}],"wp:term":[{"taxonomy":"category","embeddable":true,"href":"https:\/\/www.celttv.com.ar\/index.php\/wp-json\/wp\/v2\/categories?post=20664"},{"taxonomy":"post_tag","embeddable":true,"href":"https:\/\/www.celttv.com.ar\/index.php\/wp-json\/wp\/v2\/tags?post=20664"}],"curies":[{"name":"wp","href":"https:\/\/api.w.org\/{rel}","templated":true}]}}