{"id":20667,"date":"2014-05-28T16:37:47","date_gmt":"2014-05-28T16:37:47","guid":{"rendered":"http:\/\/www.tvcnoticias.com.ar\/?p=20667"},"modified":"2014-05-28T16:37:47","modified_gmt":"2014-05-28T16:37:47","slug":"la-armada-presento-su-oferta-educativa","status":"publish","type":"post","link":"https:\/\/www.celttv.com.ar\/index.php\/2014\/05\/28\/la-armada-presento-su-oferta-educativa\/","title":{"rendered":"LA ARMADA PRESENTO SU OFERTA EDUCATIVA"},"content":{"rendered":"<p><a rel=\"attachment wp-att-20670\" href=\"http:\/\/www.tvcnoticias.com.ar\/?attachment_id=20670\"><img loading=\"lazy\" decoding=\"async\" class=\"aligncenter size-medium wp-image-20670\" title=\"DSCN4394 (1280x960) (Small)\" src=\"http:\/\/www.tvcnoticias.com.ar\/wp-content\/uploads\/2014\/05\/DSCN4394-1280x960-Small-450x337.jpg\" alt=\"\" width=\"450\" height=\"337\" \/><\/a><br \/>\nUna charla para presentar la oferta educativa de la Armada Argentina, destinada a j\u00f3venes que tengan aprobado el nivel secundario o se encuentren cursando el \u00faltimo a\u00f1o, realiz\u00f3 personal de la mencionada fuerza, entre ellos el director de la Escuela de Suboficiales de la Armada Argentina (ESSA), Capit\u00e1n de Nav\u00edo Jos\u00e9 Miguel Urrutia.<br \/>\nLa cita se realiz\u00f3 en el Teatro Municipal \u201cRodolfo Funke\u201d, con la participaci\u00f3n de alumnos de los dos \u00faltimos a\u00f1os de las diferentes entidades educativas secundarias de la ciudad cabecera.<br \/>\nLos miembros de la Armada, entre ellos el ya mencionado y responsables del \u00e1rea de incorporaci\u00f3n zonal, Suboficial Primero C\u00e9sar Hugo Ram\u00edrez, Suboficial Primero Mart\u00edn Horacio Tello y el Suboficial Segundo An\u00edbal Albera, mantuvieron una reuni\u00f3n con el intendente municipal, licenciado Gustavo Trankels. Tambi\u00e9n participaron alumnos de la ESSA, quienes contaron su experiencia personal.<br \/>\nTrankels destac\u00f3 la iniciativa que est\u00e1 llevando adelante la Armada y le agradeci\u00f3 a Urrutia, su equipo de trabajo y el ministro de Defensa, Agust\u00edn Rossi, por acercarse con propuestas para los j\u00f3venes de nuestro distrito.<br \/>\n\u201cEste es un plan que estamos haciendo puertas afuera en las ciudades aleda\u00f1as a la Base Puerto Belgrano, donde se encuentra la Escuela de Suboficiales, para transmitirle los objetivos del establecimiento, que es la puerta de entrada a una carrera muy interesante. Es un establecimiento moderno, que est\u00e1 mucho m\u00e1s en contacto con la flota de mar, la aviaci\u00f3n naval y la Infanter\u00eda de Marina\u201d, coment\u00f3 Urrutia.<br \/>\n\u201cLa carrera le permite a los j\u00f3venes entrar a cursar una tecnicatura superior, en 55 diferentes especialidades, que van desde mec\u00e1nico aeron\u00e1utico, pasando por m\u00fasico, secretario y armas submarinas, hasta mec\u00e1nicos y motoristas. Aparte del gran nivel que tiene y de lograr una tecnicatura en dos a\u00f1os, tiene salida inmediata laboral, porque se reciben como cabos de la Armada\u201d, asegur\u00f3.<br \/>\nUrrutia indic\u00f3, adem\u00e1s, que las inscripciones se recepcionar\u00e1n hasta el 4 de octubre. Los interesados deber\u00e1n rendir un examen de ingreso a fines de ese mes y cumplir con los ex\u00e1menes f\u00edsicos en el mes febrero.<br \/>\n\u201cUna vez en la escuela recibir\u00e1n un sueldo de 3.600 pesos por mes mientras estudia\u201d, cont\u00f3.<br \/>\nLa convocatoria se extiende a profesionales que posean T\u00edtulo Universitario, como ingenieros, m\u00e9dicos, abogados, contadores p\u00fablicos, licenciados o enfermeros profesionales, para incorporarse como oficiales, con el grado de Teniente de Fragata, para desarrollar actividades exclusivamente en el \u00e1mbito de su especialidad.<br \/>\nIncluso, para aquellos que posean escolaridad primaria completa y sean mayores de 18 a\u00f1os de edad, y como l\u00edmite m\u00e1ximo 24 a\u00f1os, se pueden incorporen al Servicio Militar Voluntario.<br \/>\nPara mayor informaci\u00f3n, se deber\u00e1n dirigir a la Delegaci\u00f3n Naval Bah\u00eda Blanca, ubicada en Sarmiento 20 de la vecina ciudad, o bien llamar a los tel\u00e9fonos (0291) 4527567 o 154654149 o enviar un mail a\u00a0<a href=\"mailto:ingresobahiablanca@ara.mil.ar\">ingresobahiablanca@ara.mil.ar<\/a><br \/>\n&nbsp;<br \/>\n&nbsp;<\/p>\n","protected":false},"excerpt":{"rendered":"<p>Una charla para presentar la oferta educativa de la Armada Argentina, destinada a j\u00f3venes que tengan aprobado el nivel secundario o se encuentren cursando el \u00faltimo a\u00f1o, realiz\u00f3 personal de la mencionada fuerza, entre ellos el director de la Escuela de Suboficiales de la Armada Argentina (ESSA), Capit\u00e1n de Nav\u00edo Jos\u00e9 Miguel Urrutia. La cita [&hellip;]<\/p>\n","protected":false},"author":1,"featured_media":0,"comment_status":"closed","ping_status":"open","sticky":false,"template":"","format":"standard","meta":{"footnotes":""},"categories":[51,52,53],"tags":[],"class_list":["post-20667","post","type-post","status-publish","format-standard","hentry","category-comunidad","category-destacadas","category-politica"],"yoast_head":"<!-- This site is optimized with the Yoast SEO plugin v19.7.1 - https:\/\/yoast.com\/wordpress\/plugins\/seo\/ -->\n<title>LA ARMADA PRESENTO SU OFERTA EDUCATIVA - CELTTV<\/title>\n<meta name=\"description\" content=\"Sitio web de noticias de la localidad de Tornquist, provincia de Buenos Aires, Rep\u00fablica Argentina. Contenido propio originado por periodistas de CELTTV, el canal de TV local de la Cooperativa El\u00e9ctrica de Tornquist. Turismo, Pol\u00edtica, Sociedad, Deporte, Cultura y todo el contenido de inter\u00e9s general que la gente del pueblo y la regi\u00f3n debe conocer.\" \/>\n<meta name=\"robots\" content=\"index, follow, max-snippet:-1, max-image-preview:large, max-video-preview:-1\" \/>\n<link rel=\"canonical\" href=\"https:\/\/www.celttv.com.ar\/index.php\/2014\/05\/28\/la-armada-presento-su-oferta-educativa\/\" \/>\n<meta property=\"og:locale\" content=\"es_ES\" \/>\n<meta property=\"og:type\" content=\"article\" \/>\n<meta property=\"og:title\" content=\"LA ARMADA PRESENTO SU OFERTA EDUCATIVA - CELTTV\" \/>\n<meta property=\"og:description\" content=\"Sitio web de noticias de la localidad de Tornquist, provincia de Buenos Aires, Rep\u00fablica Argentina. Contenido propio originado por periodistas de CELTTV, el canal de TV local de la Cooperativa El\u00e9ctrica de Tornquist. Turismo, Pol\u00edtica, Sociedad, Deporte, Cultura y todo el contenido de inter\u00e9s general que la gente del pueblo y la regi\u00f3n debe conocer.\" \/>\n<meta property=\"og:url\" content=\"https:\/\/www.celttv.com.ar\/index.php\/2014\/05\/28\/la-armada-presento-su-oferta-educativa\/\" \/>\n<meta property=\"og:site_name\" content=\"CELTTV\" \/>\n<meta property=\"article:publisher\" content=\"https:\/\/www.facebook.com\/celtTV\/\" \/>\n<meta property=\"article:published_time\" content=\"2014-05-28T16:37:47+00:00\" \/>\n<meta property=\"og:image\" content=\"http:\/\/www.tvcnoticias.com.ar\/wp-content\/uploads\/2014\/05\/DSCN4394-1280x960-Small-450x337.jpg\" \/>\n<meta name=\"author\" content=\"ulises\" \/>\n<meta name=\"twitter:card\" content=\"summary_large_image\" \/>\n<meta name=\"twitter:label1\" content=\"Escrito por\" \/>\n\t<meta name=\"twitter:data1\" content=\"ulises\" \/>\n\t<meta name=\"twitter:label2\" content=\"Tiempo de lectura\" \/>\n\t<meta name=\"twitter:data2\" content=\"3 minutos\" \/>\n<script type=\"application\/ld+json\" class=\"yoast-schema-graph\">{\"@context\":\"https:\/\/schema.org\",\"@graph\":[{\"@type\":\"NewsArticle\",\"@id\":\"https:\/\/www.celttv.com.ar\/index.php\/2014\/05\/28\/la-armada-presento-su-oferta-educativa\/#article\",\"isPartOf\":{\"@id\":\"https:\/\/www.celttv.com.ar\/index.php\/2014\/05\/28\/la-armada-presento-su-oferta-educativa\/\"},\"author\":{\"name\":\"ulises\",\"@id\":\"https:\/\/www.celttv.com.ar\/#\/schema\/person\/6d99c072dba59953809c81446e9d0ace\"},\"headline\":\"LA ARMADA PRESENTO SU OFERTA EDUCATIVA\",\"datePublished\":\"2014-05-28T16:37:47+00:00\",\"dateModified\":\"2014-05-28T16:37:47+00:00\",\"mainEntityOfPage\":{\"@id\":\"https:\/\/www.celttv.com.ar\/index.php\/2014\/05\/28\/la-armada-presento-su-oferta-educativa\/\"},\"wordCount\":507,\"publisher\":{\"@id\":\"https:\/\/www.celttv.com.ar\/#organization\"},\"articleSection\":[\"Comunidad\",\"Destacadas\",\"Pol\u00edtica\"],\"inLanguage\":\"es\"},{\"@type\":\"WebPage\",\"@id\":\"https:\/\/www.celttv.com.ar\/index.php\/2014\/05\/28\/la-armada-presento-su-oferta-educativa\/\",\"url\":\"https:\/\/www.celttv.com.ar\/index.php\/2014\/05\/28\/la-armada-presento-su-oferta-educativa\/\",\"name\":\"LA ARMADA PRESENTO SU OFERTA EDUCATIVA - CELTTV\",\"isPartOf\":{\"@id\":\"https:\/\/www.celttv.com.ar\/#website\"},\"datePublished\":\"2014-05-28T16:37:47+00:00\",\"dateModified\":\"2014-05-28T16:37:47+00:00\",\"description\":\"Sitio web de noticias de la localidad de Tornquist, provincia de Buenos Aires, Rep\u00fablica Argentina. Contenido propio originado por periodistas de CELTTV, el canal de TV local de la Cooperativa El\u00e9ctrica de Tornquist. Turismo, Pol\u00edtica, Sociedad, Deporte, Cultura y todo el contenido de inter\u00e9s general que la gente del pueblo y la regi\u00f3n debe conocer.\",\"breadcrumb\":{\"@id\":\"https:\/\/www.celttv.com.ar\/index.php\/2014\/05\/28\/la-armada-presento-su-oferta-educativa\/#breadcrumb\"},\"inLanguage\":\"es\",\"potentialAction\":[{\"@type\":\"ReadAction\",\"target\":[\"https:\/\/www.celttv.com.ar\/index.php\/2014\/05\/28\/la-armada-presento-su-oferta-educativa\/\"]}]},{\"@type\":\"BreadcrumbList\",\"@id\":\"https:\/\/www.celttv.com.ar\/index.php\/2014\/05\/28\/la-armada-presento-su-oferta-educativa\/#breadcrumb\",\"itemListElement\":[{\"@type\":\"ListItem\",\"position\":1,\"name\":\"Inicio\",\"item\":\"https:\/\/www.celttv.com.ar\/\"},{\"@type\":\"ListItem\",\"position\":2,\"name\":\"LA ARMADA PRESENTO SU OFERTA EDUCATIVA\"}]},{\"@type\":\"WebSite\",\"@id\":\"https:\/\/www.celttv.com.ar\/#website\",\"url\":\"https:\/\/www.celttv.com.ar\/\",\"name\":\"CELTTV\",\"description\":\"Cooperativa El\u00e9ctrica de Tornquist\",\"publisher\":{\"@id\":\"https:\/\/www.celttv.com.ar\/#organization\"},\"potentialAction\":[{\"@type\":\"SearchAction\",\"target\":{\"@type\":\"EntryPoint\",\"urlTemplate\":\"https:\/\/www.celttv.com.ar\/?s={search_term_string}\"},\"query-input\":\"required name=search_term_string\"}],\"inLanguage\":\"es\"},{\"@type\":\"Organization\",\"@id\":\"https:\/\/www.celttv.com.ar\/#organization\",\"name\":\"CELTTV\",\"url\":\"https:\/\/www.celttv.com.ar\/\",\"sameAs\":[\"https:\/\/www.youtube.com\/channel\/UCz_oIt8Hig64Ub-EmcNPIhg\",\"https:\/\/www.facebook.com\/celtTV\/\"],\"logo\":{\"@type\":\"ImageObject\",\"inLanguage\":\"es\",\"@id\":\"https:\/\/www.celttv.com.ar\/#\/schema\/logo\/image\/\",\"url\":\"http:\/\/www.celttv.com.ar\/wp-content\/uploads\/2022\/08\/logo-1.png\",\"contentUrl\":\"http:\/\/www.celttv.com.ar\/wp-content\/uploads\/2022\/08\/logo-1.png\",\"width\":461,\"height\":159,\"caption\":\"CELTTV\"},\"image\":{\"@id\":\"https:\/\/www.celttv.com.ar\/#\/schema\/logo\/image\/\"}},{\"@type\":\"Person\",\"@id\":\"https:\/\/www.celttv.com.ar\/#\/schema\/person\/6d99c072dba59953809c81446e9d0ace\",\"name\":\"ulises\",\"image\":{\"@type\":\"ImageObject\",\"inLanguage\":\"es\",\"@id\":\"https:\/\/www.celttv.com.ar\/#\/schema\/person\/image\/\",\"url\":\"https:\/\/secure.gravatar.com\/avatar\/7f2c48bdc33b30088f941fb6082e555f2874c98e20cb159d7b92b50eadfce793?s=96&d=mm&r=g\",\"contentUrl\":\"https:\/\/secure.gravatar.com\/avatar\/7f2c48bdc33b30088f941fb6082e555f2874c98e20cb159d7b92b50eadfce793?s=96&d=mm&r=g\",\"caption\":\"ulises\"},\"sameAs\":[\"http:\/\/www.celttv.com.ar\"]}]}<\/script>\n<!-- \/ Yoast SEO plugin. -->","yoast_head_json":{"title":"LA ARMADA PRESENTO SU OFERTA EDUCATIVA - CELTTV","description":"Sitio web de noticias de la localidad de Tornquist, provincia de Buenos Aires, Rep\u00fablica Argentina. Contenido propio originado por periodistas de CELTTV, el canal de TV local de la Cooperativa El\u00e9ctrica de Tornquist. Turismo, Pol\u00edtica, Sociedad, Deporte, Cultura y todo el contenido de inter\u00e9s general que la gente del pueblo y la regi\u00f3n debe conocer.","robots":{"index":"index","follow":"follow","max-snippet":"max-snippet:-1","max-image-preview":"max-image-preview:large","max-video-preview":"max-video-preview:-1"},"canonical":"https:\/\/www.celttv.com.ar\/index.php\/2014\/05\/28\/la-armada-presento-su-oferta-educativa\/","og_locale":"es_ES","og_type":"article","og_title":"LA ARMADA PRESENTO SU OFERTA EDUCATIVA - CELTTV","og_description":"Sitio web de noticias de la localidad de Tornquist, provincia de Buenos Aires, Rep\u00fablica Argentina. Contenido propio originado por periodistas de CELTTV, el canal de TV local de la Cooperativa El\u00e9ctrica de Tornquist. Turismo, Pol\u00edtica, Sociedad, Deporte, Cultura y todo el contenido de inter\u00e9s general que la gente del pueblo y la regi\u00f3n debe conocer.","og_url":"https:\/\/www.celttv.com.ar\/index.php\/2014\/05\/28\/la-armada-presento-su-oferta-educativa\/","og_site_name":"CELTTV","article_publisher":"https:\/\/www.facebook.com\/celtTV\/","article_published_time":"2014-05-28T16:37:47+00:00","og_image":[{"url":"http:\/\/www.tvcnoticias.com.ar\/wp-content\/uploads\/2014\/05\/DSCN4394-1280x960-Small-450x337.jpg"}],"author":"ulises","twitter_card":"summary_large_image","twitter_misc":{"Escrito por":"ulises","Tiempo de lectura":"3 minutos"},"schema":{"@context":"https:\/\/schema.org","@graph":[{"@type":"NewsArticle","@id":"https:\/\/www.celttv.com.ar\/index.php\/2014\/05\/28\/la-armada-presento-su-oferta-educativa\/#article","isPartOf":{"@id":"https:\/\/www.celttv.com.ar\/index.php\/2014\/05\/28\/la-armada-presento-su-oferta-educativa\/"},"author":{"name":"ulises","@id":"https:\/\/www.celttv.com.ar\/#\/schema\/person\/6d99c072dba59953809c81446e9d0ace"},"headline":"LA ARMADA PRESENTO SU OFERTA EDUCATIVA","datePublished":"2014-05-28T16:37:47+00:00","dateModified":"2014-05-28T16:37:47+00:00","mainEntityOfPage":{"@id":"https:\/\/www.celttv.com.ar\/index.php\/2014\/05\/28\/la-armada-presento-su-oferta-educativa\/"},"wordCount":507,"publisher":{"@id":"https:\/\/www.celttv.com.ar\/#organization"},"articleSection":["Comunidad","Destacadas","Pol\u00edtica"],"inLanguage":"es"},{"@type":"WebPage","@id":"https:\/\/www.celttv.com.ar\/index.php\/2014\/05\/28\/la-armada-presento-su-oferta-educativa\/","url":"https:\/\/www.celttv.com.ar\/index.php\/2014\/05\/28\/la-armada-presento-su-oferta-educativa\/","name":"LA ARMADA PRESENTO SU OFERTA EDUCATIVA - CELTTV","isPartOf":{"@id":"https:\/\/www.celttv.com.ar\/#website"},"datePublished":"2014-05-28T16:37:47+00:00","dateModified":"2014-05-28T16:37:47+00:00","description":"Sitio web de noticias de la localidad de Tornquist, provincia de Buenos Aires, Rep\u00fablica Argentina. Contenido propio originado por periodistas de CELTTV, el canal de TV local de la Cooperativa El\u00e9ctrica de Tornquist. Turismo, Pol\u00edtica, Sociedad, Deporte, Cultura y todo el contenido de inter\u00e9s general que la gente del pueblo y la regi\u00f3n debe conocer.","breadcrumb":{"@id":"https:\/\/www.celttv.com.ar\/index.php\/2014\/05\/28\/la-armada-presento-su-oferta-educativa\/#breadcrumb"},"inLanguage":"es","potentialAction":[{"@type":"ReadAction","target":["https:\/\/www.celttv.com.ar\/index.php\/2014\/05\/28\/la-armada-presento-su-oferta-educativa\/"]}]},{"@type":"BreadcrumbList","@id":"https:\/\/www.celttv.com.ar\/index.php\/2014\/05\/28\/la-armada-presento-su-oferta-educativa\/#breadcrumb","itemListElement":[{"@type":"ListItem","position":1,"name":"Inicio","item":"https:\/\/www.celttv.com.ar\/"},{"@type":"ListItem","position":2,"name":"LA ARMADA PRESENTO SU OFERTA EDUCATIVA"}]},{"@type":"WebSite","@id":"https:\/\/www.celttv.com.ar\/#website","url":"https:\/\/www.celttv.com.ar\/","name":"CELTTV","description":"Cooperativa El\u00e9ctrica de Tornquist","publisher":{"@id":"https:\/\/www.celttv.com.ar\/#organization"},"potentialAction":[{"@type":"SearchAction","target":{"@type":"EntryPoint","urlTemplate":"https:\/\/www.celttv.com.ar\/?s={search_term_string}"},"query-input":"required name=search_term_string"}],"inLanguage":"es"},{"@type":"Organization","@id":"https:\/\/www.celttv.com.ar\/#organization","name":"CELTTV","url":"https:\/\/www.celttv.com.ar\/","sameAs":["https:\/\/www.youtube.com\/channel\/UCz_oIt8Hig64Ub-EmcNPIhg","https:\/\/www.facebook.com\/celtTV\/"],"logo":{"@type":"ImageObject","inLanguage":"es","@id":"https:\/\/www.celttv.com.ar\/#\/schema\/logo\/image\/","url":"http:\/\/www.celttv.com.ar\/wp-content\/uploads\/2022\/08\/logo-1.png","contentUrl":"http:\/\/www.celttv.com.ar\/wp-content\/uploads\/2022\/08\/logo-1.png","width":461,"height":159,"caption":"CELTTV"},"image":{"@id":"https:\/\/www.celttv.com.ar\/#\/schema\/logo\/image\/"}},{"@type":"Person","@id":"https:\/\/www.celttv.com.ar\/#\/schema\/person\/6d99c072dba59953809c81446e9d0ace","name":"ulises","image":{"@type":"ImageObject","inLanguage":"es","@id":"https:\/\/www.celttv.com.ar\/#\/schema\/person\/image\/","url":"https:\/\/secure.gravatar.com\/avatar\/7f2c48bdc33b30088f941fb6082e555f2874c98e20cb159d7b92b50eadfce793?s=96&d=mm&r=g","contentUrl":"https:\/\/secure.gravatar.com\/avatar\/7f2c48bdc33b30088f941fb6082e555f2874c98e20cb159d7b92b50eadfce793?s=96&d=mm&r=g","caption":"ulises"},"sameAs":["http:\/\/www.celttv.com.ar"]}]}},"_links":{"self":[{"href":"https:\/\/www.celttv.com.ar\/index.php\/wp-json\/wp\/v2\/posts\/20667","targetHints":{"allow":["GET"]}}],"collection":[{"href":"https:\/\/www.celttv.com.ar\/index.php\/wp-json\/wp\/v2\/posts"}],"about":[{"href":"https:\/\/www.celttv.com.ar\/index.php\/wp-json\/wp\/v2\/types\/post"}],"author":[{"embeddable":true,"href":"https:\/\/www.celttv.com.ar\/index.php\/wp-json\/wp\/v2\/users\/1"}],"replies":[{"embeddable":true,"href":"https:\/\/www.celttv.com.ar\/index.php\/wp-json\/wp\/v2\/comments?post=20667"}],"version-history":[{"count":0,"href":"https:\/\/www.celttv.com.ar\/index.php\/wp-json\/wp\/v2\/posts\/20667\/revisions"}],"wp:attachment":[{"href":"https:\/\/www.celttv.com.ar\/index.php\/wp-json\/wp\/v2\/media?parent=20667"}],"wp:term":[{"taxonomy":"category","embeddable":true,"href":"https:\/\/www.celttv.com.ar\/index.php\/wp-json\/wp\/v2\/categories?post=20667"},{"taxonomy":"post_tag","embeddable":true,"href":"https:\/\/www.celttv.com.ar\/index.php\/wp-json\/wp\/v2\/tags?post=20667"}],"curies":[{"name":"wp","href":"https:\/\/api.w.org\/{rel}","templated":true}]}}