{"id":20759,"date":"2014-05-31T18:37:44","date_gmt":"2014-05-31T18:37:44","guid":{"rendered":"http:\/\/www.tvcnoticias.com.ar\/?p=20759"},"modified":"2014-05-31T18:37:44","modified_gmt":"2014-05-31T18:37:44","slug":"integrantes-de-la-pena-de-san-lorenzo-padres-docentes-y-ninos-pintan-un-mural-en-el-jardin-905","status":"publish","type":"post","link":"https:\/\/www.celttv.com.ar\/index.php\/2014\/05\/31\/integrantes-de-la-pena-de-san-lorenzo-padres-docentes-y-ninos-pintan-un-mural-en-el-jardin-905\/","title":{"rendered":"INTEGRANTES DE LA PE\u00d1A DE SAN LORENZO, PADRES, DOCENTES Y NI\u00d1OS, PINTAN UN MURAL EN EL JARDIN 905"},"content":{"rendered":"<p><a href=\"https:\/\/www.youtube.com\/watch?v=UWoWMKNZupw\">httpv:\/\/www.youtube.com\/watch?v=UWoWMKNZupw<\/a><br \/>\n<a href=\"https:\/\/www.youtube.com\/watch?v=svRCXpVVb_k\">httpv:\/\/www.youtube.com\/watch?v=svRCXpVVb_k<\/a><br \/>\nUn grupo de simpatizantes de San Lorenzo de Almagro de neustra ciudad colaboraron, junto a padres, docentes y ni\u00f1os compartieron el pintado de un mural en una de las paredes laterales del Jard\u00edn de Infantes N\u00ba905 &#8220;Rosario Vera Pe\u00f1aloza&#8221;, como parte de las actividades programadas por la semana de los jardines de infantes.<br \/>\nTVCNoticias dialog\u00f3 con la directora del establecimiento y uno de los simpatizantes de San Lorenzo que contribuyeron a esta idea.<br \/>\n<\/p>\n","protected":false},"excerpt":{"rendered":"<p>httpv:\/\/www.youtube.com\/watch?v=UWoWMKNZupw httpv:\/\/www.youtube.com\/watch?v=svRCXpVVb_k Un grupo de simpatizantes de San Lorenzo de Almagro de neustra ciudad colaboraron, junto a padres, docentes y ni\u00f1os compartieron el pintado de un mural en una de las paredes laterales del Jard\u00edn de Infantes N\u00ba905 &#8220;Rosario Vera Pe\u00f1aloza&#8221;, como parte de las actividades programadas por la semana de los jardines de infantes. [&hellip;]<\/p>\n","protected":false},"author":1,"featured_media":0,"comment_status":"closed","ping_status":"open","sticky":false,"template":"","format":"standard","meta":{"footnotes":""},"categories":[51,52,64],"tags":[],"class_list":["post-20759","post","type-post","status-publish","format-standard","hentry","category-comunidad","category-destacadas","category-videos-destacados"],"yoast_head":"<!-- This site is optimized with the Yoast SEO plugin v19.7.1 - https:\/\/yoast.com\/wordpress\/plugins\/seo\/ -->\n<title>INTEGRANTES DE LA PE\u00d1A DE SAN LORENZO, PADRES, DOCENTES Y NI\u00d1OS, PINTAN UN MURAL EN EL JARDIN 905 - CELTTV<\/title>\n<meta name=\"description\" content=\"Sitio web de noticias de la localidad de Tornquist, provincia de Buenos Aires, Rep\u00fablica Argentina. Contenido propio originado por periodistas de CELTTV, el canal de TV local de la Cooperativa El\u00e9ctrica de Tornquist. Turismo, Pol\u00edtica, Sociedad, Deporte, Cultura y todo el contenido de inter\u00e9s general que la gente del pueblo y la regi\u00f3n debe conocer.\" \/>\n<meta name=\"robots\" content=\"index, follow, max-snippet:-1, max-image-preview:large, max-video-preview:-1\" \/>\n<link rel=\"canonical\" href=\"https:\/\/www.celttv.com.ar\/index.php\/2014\/05\/31\/integrantes-de-la-pena-de-san-lorenzo-padres-docentes-y-ninos-pintan-un-mural-en-el-jardin-905\/\" \/>\n<meta property=\"og:locale\" content=\"es_ES\" \/>\n<meta property=\"og:type\" content=\"article\" \/>\n<meta property=\"og:title\" content=\"INTEGRANTES DE LA PE\u00d1A DE SAN LORENZO, PADRES, DOCENTES Y NI\u00d1OS, PINTAN UN MURAL EN EL JARDIN 905 - CELTTV\" \/>\n<meta property=\"og:description\" content=\"Sitio web de noticias de la localidad de Tornquist, provincia de Buenos Aires, Rep\u00fablica Argentina. Contenido propio originado por periodistas de CELTTV, el canal de TV local de la Cooperativa El\u00e9ctrica de Tornquist. Turismo, Pol\u00edtica, Sociedad, Deporte, Cultura y todo el contenido de inter\u00e9s general que la gente del pueblo y la regi\u00f3n debe conocer.\" \/>\n<meta property=\"og:url\" content=\"https:\/\/www.celttv.com.ar\/index.php\/2014\/05\/31\/integrantes-de-la-pena-de-san-lorenzo-padres-docentes-y-ninos-pintan-un-mural-en-el-jardin-905\/\" \/>\n<meta property=\"og:site_name\" content=\"CELTTV\" \/>\n<meta property=\"article:publisher\" content=\"https:\/\/www.facebook.com\/celtTV\/\" \/>\n<meta property=\"article:published_time\" content=\"2014-05-31T18:37:44+00:00\" \/>\n<meta name=\"author\" content=\"ulises\" \/>\n<meta name=\"twitter:card\" content=\"summary_large_image\" \/>\n<meta name=\"twitter:label1\" content=\"Escrito por\" \/>\n\t<meta name=\"twitter:data1\" content=\"ulises\" \/>\n<script type=\"application\/ld+json\" class=\"yoast-schema-graph\">{\"@context\":\"https:\/\/schema.org\",\"@graph\":[{\"@type\":\"NewsArticle\",\"@id\":\"https:\/\/www.celttv.com.ar\/index.php\/2014\/05\/31\/integrantes-de-la-pena-de-san-lorenzo-padres-docentes-y-ninos-pintan-un-mural-en-el-jardin-905\/#article\",\"isPartOf\":{\"@id\":\"https:\/\/www.celttv.com.ar\/index.php\/2014\/05\/31\/integrantes-de-la-pena-de-san-lorenzo-padres-docentes-y-ninos-pintan-un-mural-en-el-jardin-905\/\"},\"author\":{\"name\":\"ulises\",\"@id\":\"https:\/\/www.celttv.com.ar\/#\/schema\/person\/6d99c072dba59953809c81446e9d0ace\"},\"headline\":\"INTEGRANTES DE LA PE\u00d1A DE SAN LORENZO, PADRES, DOCENTES Y NI\u00d1OS, PINTAN UN MURAL EN EL JARDIN 905\",\"datePublished\":\"2014-05-31T18:37:44+00:00\",\"dateModified\":\"2014-05-31T18:37:44+00:00\",\"mainEntityOfPage\":{\"@id\":\"https:\/\/www.celttv.com.ar\/index.php\/2014\/05\/31\/integrantes-de-la-pena-de-san-lorenzo-padres-docentes-y-ninos-pintan-un-mural-en-el-jardin-905\/\"},\"wordCount\":114,\"publisher\":{\"@id\":\"https:\/\/www.celttv.com.ar\/#organization\"},\"articleSection\":[\"Comunidad\",\"Destacadas\",\"Videos Destacados\"],\"inLanguage\":\"es\"},{\"@type\":\"WebPage\",\"@id\":\"https:\/\/www.celttv.com.ar\/index.php\/2014\/05\/31\/integrantes-de-la-pena-de-san-lorenzo-padres-docentes-y-ninos-pintan-un-mural-en-el-jardin-905\/\",\"url\":\"https:\/\/www.celttv.com.ar\/index.php\/2014\/05\/31\/integrantes-de-la-pena-de-san-lorenzo-padres-docentes-y-ninos-pintan-un-mural-en-el-jardin-905\/\",\"name\":\"INTEGRANTES DE LA PE\u00d1A DE SAN LORENZO, PADRES, DOCENTES Y NI\u00d1OS, PINTAN UN MURAL EN EL JARDIN 905 - CELTTV\",\"isPartOf\":{\"@id\":\"https:\/\/www.celttv.com.ar\/#website\"},\"datePublished\":\"2014-05-31T18:37:44+00:00\",\"dateModified\":\"2014-05-31T18:37:44+00:00\",\"description\":\"Sitio web de noticias de la localidad de Tornquist, provincia de Buenos Aires, Rep\u00fablica Argentina. Contenido propio originado por periodistas de CELTTV, el canal de TV local de la Cooperativa El\u00e9ctrica de Tornquist. Turismo, Pol\u00edtica, Sociedad, Deporte, Cultura y todo el contenido de inter\u00e9s general que la gente del pueblo y la regi\u00f3n debe conocer.\",\"breadcrumb\":{\"@id\":\"https:\/\/www.celttv.com.ar\/index.php\/2014\/05\/31\/integrantes-de-la-pena-de-san-lorenzo-padres-docentes-y-ninos-pintan-un-mural-en-el-jardin-905\/#breadcrumb\"},\"inLanguage\":\"es\",\"potentialAction\":[{\"@type\":\"ReadAction\",\"target\":[\"https:\/\/www.celttv.com.ar\/index.php\/2014\/05\/31\/integrantes-de-la-pena-de-san-lorenzo-padres-docentes-y-ninos-pintan-un-mural-en-el-jardin-905\/\"]}]},{\"@type\":\"BreadcrumbList\",\"@id\":\"https:\/\/www.celttv.com.ar\/index.php\/2014\/05\/31\/integrantes-de-la-pena-de-san-lorenzo-padres-docentes-y-ninos-pintan-un-mural-en-el-jardin-905\/#breadcrumb\",\"itemListElement\":[{\"@type\":\"ListItem\",\"position\":1,\"name\":\"Inicio\",\"item\":\"https:\/\/www.celttv.com.ar\/\"},{\"@type\":\"ListItem\",\"position\":2,\"name\":\"INTEGRANTES DE LA PE\u00d1A DE SAN LORENZO, PADRES, DOCENTES Y NI\u00d1OS, PINTAN UN MURAL EN EL JARDIN 905\"}]},{\"@type\":\"WebSite\",\"@id\":\"https:\/\/www.celttv.com.ar\/#website\",\"url\":\"https:\/\/www.celttv.com.ar\/\",\"name\":\"CELTTV\",\"description\":\"Cooperativa El\u00e9ctrica de Tornquist\",\"publisher\":{\"@id\":\"https:\/\/www.celttv.com.ar\/#organization\"},\"potentialAction\":[{\"@type\":\"SearchAction\",\"target\":{\"@type\":\"EntryPoint\",\"urlTemplate\":\"https:\/\/www.celttv.com.ar\/?s={search_term_string}\"},\"query-input\":\"required name=search_term_string\"}],\"inLanguage\":\"es\"},{\"@type\":\"Organization\",\"@id\":\"https:\/\/www.celttv.com.ar\/#organization\",\"name\":\"CELTTV\",\"url\":\"https:\/\/www.celttv.com.ar\/\",\"sameAs\":[\"https:\/\/www.youtube.com\/channel\/UCz_oIt8Hig64Ub-EmcNPIhg\",\"https:\/\/www.facebook.com\/celtTV\/\"],\"logo\":{\"@type\":\"ImageObject\",\"inLanguage\":\"es\",\"@id\":\"https:\/\/www.celttv.com.ar\/#\/schema\/logo\/image\/\",\"url\":\"http:\/\/www.celttv.com.ar\/wp-content\/uploads\/2022\/08\/logo-1.png\",\"contentUrl\":\"http:\/\/www.celttv.com.ar\/wp-content\/uploads\/2022\/08\/logo-1.png\",\"width\":461,\"height\":159,\"caption\":\"CELTTV\"},\"image\":{\"@id\":\"https:\/\/www.celttv.com.ar\/#\/schema\/logo\/image\/\"}},{\"@type\":\"Person\",\"@id\":\"https:\/\/www.celttv.com.ar\/#\/schema\/person\/6d99c072dba59953809c81446e9d0ace\",\"name\":\"ulises\",\"image\":{\"@type\":\"ImageObject\",\"inLanguage\":\"es\",\"@id\":\"https:\/\/www.celttv.com.ar\/#\/schema\/person\/image\/\",\"url\":\"https:\/\/secure.gravatar.com\/avatar\/7f2c48bdc33b30088f941fb6082e555f2874c98e20cb159d7b92b50eadfce793?s=96&d=mm&r=g\",\"contentUrl\":\"https:\/\/secure.gravatar.com\/avatar\/7f2c48bdc33b30088f941fb6082e555f2874c98e20cb159d7b92b50eadfce793?s=96&d=mm&r=g\",\"caption\":\"ulises\"},\"sameAs\":[\"http:\/\/www.celttv.com.ar\"]}]}<\/script>\n<!-- \/ Yoast SEO plugin. -->","yoast_head_json":{"title":"INTEGRANTES DE LA PE\u00d1A DE SAN LORENZO, PADRES, DOCENTES Y NI\u00d1OS, PINTAN UN MURAL EN EL JARDIN 905 - CELTTV","description":"Sitio web de noticias de la localidad de Tornquist, provincia de Buenos Aires, Rep\u00fablica Argentina. Contenido propio originado por periodistas de CELTTV, el canal de TV local de la Cooperativa El\u00e9ctrica de Tornquist. Turismo, Pol\u00edtica, Sociedad, Deporte, Cultura y todo el contenido de inter\u00e9s general que la gente del pueblo y la regi\u00f3n debe conocer.","robots":{"index":"index","follow":"follow","max-snippet":"max-snippet:-1","max-image-preview":"max-image-preview:large","max-video-preview":"max-video-preview:-1"},"canonical":"https:\/\/www.celttv.com.ar\/index.php\/2014\/05\/31\/integrantes-de-la-pena-de-san-lorenzo-padres-docentes-y-ninos-pintan-un-mural-en-el-jardin-905\/","og_locale":"es_ES","og_type":"article","og_title":"INTEGRANTES DE LA PE\u00d1A DE SAN LORENZO, PADRES, DOCENTES Y NI\u00d1OS, PINTAN UN MURAL EN EL JARDIN 905 - CELTTV","og_description":"Sitio web de noticias de la localidad de Tornquist, provincia de Buenos Aires, Rep\u00fablica Argentina. Contenido propio originado por periodistas de CELTTV, el canal de TV local de la Cooperativa El\u00e9ctrica de Tornquist. Turismo, Pol\u00edtica, Sociedad, Deporte, Cultura y todo el contenido de inter\u00e9s general que la gente del pueblo y la regi\u00f3n debe conocer.","og_url":"https:\/\/www.celttv.com.ar\/index.php\/2014\/05\/31\/integrantes-de-la-pena-de-san-lorenzo-padres-docentes-y-ninos-pintan-un-mural-en-el-jardin-905\/","og_site_name":"CELTTV","article_publisher":"https:\/\/www.facebook.com\/celtTV\/","article_published_time":"2014-05-31T18:37:44+00:00","author":"ulises","twitter_card":"summary_large_image","twitter_misc":{"Escrito por":"ulises"},"schema":{"@context":"https:\/\/schema.org","@graph":[{"@type":"NewsArticle","@id":"https:\/\/www.celttv.com.ar\/index.php\/2014\/05\/31\/integrantes-de-la-pena-de-san-lorenzo-padres-docentes-y-ninos-pintan-un-mural-en-el-jardin-905\/#article","isPartOf":{"@id":"https:\/\/www.celttv.com.ar\/index.php\/2014\/05\/31\/integrantes-de-la-pena-de-san-lorenzo-padres-docentes-y-ninos-pintan-un-mural-en-el-jardin-905\/"},"author":{"name":"ulises","@id":"https:\/\/www.celttv.com.ar\/#\/schema\/person\/6d99c072dba59953809c81446e9d0ace"},"headline":"INTEGRANTES DE LA PE\u00d1A DE SAN LORENZO, PADRES, DOCENTES Y NI\u00d1OS, PINTAN UN MURAL EN EL JARDIN 905","datePublished":"2014-05-31T18:37:44+00:00","dateModified":"2014-05-31T18:37:44+00:00","mainEntityOfPage":{"@id":"https:\/\/www.celttv.com.ar\/index.php\/2014\/05\/31\/integrantes-de-la-pena-de-san-lorenzo-padres-docentes-y-ninos-pintan-un-mural-en-el-jardin-905\/"},"wordCount":114,"publisher":{"@id":"https:\/\/www.celttv.com.ar\/#organization"},"articleSection":["Comunidad","Destacadas","Videos Destacados"],"inLanguage":"es"},{"@type":"WebPage","@id":"https:\/\/www.celttv.com.ar\/index.php\/2014\/05\/31\/integrantes-de-la-pena-de-san-lorenzo-padres-docentes-y-ninos-pintan-un-mural-en-el-jardin-905\/","url":"https:\/\/www.celttv.com.ar\/index.php\/2014\/05\/31\/integrantes-de-la-pena-de-san-lorenzo-padres-docentes-y-ninos-pintan-un-mural-en-el-jardin-905\/","name":"INTEGRANTES DE LA PE\u00d1A DE SAN LORENZO, PADRES, DOCENTES Y NI\u00d1OS, PINTAN UN MURAL EN EL JARDIN 905 - CELTTV","isPartOf":{"@id":"https:\/\/www.celttv.com.ar\/#website"},"datePublished":"2014-05-31T18:37:44+00:00","dateModified":"2014-05-31T18:37:44+00:00","description":"Sitio web de noticias de la localidad de Tornquist, provincia de Buenos Aires, Rep\u00fablica Argentina. Contenido propio originado por periodistas de CELTTV, el canal de TV local de la Cooperativa El\u00e9ctrica de Tornquist. Turismo, Pol\u00edtica, Sociedad, Deporte, Cultura y todo el contenido de inter\u00e9s general que la gente del pueblo y la regi\u00f3n debe conocer.","breadcrumb":{"@id":"https:\/\/www.celttv.com.ar\/index.php\/2014\/05\/31\/integrantes-de-la-pena-de-san-lorenzo-padres-docentes-y-ninos-pintan-un-mural-en-el-jardin-905\/#breadcrumb"},"inLanguage":"es","potentialAction":[{"@type":"ReadAction","target":["https:\/\/www.celttv.com.ar\/index.php\/2014\/05\/31\/integrantes-de-la-pena-de-san-lorenzo-padres-docentes-y-ninos-pintan-un-mural-en-el-jardin-905\/"]}]},{"@type":"BreadcrumbList","@id":"https:\/\/www.celttv.com.ar\/index.php\/2014\/05\/31\/integrantes-de-la-pena-de-san-lorenzo-padres-docentes-y-ninos-pintan-un-mural-en-el-jardin-905\/#breadcrumb","itemListElement":[{"@type":"ListItem","position":1,"name":"Inicio","item":"https:\/\/www.celttv.com.ar\/"},{"@type":"ListItem","position":2,"name":"INTEGRANTES DE LA PE\u00d1A DE SAN LORENZO, PADRES, DOCENTES Y NI\u00d1OS, PINTAN UN MURAL EN EL JARDIN 905"}]},{"@type":"WebSite","@id":"https:\/\/www.celttv.com.ar\/#website","url":"https:\/\/www.celttv.com.ar\/","name":"CELTTV","description":"Cooperativa El\u00e9ctrica de Tornquist","publisher":{"@id":"https:\/\/www.celttv.com.ar\/#organization"},"potentialAction":[{"@type":"SearchAction","target":{"@type":"EntryPoint","urlTemplate":"https:\/\/www.celttv.com.ar\/?s={search_term_string}"},"query-input":"required name=search_term_string"}],"inLanguage":"es"},{"@type":"Organization","@id":"https:\/\/www.celttv.com.ar\/#organization","name":"CELTTV","url":"https:\/\/www.celttv.com.ar\/","sameAs":["https:\/\/www.youtube.com\/channel\/UCz_oIt8Hig64Ub-EmcNPIhg","https:\/\/www.facebook.com\/celtTV\/"],"logo":{"@type":"ImageObject","inLanguage":"es","@id":"https:\/\/www.celttv.com.ar\/#\/schema\/logo\/image\/","url":"http:\/\/www.celttv.com.ar\/wp-content\/uploads\/2022\/08\/logo-1.png","contentUrl":"http:\/\/www.celttv.com.ar\/wp-content\/uploads\/2022\/08\/logo-1.png","width":461,"height":159,"caption":"CELTTV"},"image":{"@id":"https:\/\/www.celttv.com.ar\/#\/schema\/logo\/image\/"}},{"@type":"Person","@id":"https:\/\/www.celttv.com.ar\/#\/schema\/person\/6d99c072dba59953809c81446e9d0ace","name":"ulises","image":{"@type":"ImageObject","inLanguage":"es","@id":"https:\/\/www.celttv.com.ar\/#\/schema\/person\/image\/","url":"https:\/\/secure.gravatar.com\/avatar\/7f2c48bdc33b30088f941fb6082e555f2874c98e20cb159d7b92b50eadfce793?s=96&d=mm&r=g","contentUrl":"https:\/\/secure.gravatar.com\/avatar\/7f2c48bdc33b30088f941fb6082e555f2874c98e20cb159d7b92b50eadfce793?s=96&d=mm&r=g","caption":"ulises"},"sameAs":["http:\/\/www.celttv.com.ar"]}]}},"_links":{"self":[{"href":"https:\/\/www.celttv.com.ar\/index.php\/wp-json\/wp\/v2\/posts\/20759","targetHints":{"allow":["GET"]}}],"collection":[{"href":"https:\/\/www.celttv.com.ar\/index.php\/wp-json\/wp\/v2\/posts"}],"about":[{"href":"https:\/\/www.celttv.com.ar\/index.php\/wp-json\/wp\/v2\/types\/post"}],"author":[{"embeddable":true,"href":"https:\/\/www.celttv.com.ar\/index.php\/wp-json\/wp\/v2\/users\/1"}],"replies":[{"embeddable":true,"href":"https:\/\/www.celttv.com.ar\/index.php\/wp-json\/wp\/v2\/comments?post=20759"}],"version-history":[{"count":0,"href":"https:\/\/www.celttv.com.ar\/index.php\/wp-json\/wp\/v2\/posts\/20759\/revisions"}],"wp:attachment":[{"href":"https:\/\/www.celttv.com.ar\/index.php\/wp-json\/wp\/v2\/media?parent=20759"}],"wp:term":[{"taxonomy":"category","embeddable":true,"href":"https:\/\/www.celttv.com.ar\/index.php\/wp-json\/wp\/v2\/categories?post=20759"},{"taxonomy":"post_tag","embeddable":true,"href":"https:\/\/www.celttv.com.ar\/index.php\/wp-json\/wp\/v2\/tags?post=20759"}],"curies":[{"name":"wp","href":"https:\/\/api.w.org\/{rel}","templated":true}]}}