{"id":20783,"date":"2014-06-02T02:16:06","date_gmt":"2014-06-02T02:16:06","guid":{"rendered":"http:\/\/www.tvcnoticias.com.ar\/?p=20783"},"modified":"2014-06-02T02:16:06","modified_gmt":"2014-06-02T02:16:06","slug":"dia-del-bombero-la-exposicion-de-integrantes-de-la-escuela-de-cadetes-raul-toto-cartuccia-videoentrevistas","status":"publish","type":"post","link":"https:\/\/www.celttv.com.ar\/index.php\/2014\/06\/02\/dia-del-bombero-la-exposicion-de-integrantes-de-la-escuela-de-cadetes-raul-toto-cartuccia-videoentrevistas\/","title":{"rendered":"DIA DEL BOMBERO: LA EXPOSICION DE INTEGRANTES DE LA ESCUELA DE CADETES RAUL &#8220;TOTO&#8221; CARTUCCIA (videoentrevistas)"},"content":{"rendered":"<p><a href=\"https:\/\/www.youtube.com\/watch?v=5lY7x-Ep8Q4\">httpv:\/\/www.youtube.com\/watch?v=5lY7x-Ep8Q4<\/a><br \/>\n<a href=\"https:\/\/www.youtube.com\/watch?v=vTtaI1J-RdY\">httpv:\/\/www.youtube.com\/watch?v=vTtaI1J-RdY<\/a><br \/>\n<a href=\"https:\/\/www.youtube.com\/watch?v=N3vbBOCREwM\">httpv:\/\/www.youtube.com\/watch?v=N3vbBOCREwM<\/a><br \/>\nEl 2 de junio de\u00a0<a title=\"1884\" href=\"http:\/\/es.wikipedia.org\/wiki\/1884\">1884<\/a> se cre\u00f3 el \u00abSociedad Italiana de Bomberos Voluntarios de La Boca\u00bb, en\u00a0<a title=\"Buenos Aires\" href=\"http:\/\/es.wikipedia.org\/wiki\/Buenos_Aires\">Buenos Aires<\/a>, bajo el lema\u00a0<em>Querer es poder<\/em>, cuyo impulsor y primer presidente fue Tomas Liberti.<br \/>\nDe all\u00ed la fecha en que se conmemora el D\u00eda del Bombero Voluntario en la Argentina. Precisamente este a\u00f1o se cumplen 130 a\u00f1os de aquel hist\u00f3rico momento.<br \/>\nLa \u00a0Escuela de Cadetes Ra\u00fal \u201cToto\u201d Cartuccia, conmemorando el d\u00eda del Bombero Voluntario , realiz\u00f3 una exposici\u00f3n de trabajos referidos al cuartel y a su actividad bomberil, los mismos fueron confeccionados por los propios cadetes con la supervisi\u00f3n de sus encargados de nivel.<br \/>\nLos chicos brindaron una detallada explicaci\u00f3n sobre cada una de las actividades que el bombero se encuentra apto para realizar en funci\u00f3n de \u00a0los aprendizajes adquiridos desde que se inicia como cadete.<br \/>\nDesde la indumentaria apropiada para cada situaci\u00f3n, pasando por los elementos del equipo de buceo, las m\u00e1scaras de respiraci\u00f3n asistida, la t\u00e9cnica del RCP. y los elementos utilizados en la parte accidentol\u00f3gica, como as\u00ed tambi\u00e9n todo lo utilizado por los servidores p\u00fablicos ante los incendios forestales.<br \/>\nLos j\u00f3venes mostraron a las distintas delegaciones escolares y vecinos que se acercaron, los amplios conocimientos adquiridos y su formaci\u00f3n como bomberos, esperando ansiosamente el momento de poder \u201csubir al autobomba\u201d y desplegar todos los conocimientos adquiridos.<br \/>\n&nbsp;<\/p>\n","protected":false},"excerpt":{"rendered":"<p>httpv:\/\/www.youtube.com\/watch?v=5lY7x-Ep8Q4 httpv:\/\/www.youtube.com\/watch?v=vTtaI1J-RdY httpv:\/\/www.youtube.com\/watch?v=N3vbBOCREwM El 2 de junio de\u00a01884 se cre\u00f3 el \u00abSociedad Italiana de Bomberos Voluntarios de La Boca\u00bb, en\u00a0Buenos Aires, bajo el lema\u00a0Querer es poder, cuyo impulsor y primer presidente fue Tomas Liberti. De all\u00ed la fecha en que se conmemora el D\u00eda del Bombero Voluntario en la Argentina. Precisamente este a\u00f1o se cumplen [&hellip;]<\/p>\n","protected":false},"author":1,"featured_media":0,"comment_status":"closed","ping_status":"open","sticky":false,"template":"","format":"standard","meta":{"footnotes":""},"categories":[51,52,64],"tags":[],"class_list":["post-20783","post","type-post","status-publish","format-standard","hentry","category-comunidad","category-destacadas","category-videos-destacados"],"yoast_head":"<!-- This site is optimized with the Yoast SEO plugin v19.7.1 - https:\/\/yoast.com\/wordpress\/plugins\/seo\/ -->\n<title>DIA DEL BOMBERO: LA EXPOSICION DE INTEGRANTES DE LA ESCUELA DE CADETES RAUL &quot;TOTO&quot; CARTUCCIA (videoentrevistas) - CELTTV<\/title>\n<meta name=\"description\" content=\"Sitio web de noticias de la localidad de Tornquist, provincia de Buenos Aires, Rep\u00fablica Argentina. Contenido propio originado por periodistas de CELTTV, el canal de TV local de la Cooperativa El\u00e9ctrica de Tornquist. Turismo, Pol\u00edtica, Sociedad, Deporte, Cultura y todo el contenido de inter\u00e9s general que la gente del pueblo y la regi\u00f3n debe conocer.\" \/>\n<meta name=\"robots\" content=\"index, follow, max-snippet:-1, max-image-preview:large, max-video-preview:-1\" \/>\n<link rel=\"canonical\" href=\"https:\/\/www.celttv.com.ar\/index.php\/2014\/06\/02\/dia-del-bombero-la-exposicion-de-integrantes-de-la-escuela-de-cadetes-raul-toto-cartuccia-videoentrevistas\/\" \/>\n<meta property=\"og:locale\" content=\"es_ES\" \/>\n<meta property=\"og:type\" content=\"article\" \/>\n<meta property=\"og:title\" content=\"DIA DEL BOMBERO: LA EXPOSICION DE INTEGRANTES DE LA ESCUELA DE CADETES RAUL &quot;TOTO&quot; CARTUCCIA (videoentrevistas) - CELTTV\" \/>\n<meta property=\"og:description\" content=\"Sitio web de noticias de la localidad de Tornquist, provincia de Buenos Aires, Rep\u00fablica Argentina. Contenido propio originado por periodistas de CELTTV, el canal de TV local de la Cooperativa El\u00e9ctrica de Tornquist. Turismo, Pol\u00edtica, Sociedad, Deporte, Cultura y todo el contenido de inter\u00e9s general que la gente del pueblo y la regi\u00f3n debe conocer.\" \/>\n<meta property=\"og:url\" content=\"https:\/\/www.celttv.com.ar\/index.php\/2014\/06\/02\/dia-del-bombero-la-exposicion-de-integrantes-de-la-escuela-de-cadetes-raul-toto-cartuccia-videoentrevistas\/\" \/>\n<meta property=\"og:site_name\" content=\"CELTTV\" \/>\n<meta property=\"article:publisher\" content=\"https:\/\/www.facebook.com\/celtTV\/\" \/>\n<meta property=\"article:published_time\" content=\"2014-06-02T02:16:06+00:00\" \/>\n<meta name=\"author\" content=\"ulises\" \/>\n<meta name=\"twitter:card\" content=\"summary_large_image\" \/>\n<meta name=\"twitter:label1\" content=\"Escrito por\" \/>\n\t<meta name=\"twitter:data1\" content=\"ulises\" \/>\n\t<meta name=\"twitter:label2\" content=\"Tiempo de lectura\" \/>\n\t<meta name=\"twitter:data2\" content=\"1 minuto\" \/>\n<script type=\"application\/ld+json\" class=\"yoast-schema-graph\">{\"@context\":\"https:\/\/schema.org\",\"@graph\":[{\"@type\":\"NewsArticle\",\"@id\":\"https:\/\/www.celttv.com.ar\/index.php\/2014\/06\/02\/dia-del-bombero-la-exposicion-de-integrantes-de-la-escuela-de-cadetes-raul-toto-cartuccia-videoentrevistas\/#article\",\"isPartOf\":{\"@id\":\"https:\/\/www.celttv.com.ar\/index.php\/2014\/06\/02\/dia-del-bombero-la-exposicion-de-integrantes-de-la-escuela-de-cadetes-raul-toto-cartuccia-videoentrevistas\/\"},\"author\":{\"name\":\"ulises\",\"@id\":\"https:\/\/www.celttv.com.ar\/#\/schema\/person\/6d99c072dba59953809c81446e9d0ace\"},\"headline\":\"DIA DEL BOMBERO: LA EXPOSICION DE INTEGRANTES DE LA ESCUELA DE CADETES RAUL &#8220;TOTO&#8221; CARTUCCIA (videoentrevistas)\",\"datePublished\":\"2014-06-02T02:16:06+00:00\",\"dateModified\":\"2014-06-02T02:16:06+00:00\",\"mainEntityOfPage\":{\"@id\":\"https:\/\/www.celttv.com.ar\/index.php\/2014\/06\/02\/dia-del-bombero-la-exposicion-de-integrantes-de-la-escuela-de-cadetes-raul-toto-cartuccia-videoentrevistas\/\"},\"wordCount\":276,\"publisher\":{\"@id\":\"https:\/\/www.celttv.com.ar\/#organization\"},\"articleSection\":[\"Comunidad\",\"Destacadas\",\"Videos Destacados\"],\"inLanguage\":\"es\"},{\"@type\":\"WebPage\",\"@id\":\"https:\/\/www.celttv.com.ar\/index.php\/2014\/06\/02\/dia-del-bombero-la-exposicion-de-integrantes-de-la-escuela-de-cadetes-raul-toto-cartuccia-videoentrevistas\/\",\"url\":\"https:\/\/www.celttv.com.ar\/index.php\/2014\/06\/02\/dia-del-bombero-la-exposicion-de-integrantes-de-la-escuela-de-cadetes-raul-toto-cartuccia-videoentrevistas\/\",\"name\":\"DIA DEL BOMBERO: LA EXPOSICION DE INTEGRANTES DE LA ESCUELA DE CADETES RAUL \\\"TOTO\\\" CARTUCCIA (videoentrevistas) - CELTTV\",\"isPartOf\":{\"@id\":\"https:\/\/www.celttv.com.ar\/#website\"},\"datePublished\":\"2014-06-02T02:16:06+00:00\",\"dateModified\":\"2014-06-02T02:16:06+00:00\",\"description\":\"Sitio web de noticias de la localidad de Tornquist, provincia de Buenos Aires, Rep\u00fablica Argentina. Contenido propio originado por periodistas de CELTTV, el canal de TV local de la Cooperativa El\u00e9ctrica de Tornquist. Turismo, Pol\u00edtica, Sociedad, Deporte, Cultura y todo el contenido de inter\u00e9s general que la gente del pueblo y la regi\u00f3n debe conocer.\",\"breadcrumb\":{\"@id\":\"https:\/\/www.celttv.com.ar\/index.php\/2014\/06\/02\/dia-del-bombero-la-exposicion-de-integrantes-de-la-escuela-de-cadetes-raul-toto-cartuccia-videoentrevistas\/#breadcrumb\"},\"inLanguage\":\"es\",\"potentialAction\":[{\"@type\":\"ReadAction\",\"target\":[\"https:\/\/www.celttv.com.ar\/index.php\/2014\/06\/02\/dia-del-bombero-la-exposicion-de-integrantes-de-la-escuela-de-cadetes-raul-toto-cartuccia-videoentrevistas\/\"]}]},{\"@type\":\"BreadcrumbList\",\"@id\":\"https:\/\/www.celttv.com.ar\/index.php\/2014\/06\/02\/dia-del-bombero-la-exposicion-de-integrantes-de-la-escuela-de-cadetes-raul-toto-cartuccia-videoentrevistas\/#breadcrumb\",\"itemListElement\":[{\"@type\":\"ListItem\",\"position\":1,\"name\":\"Inicio\",\"item\":\"https:\/\/www.celttv.com.ar\/\"},{\"@type\":\"ListItem\",\"position\":2,\"name\":\"DIA DEL BOMBERO: LA EXPOSICION DE INTEGRANTES DE LA ESCUELA DE CADETES RAUL &#8220;TOTO&#8221; CARTUCCIA (videoentrevistas)\"}]},{\"@type\":\"WebSite\",\"@id\":\"https:\/\/www.celttv.com.ar\/#website\",\"url\":\"https:\/\/www.celttv.com.ar\/\",\"name\":\"CELTTV\",\"description\":\"Cooperativa El\u00e9ctrica de Tornquist\",\"publisher\":{\"@id\":\"https:\/\/www.celttv.com.ar\/#organization\"},\"potentialAction\":[{\"@type\":\"SearchAction\",\"target\":{\"@type\":\"EntryPoint\",\"urlTemplate\":\"https:\/\/www.celttv.com.ar\/?s={search_term_string}\"},\"query-input\":\"required name=search_term_string\"}],\"inLanguage\":\"es\"},{\"@type\":\"Organization\",\"@id\":\"https:\/\/www.celttv.com.ar\/#organization\",\"name\":\"CELTTV\",\"url\":\"https:\/\/www.celttv.com.ar\/\",\"sameAs\":[\"https:\/\/www.youtube.com\/channel\/UCz_oIt8Hig64Ub-EmcNPIhg\",\"https:\/\/www.facebook.com\/celtTV\/\"],\"logo\":{\"@type\":\"ImageObject\",\"inLanguage\":\"es\",\"@id\":\"https:\/\/www.celttv.com.ar\/#\/schema\/logo\/image\/\",\"url\":\"http:\/\/www.celttv.com.ar\/wp-content\/uploads\/2022\/08\/logo-1.png\",\"contentUrl\":\"http:\/\/www.celttv.com.ar\/wp-content\/uploads\/2022\/08\/logo-1.png\",\"width\":461,\"height\":159,\"caption\":\"CELTTV\"},\"image\":{\"@id\":\"https:\/\/www.celttv.com.ar\/#\/schema\/logo\/image\/\"}},{\"@type\":\"Person\",\"@id\":\"https:\/\/www.celttv.com.ar\/#\/schema\/person\/6d99c072dba59953809c81446e9d0ace\",\"name\":\"ulises\",\"image\":{\"@type\":\"ImageObject\",\"inLanguage\":\"es\",\"@id\":\"https:\/\/www.celttv.com.ar\/#\/schema\/person\/image\/\",\"url\":\"https:\/\/secure.gravatar.com\/avatar\/7f2c48bdc33b30088f941fb6082e555f2874c98e20cb159d7b92b50eadfce793?s=96&d=mm&r=g\",\"contentUrl\":\"https:\/\/secure.gravatar.com\/avatar\/7f2c48bdc33b30088f941fb6082e555f2874c98e20cb159d7b92b50eadfce793?s=96&d=mm&r=g\",\"caption\":\"ulises\"},\"sameAs\":[\"http:\/\/www.celttv.com.ar\"]}]}<\/script>\n<!-- \/ Yoast SEO plugin. -->","yoast_head_json":{"title":"DIA DEL BOMBERO: LA EXPOSICION DE INTEGRANTES DE LA ESCUELA DE CADETES RAUL \"TOTO\" CARTUCCIA (videoentrevistas) - CELTTV","description":"Sitio web de noticias de la localidad de Tornquist, provincia de Buenos Aires, Rep\u00fablica Argentina. Contenido propio originado por periodistas de CELTTV, el canal de TV local de la Cooperativa El\u00e9ctrica de Tornquist. Turismo, Pol\u00edtica, Sociedad, Deporte, Cultura y todo el contenido de inter\u00e9s general que la gente del pueblo y la regi\u00f3n debe conocer.","robots":{"index":"index","follow":"follow","max-snippet":"max-snippet:-1","max-image-preview":"max-image-preview:large","max-video-preview":"max-video-preview:-1"},"canonical":"https:\/\/www.celttv.com.ar\/index.php\/2014\/06\/02\/dia-del-bombero-la-exposicion-de-integrantes-de-la-escuela-de-cadetes-raul-toto-cartuccia-videoentrevistas\/","og_locale":"es_ES","og_type":"article","og_title":"DIA DEL BOMBERO: LA EXPOSICION DE INTEGRANTES DE LA ESCUELA DE CADETES RAUL \"TOTO\" CARTUCCIA (videoentrevistas) - CELTTV","og_description":"Sitio web de noticias de la localidad de Tornquist, provincia de Buenos Aires, Rep\u00fablica Argentina. Contenido propio originado por periodistas de CELTTV, el canal de TV local de la Cooperativa El\u00e9ctrica de Tornquist. Turismo, Pol\u00edtica, Sociedad, Deporte, Cultura y todo el contenido de inter\u00e9s general que la gente del pueblo y la regi\u00f3n debe conocer.","og_url":"https:\/\/www.celttv.com.ar\/index.php\/2014\/06\/02\/dia-del-bombero-la-exposicion-de-integrantes-de-la-escuela-de-cadetes-raul-toto-cartuccia-videoentrevistas\/","og_site_name":"CELTTV","article_publisher":"https:\/\/www.facebook.com\/celtTV\/","article_published_time":"2014-06-02T02:16:06+00:00","author":"ulises","twitter_card":"summary_large_image","twitter_misc":{"Escrito por":"ulises","Tiempo de lectura":"1 minuto"},"schema":{"@context":"https:\/\/schema.org","@graph":[{"@type":"NewsArticle","@id":"https:\/\/www.celttv.com.ar\/index.php\/2014\/06\/02\/dia-del-bombero-la-exposicion-de-integrantes-de-la-escuela-de-cadetes-raul-toto-cartuccia-videoentrevistas\/#article","isPartOf":{"@id":"https:\/\/www.celttv.com.ar\/index.php\/2014\/06\/02\/dia-del-bombero-la-exposicion-de-integrantes-de-la-escuela-de-cadetes-raul-toto-cartuccia-videoentrevistas\/"},"author":{"name":"ulises","@id":"https:\/\/www.celttv.com.ar\/#\/schema\/person\/6d99c072dba59953809c81446e9d0ace"},"headline":"DIA DEL BOMBERO: LA EXPOSICION DE INTEGRANTES DE LA ESCUELA DE CADETES RAUL &#8220;TOTO&#8221; CARTUCCIA (videoentrevistas)","datePublished":"2014-06-02T02:16:06+00:00","dateModified":"2014-06-02T02:16:06+00:00","mainEntityOfPage":{"@id":"https:\/\/www.celttv.com.ar\/index.php\/2014\/06\/02\/dia-del-bombero-la-exposicion-de-integrantes-de-la-escuela-de-cadetes-raul-toto-cartuccia-videoentrevistas\/"},"wordCount":276,"publisher":{"@id":"https:\/\/www.celttv.com.ar\/#organization"},"articleSection":["Comunidad","Destacadas","Videos Destacados"],"inLanguage":"es"},{"@type":"WebPage","@id":"https:\/\/www.celttv.com.ar\/index.php\/2014\/06\/02\/dia-del-bombero-la-exposicion-de-integrantes-de-la-escuela-de-cadetes-raul-toto-cartuccia-videoentrevistas\/","url":"https:\/\/www.celttv.com.ar\/index.php\/2014\/06\/02\/dia-del-bombero-la-exposicion-de-integrantes-de-la-escuela-de-cadetes-raul-toto-cartuccia-videoentrevistas\/","name":"DIA DEL BOMBERO: LA EXPOSICION DE INTEGRANTES DE LA ESCUELA DE CADETES RAUL \"TOTO\" CARTUCCIA (videoentrevistas) - CELTTV","isPartOf":{"@id":"https:\/\/www.celttv.com.ar\/#website"},"datePublished":"2014-06-02T02:16:06+00:00","dateModified":"2014-06-02T02:16:06+00:00","description":"Sitio web de noticias de la localidad de Tornquist, provincia de Buenos Aires, Rep\u00fablica Argentina. Contenido propio originado por periodistas de CELTTV, el canal de TV local de la Cooperativa El\u00e9ctrica de Tornquist. Turismo, Pol\u00edtica, Sociedad, Deporte, Cultura y todo el contenido de inter\u00e9s general que la gente del pueblo y la regi\u00f3n debe conocer.","breadcrumb":{"@id":"https:\/\/www.celttv.com.ar\/index.php\/2014\/06\/02\/dia-del-bombero-la-exposicion-de-integrantes-de-la-escuela-de-cadetes-raul-toto-cartuccia-videoentrevistas\/#breadcrumb"},"inLanguage":"es","potentialAction":[{"@type":"ReadAction","target":["https:\/\/www.celttv.com.ar\/index.php\/2014\/06\/02\/dia-del-bombero-la-exposicion-de-integrantes-de-la-escuela-de-cadetes-raul-toto-cartuccia-videoentrevistas\/"]}]},{"@type":"BreadcrumbList","@id":"https:\/\/www.celttv.com.ar\/index.php\/2014\/06\/02\/dia-del-bombero-la-exposicion-de-integrantes-de-la-escuela-de-cadetes-raul-toto-cartuccia-videoentrevistas\/#breadcrumb","itemListElement":[{"@type":"ListItem","position":1,"name":"Inicio","item":"https:\/\/www.celttv.com.ar\/"},{"@type":"ListItem","position":2,"name":"DIA DEL BOMBERO: LA EXPOSICION DE INTEGRANTES DE LA ESCUELA DE CADETES RAUL &#8220;TOTO&#8221; CARTUCCIA (videoentrevistas)"}]},{"@type":"WebSite","@id":"https:\/\/www.celttv.com.ar\/#website","url":"https:\/\/www.celttv.com.ar\/","name":"CELTTV","description":"Cooperativa El\u00e9ctrica de Tornquist","publisher":{"@id":"https:\/\/www.celttv.com.ar\/#organization"},"potentialAction":[{"@type":"SearchAction","target":{"@type":"EntryPoint","urlTemplate":"https:\/\/www.celttv.com.ar\/?s={search_term_string}"},"query-input":"required name=search_term_string"}],"inLanguage":"es"},{"@type":"Organization","@id":"https:\/\/www.celttv.com.ar\/#organization","name":"CELTTV","url":"https:\/\/www.celttv.com.ar\/","sameAs":["https:\/\/www.youtube.com\/channel\/UCz_oIt8Hig64Ub-EmcNPIhg","https:\/\/www.facebook.com\/celtTV\/"],"logo":{"@type":"ImageObject","inLanguage":"es","@id":"https:\/\/www.celttv.com.ar\/#\/schema\/logo\/image\/","url":"http:\/\/www.celttv.com.ar\/wp-content\/uploads\/2022\/08\/logo-1.png","contentUrl":"http:\/\/www.celttv.com.ar\/wp-content\/uploads\/2022\/08\/logo-1.png","width":461,"height":159,"caption":"CELTTV"},"image":{"@id":"https:\/\/www.celttv.com.ar\/#\/schema\/logo\/image\/"}},{"@type":"Person","@id":"https:\/\/www.celttv.com.ar\/#\/schema\/person\/6d99c072dba59953809c81446e9d0ace","name":"ulises","image":{"@type":"ImageObject","inLanguage":"es","@id":"https:\/\/www.celttv.com.ar\/#\/schema\/person\/image\/","url":"https:\/\/secure.gravatar.com\/avatar\/7f2c48bdc33b30088f941fb6082e555f2874c98e20cb159d7b92b50eadfce793?s=96&d=mm&r=g","contentUrl":"https:\/\/secure.gravatar.com\/avatar\/7f2c48bdc33b30088f941fb6082e555f2874c98e20cb159d7b92b50eadfce793?s=96&d=mm&r=g","caption":"ulises"},"sameAs":["http:\/\/www.celttv.com.ar"]}]}},"_links":{"self":[{"href":"https:\/\/www.celttv.com.ar\/index.php\/wp-json\/wp\/v2\/posts\/20783","targetHints":{"allow":["GET"]}}],"collection":[{"href":"https:\/\/www.celttv.com.ar\/index.php\/wp-json\/wp\/v2\/posts"}],"about":[{"href":"https:\/\/www.celttv.com.ar\/index.php\/wp-json\/wp\/v2\/types\/post"}],"author":[{"embeddable":true,"href":"https:\/\/www.celttv.com.ar\/index.php\/wp-json\/wp\/v2\/users\/1"}],"replies":[{"embeddable":true,"href":"https:\/\/www.celttv.com.ar\/index.php\/wp-json\/wp\/v2\/comments?post=20783"}],"version-history":[{"count":0,"href":"https:\/\/www.celttv.com.ar\/index.php\/wp-json\/wp\/v2\/posts\/20783\/revisions"}],"wp:attachment":[{"href":"https:\/\/www.celttv.com.ar\/index.php\/wp-json\/wp\/v2\/media?parent=20783"}],"wp:term":[{"taxonomy":"category","embeddable":true,"href":"https:\/\/www.celttv.com.ar\/index.php\/wp-json\/wp\/v2\/categories?post=20783"},{"taxonomy":"post_tag","embeddable":true,"href":"https:\/\/www.celttv.com.ar\/index.php\/wp-json\/wp\/v2\/tags?post=20783"}],"curies":[{"name":"wp","href":"https:\/\/api.w.org\/{rel}","templated":true}]}}