{"id":20786,"date":"2014-06-02T02:22:08","date_gmt":"2014-06-02T02:22:08","guid":{"rendered":"http:\/\/www.tvcnoticias.com.ar\/?p=20786"},"modified":"2014-06-02T02:22:08","modified_gmt":"2014-06-02T02:22:08","slug":"programa-de-actos-a-desarrollarse-este-lunes-en-el-cuartel-local","status":"publish","type":"post","link":"https:\/\/www.celttv.com.ar\/index.php\/2014\/06\/02\/programa-de-actos-a-desarrollarse-este-lunes-en-el-cuartel-local\/","title":{"rendered":"PROGRAMA DE ACTOS A DESARROLLARSE ESTE LUNES EN EL CUARTEL LOCAL"},"content":{"rendered":"<div><a rel=\"attachment wp-att-20787\" href=\"http:\/\/www.tvcnoticias.com.ar\/?attachment_id=20787\"><img loading=\"lazy\" decoding=\"async\" class=\"aligncenter size-medium wp-image-20787\" title=\"dia del bomeros (Medium)\" src=\"http:\/\/www.tvcnoticias.com.ar\/wp-content\/uploads\/2014\/06\/dia-del-bomeros-Medium-450x252.jpg\" alt=\"\" width=\"450\" height=\"252\" \/><\/a><\/div>\n<div><strong>130\u00ba Aniversario del \u201cDIA DEL BOMBERO VOLUNTARIO\u201d<\/strong><\/div>\n<div><strong>02 de Junio de 2014 <\/strong><\/div>\n<div><strong>08:00 hs. <\/strong><\/div>\n<div>&#8211; Izamiento del Pabell\u00f3n Nacional.<\/div>\n<div>&#8211; Toque de Sirena.<\/div>\n<div><strong>13:15 hs. <\/strong><\/div>\n<div>&#8211; Concentraci\u00f3n del Personal de Cuerpo Activo, Escuela de Cadetes, Escuadra de Reserva.<\/div>\n<div><strong>13:15 hs. <\/strong><\/div>\n<div>&#8211; Recepci\u00f3n de Autoridades y Entidades Intermedias.<\/div>\n<div><strong>13:30 hs. <\/strong><\/div>\n<div>&#8211; Formaci\u00f3n del Personal de Cuerpo Activo, Escuela de Cadetes, Escuadra de Reserva.<\/div>\n<div>&#8211; Desplazamiento de las Banderas.<\/div>\n<div>&#8211; Entonaci\u00f3n de las estrofas del Himno Nacional Argentino.<\/div>\n<div>&#8211; Ofrenda Floral en Monumento en memoria del Personal fallecido.<\/div>\n<div>&#8211; Minuto de Silencio por el Personal Fallecido, acompa\u00f1ado de un toque de sirena.<\/div>\n<div>&#8211; Lectura de Felicitaciones.<\/div>\n<div>&#8211; Palabras Alusivas.<\/div>\n<div>&#8211; Cambio de Abanderados y Escoltas.<\/div>\n<div>&#8211; Retirada de las Banderas.<\/div>\n<div>&#8211; Retirada del Personal del Personal de Cuerpo Activo, Escuela de Cadetes, Escuadra de Reserva.<\/div>\n<div><strong>14:15 hs. <\/strong><\/div>\n<div>&#8211; Desplazamiento hasta el Cementerio para depositar Ofrenda Floral.<\/div>\n<div><strong>08 de Junio de 2014 <\/strong><\/div>\n<div><strong>12:00 hs.<\/strong><\/div>\n<div>&#8211; Almuerzo familiar y continuaci\u00f3n del Protocolo.<\/div>\n<div>Prensa: Asociaci\u00f3n Cuerpo de Bomberos Voluntarios de Tornquist<\/div>\n","protected":false},"excerpt":{"rendered":"<p>130\u00ba Aniversario del \u201cDIA DEL BOMBERO VOLUNTARIO\u201d 02 de Junio de 2014 08:00 hs. &#8211; Izamiento del Pabell\u00f3n Nacional. &#8211; Toque de Sirena. 13:15 hs. &#8211; Concentraci\u00f3n del Personal de Cuerpo Activo, Escuela de Cadetes, Escuadra de Reserva. 13:15 hs. &#8211; Recepci\u00f3n de Autoridades y Entidades Intermedias. 13:30 hs. &#8211; Formaci\u00f3n del Personal de Cuerpo [&hellip;]<\/p>\n","protected":false},"author":1,"featured_media":0,"comment_status":"closed","ping_status":"open","sticky":false,"template":"","format":"standard","meta":{"footnotes":""},"categories":[51,52],"tags":[],"class_list":["post-20786","post","type-post","status-publish","format-standard","hentry","category-comunidad","category-destacadas"],"yoast_head":"<!-- This site is optimized with the Yoast SEO plugin v19.7.1 - https:\/\/yoast.com\/wordpress\/plugins\/seo\/ -->\n<title>PROGRAMA DE ACTOS A DESARROLLARSE ESTE LUNES EN EL CUARTEL LOCAL - CELTTV<\/title>\n<meta name=\"description\" content=\"Sitio web de noticias de la localidad de Tornquist, provincia de Buenos Aires, Rep\u00fablica Argentina. Contenido propio originado por periodistas de CELTTV, el canal de TV local de la Cooperativa El\u00e9ctrica de Tornquist. Turismo, Pol\u00edtica, Sociedad, Deporte, Cultura y todo el contenido de inter\u00e9s general que la gente del pueblo y la regi\u00f3n debe conocer.\" \/>\n<meta name=\"robots\" content=\"index, follow, max-snippet:-1, max-image-preview:large, max-video-preview:-1\" \/>\n<link rel=\"canonical\" href=\"https:\/\/www.celttv.com.ar\/index.php\/2014\/06\/02\/programa-de-actos-a-desarrollarse-este-lunes-en-el-cuartel-local\/\" \/>\n<meta property=\"og:locale\" content=\"es_ES\" \/>\n<meta property=\"og:type\" content=\"article\" \/>\n<meta property=\"og:title\" content=\"PROGRAMA DE ACTOS A DESARROLLARSE ESTE LUNES EN EL CUARTEL LOCAL - CELTTV\" \/>\n<meta property=\"og:description\" content=\"Sitio web de noticias de la localidad de Tornquist, provincia de Buenos Aires, Rep\u00fablica Argentina. Contenido propio originado por periodistas de CELTTV, el canal de TV local de la Cooperativa El\u00e9ctrica de Tornquist. Turismo, Pol\u00edtica, Sociedad, Deporte, Cultura y todo el contenido de inter\u00e9s general que la gente del pueblo y la regi\u00f3n debe conocer.\" \/>\n<meta property=\"og:url\" content=\"https:\/\/www.celttv.com.ar\/index.php\/2014\/06\/02\/programa-de-actos-a-desarrollarse-este-lunes-en-el-cuartel-local\/\" \/>\n<meta property=\"og:site_name\" content=\"CELTTV\" \/>\n<meta property=\"article:publisher\" content=\"https:\/\/www.facebook.com\/celtTV\/\" \/>\n<meta property=\"article:published_time\" content=\"2014-06-02T02:22:08+00:00\" \/>\n<meta property=\"og:image\" content=\"http:\/\/www.tvcnoticias.com.ar\/wp-content\/uploads\/2014\/06\/dia-del-bomeros-Medium-450x252.jpg\" \/>\n<meta name=\"author\" content=\"ulises\" \/>\n<meta name=\"twitter:card\" content=\"summary_large_image\" \/>\n<meta name=\"twitter:label1\" content=\"Escrito por\" \/>\n\t<meta name=\"twitter:data1\" content=\"ulises\" \/>\n\t<meta name=\"twitter:label2\" content=\"Tiempo de lectura\" \/>\n\t<meta name=\"twitter:data2\" content=\"1 minuto\" \/>\n<script type=\"application\/ld+json\" class=\"yoast-schema-graph\">{\"@context\":\"https:\/\/schema.org\",\"@graph\":[{\"@type\":\"NewsArticle\",\"@id\":\"https:\/\/www.celttv.com.ar\/index.php\/2014\/06\/02\/programa-de-actos-a-desarrollarse-este-lunes-en-el-cuartel-local\/#article\",\"isPartOf\":{\"@id\":\"https:\/\/www.celttv.com.ar\/index.php\/2014\/06\/02\/programa-de-actos-a-desarrollarse-este-lunes-en-el-cuartel-local\/\"},\"author\":{\"name\":\"ulises\",\"@id\":\"https:\/\/www.celttv.com.ar\/#\/schema\/person\/6d99c072dba59953809c81446e9d0ace\"},\"headline\":\"PROGRAMA DE ACTOS A DESARROLLARSE ESTE LUNES EN EL CUARTEL LOCAL\",\"datePublished\":\"2014-06-02T02:22:08+00:00\",\"dateModified\":\"2014-06-02T02:22:08+00:00\",\"mainEntityOfPage\":{\"@id\":\"https:\/\/www.celttv.com.ar\/index.php\/2014\/06\/02\/programa-de-actos-a-desarrollarse-este-lunes-en-el-cuartel-local\/\"},\"wordCount\":174,\"publisher\":{\"@id\":\"https:\/\/www.celttv.com.ar\/#organization\"},\"articleSection\":[\"Comunidad\",\"Destacadas\"],\"inLanguage\":\"es\"},{\"@type\":\"WebPage\",\"@id\":\"https:\/\/www.celttv.com.ar\/index.php\/2014\/06\/02\/programa-de-actos-a-desarrollarse-este-lunes-en-el-cuartel-local\/\",\"url\":\"https:\/\/www.celttv.com.ar\/index.php\/2014\/06\/02\/programa-de-actos-a-desarrollarse-este-lunes-en-el-cuartel-local\/\",\"name\":\"PROGRAMA DE ACTOS A DESARROLLARSE ESTE LUNES EN EL CUARTEL LOCAL - CELTTV\",\"isPartOf\":{\"@id\":\"https:\/\/www.celttv.com.ar\/#website\"},\"datePublished\":\"2014-06-02T02:22:08+00:00\",\"dateModified\":\"2014-06-02T02:22:08+00:00\",\"description\":\"Sitio web de noticias de la localidad de Tornquist, provincia de Buenos Aires, Rep\u00fablica Argentina. Contenido propio originado por periodistas de CELTTV, el canal de TV local de la Cooperativa El\u00e9ctrica de Tornquist. Turismo, Pol\u00edtica, Sociedad, Deporte, Cultura y todo el contenido de inter\u00e9s general que la gente del pueblo y la regi\u00f3n debe conocer.\",\"breadcrumb\":{\"@id\":\"https:\/\/www.celttv.com.ar\/index.php\/2014\/06\/02\/programa-de-actos-a-desarrollarse-este-lunes-en-el-cuartel-local\/#breadcrumb\"},\"inLanguage\":\"es\",\"potentialAction\":[{\"@type\":\"ReadAction\",\"target\":[\"https:\/\/www.celttv.com.ar\/index.php\/2014\/06\/02\/programa-de-actos-a-desarrollarse-este-lunes-en-el-cuartel-local\/\"]}]},{\"@type\":\"BreadcrumbList\",\"@id\":\"https:\/\/www.celttv.com.ar\/index.php\/2014\/06\/02\/programa-de-actos-a-desarrollarse-este-lunes-en-el-cuartel-local\/#breadcrumb\",\"itemListElement\":[{\"@type\":\"ListItem\",\"position\":1,\"name\":\"Inicio\",\"item\":\"https:\/\/www.celttv.com.ar\/\"},{\"@type\":\"ListItem\",\"position\":2,\"name\":\"PROGRAMA DE ACTOS A DESARROLLARSE ESTE LUNES EN EL CUARTEL LOCAL\"}]},{\"@type\":\"WebSite\",\"@id\":\"https:\/\/www.celttv.com.ar\/#website\",\"url\":\"https:\/\/www.celttv.com.ar\/\",\"name\":\"CELTTV\",\"description\":\"Cooperativa El\u00e9ctrica de Tornquist\",\"publisher\":{\"@id\":\"https:\/\/www.celttv.com.ar\/#organization\"},\"potentialAction\":[{\"@type\":\"SearchAction\",\"target\":{\"@type\":\"EntryPoint\",\"urlTemplate\":\"https:\/\/www.celttv.com.ar\/?s={search_term_string}\"},\"query-input\":\"required name=search_term_string\"}],\"inLanguage\":\"es\"},{\"@type\":\"Organization\",\"@id\":\"https:\/\/www.celttv.com.ar\/#organization\",\"name\":\"CELTTV\",\"url\":\"https:\/\/www.celttv.com.ar\/\",\"sameAs\":[\"https:\/\/www.youtube.com\/channel\/UCz_oIt8Hig64Ub-EmcNPIhg\",\"https:\/\/www.facebook.com\/celtTV\/\"],\"logo\":{\"@type\":\"ImageObject\",\"inLanguage\":\"es\",\"@id\":\"https:\/\/www.celttv.com.ar\/#\/schema\/logo\/image\/\",\"url\":\"http:\/\/www.celttv.com.ar\/wp-content\/uploads\/2022\/08\/logo-1.png\",\"contentUrl\":\"http:\/\/www.celttv.com.ar\/wp-content\/uploads\/2022\/08\/logo-1.png\",\"width\":461,\"height\":159,\"caption\":\"CELTTV\"},\"image\":{\"@id\":\"https:\/\/www.celttv.com.ar\/#\/schema\/logo\/image\/\"}},{\"@type\":\"Person\",\"@id\":\"https:\/\/www.celttv.com.ar\/#\/schema\/person\/6d99c072dba59953809c81446e9d0ace\",\"name\":\"ulises\",\"image\":{\"@type\":\"ImageObject\",\"inLanguage\":\"es\",\"@id\":\"https:\/\/www.celttv.com.ar\/#\/schema\/person\/image\/\",\"url\":\"https:\/\/secure.gravatar.com\/avatar\/7f2c48bdc33b30088f941fb6082e555f2874c98e20cb159d7b92b50eadfce793?s=96&d=mm&r=g\",\"contentUrl\":\"https:\/\/secure.gravatar.com\/avatar\/7f2c48bdc33b30088f941fb6082e555f2874c98e20cb159d7b92b50eadfce793?s=96&d=mm&r=g\",\"caption\":\"ulises\"},\"sameAs\":[\"http:\/\/www.celttv.com.ar\"]}]}<\/script>\n<!-- \/ Yoast SEO plugin. -->","yoast_head_json":{"title":"PROGRAMA DE ACTOS A DESARROLLARSE ESTE LUNES EN EL CUARTEL LOCAL - CELTTV","description":"Sitio web de noticias de la localidad de Tornquist, provincia de Buenos Aires, Rep\u00fablica Argentina. Contenido propio originado por periodistas de CELTTV, el canal de TV local de la Cooperativa El\u00e9ctrica de Tornquist. Turismo, Pol\u00edtica, Sociedad, Deporte, Cultura y todo el contenido de inter\u00e9s general que la gente del pueblo y la regi\u00f3n debe conocer.","robots":{"index":"index","follow":"follow","max-snippet":"max-snippet:-1","max-image-preview":"max-image-preview:large","max-video-preview":"max-video-preview:-1"},"canonical":"https:\/\/www.celttv.com.ar\/index.php\/2014\/06\/02\/programa-de-actos-a-desarrollarse-este-lunes-en-el-cuartel-local\/","og_locale":"es_ES","og_type":"article","og_title":"PROGRAMA DE ACTOS A DESARROLLARSE ESTE LUNES EN EL CUARTEL LOCAL - CELTTV","og_description":"Sitio web de noticias de la localidad de Tornquist, provincia de Buenos Aires, Rep\u00fablica Argentina. Contenido propio originado por periodistas de CELTTV, el canal de TV local de la Cooperativa El\u00e9ctrica de Tornquist. Turismo, Pol\u00edtica, Sociedad, Deporte, Cultura y todo el contenido de inter\u00e9s general que la gente del pueblo y la regi\u00f3n debe conocer.","og_url":"https:\/\/www.celttv.com.ar\/index.php\/2014\/06\/02\/programa-de-actos-a-desarrollarse-este-lunes-en-el-cuartel-local\/","og_site_name":"CELTTV","article_publisher":"https:\/\/www.facebook.com\/celtTV\/","article_published_time":"2014-06-02T02:22:08+00:00","og_image":[{"url":"http:\/\/www.tvcnoticias.com.ar\/wp-content\/uploads\/2014\/06\/dia-del-bomeros-Medium-450x252.jpg"}],"author":"ulises","twitter_card":"summary_large_image","twitter_misc":{"Escrito por":"ulises","Tiempo de lectura":"1 minuto"},"schema":{"@context":"https:\/\/schema.org","@graph":[{"@type":"NewsArticle","@id":"https:\/\/www.celttv.com.ar\/index.php\/2014\/06\/02\/programa-de-actos-a-desarrollarse-este-lunes-en-el-cuartel-local\/#article","isPartOf":{"@id":"https:\/\/www.celttv.com.ar\/index.php\/2014\/06\/02\/programa-de-actos-a-desarrollarse-este-lunes-en-el-cuartel-local\/"},"author":{"name":"ulises","@id":"https:\/\/www.celttv.com.ar\/#\/schema\/person\/6d99c072dba59953809c81446e9d0ace"},"headline":"PROGRAMA DE ACTOS A DESARROLLARSE ESTE LUNES EN EL CUARTEL LOCAL","datePublished":"2014-06-02T02:22:08+00:00","dateModified":"2014-06-02T02:22:08+00:00","mainEntityOfPage":{"@id":"https:\/\/www.celttv.com.ar\/index.php\/2014\/06\/02\/programa-de-actos-a-desarrollarse-este-lunes-en-el-cuartel-local\/"},"wordCount":174,"publisher":{"@id":"https:\/\/www.celttv.com.ar\/#organization"},"articleSection":["Comunidad","Destacadas"],"inLanguage":"es"},{"@type":"WebPage","@id":"https:\/\/www.celttv.com.ar\/index.php\/2014\/06\/02\/programa-de-actos-a-desarrollarse-este-lunes-en-el-cuartel-local\/","url":"https:\/\/www.celttv.com.ar\/index.php\/2014\/06\/02\/programa-de-actos-a-desarrollarse-este-lunes-en-el-cuartel-local\/","name":"PROGRAMA DE ACTOS A DESARROLLARSE ESTE LUNES EN EL CUARTEL LOCAL - CELTTV","isPartOf":{"@id":"https:\/\/www.celttv.com.ar\/#website"},"datePublished":"2014-06-02T02:22:08+00:00","dateModified":"2014-06-02T02:22:08+00:00","description":"Sitio web de noticias de la localidad de Tornquist, provincia de Buenos Aires, Rep\u00fablica Argentina. Contenido propio originado por periodistas de CELTTV, el canal de TV local de la Cooperativa El\u00e9ctrica de Tornquist. Turismo, Pol\u00edtica, Sociedad, Deporte, Cultura y todo el contenido de inter\u00e9s general que la gente del pueblo y la regi\u00f3n debe conocer.","breadcrumb":{"@id":"https:\/\/www.celttv.com.ar\/index.php\/2014\/06\/02\/programa-de-actos-a-desarrollarse-este-lunes-en-el-cuartel-local\/#breadcrumb"},"inLanguage":"es","potentialAction":[{"@type":"ReadAction","target":["https:\/\/www.celttv.com.ar\/index.php\/2014\/06\/02\/programa-de-actos-a-desarrollarse-este-lunes-en-el-cuartel-local\/"]}]},{"@type":"BreadcrumbList","@id":"https:\/\/www.celttv.com.ar\/index.php\/2014\/06\/02\/programa-de-actos-a-desarrollarse-este-lunes-en-el-cuartel-local\/#breadcrumb","itemListElement":[{"@type":"ListItem","position":1,"name":"Inicio","item":"https:\/\/www.celttv.com.ar\/"},{"@type":"ListItem","position":2,"name":"PROGRAMA DE ACTOS A DESARROLLARSE ESTE LUNES EN EL CUARTEL LOCAL"}]},{"@type":"WebSite","@id":"https:\/\/www.celttv.com.ar\/#website","url":"https:\/\/www.celttv.com.ar\/","name":"CELTTV","description":"Cooperativa El\u00e9ctrica de Tornquist","publisher":{"@id":"https:\/\/www.celttv.com.ar\/#organization"},"potentialAction":[{"@type":"SearchAction","target":{"@type":"EntryPoint","urlTemplate":"https:\/\/www.celttv.com.ar\/?s={search_term_string}"},"query-input":"required name=search_term_string"}],"inLanguage":"es"},{"@type":"Organization","@id":"https:\/\/www.celttv.com.ar\/#organization","name":"CELTTV","url":"https:\/\/www.celttv.com.ar\/","sameAs":["https:\/\/www.youtube.com\/channel\/UCz_oIt8Hig64Ub-EmcNPIhg","https:\/\/www.facebook.com\/celtTV\/"],"logo":{"@type":"ImageObject","inLanguage":"es","@id":"https:\/\/www.celttv.com.ar\/#\/schema\/logo\/image\/","url":"http:\/\/www.celttv.com.ar\/wp-content\/uploads\/2022\/08\/logo-1.png","contentUrl":"http:\/\/www.celttv.com.ar\/wp-content\/uploads\/2022\/08\/logo-1.png","width":461,"height":159,"caption":"CELTTV"},"image":{"@id":"https:\/\/www.celttv.com.ar\/#\/schema\/logo\/image\/"}},{"@type":"Person","@id":"https:\/\/www.celttv.com.ar\/#\/schema\/person\/6d99c072dba59953809c81446e9d0ace","name":"ulises","image":{"@type":"ImageObject","inLanguage":"es","@id":"https:\/\/www.celttv.com.ar\/#\/schema\/person\/image\/","url":"https:\/\/secure.gravatar.com\/avatar\/7f2c48bdc33b30088f941fb6082e555f2874c98e20cb159d7b92b50eadfce793?s=96&d=mm&r=g","contentUrl":"https:\/\/secure.gravatar.com\/avatar\/7f2c48bdc33b30088f941fb6082e555f2874c98e20cb159d7b92b50eadfce793?s=96&d=mm&r=g","caption":"ulises"},"sameAs":["http:\/\/www.celttv.com.ar"]}]}},"_links":{"self":[{"href":"https:\/\/www.celttv.com.ar\/index.php\/wp-json\/wp\/v2\/posts\/20786","targetHints":{"allow":["GET"]}}],"collection":[{"href":"https:\/\/www.celttv.com.ar\/index.php\/wp-json\/wp\/v2\/posts"}],"about":[{"href":"https:\/\/www.celttv.com.ar\/index.php\/wp-json\/wp\/v2\/types\/post"}],"author":[{"embeddable":true,"href":"https:\/\/www.celttv.com.ar\/index.php\/wp-json\/wp\/v2\/users\/1"}],"replies":[{"embeddable":true,"href":"https:\/\/www.celttv.com.ar\/index.php\/wp-json\/wp\/v2\/comments?post=20786"}],"version-history":[{"count":0,"href":"https:\/\/www.celttv.com.ar\/index.php\/wp-json\/wp\/v2\/posts\/20786\/revisions"}],"wp:attachment":[{"href":"https:\/\/www.celttv.com.ar\/index.php\/wp-json\/wp\/v2\/media?parent=20786"}],"wp:term":[{"taxonomy":"category","embeddable":true,"href":"https:\/\/www.celttv.com.ar\/index.php\/wp-json\/wp\/v2\/categories?post=20786"},{"taxonomy":"post_tag","embeddable":true,"href":"https:\/\/www.celttv.com.ar\/index.php\/wp-json\/wp\/v2\/tags?post=20786"}],"curies":[{"name":"wp","href":"https:\/\/api.w.org\/{rel}","templated":true}]}}