{"id":20819,"date":"2014-06-02T22:11:21","date_gmt":"2014-06-02T22:11:21","guid":{"rendered":"http:\/\/www.tvcnoticias.com.ar\/?p=20819"},"modified":"2014-06-02T22:11:21","modified_gmt":"2014-06-02T22:11:21","slug":"dia-mundial-del-medio-ambiente-actividad-en-conjunto-con-el-taller-protegido","status":"publish","type":"post","link":"https:\/\/www.celttv.com.ar\/index.php\/2014\/06\/02\/dia-mundial-del-medio-ambiente-actividad-en-conjunto-con-el-taller-protegido\/","title":{"rendered":"DIA MUNDIAL DEL MEDIO AMBIENTE: ACTIVIDAD EN CONJUNTO CON EL TALLER PROTEGIDO"},"content":{"rendered":"<p><a rel=\"attachment wp-att-20820\" href=\"http:\/\/www.tvcnoticias.com.ar\/?attachment_id=20820\"><img loading=\"lazy\" decoding=\"async\" class=\"aligncenter size-medium wp-image-20820\" title=\"1462 - TALLER PROTEGIDO\" src=\"http:\/\/www.tvcnoticias.com.ar\/wp-content\/uploads\/2014\/06\/1462-TALLER-PROTEGIDO-450x337.jpg\" alt=\"\" width=\"450\" height=\"337\" \/><\/a>Una actividad en conjunto con el Taller Protegido de la ciudad cabecera del distrito, enmarcada en el D\u00eda Mundial del Medio Ambiente, desarrollar\u00e1 la Secretar\u00eda de Producci\u00f3n y Medio Ambiente de la Municipalidad de Tornquist.<br \/>\nEste jueves, entre las 9 y las 12 horas, los vecinos que acerquen elementos reciclables a la sede de la instituci\u00f3n, se retirar\u00e1n con una bolsa de tela en sus manos y un folleto en el cual se explican diferentes programas medioambientales.<br \/>\n\u201cDebemos aprovechar estas fechas para seguir trabajando en el tema de la concientizaci\u00f3n, para darle continuidad a esta tarea. El d\u00eda nos sirve para generar actividades y reforzar esa idea\u201d, coment\u00f3 el director de Producci\u00f3n y Medio Ambiente, ingeniero Walter Taylor.<br \/>\n\u201cLa idea es que cada familia pueda traer un elemento reciclable de su casa y lo deposite en los bolsones que se ubicar\u00e1n en la vereda. En contraprestaci\u00f3n, se le entregar\u00e1 una bolsa de tela, para recordar que nos encontramos en un distrito en el cual se encuentra prohibida la utilizaci\u00f3n de las bolsas camiseta, y un folleto con diferentes recomendaciones\u201d, a\u00f1adi\u00f3.<br \/>\nAdem\u00e1s, el funcionario municipal recalc\u00f3 que el objetivo final de las diferentes acciones es erradicar los basureros a cielo abierto, al tiempo que destac\u00f3 y agradeci\u00f3 el trabajo que efect\u00faa el Taller Protegido.<br \/>\n\u201cFueron pioneros en el tema del reciclado y son un pilar fundamental para nosotros. No es casual que en el D\u00eda del Medio Ambiente nos apoyemos en esta instituci\u00f3n y el trabajo que realizan\u201d, consider\u00f3.<br \/>\nPor su parte, Beatriz Pelta ponder\u00f3 la acci\u00f3n en conjunto que realizar\u00e1n con el Municipio.<br \/>\n\u201cEn el 2009 empezamos con el tema del pl\u00e1stico y mucho antes con el papel y el cart\u00f3n, concientizando a la gente. D\u00eda a d\u00eda, la gente llega y colabora. Si bien es un d\u00eda m\u00e1s dentro de las actividades diarias, en esta fecha nos sumamos a la propuesta de la Secretar\u00eda de Producci\u00f3n y Medio Ambiente para entregar las bolsas. El trabajo es mucho y tratamos de hacerlo lo mejor posible. Adem\u00e1s, estamos festejando los 25 a\u00f1os de funcionamiento\u201d, coment\u00f3.<br \/>\nLas actividades continuar\u00e1n la pr\u00f3xima semana, teniendo en cuenta que entre el lunes 9 y el viernes 13 del corriente se llevar\u00e1 a cabo una campa\u00f1a intensiva de recolecci\u00f3n de residuos el\u00e9ctricos y electr\u00f3nicos en las diferentes localidades del distrito. En la cabecera se deber\u00e1n entregar en el Palacio Municipal, mientras que en el resto de los lugares se deber\u00e1n acercar a la delegaci\u00f3n.<br \/>\n&nbsp;<\/p>\n","protected":false},"excerpt":{"rendered":"<p>Una actividad en conjunto con el Taller Protegido de la ciudad cabecera del distrito, enmarcada en el D\u00eda Mundial del Medio Ambiente, desarrollar\u00e1 la Secretar\u00eda de Producci\u00f3n y Medio Ambiente de la Municipalidad de Tornquist. Este jueves, entre las 9 y las 12 horas, los vecinos que acerquen elementos reciclables a la sede de la [&hellip;]<\/p>\n","protected":false},"author":1,"featured_media":0,"comment_status":"closed","ping_status":"open","sticky":false,"template":"","format":"standard","meta":{"footnotes":""},"categories":[51,52,53],"tags":[],"class_list":["post-20819","post","type-post","status-publish","format-standard","hentry","category-comunidad","category-destacadas","category-politica"],"yoast_head":"<!-- This site is optimized with the Yoast SEO plugin v19.7.1 - https:\/\/yoast.com\/wordpress\/plugins\/seo\/ -->\n<title>DIA MUNDIAL DEL MEDIO AMBIENTE: ACTIVIDAD EN CONJUNTO CON EL TALLER PROTEGIDO - CELTTV<\/title>\n<meta name=\"description\" content=\"Sitio web de noticias de la localidad de Tornquist, provincia de Buenos Aires, Rep\u00fablica Argentina. Contenido propio originado por periodistas de CELTTV, el canal de TV local de la Cooperativa El\u00e9ctrica de Tornquist. Turismo, Pol\u00edtica, Sociedad, Deporte, Cultura y todo el contenido de inter\u00e9s general que la gente del pueblo y la regi\u00f3n debe conocer.\" \/>\n<meta name=\"robots\" content=\"index, follow, max-snippet:-1, max-image-preview:large, max-video-preview:-1\" \/>\n<link rel=\"canonical\" href=\"https:\/\/www.celttv.com.ar\/index.php\/2014\/06\/02\/dia-mundial-del-medio-ambiente-actividad-en-conjunto-con-el-taller-protegido\/\" \/>\n<meta property=\"og:locale\" content=\"es_ES\" \/>\n<meta property=\"og:type\" content=\"article\" \/>\n<meta property=\"og:title\" content=\"DIA MUNDIAL DEL MEDIO AMBIENTE: ACTIVIDAD EN CONJUNTO CON EL TALLER PROTEGIDO - CELTTV\" \/>\n<meta property=\"og:description\" content=\"Sitio web de noticias de la localidad de Tornquist, provincia de Buenos Aires, Rep\u00fablica Argentina. Contenido propio originado por periodistas de CELTTV, el canal de TV local de la Cooperativa El\u00e9ctrica de Tornquist. Turismo, Pol\u00edtica, Sociedad, Deporte, Cultura y todo el contenido de inter\u00e9s general que la gente del pueblo y la regi\u00f3n debe conocer.\" \/>\n<meta property=\"og:url\" content=\"https:\/\/www.celttv.com.ar\/index.php\/2014\/06\/02\/dia-mundial-del-medio-ambiente-actividad-en-conjunto-con-el-taller-protegido\/\" \/>\n<meta property=\"og:site_name\" content=\"CELTTV\" \/>\n<meta property=\"article:publisher\" content=\"https:\/\/www.facebook.com\/celtTV\/\" \/>\n<meta property=\"article:published_time\" content=\"2014-06-02T22:11:21+00:00\" \/>\n<meta property=\"og:image\" content=\"http:\/\/www.tvcnoticias.com.ar\/wp-content\/uploads\/2014\/06\/1462-TALLER-PROTEGIDO-450x337.jpg\" \/>\n<meta name=\"author\" content=\"ulises\" \/>\n<meta name=\"twitter:card\" content=\"summary_large_image\" \/>\n<meta name=\"twitter:label1\" content=\"Escrito por\" \/>\n\t<meta name=\"twitter:data1\" content=\"ulises\" \/>\n\t<meta name=\"twitter:label2\" content=\"Tiempo de lectura\" \/>\n\t<meta name=\"twitter:data2\" content=\"2 minutos\" \/>\n<script type=\"application\/ld+json\" class=\"yoast-schema-graph\">{\"@context\":\"https:\/\/schema.org\",\"@graph\":[{\"@type\":\"NewsArticle\",\"@id\":\"https:\/\/www.celttv.com.ar\/index.php\/2014\/06\/02\/dia-mundial-del-medio-ambiente-actividad-en-conjunto-con-el-taller-protegido\/#article\",\"isPartOf\":{\"@id\":\"https:\/\/www.celttv.com.ar\/index.php\/2014\/06\/02\/dia-mundial-del-medio-ambiente-actividad-en-conjunto-con-el-taller-protegido\/\"},\"author\":{\"name\":\"ulises\",\"@id\":\"https:\/\/www.celttv.com.ar\/#\/schema\/person\/6d99c072dba59953809c81446e9d0ace\"},\"headline\":\"DIA MUNDIAL DEL MEDIO AMBIENTE: ACTIVIDAD EN CONJUNTO CON EL TALLER PROTEGIDO\",\"datePublished\":\"2014-06-02T22:11:21+00:00\",\"dateModified\":\"2014-06-02T22:11:21+00:00\",\"mainEntityOfPage\":{\"@id\":\"https:\/\/www.celttv.com.ar\/index.php\/2014\/06\/02\/dia-mundial-del-medio-ambiente-actividad-en-conjunto-con-el-taller-protegido\/\"},\"wordCount\":452,\"publisher\":{\"@id\":\"https:\/\/www.celttv.com.ar\/#organization\"},\"articleSection\":[\"Comunidad\",\"Destacadas\",\"Pol\u00edtica\"],\"inLanguage\":\"es\"},{\"@type\":\"WebPage\",\"@id\":\"https:\/\/www.celttv.com.ar\/index.php\/2014\/06\/02\/dia-mundial-del-medio-ambiente-actividad-en-conjunto-con-el-taller-protegido\/\",\"url\":\"https:\/\/www.celttv.com.ar\/index.php\/2014\/06\/02\/dia-mundial-del-medio-ambiente-actividad-en-conjunto-con-el-taller-protegido\/\",\"name\":\"DIA MUNDIAL DEL MEDIO AMBIENTE: ACTIVIDAD EN CONJUNTO CON EL TALLER PROTEGIDO - CELTTV\",\"isPartOf\":{\"@id\":\"https:\/\/www.celttv.com.ar\/#website\"},\"datePublished\":\"2014-06-02T22:11:21+00:00\",\"dateModified\":\"2014-06-02T22:11:21+00:00\",\"description\":\"Sitio web de noticias de la localidad de Tornquist, provincia de Buenos Aires, Rep\u00fablica Argentina. Contenido propio originado por periodistas de CELTTV, el canal de TV local de la Cooperativa El\u00e9ctrica de Tornquist. Turismo, Pol\u00edtica, Sociedad, Deporte, Cultura y todo el contenido de inter\u00e9s general que la gente del pueblo y la regi\u00f3n debe conocer.\",\"breadcrumb\":{\"@id\":\"https:\/\/www.celttv.com.ar\/index.php\/2014\/06\/02\/dia-mundial-del-medio-ambiente-actividad-en-conjunto-con-el-taller-protegido\/#breadcrumb\"},\"inLanguage\":\"es\",\"potentialAction\":[{\"@type\":\"ReadAction\",\"target\":[\"https:\/\/www.celttv.com.ar\/index.php\/2014\/06\/02\/dia-mundial-del-medio-ambiente-actividad-en-conjunto-con-el-taller-protegido\/\"]}]},{\"@type\":\"BreadcrumbList\",\"@id\":\"https:\/\/www.celttv.com.ar\/index.php\/2014\/06\/02\/dia-mundial-del-medio-ambiente-actividad-en-conjunto-con-el-taller-protegido\/#breadcrumb\",\"itemListElement\":[{\"@type\":\"ListItem\",\"position\":1,\"name\":\"Inicio\",\"item\":\"https:\/\/www.celttv.com.ar\/\"},{\"@type\":\"ListItem\",\"position\":2,\"name\":\"DIA MUNDIAL DEL MEDIO AMBIENTE: ACTIVIDAD EN CONJUNTO CON EL TALLER PROTEGIDO\"}]},{\"@type\":\"WebSite\",\"@id\":\"https:\/\/www.celttv.com.ar\/#website\",\"url\":\"https:\/\/www.celttv.com.ar\/\",\"name\":\"CELTTV\",\"description\":\"Cooperativa El\u00e9ctrica de Tornquist\",\"publisher\":{\"@id\":\"https:\/\/www.celttv.com.ar\/#organization\"},\"potentialAction\":[{\"@type\":\"SearchAction\",\"target\":{\"@type\":\"EntryPoint\",\"urlTemplate\":\"https:\/\/www.celttv.com.ar\/?s={search_term_string}\"},\"query-input\":\"required name=search_term_string\"}],\"inLanguage\":\"es\"},{\"@type\":\"Organization\",\"@id\":\"https:\/\/www.celttv.com.ar\/#organization\",\"name\":\"CELTTV\",\"url\":\"https:\/\/www.celttv.com.ar\/\",\"sameAs\":[\"https:\/\/www.youtube.com\/channel\/UCz_oIt8Hig64Ub-EmcNPIhg\",\"https:\/\/www.facebook.com\/celtTV\/\"],\"logo\":{\"@type\":\"ImageObject\",\"inLanguage\":\"es\",\"@id\":\"https:\/\/www.celttv.com.ar\/#\/schema\/logo\/image\/\",\"url\":\"http:\/\/www.celttv.com.ar\/wp-content\/uploads\/2022\/08\/logo-1.png\",\"contentUrl\":\"http:\/\/www.celttv.com.ar\/wp-content\/uploads\/2022\/08\/logo-1.png\",\"width\":461,\"height\":159,\"caption\":\"CELTTV\"},\"image\":{\"@id\":\"https:\/\/www.celttv.com.ar\/#\/schema\/logo\/image\/\"}},{\"@type\":\"Person\",\"@id\":\"https:\/\/www.celttv.com.ar\/#\/schema\/person\/6d99c072dba59953809c81446e9d0ace\",\"name\":\"ulises\",\"image\":{\"@type\":\"ImageObject\",\"inLanguage\":\"es\",\"@id\":\"https:\/\/www.celttv.com.ar\/#\/schema\/person\/image\/\",\"url\":\"https:\/\/secure.gravatar.com\/avatar\/7f2c48bdc33b30088f941fb6082e555f2874c98e20cb159d7b92b50eadfce793?s=96&d=mm&r=g\",\"contentUrl\":\"https:\/\/secure.gravatar.com\/avatar\/7f2c48bdc33b30088f941fb6082e555f2874c98e20cb159d7b92b50eadfce793?s=96&d=mm&r=g\",\"caption\":\"ulises\"},\"sameAs\":[\"http:\/\/www.celttv.com.ar\"]}]}<\/script>\n<!-- \/ Yoast SEO plugin. -->","yoast_head_json":{"title":"DIA MUNDIAL DEL MEDIO AMBIENTE: ACTIVIDAD EN CONJUNTO CON EL TALLER PROTEGIDO - CELTTV","description":"Sitio web de noticias de la localidad de Tornquist, provincia de Buenos Aires, Rep\u00fablica Argentina. Contenido propio originado por periodistas de CELTTV, el canal de TV local de la Cooperativa El\u00e9ctrica de Tornquist. Turismo, Pol\u00edtica, Sociedad, Deporte, Cultura y todo el contenido de inter\u00e9s general que la gente del pueblo y la regi\u00f3n debe conocer.","robots":{"index":"index","follow":"follow","max-snippet":"max-snippet:-1","max-image-preview":"max-image-preview:large","max-video-preview":"max-video-preview:-1"},"canonical":"https:\/\/www.celttv.com.ar\/index.php\/2014\/06\/02\/dia-mundial-del-medio-ambiente-actividad-en-conjunto-con-el-taller-protegido\/","og_locale":"es_ES","og_type":"article","og_title":"DIA MUNDIAL DEL MEDIO AMBIENTE: ACTIVIDAD EN CONJUNTO CON EL TALLER PROTEGIDO - CELTTV","og_description":"Sitio web de noticias de la localidad de Tornquist, provincia de Buenos Aires, Rep\u00fablica Argentina. Contenido propio originado por periodistas de CELTTV, el canal de TV local de la Cooperativa El\u00e9ctrica de Tornquist. Turismo, Pol\u00edtica, Sociedad, Deporte, Cultura y todo el contenido de inter\u00e9s general que la gente del pueblo y la regi\u00f3n debe conocer.","og_url":"https:\/\/www.celttv.com.ar\/index.php\/2014\/06\/02\/dia-mundial-del-medio-ambiente-actividad-en-conjunto-con-el-taller-protegido\/","og_site_name":"CELTTV","article_publisher":"https:\/\/www.facebook.com\/celtTV\/","article_published_time":"2014-06-02T22:11:21+00:00","og_image":[{"url":"http:\/\/www.tvcnoticias.com.ar\/wp-content\/uploads\/2014\/06\/1462-TALLER-PROTEGIDO-450x337.jpg"}],"author":"ulises","twitter_card":"summary_large_image","twitter_misc":{"Escrito por":"ulises","Tiempo de lectura":"2 minutos"},"schema":{"@context":"https:\/\/schema.org","@graph":[{"@type":"NewsArticle","@id":"https:\/\/www.celttv.com.ar\/index.php\/2014\/06\/02\/dia-mundial-del-medio-ambiente-actividad-en-conjunto-con-el-taller-protegido\/#article","isPartOf":{"@id":"https:\/\/www.celttv.com.ar\/index.php\/2014\/06\/02\/dia-mundial-del-medio-ambiente-actividad-en-conjunto-con-el-taller-protegido\/"},"author":{"name":"ulises","@id":"https:\/\/www.celttv.com.ar\/#\/schema\/person\/6d99c072dba59953809c81446e9d0ace"},"headline":"DIA MUNDIAL DEL MEDIO AMBIENTE: ACTIVIDAD EN CONJUNTO CON EL TALLER PROTEGIDO","datePublished":"2014-06-02T22:11:21+00:00","dateModified":"2014-06-02T22:11:21+00:00","mainEntityOfPage":{"@id":"https:\/\/www.celttv.com.ar\/index.php\/2014\/06\/02\/dia-mundial-del-medio-ambiente-actividad-en-conjunto-con-el-taller-protegido\/"},"wordCount":452,"publisher":{"@id":"https:\/\/www.celttv.com.ar\/#organization"},"articleSection":["Comunidad","Destacadas","Pol\u00edtica"],"inLanguage":"es"},{"@type":"WebPage","@id":"https:\/\/www.celttv.com.ar\/index.php\/2014\/06\/02\/dia-mundial-del-medio-ambiente-actividad-en-conjunto-con-el-taller-protegido\/","url":"https:\/\/www.celttv.com.ar\/index.php\/2014\/06\/02\/dia-mundial-del-medio-ambiente-actividad-en-conjunto-con-el-taller-protegido\/","name":"DIA MUNDIAL DEL MEDIO AMBIENTE: ACTIVIDAD EN CONJUNTO CON EL TALLER PROTEGIDO - CELTTV","isPartOf":{"@id":"https:\/\/www.celttv.com.ar\/#website"},"datePublished":"2014-06-02T22:11:21+00:00","dateModified":"2014-06-02T22:11:21+00:00","description":"Sitio web de noticias de la localidad de Tornquist, provincia de Buenos Aires, Rep\u00fablica Argentina. Contenido propio originado por periodistas de CELTTV, el canal de TV local de la Cooperativa El\u00e9ctrica de Tornquist. Turismo, Pol\u00edtica, Sociedad, Deporte, Cultura y todo el contenido de inter\u00e9s general que la gente del pueblo y la regi\u00f3n debe conocer.","breadcrumb":{"@id":"https:\/\/www.celttv.com.ar\/index.php\/2014\/06\/02\/dia-mundial-del-medio-ambiente-actividad-en-conjunto-con-el-taller-protegido\/#breadcrumb"},"inLanguage":"es","potentialAction":[{"@type":"ReadAction","target":["https:\/\/www.celttv.com.ar\/index.php\/2014\/06\/02\/dia-mundial-del-medio-ambiente-actividad-en-conjunto-con-el-taller-protegido\/"]}]},{"@type":"BreadcrumbList","@id":"https:\/\/www.celttv.com.ar\/index.php\/2014\/06\/02\/dia-mundial-del-medio-ambiente-actividad-en-conjunto-con-el-taller-protegido\/#breadcrumb","itemListElement":[{"@type":"ListItem","position":1,"name":"Inicio","item":"https:\/\/www.celttv.com.ar\/"},{"@type":"ListItem","position":2,"name":"DIA MUNDIAL DEL MEDIO AMBIENTE: ACTIVIDAD EN CONJUNTO CON EL TALLER PROTEGIDO"}]},{"@type":"WebSite","@id":"https:\/\/www.celttv.com.ar\/#website","url":"https:\/\/www.celttv.com.ar\/","name":"CELTTV","description":"Cooperativa El\u00e9ctrica de Tornquist","publisher":{"@id":"https:\/\/www.celttv.com.ar\/#organization"},"potentialAction":[{"@type":"SearchAction","target":{"@type":"EntryPoint","urlTemplate":"https:\/\/www.celttv.com.ar\/?s={search_term_string}"},"query-input":"required name=search_term_string"}],"inLanguage":"es"},{"@type":"Organization","@id":"https:\/\/www.celttv.com.ar\/#organization","name":"CELTTV","url":"https:\/\/www.celttv.com.ar\/","sameAs":["https:\/\/www.youtube.com\/channel\/UCz_oIt8Hig64Ub-EmcNPIhg","https:\/\/www.facebook.com\/celtTV\/"],"logo":{"@type":"ImageObject","inLanguage":"es","@id":"https:\/\/www.celttv.com.ar\/#\/schema\/logo\/image\/","url":"http:\/\/www.celttv.com.ar\/wp-content\/uploads\/2022\/08\/logo-1.png","contentUrl":"http:\/\/www.celttv.com.ar\/wp-content\/uploads\/2022\/08\/logo-1.png","width":461,"height":159,"caption":"CELTTV"},"image":{"@id":"https:\/\/www.celttv.com.ar\/#\/schema\/logo\/image\/"}},{"@type":"Person","@id":"https:\/\/www.celttv.com.ar\/#\/schema\/person\/6d99c072dba59953809c81446e9d0ace","name":"ulises","image":{"@type":"ImageObject","inLanguage":"es","@id":"https:\/\/www.celttv.com.ar\/#\/schema\/person\/image\/","url":"https:\/\/secure.gravatar.com\/avatar\/7f2c48bdc33b30088f941fb6082e555f2874c98e20cb159d7b92b50eadfce793?s=96&d=mm&r=g","contentUrl":"https:\/\/secure.gravatar.com\/avatar\/7f2c48bdc33b30088f941fb6082e555f2874c98e20cb159d7b92b50eadfce793?s=96&d=mm&r=g","caption":"ulises"},"sameAs":["http:\/\/www.celttv.com.ar"]}]}},"_links":{"self":[{"href":"https:\/\/www.celttv.com.ar\/index.php\/wp-json\/wp\/v2\/posts\/20819","targetHints":{"allow":["GET"]}}],"collection":[{"href":"https:\/\/www.celttv.com.ar\/index.php\/wp-json\/wp\/v2\/posts"}],"about":[{"href":"https:\/\/www.celttv.com.ar\/index.php\/wp-json\/wp\/v2\/types\/post"}],"author":[{"embeddable":true,"href":"https:\/\/www.celttv.com.ar\/index.php\/wp-json\/wp\/v2\/users\/1"}],"replies":[{"embeddable":true,"href":"https:\/\/www.celttv.com.ar\/index.php\/wp-json\/wp\/v2\/comments?post=20819"}],"version-history":[{"count":0,"href":"https:\/\/www.celttv.com.ar\/index.php\/wp-json\/wp\/v2\/posts\/20819\/revisions"}],"wp:attachment":[{"href":"https:\/\/www.celttv.com.ar\/index.php\/wp-json\/wp\/v2\/media?parent=20819"}],"wp:term":[{"taxonomy":"category","embeddable":true,"href":"https:\/\/www.celttv.com.ar\/index.php\/wp-json\/wp\/v2\/categories?post=20819"},{"taxonomy":"post_tag","embeddable":true,"href":"https:\/\/www.celttv.com.ar\/index.php\/wp-json\/wp\/v2\/tags?post=20819"}],"curies":[{"name":"wp","href":"https:\/\/api.w.org\/{rel}","templated":true}]}}