{"id":20827,"date":"2014-06-03T14:43:08","date_gmt":"2014-06-03T14:43:08","guid":{"rendered":"http:\/\/www.tvcnoticias.com.ar\/?p=20827"},"modified":"2014-06-03T14:43:08","modified_gmt":"2014-06-03T14:43:08","slug":"el-pami-presento-la-obra-el-mundo-ha-vivido-equivocado","status":"publish","type":"post","link":"https:\/\/www.celttv.com.ar\/index.php\/2014\/06\/03\/el-pami-presento-la-obra-el-mundo-ha-vivido-equivocado\/","title":{"rendered":"EL PAMI PRESENTO LA OBRA &#8220;EL MUNDO HA VIVIDO EQUIVOCADO&#8221;"},"content":{"rendered":"<p><a rel=\"attachment wp-att-20829\" href=\"http:\/\/www.tvcnoticias.com.ar\/?attachment_id=20829\"><img loading=\"lazy\" decoding=\"async\" class=\"aligncenter size-medium wp-image-20829\" title=\"DSCN4478 (1280x960) (Medium)\" src=\"http:\/\/www.tvcnoticias.com.ar\/wp-content\/uploads\/2014\/06\/DSCN4478-1280x960-Medium-450x337.jpg\" alt=\"\" width=\"450\" height=\"337\" \/><\/a><br \/>\nLa Obra Teatral \u201cEl mundo ha vivido equivocado\u201d, protagonizada por el primer actor Edgardo Nieva y escrita por la genial pluma de Roberto Fontanarrosa, se desarroll\u00f3 en las instalaciones del Teatro \u201cRodolfo Funke\u201d, con la organizaci\u00f3n del Sector Relaci\u00f3n con los Beneficiarios de Pami Bah\u00eda Blanca y la colaboraci\u00f3n de la Secretar\u00eda de Turismo, Cultura y Deportes de la Municipalidad de Tornquist.<br \/>\nLa iniciativa cont\u00f3 con la participaci\u00f3n de 350 afiliados de Pami, pertenecientes a los Centros de Jubilados y Pensionados de Pig\u00fc\u00e9, Arroyo Corto, Goyena, Saavedra, Dufaur, Saldungaray, Huanguel\u00e9n, Sierra de la Ventana, Coronel Su\u00e1rez y Tornquist.<br \/>\nLas palabras de bienvenida estuvieron a cargo del intendente municipal, licenciado Gustavo Trankels, quien resalt\u00f3 el rol trascendental de los adultos mayores en la sociedad actual.<br \/>\nLos asistentes disfrutaron del talento de los actores y la gran puesta en escena de la obra teatral en el marco del Programa Nacional \u201cCaminos Culturales\u201d de Pami-Inssjp.<br \/>\nEn este sentido, el intendente Trankels agradeci\u00f3 al Coordinador de UGL de Pami, Federico Susbielles; al director ejecutivo del Pami Bah\u00eda Blanca, Dami\u00e1n Vanzini; a todo el equipo de trabajo del organismo y a los actores, por la posibilidad de contar con una presentaci\u00f3n de semejante relieve en el principal centro cultural del distrito.<br \/>\n&nbsp;<\/p>\n","protected":false},"excerpt":{"rendered":"<p>La Obra Teatral \u201cEl mundo ha vivido equivocado\u201d, protagonizada por el primer actor Edgardo Nieva y escrita por la genial pluma de Roberto Fontanarrosa, se desarroll\u00f3 en las instalaciones del Teatro \u201cRodolfo Funke\u201d, con la organizaci\u00f3n del Sector Relaci\u00f3n con los Beneficiarios de Pami Bah\u00eda Blanca y la colaboraci\u00f3n de la Secretar\u00eda de Turismo, Cultura [&hellip;]<\/p>\n","protected":false},"author":1,"featured_media":0,"comment_status":"closed","ping_status":"open","sticky":false,"template":"","format":"standard","meta":{"footnotes":""},"categories":[52,56],"tags":[],"class_list":["post-20827","post","type-post","status-publish","format-standard","hentry","category-destacadas","category-espectaculos"],"yoast_head":"<!-- This site is optimized with the Yoast SEO plugin v19.7.1 - https:\/\/yoast.com\/wordpress\/plugins\/seo\/ -->\n<title>EL PAMI PRESENTO LA OBRA &quot;EL MUNDO HA VIVIDO EQUIVOCADO&quot; - CELTTV<\/title>\n<meta name=\"description\" content=\"Sitio web de noticias de la localidad de Tornquist, provincia de Buenos Aires, Rep\u00fablica Argentina. Contenido propio originado por periodistas de CELTTV, el canal de TV local de la Cooperativa El\u00e9ctrica de Tornquist. Turismo, Pol\u00edtica, Sociedad, Deporte, Cultura y todo el contenido de inter\u00e9s general que la gente del pueblo y la regi\u00f3n debe conocer.\" \/>\n<meta name=\"robots\" content=\"index, follow, max-snippet:-1, max-image-preview:large, max-video-preview:-1\" \/>\n<link rel=\"canonical\" href=\"https:\/\/www.celttv.com.ar\/index.php\/2014\/06\/03\/el-pami-presento-la-obra-el-mundo-ha-vivido-equivocado\/\" \/>\n<meta property=\"og:locale\" content=\"es_ES\" \/>\n<meta property=\"og:type\" content=\"article\" \/>\n<meta property=\"og:title\" content=\"EL PAMI PRESENTO LA OBRA &quot;EL MUNDO HA VIVIDO EQUIVOCADO&quot; - CELTTV\" \/>\n<meta property=\"og:description\" content=\"Sitio web de noticias de la localidad de Tornquist, provincia de Buenos Aires, Rep\u00fablica Argentina. Contenido propio originado por periodistas de CELTTV, el canal de TV local de la Cooperativa El\u00e9ctrica de Tornquist. Turismo, Pol\u00edtica, Sociedad, Deporte, Cultura y todo el contenido de inter\u00e9s general que la gente del pueblo y la regi\u00f3n debe conocer.\" \/>\n<meta property=\"og:url\" content=\"https:\/\/www.celttv.com.ar\/index.php\/2014\/06\/03\/el-pami-presento-la-obra-el-mundo-ha-vivido-equivocado\/\" \/>\n<meta property=\"og:site_name\" content=\"CELTTV\" \/>\n<meta property=\"article:publisher\" content=\"https:\/\/www.facebook.com\/celtTV\/\" \/>\n<meta property=\"article:published_time\" content=\"2014-06-03T14:43:08+00:00\" \/>\n<meta property=\"og:image\" content=\"http:\/\/www.tvcnoticias.com.ar\/wp-content\/uploads\/2014\/06\/DSCN4478-1280x960-Medium-450x337.jpg\" \/>\n<meta name=\"author\" content=\"ulises\" \/>\n<meta name=\"twitter:card\" content=\"summary_large_image\" \/>\n<meta name=\"twitter:label1\" content=\"Escrito por\" \/>\n\t<meta name=\"twitter:data1\" content=\"ulises\" \/>\n\t<meta name=\"twitter:label2\" content=\"Tiempo de lectura\" \/>\n\t<meta name=\"twitter:data2\" content=\"1 minuto\" \/>\n<script type=\"application\/ld+json\" class=\"yoast-schema-graph\">{\"@context\":\"https:\/\/schema.org\",\"@graph\":[{\"@type\":\"NewsArticle\",\"@id\":\"https:\/\/www.celttv.com.ar\/index.php\/2014\/06\/03\/el-pami-presento-la-obra-el-mundo-ha-vivido-equivocado\/#article\",\"isPartOf\":{\"@id\":\"https:\/\/www.celttv.com.ar\/index.php\/2014\/06\/03\/el-pami-presento-la-obra-el-mundo-ha-vivido-equivocado\/\"},\"author\":{\"name\":\"ulises\",\"@id\":\"https:\/\/www.celttv.com.ar\/#\/schema\/person\/6d99c072dba59953809c81446e9d0ace\"},\"headline\":\"EL PAMI PRESENTO LA OBRA &#8220;EL MUNDO HA VIVIDO EQUIVOCADO&#8221;\",\"datePublished\":\"2014-06-03T14:43:08+00:00\",\"dateModified\":\"2014-06-03T14:43:08+00:00\",\"mainEntityOfPage\":{\"@id\":\"https:\/\/www.celttv.com.ar\/index.php\/2014\/06\/03\/el-pami-presento-la-obra-el-mundo-ha-vivido-equivocado\/\"},\"wordCount\":231,\"publisher\":{\"@id\":\"https:\/\/www.celttv.com.ar\/#organization\"},\"articleSection\":[\"Destacadas\",\"Espect\u00e1culos\"],\"inLanguage\":\"es\"},{\"@type\":\"WebPage\",\"@id\":\"https:\/\/www.celttv.com.ar\/index.php\/2014\/06\/03\/el-pami-presento-la-obra-el-mundo-ha-vivido-equivocado\/\",\"url\":\"https:\/\/www.celttv.com.ar\/index.php\/2014\/06\/03\/el-pami-presento-la-obra-el-mundo-ha-vivido-equivocado\/\",\"name\":\"EL PAMI PRESENTO LA OBRA \\\"EL MUNDO HA VIVIDO EQUIVOCADO\\\" - CELTTV\",\"isPartOf\":{\"@id\":\"https:\/\/www.celttv.com.ar\/#website\"},\"datePublished\":\"2014-06-03T14:43:08+00:00\",\"dateModified\":\"2014-06-03T14:43:08+00:00\",\"description\":\"Sitio web de noticias de la localidad de Tornquist, provincia de Buenos Aires, Rep\u00fablica Argentina. Contenido propio originado por periodistas de CELTTV, el canal de TV local de la Cooperativa El\u00e9ctrica de Tornquist. Turismo, Pol\u00edtica, Sociedad, Deporte, Cultura y todo el contenido de inter\u00e9s general que la gente del pueblo y la regi\u00f3n debe conocer.\",\"breadcrumb\":{\"@id\":\"https:\/\/www.celttv.com.ar\/index.php\/2014\/06\/03\/el-pami-presento-la-obra-el-mundo-ha-vivido-equivocado\/#breadcrumb\"},\"inLanguage\":\"es\",\"potentialAction\":[{\"@type\":\"ReadAction\",\"target\":[\"https:\/\/www.celttv.com.ar\/index.php\/2014\/06\/03\/el-pami-presento-la-obra-el-mundo-ha-vivido-equivocado\/\"]}]},{\"@type\":\"BreadcrumbList\",\"@id\":\"https:\/\/www.celttv.com.ar\/index.php\/2014\/06\/03\/el-pami-presento-la-obra-el-mundo-ha-vivido-equivocado\/#breadcrumb\",\"itemListElement\":[{\"@type\":\"ListItem\",\"position\":1,\"name\":\"Inicio\",\"item\":\"https:\/\/www.celttv.com.ar\/\"},{\"@type\":\"ListItem\",\"position\":2,\"name\":\"EL PAMI PRESENTO LA OBRA &#8220;EL MUNDO HA VIVIDO EQUIVOCADO&#8221;\"}]},{\"@type\":\"WebSite\",\"@id\":\"https:\/\/www.celttv.com.ar\/#website\",\"url\":\"https:\/\/www.celttv.com.ar\/\",\"name\":\"CELTTV\",\"description\":\"Cooperativa El\u00e9ctrica de Tornquist\",\"publisher\":{\"@id\":\"https:\/\/www.celttv.com.ar\/#organization\"},\"potentialAction\":[{\"@type\":\"SearchAction\",\"target\":{\"@type\":\"EntryPoint\",\"urlTemplate\":\"https:\/\/www.celttv.com.ar\/?s={search_term_string}\"},\"query-input\":\"required name=search_term_string\"}],\"inLanguage\":\"es\"},{\"@type\":\"Organization\",\"@id\":\"https:\/\/www.celttv.com.ar\/#organization\",\"name\":\"CELTTV\",\"url\":\"https:\/\/www.celttv.com.ar\/\",\"sameAs\":[\"https:\/\/www.youtube.com\/channel\/UCz_oIt8Hig64Ub-EmcNPIhg\",\"https:\/\/www.facebook.com\/celtTV\/\"],\"logo\":{\"@type\":\"ImageObject\",\"inLanguage\":\"es\",\"@id\":\"https:\/\/www.celttv.com.ar\/#\/schema\/logo\/image\/\",\"url\":\"http:\/\/www.celttv.com.ar\/wp-content\/uploads\/2022\/08\/logo-1.png\",\"contentUrl\":\"http:\/\/www.celttv.com.ar\/wp-content\/uploads\/2022\/08\/logo-1.png\",\"width\":461,\"height\":159,\"caption\":\"CELTTV\"},\"image\":{\"@id\":\"https:\/\/www.celttv.com.ar\/#\/schema\/logo\/image\/\"}},{\"@type\":\"Person\",\"@id\":\"https:\/\/www.celttv.com.ar\/#\/schema\/person\/6d99c072dba59953809c81446e9d0ace\",\"name\":\"ulises\",\"image\":{\"@type\":\"ImageObject\",\"inLanguage\":\"es\",\"@id\":\"https:\/\/www.celttv.com.ar\/#\/schema\/person\/image\/\",\"url\":\"https:\/\/secure.gravatar.com\/avatar\/7f2c48bdc33b30088f941fb6082e555f2874c98e20cb159d7b92b50eadfce793?s=96&d=mm&r=g\",\"contentUrl\":\"https:\/\/secure.gravatar.com\/avatar\/7f2c48bdc33b30088f941fb6082e555f2874c98e20cb159d7b92b50eadfce793?s=96&d=mm&r=g\",\"caption\":\"ulises\"},\"sameAs\":[\"http:\/\/www.celttv.com.ar\"]}]}<\/script>\n<!-- \/ Yoast SEO plugin. -->","yoast_head_json":{"title":"EL PAMI PRESENTO LA OBRA \"EL MUNDO HA VIVIDO EQUIVOCADO\" - CELTTV","description":"Sitio web de noticias de la localidad de Tornquist, provincia de Buenos Aires, Rep\u00fablica Argentina. Contenido propio originado por periodistas de CELTTV, el canal de TV local de la Cooperativa El\u00e9ctrica de Tornquist. Turismo, Pol\u00edtica, Sociedad, Deporte, Cultura y todo el contenido de inter\u00e9s general que la gente del pueblo y la regi\u00f3n debe conocer.","robots":{"index":"index","follow":"follow","max-snippet":"max-snippet:-1","max-image-preview":"max-image-preview:large","max-video-preview":"max-video-preview:-1"},"canonical":"https:\/\/www.celttv.com.ar\/index.php\/2014\/06\/03\/el-pami-presento-la-obra-el-mundo-ha-vivido-equivocado\/","og_locale":"es_ES","og_type":"article","og_title":"EL PAMI PRESENTO LA OBRA \"EL MUNDO HA VIVIDO EQUIVOCADO\" - CELTTV","og_description":"Sitio web de noticias de la localidad de Tornquist, provincia de Buenos Aires, Rep\u00fablica Argentina. Contenido propio originado por periodistas de CELTTV, el canal de TV local de la Cooperativa El\u00e9ctrica de Tornquist. Turismo, Pol\u00edtica, Sociedad, Deporte, Cultura y todo el contenido de inter\u00e9s general que la gente del pueblo y la regi\u00f3n debe conocer.","og_url":"https:\/\/www.celttv.com.ar\/index.php\/2014\/06\/03\/el-pami-presento-la-obra-el-mundo-ha-vivido-equivocado\/","og_site_name":"CELTTV","article_publisher":"https:\/\/www.facebook.com\/celtTV\/","article_published_time":"2014-06-03T14:43:08+00:00","og_image":[{"url":"http:\/\/www.tvcnoticias.com.ar\/wp-content\/uploads\/2014\/06\/DSCN4478-1280x960-Medium-450x337.jpg"}],"author":"ulises","twitter_card":"summary_large_image","twitter_misc":{"Escrito por":"ulises","Tiempo de lectura":"1 minuto"},"schema":{"@context":"https:\/\/schema.org","@graph":[{"@type":"NewsArticle","@id":"https:\/\/www.celttv.com.ar\/index.php\/2014\/06\/03\/el-pami-presento-la-obra-el-mundo-ha-vivido-equivocado\/#article","isPartOf":{"@id":"https:\/\/www.celttv.com.ar\/index.php\/2014\/06\/03\/el-pami-presento-la-obra-el-mundo-ha-vivido-equivocado\/"},"author":{"name":"ulises","@id":"https:\/\/www.celttv.com.ar\/#\/schema\/person\/6d99c072dba59953809c81446e9d0ace"},"headline":"EL PAMI PRESENTO LA OBRA &#8220;EL MUNDO HA VIVIDO EQUIVOCADO&#8221;","datePublished":"2014-06-03T14:43:08+00:00","dateModified":"2014-06-03T14:43:08+00:00","mainEntityOfPage":{"@id":"https:\/\/www.celttv.com.ar\/index.php\/2014\/06\/03\/el-pami-presento-la-obra-el-mundo-ha-vivido-equivocado\/"},"wordCount":231,"publisher":{"@id":"https:\/\/www.celttv.com.ar\/#organization"},"articleSection":["Destacadas","Espect\u00e1culos"],"inLanguage":"es"},{"@type":"WebPage","@id":"https:\/\/www.celttv.com.ar\/index.php\/2014\/06\/03\/el-pami-presento-la-obra-el-mundo-ha-vivido-equivocado\/","url":"https:\/\/www.celttv.com.ar\/index.php\/2014\/06\/03\/el-pami-presento-la-obra-el-mundo-ha-vivido-equivocado\/","name":"EL PAMI PRESENTO LA OBRA \"EL MUNDO HA VIVIDO EQUIVOCADO\" - CELTTV","isPartOf":{"@id":"https:\/\/www.celttv.com.ar\/#website"},"datePublished":"2014-06-03T14:43:08+00:00","dateModified":"2014-06-03T14:43:08+00:00","description":"Sitio web de noticias de la localidad de Tornquist, provincia de Buenos Aires, Rep\u00fablica Argentina. Contenido propio originado por periodistas de CELTTV, el canal de TV local de la Cooperativa El\u00e9ctrica de Tornquist. Turismo, Pol\u00edtica, Sociedad, Deporte, Cultura y todo el contenido de inter\u00e9s general que la gente del pueblo y la regi\u00f3n debe conocer.","breadcrumb":{"@id":"https:\/\/www.celttv.com.ar\/index.php\/2014\/06\/03\/el-pami-presento-la-obra-el-mundo-ha-vivido-equivocado\/#breadcrumb"},"inLanguage":"es","potentialAction":[{"@type":"ReadAction","target":["https:\/\/www.celttv.com.ar\/index.php\/2014\/06\/03\/el-pami-presento-la-obra-el-mundo-ha-vivido-equivocado\/"]}]},{"@type":"BreadcrumbList","@id":"https:\/\/www.celttv.com.ar\/index.php\/2014\/06\/03\/el-pami-presento-la-obra-el-mundo-ha-vivido-equivocado\/#breadcrumb","itemListElement":[{"@type":"ListItem","position":1,"name":"Inicio","item":"https:\/\/www.celttv.com.ar\/"},{"@type":"ListItem","position":2,"name":"EL PAMI PRESENTO LA OBRA &#8220;EL MUNDO HA VIVIDO EQUIVOCADO&#8221;"}]},{"@type":"WebSite","@id":"https:\/\/www.celttv.com.ar\/#website","url":"https:\/\/www.celttv.com.ar\/","name":"CELTTV","description":"Cooperativa El\u00e9ctrica de Tornquist","publisher":{"@id":"https:\/\/www.celttv.com.ar\/#organization"},"potentialAction":[{"@type":"SearchAction","target":{"@type":"EntryPoint","urlTemplate":"https:\/\/www.celttv.com.ar\/?s={search_term_string}"},"query-input":"required name=search_term_string"}],"inLanguage":"es"},{"@type":"Organization","@id":"https:\/\/www.celttv.com.ar\/#organization","name":"CELTTV","url":"https:\/\/www.celttv.com.ar\/","sameAs":["https:\/\/www.youtube.com\/channel\/UCz_oIt8Hig64Ub-EmcNPIhg","https:\/\/www.facebook.com\/celtTV\/"],"logo":{"@type":"ImageObject","inLanguage":"es","@id":"https:\/\/www.celttv.com.ar\/#\/schema\/logo\/image\/","url":"http:\/\/www.celttv.com.ar\/wp-content\/uploads\/2022\/08\/logo-1.png","contentUrl":"http:\/\/www.celttv.com.ar\/wp-content\/uploads\/2022\/08\/logo-1.png","width":461,"height":159,"caption":"CELTTV"},"image":{"@id":"https:\/\/www.celttv.com.ar\/#\/schema\/logo\/image\/"}},{"@type":"Person","@id":"https:\/\/www.celttv.com.ar\/#\/schema\/person\/6d99c072dba59953809c81446e9d0ace","name":"ulises","image":{"@type":"ImageObject","inLanguage":"es","@id":"https:\/\/www.celttv.com.ar\/#\/schema\/person\/image\/","url":"https:\/\/secure.gravatar.com\/avatar\/7f2c48bdc33b30088f941fb6082e555f2874c98e20cb159d7b92b50eadfce793?s=96&d=mm&r=g","contentUrl":"https:\/\/secure.gravatar.com\/avatar\/7f2c48bdc33b30088f941fb6082e555f2874c98e20cb159d7b92b50eadfce793?s=96&d=mm&r=g","caption":"ulises"},"sameAs":["http:\/\/www.celttv.com.ar"]}]}},"_links":{"self":[{"href":"https:\/\/www.celttv.com.ar\/index.php\/wp-json\/wp\/v2\/posts\/20827","targetHints":{"allow":["GET"]}}],"collection":[{"href":"https:\/\/www.celttv.com.ar\/index.php\/wp-json\/wp\/v2\/posts"}],"about":[{"href":"https:\/\/www.celttv.com.ar\/index.php\/wp-json\/wp\/v2\/types\/post"}],"author":[{"embeddable":true,"href":"https:\/\/www.celttv.com.ar\/index.php\/wp-json\/wp\/v2\/users\/1"}],"replies":[{"embeddable":true,"href":"https:\/\/www.celttv.com.ar\/index.php\/wp-json\/wp\/v2\/comments?post=20827"}],"version-history":[{"count":0,"href":"https:\/\/www.celttv.com.ar\/index.php\/wp-json\/wp\/v2\/posts\/20827\/revisions"}],"wp:attachment":[{"href":"https:\/\/www.celttv.com.ar\/index.php\/wp-json\/wp\/v2\/media?parent=20827"}],"wp:term":[{"taxonomy":"category","embeddable":true,"href":"https:\/\/www.celttv.com.ar\/index.php\/wp-json\/wp\/v2\/categories?post=20827"},{"taxonomy":"post_tag","embeddable":true,"href":"https:\/\/www.celttv.com.ar\/index.php\/wp-json\/wp\/v2\/tags?post=20827"}],"curies":[{"name":"wp","href":"https:\/\/api.w.org\/{rel}","templated":true}]}}