{"id":20834,"date":"2014-06-03T20:10:15","date_gmt":"2014-06-03T20:10:15","guid":{"rendered":"http:\/\/www.tvcnoticias.com.ar\/?p=20834"},"modified":"2014-06-03T20:10:15","modified_gmt":"2014-06-03T20:10:15","slug":"liga-de-coronel-suarez-los-arbitros-en-el-ojo-de-la-tormenta","status":"publish","type":"post","link":"https:\/\/www.celttv.com.ar\/index.php\/2014\/06\/03\/liga-de-coronel-suarez-los-arbitros-en-el-ojo-de-la-tormenta\/","title":{"rendered":"LIGA DE CORONEL SUAREZ: LOS ARBITROS EN EL OJO DE LA TORMENTA"},"content":{"rendered":"<p>La labor de los encargados de administrar justicia en las canchas de la LRF fue uno de los temas centrales de la \u00faltima reuni\u00f3n.<a rel=\"attachment wp-att-20835\" href=\"http:\/\/www.tvcnoticias.com.ar\/?attachment_id=20835\"><img loading=\"lazy\" decoding=\"async\" class=\"aligncenter size-medium wp-image-20835\" title=\"Arbitro (Medium)\" src=\"http:\/\/www.tvcnoticias.com.ar\/wp-content\/uploads\/2014\/06\/Arbitro-Medium-450x299.jpg\" alt=\"\" width=\"450\" height=\"299\" \/><\/a><br \/>\nLas actuaciones y actitudes de varios \u00e1rbitros despertaron los cuestionamientos de dirigentes de clubes afiliados y quedaron en el ojo de la tormenta, de acuerdo a lo tratado en la reuni\u00f3n que el lunes pasado llev\u00f3 a cabo el consejo directivo de la Liga Regional de F\u00fatbol de Coronel Su\u00e1rez.<br \/>\nUna de las instituciones que manifest\u00f3 su malestar fue Boca Juniors y lo hizo con relaci\u00f3n al desempe\u00f1o de Daniel Jaime en el enfrentamiento de divisiones inferiores del s\u00e1bado pasado frente a Club Sarmiento, en el estadio \u201cEduardo Gayraud\u201d de la ciudad de Pig\u00fc\u00e9.<br \/>\nEl club que preside Javier Roth expres\u00f3 \u201csu m\u00e1s en\u00e9rgico repudio al comportamiento abusivo de Jaime\u201d y entre otras cosas cuestion\u00f3 un claro gol con la mano y gestos obscenos frente a la tribuna auriazul en lo que calific\u00f3 como una \u201ct\u00edpica actitud provocadora\u201d.<br \/>\nBoca habl\u00f3 de \u201cabuso de autoridad\u201d y entiende que este tipo de acciones deben desaparecer, adem\u00e1s de considerar que la relaci\u00f3n con el mencionado \u00e1rbitro es \u201cirreparable\u201d debido a su mala intencionalidad para con la instituci\u00f3n.<br \/>\nEs por dicho motivo que solicit\u00f3 la exclusi\u00f3n de su presencia en los pr\u00f3ximos partidos de Boca y cree que a este club no debe seguir dirigiendo.<br \/>\nEn la sesi\u00f3n del lunes pasado tambi\u00e9n se le dio ingreso a una nota de Deportivo Argentino, en la que denunci\u00f3 una agresi\u00f3n (golpe en el pecho) del juez asistente Guillermo Pierob\u00f3n al ayudante de campo de Javier Montenegro en el cotejo de Reserva que d\u00edas pasados dicho club jug\u00f3 contra Pe\u00f1arol de Pig\u00fc\u00e9 en el estadio \u201cWalter Alric\u201d.<br \/>\nTambi\u00e9n dijeron lo suyo los dirigentes de San Mart\u00edn de Carhu\u00e9 Esteban Lobay y Yamil Robert, quienes consideraron que al margen de los resultados los arbitrajes para dicha entidad han sido malos y que el domingo, con su labor en el enfrentamiento ante Empleados de Comerico, Sergio Taryano le puso el sello final.<br \/>\nEduardo Castro, delegado de Tiro Federal de Villa Belgrano, tambi\u00e9n hizo referencia al mal desempe\u00f1o de Juan Ariel Ferreyra en el partido del domingo pasado frente a Deportivo Sarmiento, a quien hizo responsable del esc\u00e1ndalo que se desat\u00f3 y que deriv\u00f3 en la agresi\u00f3n de Gonzalo Mart\u00ednez hacia la m\u00e1xima autoridad.<br \/>\nAdem\u00e1s justific\u00f3 su presencia dentro de la cancha en querer evitar m\u00e1s tarjetas rojas para los suyos, dado que Tiro cuenta con un plantel corto, a la vez que reconoci\u00f3 que el juez debi\u00f3 expulsar a m\u00e1s jugadores en lo que fue otra falla arbitral.<br \/>\nSe escuch\u00f3 decir en el recinto de Las Heras 1.062 que \u201csi quieren que los jugadores los respeten, tambi\u00e9n tiene que suceder a la inversa\u201d, en relaci\u00f3n a algunos malos tratos de los encargados de administrar justicia para con los protagonistas principales.<br \/>\nLas notas de Boca y Deportivo Argentino fueron giradas al Tribunal de Penas para su tratamiento, en tanto el presidente de la Liga Ernesto Palenzona adelant\u00f3 que tendr\u00e1 una reuni\u00f3n con los titulares de las asociaciones porque los \u00e1rbitros \u201ctienen que estar a la altura de las circunstancias, al menos en la relaci\u00f3n con los jugadores y cuerpos t\u00e9cnicos\u201d, indic\u00f3.<br \/>\n&nbsp;<br \/>\n&nbsp;<br \/>\n&nbsp;<br \/>\n&nbsp;<br \/>\n&nbsp;<br \/>\n&nbsp;<br \/>\n&nbsp;<br \/>\n&nbsp;<\/p>\n","protected":false},"excerpt":{"rendered":"<p>La labor de los encargados de administrar justicia en las canchas de la LRF fue uno de los temas centrales de la \u00faltima reuni\u00f3n. Las actuaciones y actitudes de varios \u00e1rbitros despertaron los cuestionamientos de dirigentes de clubes afiliados y quedaron en el ojo de la tormenta, de acuerdo a lo tratado en la reuni\u00f3n [&hellip;]<\/p>\n","protected":false},"author":1,"featured_media":0,"comment_status":"closed","ping_status":"open","sticky":false,"template":"","format":"standard","meta":{"footnotes":""},"categories":[60,52],"tags":[],"class_list":["post-20834","post","type-post","status-publish","format-standard","hentry","category-deporte","category-destacadas"],"yoast_head":"<!-- This site is optimized with the Yoast SEO plugin v19.7.1 - https:\/\/yoast.com\/wordpress\/plugins\/seo\/ -->\n<title>LIGA DE CORONEL SUAREZ: LOS ARBITROS EN EL OJO DE LA TORMENTA - CELTTV<\/title>\n<meta name=\"description\" content=\"Sitio web de noticias de la localidad de Tornquist, provincia de Buenos Aires, Rep\u00fablica Argentina. Contenido propio originado por periodistas de CELTTV, el canal de TV local de la Cooperativa El\u00e9ctrica de Tornquist. Turismo, Pol\u00edtica, Sociedad, Deporte, Cultura y todo el contenido de inter\u00e9s general que la gente del pueblo y la regi\u00f3n debe conocer.\" \/>\n<meta name=\"robots\" content=\"index, follow, max-snippet:-1, max-image-preview:large, max-video-preview:-1\" \/>\n<link rel=\"canonical\" href=\"https:\/\/www.celttv.com.ar\/index.php\/2014\/06\/03\/liga-de-coronel-suarez-los-arbitros-en-el-ojo-de-la-tormenta\/\" \/>\n<meta property=\"og:locale\" content=\"es_ES\" \/>\n<meta property=\"og:type\" content=\"article\" \/>\n<meta property=\"og:title\" content=\"LIGA DE CORONEL SUAREZ: LOS ARBITROS EN EL OJO DE LA TORMENTA - CELTTV\" \/>\n<meta property=\"og:description\" content=\"Sitio web de noticias de la localidad de Tornquist, provincia de Buenos Aires, Rep\u00fablica Argentina. Contenido propio originado por periodistas de CELTTV, el canal de TV local de la Cooperativa El\u00e9ctrica de Tornquist. Turismo, Pol\u00edtica, Sociedad, Deporte, Cultura y todo el contenido de inter\u00e9s general que la gente del pueblo y la regi\u00f3n debe conocer.\" \/>\n<meta property=\"og:url\" content=\"https:\/\/www.celttv.com.ar\/index.php\/2014\/06\/03\/liga-de-coronel-suarez-los-arbitros-en-el-ojo-de-la-tormenta\/\" \/>\n<meta property=\"og:site_name\" content=\"CELTTV\" \/>\n<meta property=\"article:publisher\" content=\"https:\/\/www.facebook.com\/celtTV\/\" \/>\n<meta property=\"article:published_time\" content=\"2014-06-03T20:10:15+00:00\" \/>\n<meta property=\"og:image\" content=\"http:\/\/www.tvcnoticias.com.ar\/wp-content\/uploads\/2014\/06\/Arbitro-Medium-450x299.jpg\" \/>\n<meta name=\"author\" content=\"ulises\" \/>\n<meta name=\"twitter:card\" content=\"summary_large_image\" \/>\n<meta name=\"twitter:label1\" content=\"Escrito por\" \/>\n\t<meta name=\"twitter:data1\" content=\"ulises\" \/>\n\t<meta name=\"twitter:label2\" content=\"Tiempo de lectura\" \/>\n\t<meta name=\"twitter:data2\" content=\"3 minutos\" \/>\n<script type=\"application\/ld+json\" class=\"yoast-schema-graph\">{\"@context\":\"https:\/\/schema.org\",\"@graph\":[{\"@type\":\"NewsArticle\",\"@id\":\"https:\/\/www.celttv.com.ar\/index.php\/2014\/06\/03\/liga-de-coronel-suarez-los-arbitros-en-el-ojo-de-la-tormenta\/#article\",\"isPartOf\":{\"@id\":\"https:\/\/www.celttv.com.ar\/index.php\/2014\/06\/03\/liga-de-coronel-suarez-los-arbitros-en-el-ojo-de-la-tormenta\/\"},\"author\":{\"name\":\"ulises\",\"@id\":\"https:\/\/www.celttv.com.ar\/#\/schema\/person\/6d99c072dba59953809c81446e9d0ace\"},\"headline\":\"LIGA DE CORONEL SUAREZ: LOS ARBITROS EN EL OJO DE LA TORMENTA\",\"datePublished\":\"2014-06-03T20:10:15+00:00\",\"dateModified\":\"2014-06-03T20:10:15+00:00\",\"mainEntityOfPage\":{\"@id\":\"https:\/\/www.celttv.com.ar\/index.php\/2014\/06\/03\/liga-de-coronel-suarez-los-arbitros-en-el-ojo-de-la-tormenta\/\"},\"wordCount\":591,\"publisher\":{\"@id\":\"https:\/\/www.celttv.com.ar\/#organization\"},\"articleSection\":[\"Deporte\",\"Destacadas\"],\"inLanguage\":\"es\"},{\"@type\":\"WebPage\",\"@id\":\"https:\/\/www.celttv.com.ar\/index.php\/2014\/06\/03\/liga-de-coronel-suarez-los-arbitros-en-el-ojo-de-la-tormenta\/\",\"url\":\"https:\/\/www.celttv.com.ar\/index.php\/2014\/06\/03\/liga-de-coronel-suarez-los-arbitros-en-el-ojo-de-la-tormenta\/\",\"name\":\"LIGA DE CORONEL SUAREZ: LOS ARBITROS EN EL OJO DE LA TORMENTA - CELTTV\",\"isPartOf\":{\"@id\":\"https:\/\/www.celttv.com.ar\/#website\"},\"datePublished\":\"2014-06-03T20:10:15+00:00\",\"dateModified\":\"2014-06-03T20:10:15+00:00\",\"description\":\"Sitio web de noticias de la localidad de Tornquist, provincia de Buenos Aires, Rep\u00fablica Argentina. Contenido propio originado por periodistas de CELTTV, el canal de TV local de la Cooperativa El\u00e9ctrica de Tornquist. Turismo, Pol\u00edtica, Sociedad, Deporte, Cultura y todo el contenido de inter\u00e9s general que la gente del pueblo y la regi\u00f3n debe conocer.\",\"breadcrumb\":{\"@id\":\"https:\/\/www.celttv.com.ar\/index.php\/2014\/06\/03\/liga-de-coronel-suarez-los-arbitros-en-el-ojo-de-la-tormenta\/#breadcrumb\"},\"inLanguage\":\"es\",\"potentialAction\":[{\"@type\":\"ReadAction\",\"target\":[\"https:\/\/www.celttv.com.ar\/index.php\/2014\/06\/03\/liga-de-coronel-suarez-los-arbitros-en-el-ojo-de-la-tormenta\/\"]}]},{\"@type\":\"BreadcrumbList\",\"@id\":\"https:\/\/www.celttv.com.ar\/index.php\/2014\/06\/03\/liga-de-coronel-suarez-los-arbitros-en-el-ojo-de-la-tormenta\/#breadcrumb\",\"itemListElement\":[{\"@type\":\"ListItem\",\"position\":1,\"name\":\"Inicio\",\"item\":\"https:\/\/www.celttv.com.ar\/\"},{\"@type\":\"ListItem\",\"position\":2,\"name\":\"LIGA DE CORONEL SUAREZ: LOS ARBITROS EN EL OJO DE LA TORMENTA\"}]},{\"@type\":\"WebSite\",\"@id\":\"https:\/\/www.celttv.com.ar\/#website\",\"url\":\"https:\/\/www.celttv.com.ar\/\",\"name\":\"CELTTV\",\"description\":\"Cooperativa El\u00e9ctrica de Tornquist\",\"publisher\":{\"@id\":\"https:\/\/www.celttv.com.ar\/#organization\"},\"potentialAction\":[{\"@type\":\"SearchAction\",\"target\":{\"@type\":\"EntryPoint\",\"urlTemplate\":\"https:\/\/www.celttv.com.ar\/?s={search_term_string}\"},\"query-input\":\"required name=search_term_string\"}],\"inLanguage\":\"es\"},{\"@type\":\"Organization\",\"@id\":\"https:\/\/www.celttv.com.ar\/#organization\",\"name\":\"CELTTV\",\"url\":\"https:\/\/www.celttv.com.ar\/\",\"sameAs\":[\"https:\/\/www.youtube.com\/channel\/UCz_oIt8Hig64Ub-EmcNPIhg\",\"https:\/\/www.facebook.com\/celtTV\/\"],\"logo\":{\"@type\":\"ImageObject\",\"inLanguage\":\"es\",\"@id\":\"https:\/\/www.celttv.com.ar\/#\/schema\/logo\/image\/\",\"url\":\"http:\/\/www.celttv.com.ar\/wp-content\/uploads\/2022\/08\/logo-1.png\",\"contentUrl\":\"http:\/\/www.celttv.com.ar\/wp-content\/uploads\/2022\/08\/logo-1.png\",\"width\":461,\"height\":159,\"caption\":\"CELTTV\"},\"image\":{\"@id\":\"https:\/\/www.celttv.com.ar\/#\/schema\/logo\/image\/\"}},{\"@type\":\"Person\",\"@id\":\"https:\/\/www.celttv.com.ar\/#\/schema\/person\/6d99c072dba59953809c81446e9d0ace\",\"name\":\"ulises\",\"image\":{\"@type\":\"ImageObject\",\"inLanguage\":\"es\",\"@id\":\"https:\/\/www.celttv.com.ar\/#\/schema\/person\/image\/\",\"url\":\"https:\/\/secure.gravatar.com\/avatar\/7f2c48bdc33b30088f941fb6082e555f2874c98e20cb159d7b92b50eadfce793?s=96&d=mm&r=g\",\"contentUrl\":\"https:\/\/secure.gravatar.com\/avatar\/7f2c48bdc33b30088f941fb6082e555f2874c98e20cb159d7b92b50eadfce793?s=96&d=mm&r=g\",\"caption\":\"ulises\"},\"sameAs\":[\"http:\/\/www.celttv.com.ar\"]}]}<\/script>\n<!-- \/ Yoast SEO plugin. -->","yoast_head_json":{"title":"LIGA DE CORONEL SUAREZ: LOS ARBITROS EN EL OJO DE LA TORMENTA - CELTTV","description":"Sitio web de noticias de la localidad de Tornquist, provincia de Buenos Aires, Rep\u00fablica Argentina. Contenido propio originado por periodistas de CELTTV, el canal de TV local de la Cooperativa El\u00e9ctrica de Tornquist. Turismo, Pol\u00edtica, Sociedad, Deporte, Cultura y todo el contenido de inter\u00e9s general que la gente del pueblo y la regi\u00f3n debe conocer.","robots":{"index":"index","follow":"follow","max-snippet":"max-snippet:-1","max-image-preview":"max-image-preview:large","max-video-preview":"max-video-preview:-1"},"canonical":"https:\/\/www.celttv.com.ar\/index.php\/2014\/06\/03\/liga-de-coronel-suarez-los-arbitros-en-el-ojo-de-la-tormenta\/","og_locale":"es_ES","og_type":"article","og_title":"LIGA DE CORONEL SUAREZ: LOS ARBITROS EN EL OJO DE LA TORMENTA - CELTTV","og_description":"Sitio web de noticias de la localidad de Tornquist, provincia de Buenos Aires, Rep\u00fablica Argentina. Contenido propio originado por periodistas de CELTTV, el canal de TV local de la Cooperativa El\u00e9ctrica de Tornquist. Turismo, Pol\u00edtica, Sociedad, Deporte, Cultura y todo el contenido de inter\u00e9s general que la gente del pueblo y la regi\u00f3n debe conocer.","og_url":"https:\/\/www.celttv.com.ar\/index.php\/2014\/06\/03\/liga-de-coronel-suarez-los-arbitros-en-el-ojo-de-la-tormenta\/","og_site_name":"CELTTV","article_publisher":"https:\/\/www.facebook.com\/celtTV\/","article_published_time":"2014-06-03T20:10:15+00:00","og_image":[{"url":"http:\/\/www.tvcnoticias.com.ar\/wp-content\/uploads\/2014\/06\/Arbitro-Medium-450x299.jpg"}],"author":"ulises","twitter_card":"summary_large_image","twitter_misc":{"Escrito por":"ulises","Tiempo de lectura":"3 minutos"},"schema":{"@context":"https:\/\/schema.org","@graph":[{"@type":"NewsArticle","@id":"https:\/\/www.celttv.com.ar\/index.php\/2014\/06\/03\/liga-de-coronel-suarez-los-arbitros-en-el-ojo-de-la-tormenta\/#article","isPartOf":{"@id":"https:\/\/www.celttv.com.ar\/index.php\/2014\/06\/03\/liga-de-coronel-suarez-los-arbitros-en-el-ojo-de-la-tormenta\/"},"author":{"name":"ulises","@id":"https:\/\/www.celttv.com.ar\/#\/schema\/person\/6d99c072dba59953809c81446e9d0ace"},"headline":"LIGA DE CORONEL SUAREZ: LOS ARBITROS EN EL OJO DE LA TORMENTA","datePublished":"2014-06-03T20:10:15+00:00","dateModified":"2014-06-03T20:10:15+00:00","mainEntityOfPage":{"@id":"https:\/\/www.celttv.com.ar\/index.php\/2014\/06\/03\/liga-de-coronel-suarez-los-arbitros-en-el-ojo-de-la-tormenta\/"},"wordCount":591,"publisher":{"@id":"https:\/\/www.celttv.com.ar\/#organization"},"articleSection":["Deporte","Destacadas"],"inLanguage":"es"},{"@type":"WebPage","@id":"https:\/\/www.celttv.com.ar\/index.php\/2014\/06\/03\/liga-de-coronel-suarez-los-arbitros-en-el-ojo-de-la-tormenta\/","url":"https:\/\/www.celttv.com.ar\/index.php\/2014\/06\/03\/liga-de-coronel-suarez-los-arbitros-en-el-ojo-de-la-tormenta\/","name":"LIGA DE CORONEL SUAREZ: LOS ARBITROS EN EL OJO DE LA TORMENTA - CELTTV","isPartOf":{"@id":"https:\/\/www.celttv.com.ar\/#website"},"datePublished":"2014-06-03T20:10:15+00:00","dateModified":"2014-06-03T20:10:15+00:00","description":"Sitio web de noticias de la localidad de Tornquist, provincia de Buenos Aires, Rep\u00fablica Argentina. Contenido propio originado por periodistas de CELTTV, el canal de TV local de la Cooperativa El\u00e9ctrica de Tornquist. Turismo, Pol\u00edtica, Sociedad, Deporte, Cultura y todo el contenido de inter\u00e9s general que la gente del pueblo y la regi\u00f3n debe conocer.","breadcrumb":{"@id":"https:\/\/www.celttv.com.ar\/index.php\/2014\/06\/03\/liga-de-coronel-suarez-los-arbitros-en-el-ojo-de-la-tormenta\/#breadcrumb"},"inLanguage":"es","potentialAction":[{"@type":"ReadAction","target":["https:\/\/www.celttv.com.ar\/index.php\/2014\/06\/03\/liga-de-coronel-suarez-los-arbitros-en-el-ojo-de-la-tormenta\/"]}]},{"@type":"BreadcrumbList","@id":"https:\/\/www.celttv.com.ar\/index.php\/2014\/06\/03\/liga-de-coronel-suarez-los-arbitros-en-el-ojo-de-la-tormenta\/#breadcrumb","itemListElement":[{"@type":"ListItem","position":1,"name":"Inicio","item":"https:\/\/www.celttv.com.ar\/"},{"@type":"ListItem","position":2,"name":"LIGA DE CORONEL SUAREZ: LOS ARBITROS EN EL OJO DE LA TORMENTA"}]},{"@type":"WebSite","@id":"https:\/\/www.celttv.com.ar\/#website","url":"https:\/\/www.celttv.com.ar\/","name":"CELTTV","description":"Cooperativa El\u00e9ctrica de Tornquist","publisher":{"@id":"https:\/\/www.celttv.com.ar\/#organization"},"potentialAction":[{"@type":"SearchAction","target":{"@type":"EntryPoint","urlTemplate":"https:\/\/www.celttv.com.ar\/?s={search_term_string}"},"query-input":"required name=search_term_string"}],"inLanguage":"es"},{"@type":"Organization","@id":"https:\/\/www.celttv.com.ar\/#organization","name":"CELTTV","url":"https:\/\/www.celttv.com.ar\/","sameAs":["https:\/\/www.youtube.com\/channel\/UCz_oIt8Hig64Ub-EmcNPIhg","https:\/\/www.facebook.com\/celtTV\/"],"logo":{"@type":"ImageObject","inLanguage":"es","@id":"https:\/\/www.celttv.com.ar\/#\/schema\/logo\/image\/","url":"http:\/\/www.celttv.com.ar\/wp-content\/uploads\/2022\/08\/logo-1.png","contentUrl":"http:\/\/www.celttv.com.ar\/wp-content\/uploads\/2022\/08\/logo-1.png","width":461,"height":159,"caption":"CELTTV"},"image":{"@id":"https:\/\/www.celttv.com.ar\/#\/schema\/logo\/image\/"}},{"@type":"Person","@id":"https:\/\/www.celttv.com.ar\/#\/schema\/person\/6d99c072dba59953809c81446e9d0ace","name":"ulises","image":{"@type":"ImageObject","inLanguage":"es","@id":"https:\/\/www.celttv.com.ar\/#\/schema\/person\/image\/","url":"https:\/\/secure.gravatar.com\/avatar\/7f2c48bdc33b30088f941fb6082e555f2874c98e20cb159d7b92b50eadfce793?s=96&d=mm&r=g","contentUrl":"https:\/\/secure.gravatar.com\/avatar\/7f2c48bdc33b30088f941fb6082e555f2874c98e20cb159d7b92b50eadfce793?s=96&d=mm&r=g","caption":"ulises"},"sameAs":["http:\/\/www.celttv.com.ar"]}]}},"_links":{"self":[{"href":"https:\/\/www.celttv.com.ar\/index.php\/wp-json\/wp\/v2\/posts\/20834","targetHints":{"allow":["GET"]}}],"collection":[{"href":"https:\/\/www.celttv.com.ar\/index.php\/wp-json\/wp\/v2\/posts"}],"about":[{"href":"https:\/\/www.celttv.com.ar\/index.php\/wp-json\/wp\/v2\/types\/post"}],"author":[{"embeddable":true,"href":"https:\/\/www.celttv.com.ar\/index.php\/wp-json\/wp\/v2\/users\/1"}],"replies":[{"embeddable":true,"href":"https:\/\/www.celttv.com.ar\/index.php\/wp-json\/wp\/v2\/comments?post=20834"}],"version-history":[{"count":0,"href":"https:\/\/www.celttv.com.ar\/index.php\/wp-json\/wp\/v2\/posts\/20834\/revisions"}],"wp:attachment":[{"href":"https:\/\/www.celttv.com.ar\/index.php\/wp-json\/wp\/v2\/media?parent=20834"}],"wp:term":[{"taxonomy":"category","embeddable":true,"href":"https:\/\/www.celttv.com.ar\/index.php\/wp-json\/wp\/v2\/categories?post=20834"},{"taxonomy":"post_tag","embeddable":true,"href":"https:\/\/www.celttv.com.ar\/index.php\/wp-json\/wp\/v2\/tags?post=20834"}],"curies":[{"name":"wp","href":"https:\/\/api.w.org\/{rel}","templated":true}]}}