{"id":20839,"date":"2014-06-03T20:14:03","date_gmt":"2014-06-03T20:14:03","guid":{"rendered":"http:\/\/www.tvcnoticias.com.ar\/?p=20839"},"modified":"2014-06-03T20:14:03","modified_gmt":"2014-06-03T20:14:03","slug":"liga-regional-el-clasico-de-tornquist-se-paso-para-el-miercoles-11","status":"publish","type":"post","link":"https:\/\/www.celttv.com.ar\/index.php\/2014\/06\/03\/liga-regional-el-clasico-de-tornquist-se-paso-para-el-miercoles-11\/","title":{"rendered":"LIGA REGIONAL: EL CLASICO DE TORNQUIST SE PASO PARA EL MIERCOLES 11"},"content":{"rendered":"<p><a rel=\"attachment wp-att-20840\" href=\"http:\/\/www.tvcnoticias.com.ar\/?attachment_id=20840\"><img loading=\"lazy\" decoding=\"async\" class=\"aligncenter size-medium wp-image-20840\" title=\"1430 - ARCO Y PELOTA (Medium)\" src=\"http:\/\/www.tvcnoticias.com.ar\/wp-content\/uploads\/2014\/06\/1430-ARCO-Y-PELOTA-Medium1-450x261.jpg\" alt=\"\" width=\"450\" height=\"261\" \/><\/a>Se hizo lugar a un pedido de Uni\u00f3n y el enfrentamiento se volvi\u00f3 a reprogramar. A partir del pr\u00f3ximo domingo los partidos de Primera divisi\u00f3n empezar\u00e1n a las 15:00. \u00a0\u2013COPETE&#8211;<br \/>\n&nbsp;<br \/>\nUna vez m\u00e1s el cl\u00e1sico de Tornquist, que est\u00e1 pendiente de la s\u00e9ptima y \u00faltima fecha de la primera rueda del torneo Apertura superior, se volvi\u00f3 a posponer.<br \/>\nEsta vez el consejo directivo de la Liga Regional de F\u00fatbol de Coronel Su\u00e1rez atendi\u00f3 un pedido realizado por el club Uni\u00f3n, que manifest\u00f3 que esta semana no contaba con sus jugadores.<br \/>\nEn consecuencia, el tradicional enfrentamiento de la localidad serrana a desarrollarse en el estadio \u201cAgust\u00edn Ruppel\u201d de Automoto, que deb\u00eda disputarse ayer, se pas\u00f3 para el pr\u00f3ximo mi\u00e9rcoles 11 del corriente.<br \/>\nSeg\u00fan manifest\u00f3 el presidente liguista Ernesto Palenzona esta ser\u00e1 la \u00faltima postergaci\u00f3n, dado que empieza a tener incidencia la cuesti\u00f3n deportiva con las otras zonas.<br \/>\nEn caso que por una cuesti\u00f3n de fuerza mayor no se pueda jugar el mi\u00e9rcoles, se pasar\u00e1 para el jueves. Y si no est\u00e1 en condiciones la cancha de Automoto, se buscar\u00e1 un escenario alternativo.<br \/>\nEl tema origin\u00f3 un cruce verbal entre Palenzona y Jorge Marcolini, titular de Uni\u00f3n , quien expres\u00f3 que si aquel se hubiese puesto serio de entrada ya se habr\u00eda jugado el partido y no se habr\u00eda dilatado hasta el presente.<br \/>\nEl presidente de la Liga le respondi\u00f3 que siempre se obr\u00f3 en base al reglamento, el cual en base a una reforma que se realiz\u00f3 a principios de la d\u00e9cada del \u201990 (el propio Palenzona la introdujo) faculta al consejo directivo a reprogramar partidos para entre semana.<br \/>\n&nbsp;<br \/>\nCambio de horario<br \/>\n&nbsp;<br \/>\nMedia hora m\u00e1s temprano comenzar\u00e1n los partidos a partir del pr\u00f3ximo domingo, cuando se dispute la und\u00e9cima fecha \u2013cuarta de las revanchas\u2014del torneo Apertura.<br \/>\nLos preliminares de Reserva se pondr\u00e1n en marcha a las 13:00, mientras que los cotejos de Primera se iniciar\u00e1n a las 15:00.<br \/>\nLa idea es que este nuevo horario se mantenga durante los meses de junio y julio, que coincidir\u00eda con la finalizaci\u00f3n del primer certamen de la temporada.<br \/>\n&nbsp;<br \/>\nSobre los pases<br \/>\n&nbsp;<br \/>\nCon relaci\u00f3n a consultas realizadas respecto a si se podr\u00e1 realizar una transferencia para el torneo Clausura, se aclar\u00f3 que seg\u00fan se estableci\u00f3 s\u00f3lo los pases definitivos a favor de clubes del f\u00fatbol profesional, se autorizar\u00e1 que los jugadores que los obtuvieran puedan volver a su club de origen si aquellos prescinden de sus servicios.<br \/>\nEn todos los casos se deber\u00e1n tramitar los pases correspondientes para ser habilitados, por lo que queda abierto el libro a estos efectos.<br \/>\n&nbsp;<br \/>\nCuatro representantes<br \/>\n&nbsp;<br \/>\nCuatro son los clubes que representar\u00e1n a la LRF de Coronel Su\u00e1rez en torneos de menores organizados por el Consejo Federal de la Asociaci\u00f3n del F\u00fatbol Argentino, que el viernes pasado cerr\u00f3 la inscripci\u00f3n respectiva.<br \/>\nEn el Torneo Nacional de Clubes Sub 13 (clase 2001) participar\u00e1n Blanco y Negro y Deportivo Sarmiento, mientras que en el Torneo Nacional de Clubes Sub 15 (clase 1999) har\u00e1n lo propio Club Sarmiento y Pe\u00f1arol de Pig\u00fc\u00e9.<br \/>\n&nbsp;<br \/>\n&nbsp;<br \/>\n&nbsp;<br \/>\n&nbsp;<br \/>\n&nbsp;<\/p>\n","protected":false},"excerpt":{"rendered":"<p>Se hizo lugar a un pedido de Uni\u00f3n y el enfrentamiento se volvi\u00f3 a reprogramar. A partir del pr\u00f3ximo domingo los partidos de Primera divisi\u00f3n empezar\u00e1n a las 15:00. \u00a0\u2013COPETE&#8211; &nbsp; Una vez m\u00e1s el cl\u00e1sico de Tornquist, que est\u00e1 pendiente de la s\u00e9ptima y \u00faltima fecha de la primera rueda del torneo Apertura superior, [&hellip;]<\/p>\n","protected":false},"author":1,"featured_media":0,"comment_status":"closed","ping_status":"open","sticky":false,"template":"","format":"standard","meta":{"footnotes":""},"categories":[60,52],"tags":[],"class_list":["post-20839","post","type-post","status-publish","format-standard","hentry","category-deporte","category-destacadas"],"yoast_head":"<!-- This site is optimized with the Yoast SEO plugin v19.7.1 - https:\/\/yoast.com\/wordpress\/plugins\/seo\/ -->\n<title>LIGA REGIONAL: EL CLASICO DE TORNQUIST SE PASO PARA EL MIERCOLES 11 - CELTTV<\/title>\n<meta name=\"description\" content=\"Sitio web de noticias de la localidad de Tornquist, provincia de Buenos Aires, Rep\u00fablica Argentina. Contenido propio originado por periodistas de CELTTV, el canal de TV local de la Cooperativa El\u00e9ctrica de Tornquist. Turismo, Pol\u00edtica, Sociedad, Deporte, Cultura y todo el contenido de inter\u00e9s general que la gente del pueblo y la regi\u00f3n debe conocer.\" \/>\n<meta name=\"robots\" content=\"index, follow, max-snippet:-1, max-image-preview:large, max-video-preview:-1\" \/>\n<link rel=\"canonical\" href=\"https:\/\/www.celttv.com.ar\/index.php\/2014\/06\/03\/liga-regional-el-clasico-de-tornquist-se-paso-para-el-miercoles-11\/\" \/>\n<meta property=\"og:locale\" content=\"es_ES\" \/>\n<meta property=\"og:type\" content=\"article\" \/>\n<meta property=\"og:title\" content=\"LIGA REGIONAL: EL CLASICO DE TORNQUIST SE PASO PARA EL MIERCOLES 11 - CELTTV\" \/>\n<meta property=\"og:description\" content=\"Sitio web de noticias de la localidad de Tornquist, provincia de Buenos Aires, Rep\u00fablica Argentina. Contenido propio originado por periodistas de CELTTV, el canal de TV local de la Cooperativa El\u00e9ctrica de Tornquist. Turismo, Pol\u00edtica, Sociedad, Deporte, Cultura y todo el contenido de inter\u00e9s general que la gente del pueblo y la regi\u00f3n debe conocer.\" \/>\n<meta property=\"og:url\" content=\"https:\/\/www.celttv.com.ar\/index.php\/2014\/06\/03\/liga-regional-el-clasico-de-tornquist-se-paso-para-el-miercoles-11\/\" \/>\n<meta property=\"og:site_name\" content=\"CELTTV\" \/>\n<meta property=\"article:publisher\" content=\"https:\/\/www.facebook.com\/celtTV\/\" \/>\n<meta property=\"article:published_time\" content=\"2014-06-03T20:14:03+00:00\" \/>\n<meta property=\"og:image\" content=\"http:\/\/www.tvcnoticias.com.ar\/wp-content\/uploads\/2014\/06\/1430-ARCO-Y-PELOTA-Medium1-450x261.jpg\" \/>\n<meta name=\"author\" content=\"ulises\" \/>\n<meta name=\"twitter:card\" content=\"summary_large_image\" \/>\n<meta name=\"twitter:label1\" content=\"Escrito por\" \/>\n\t<meta name=\"twitter:data1\" content=\"ulises\" \/>\n\t<meta name=\"twitter:label2\" content=\"Tiempo de lectura\" \/>\n\t<meta name=\"twitter:data2\" content=\"3 minutos\" \/>\n<script type=\"application\/ld+json\" class=\"yoast-schema-graph\">{\"@context\":\"https:\/\/schema.org\",\"@graph\":[{\"@type\":\"NewsArticle\",\"@id\":\"https:\/\/www.celttv.com.ar\/index.php\/2014\/06\/03\/liga-regional-el-clasico-de-tornquist-se-paso-para-el-miercoles-11\/#article\",\"isPartOf\":{\"@id\":\"https:\/\/www.celttv.com.ar\/index.php\/2014\/06\/03\/liga-regional-el-clasico-de-tornquist-se-paso-para-el-miercoles-11\/\"},\"author\":{\"name\":\"ulises\",\"@id\":\"https:\/\/www.celttv.com.ar\/#\/schema\/person\/6d99c072dba59953809c81446e9d0ace\"},\"headline\":\"LIGA REGIONAL: EL CLASICO DE TORNQUIST SE PASO PARA EL MIERCOLES 11\",\"datePublished\":\"2014-06-03T20:14:03+00:00\",\"dateModified\":\"2014-06-03T20:14:03+00:00\",\"mainEntityOfPage\":{\"@id\":\"https:\/\/www.celttv.com.ar\/index.php\/2014\/06\/03\/liga-regional-el-clasico-de-tornquist-se-paso-para-el-miercoles-11\/\"},\"wordCount\":558,\"publisher\":{\"@id\":\"https:\/\/www.celttv.com.ar\/#organization\"},\"articleSection\":[\"Deporte\",\"Destacadas\"],\"inLanguage\":\"es\"},{\"@type\":\"WebPage\",\"@id\":\"https:\/\/www.celttv.com.ar\/index.php\/2014\/06\/03\/liga-regional-el-clasico-de-tornquist-se-paso-para-el-miercoles-11\/\",\"url\":\"https:\/\/www.celttv.com.ar\/index.php\/2014\/06\/03\/liga-regional-el-clasico-de-tornquist-se-paso-para-el-miercoles-11\/\",\"name\":\"LIGA REGIONAL: EL CLASICO DE TORNQUIST SE PASO PARA EL MIERCOLES 11 - CELTTV\",\"isPartOf\":{\"@id\":\"https:\/\/www.celttv.com.ar\/#website\"},\"datePublished\":\"2014-06-03T20:14:03+00:00\",\"dateModified\":\"2014-06-03T20:14:03+00:00\",\"description\":\"Sitio web de noticias de la localidad de Tornquist, provincia de Buenos Aires, Rep\u00fablica Argentina. Contenido propio originado por periodistas de CELTTV, el canal de TV local de la Cooperativa El\u00e9ctrica de Tornquist. Turismo, Pol\u00edtica, Sociedad, Deporte, Cultura y todo el contenido de inter\u00e9s general que la gente del pueblo y la regi\u00f3n debe conocer.\",\"breadcrumb\":{\"@id\":\"https:\/\/www.celttv.com.ar\/index.php\/2014\/06\/03\/liga-regional-el-clasico-de-tornquist-se-paso-para-el-miercoles-11\/#breadcrumb\"},\"inLanguage\":\"es\",\"potentialAction\":[{\"@type\":\"ReadAction\",\"target\":[\"https:\/\/www.celttv.com.ar\/index.php\/2014\/06\/03\/liga-regional-el-clasico-de-tornquist-se-paso-para-el-miercoles-11\/\"]}]},{\"@type\":\"BreadcrumbList\",\"@id\":\"https:\/\/www.celttv.com.ar\/index.php\/2014\/06\/03\/liga-regional-el-clasico-de-tornquist-se-paso-para-el-miercoles-11\/#breadcrumb\",\"itemListElement\":[{\"@type\":\"ListItem\",\"position\":1,\"name\":\"Inicio\",\"item\":\"https:\/\/www.celttv.com.ar\/\"},{\"@type\":\"ListItem\",\"position\":2,\"name\":\"LIGA REGIONAL: EL CLASICO DE TORNQUIST SE PASO PARA EL MIERCOLES 11\"}]},{\"@type\":\"WebSite\",\"@id\":\"https:\/\/www.celttv.com.ar\/#website\",\"url\":\"https:\/\/www.celttv.com.ar\/\",\"name\":\"CELTTV\",\"description\":\"Cooperativa El\u00e9ctrica de Tornquist\",\"publisher\":{\"@id\":\"https:\/\/www.celttv.com.ar\/#organization\"},\"potentialAction\":[{\"@type\":\"SearchAction\",\"target\":{\"@type\":\"EntryPoint\",\"urlTemplate\":\"https:\/\/www.celttv.com.ar\/?s={search_term_string}\"},\"query-input\":\"required name=search_term_string\"}],\"inLanguage\":\"es\"},{\"@type\":\"Organization\",\"@id\":\"https:\/\/www.celttv.com.ar\/#organization\",\"name\":\"CELTTV\",\"url\":\"https:\/\/www.celttv.com.ar\/\",\"sameAs\":[\"https:\/\/www.youtube.com\/channel\/UCz_oIt8Hig64Ub-EmcNPIhg\",\"https:\/\/www.facebook.com\/celtTV\/\"],\"logo\":{\"@type\":\"ImageObject\",\"inLanguage\":\"es\",\"@id\":\"https:\/\/www.celttv.com.ar\/#\/schema\/logo\/image\/\",\"url\":\"http:\/\/www.celttv.com.ar\/wp-content\/uploads\/2022\/08\/logo-1.png\",\"contentUrl\":\"http:\/\/www.celttv.com.ar\/wp-content\/uploads\/2022\/08\/logo-1.png\",\"width\":461,\"height\":159,\"caption\":\"CELTTV\"},\"image\":{\"@id\":\"https:\/\/www.celttv.com.ar\/#\/schema\/logo\/image\/\"}},{\"@type\":\"Person\",\"@id\":\"https:\/\/www.celttv.com.ar\/#\/schema\/person\/6d99c072dba59953809c81446e9d0ace\",\"name\":\"ulises\",\"image\":{\"@type\":\"ImageObject\",\"inLanguage\":\"es\",\"@id\":\"https:\/\/www.celttv.com.ar\/#\/schema\/person\/image\/\",\"url\":\"https:\/\/secure.gravatar.com\/avatar\/7f2c48bdc33b30088f941fb6082e555f2874c98e20cb159d7b92b50eadfce793?s=96&d=mm&r=g\",\"contentUrl\":\"https:\/\/secure.gravatar.com\/avatar\/7f2c48bdc33b30088f941fb6082e555f2874c98e20cb159d7b92b50eadfce793?s=96&d=mm&r=g\",\"caption\":\"ulises\"},\"sameAs\":[\"http:\/\/www.celttv.com.ar\"]}]}<\/script>\n<!-- \/ Yoast SEO plugin. -->","yoast_head_json":{"title":"LIGA REGIONAL: EL CLASICO DE TORNQUIST SE PASO PARA EL MIERCOLES 11 - CELTTV","description":"Sitio web de noticias de la localidad de Tornquist, provincia de Buenos Aires, Rep\u00fablica Argentina. Contenido propio originado por periodistas de CELTTV, el canal de TV local de la Cooperativa El\u00e9ctrica de Tornquist. Turismo, Pol\u00edtica, Sociedad, Deporte, Cultura y todo el contenido de inter\u00e9s general que la gente del pueblo y la regi\u00f3n debe conocer.","robots":{"index":"index","follow":"follow","max-snippet":"max-snippet:-1","max-image-preview":"max-image-preview:large","max-video-preview":"max-video-preview:-1"},"canonical":"https:\/\/www.celttv.com.ar\/index.php\/2014\/06\/03\/liga-regional-el-clasico-de-tornquist-se-paso-para-el-miercoles-11\/","og_locale":"es_ES","og_type":"article","og_title":"LIGA REGIONAL: EL CLASICO DE TORNQUIST SE PASO PARA EL MIERCOLES 11 - CELTTV","og_description":"Sitio web de noticias de la localidad de Tornquist, provincia de Buenos Aires, Rep\u00fablica Argentina. Contenido propio originado por periodistas de CELTTV, el canal de TV local de la Cooperativa El\u00e9ctrica de Tornquist. Turismo, Pol\u00edtica, Sociedad, Deporte, Cultura y todo el contenido de inter\u00e9s general que la gente del pueblo y la regi\u00f3n debe conocer.","og_url":"https:\/\/www.celttv.com.ar\/index.php\/2014\/06\/03\/liga-regional-el-clasico-de-tornquist-se-paso-para-el-miercoles-11\/","og_site_name":"CELTTV","article_publisher":"https:\/\/www.facebook.com\/celtTV\/","article_published_time":"2014-06-03T20:14:03+00:00","og_image":[{"url":"http:\/\/www.tvcnoticias.com.ar\/wp-content\/uploads\/2014\/06\/1430-ARCO-Y-PELOTA-Medium1-450x261.jpg"}],"author":"ulises","twitter_card":"summary_large_image","twitter_misc":{"Escrito por":"ulises","Tiempo de lectura":"3 minutos"},"schema":{"@context":"https:\/\/schema.org","@graph":[{"@type":"NewsArticle","@id":"https:\/\/www.celttv.com.ar\/index.php\/2014\/06\/03\/liga-regional-el-clasico-de-tornquist-se-paso-para-el-miercoles-11\/#article","isPartOf":{"@id":"https:\/\/www.celttv.com.ar\/index.php\/2014\/06\/03\/liga-regional-el-clasico-de-tornquist-se-paso-para-el-miercoles-11\/"},"author":{"name":"ulises","@id":"https:\/\/www.celttv.com.ar\/#\/schema\/person\/6d99c072dba59953809c81446e9d0ace"},"headline":"LIGA REGIONAL: EL CLASICO DE TORNQUIST SE PASO PARA EL MIERCOLES 11","datePublished":"2014-06-03T20:14:03+00:00","dateModified":"2014-06-03T20:14:03+00:00","mainEntityOfPage":{"@id":"https:\/\/www.celttv.com.ar\/index.php\/2014\/06\/03\/liga-regional-el-clasico-de-tornquist-se-paso-para-el-miercoles-11\/"},"wordCount":558,"publisher":{"@id":"https:\/\/www.celttv.com.ar\/#organization"},"articleSection":["Deporte","Destacadas"],"inLanguage":"es"},{"@type":"WebPage","@id":"https:\/\/www.celttv.com.ar\/index.php\/2014\/06\/03\/liga-regional-el-clasico-de-tornquist-se-paso-para-el-miercoles-11\/","url":"https:\/\/www.celttv.com.ar\/index.php\/2014\/06\/03\/liga-regional-el-clasico-de-tornquist-se-paso-para-el-miercoles-11\/","name":"LIGA REGIONAL: EL CLASICO DE TORNQUIST SE PASO PARA EL MIERCOLES 11 - CELTTV","isPartOf":{"@id":"https:\/\/www.celttv.com.ar\/#website"},"datePublished":"2014-06-03T20:14:03+00:00","dateModified":"2014-06-03T20:14:03+00:00","description":"Sitio web de noticias de la localidad de Tornquist, provincia de Buenos Aires, Rep\u00fablica Argentina. Contenido propio originado por periodistas de CELTTV, el canal de TV local de la Cooperativa El\u00e9ctrica de Tornquist. Turismo, Pol\u00edtica, Sociedad, Deporte, Cultura y todo el contenido de inter\u00e9s general que la gente del pueblo y la regi\u00f3n debe conocer.","breadcrumb":{"@id":"https:\/\/www.celttv.com.ar\/index.php\/2014\/06\/03\/liga-regional-el-clasico-de-tornquist-se-paso-para-el-miercoles-11\/#breadcrumb"},"inLanguage":"es","potentialAction":[{"@type":"ReadAction","target":["https:\/\/www.celttv.com.ar\/index.php\/2014\/06\/03\/liga-regional-el-clasico-de-tornquist-se-paso-para-el-miercoles-11\/"]}]},{"@type":"BreadcrumbList","@id":"https:\/\/www.celttv.com.ar\/index.php\/2014\/06\/03\/liga-regional-el-clasico-de-tornquist-se-paso-para-el-miercoles-11\/#breadcrumb","itemListElement":[{"@type":"ListItem","position":1,"name":"Inicio","item":"https:\/\/www.celttv.com.ar\/"},{"@type":"ListItem","position":2,"name":"LIGA REGIONAL: EL CLASICO DE TORNQUIST SE PASO PARA EL MIERCOLES 11"}]},{"@type":"WebSite","@id":"https:\/\/www.celttv.com.ar\/#website","url":"https:\/\/www.celttv.com.ar\/","name":"CELTTV","description":"Cooperativa El\u00e9ctrica de Tornquist","publisher":{"@id":"https:\/\/www.celttv.com.ar\/#organization"},"potentialAction":[{"@type":"SearchAction","target":{"@type":"EntryPoint","urlTemplate":"https:\/\/www.celttv.com.ar\/?s={search_term_string}"},"query-input":"required name=search_term_string"}],"inLanguage":"es"},{"@type":"Organization","@id":"https:\/\/www.celttv.com.ar\/#organization","name":"CELTTV","url":"https:\/\/www.celttv.com.ar\/","sameAs":["https:\/\/www.youtube.com\/channel\/UCz_oIt8Hig64Ub-EmcNPIhg","https:\/\/www.facebook.com\/celtTV\/"],"logo":{"@type":"ImageObject","inLanguage":"es","@id":"https:\/\/www.celttv.com.ar\/#\/schema\/logo\/image\/","url":"http:\/\/www.celttv.com.ar\/wp-content\/uploads\/2022\/08\/logo-1.png","contentUrl":"http:\/\/www.celttv.com.ar\/wp-content\/uploads\/2022\/08\/logo-1.png","width":461,"height":159,"caption":"CELTTV"},"image":{"@id":"https:\/\/www.celttv.com.ar\/#\/schema\/logo\/image\/"}},{"@type":"Person","@id":"https:\/\/www.celttv.com.ar\/#\/schema\/person\/6d99c072dba59953809c81446e9d0ace","name":"ulises","image":{"@type":"ImageObject","inLanguage":"es","@id":"https:\/\/www.celttv.com.ar\/#\/schema\/person\/image\/","url":"https:\/\/secure.gravatar.com\/avatar\/7f2c48bdc33b30088f941fb6082e555f2874c98e20cb159d7b92b50eadfce793?s=96&d=mm&r=g","contentUrl":"https:\/\/secure.gravatar.com\/avatar\/7f2c48bdc33b30088f941fb6082e555f2874c98e20cb159d7b92b50eadfce793?s=96&d=mm&r=g","caption":"ulises"},"sameAs":["http:\/\/www.celttv.com.ar"]}]}},"_links":{"self":[{"href":"https:\/\/www.celttv.com.ar\/index.php\/wp-json\/wp\/v2\/posts\/20839","targetHints":{"allow":["GET"]}}],"collection":[{"href":"https:\/\/www.celttv.com.ar\/index.php\/wp-json\/wp\/v2\/posts"}],"about":[{"href":"https:\/\/www.celttv.com.ar\/index.php\/wp-json\/wp\/v2\/types\/post"}],"author":[{"embeddable":true,"href":"https:\/\/www.celttv.com.ar\/index.php\/wp-json\/wp\/v2\/users\/1"}],"replies":[{"embeddable":true,"href":"https:\/\/www.celttv.com.ar\/index.php\/wp-json\/wp\/v2\/comments?post=20839"}],"version-history":[{"count":0,"href":"https:\/\/www.celttv.com.ar\/index.php\/wp-json\/wp\/v2\/posts\/20839\/revisions"}],"wp:attachment":[{"href":"https:\/\/www.celttv.com.ar\/index.php\/wp-json\/wp\/v2\/media?parent=20839"}],"wp:term":[{"taxonomy":"category","embeddable":true,"href":"https:\/\/www.celttv.com.ar\/index.php\/wp-json\/wp\/v2\/categories?post=20839"},{"taxonomy":"post_tag","embeddable":true,"href":"https:\/\/www.celttv.com.ar\/index.php\/wp-json\/wp\/v2\/tags?post=20839"}],"curies":[{"name":"wp","href":"https:\/\/api.w.org\/{rel}","templated":true}]}}