{"id":20971,"date":"2014-06-08T14:33:59","date_gmt":"2014-06-08T14:33:59","guid":{"rendered":"http:\/\/www.tvcnoticias.com.ar\/?p=20971"},"modified":"2014-06-08T14:33:59","modified_gmt":"2014-06-08T14:33:59","slug":"la-celt-instalara-fibra-optica-en-la-zona-serrana-videoentrevistas","status":"publish","type":"post","link":"https:\/\/www.celttv.com.ar\/index.php\/2014\/06\/08\/la-celt-instalara-fibra-optica-en-la-zona-serrana-videoentrevistas\/","title":{"rendered":"LA CELT. INSTALARA FIBRA OPTICA EN LA ZONA SERRANA (videoentrevistas)"},"content":{"rendered":"<p><a href=\"https:\/\/www.youtube.com\/watch?v=UedTi6BYU7c\">httpv:\/\/www.youtube.com\/watch?v=UedTi6BYU7c<\/a><br \/>\n<a href=\"https:\/\/www.youtube.com\/watch?v=TgIsmOW-R_c\">httpv:\/\/www.youtube.com\/watch?v=TgIsmOW-R_c<\/a><br \/>\nAl mismo coraz\u00f3n de la comarca la Cooperativa El\u00e9ctrica Ltda. De Tornquist llegar\u00e1 con fibra \u00f3ptica y la posibilidad de acceder a importantes servicios como lo son Internet, televisi\u00f3n y telefon\u00eda.<br \/>\nLa Cooperativa El\u00e9ctrica de Tornquist ya adquiri\u00f3 los metros necesarios de fibra para llegar a la zona de Villa Serrana La Gruta y gestiona una l\u00ednea crediticia para completar el tendido hasta la localidad de Villa Ventana.\u00a0 \u00a0De esta manera este tramo geogr\u00e1fico, neur\u00e1lgico-tur\u00edstico podr\u00e1 contar con estos servicios, en un futuro no muy lejano, a ambos lados de la Ruta 76 en todo el trayecto, que va desde Tornquist hasta la localidad de Villa \u00a0Ventana.<br \/>\nContin\u00faan las mejoras en el tendido el\u00e9ctrico a Villa Ventana<br \/>\n\u201cEn la ma\u00f1ana del pasado martes realizamos un corte programado dentro de lo proyectado en la obra de 33 kv. de la nueva subestaci\u00f3n que incluye cambio de conductores y es lo que realizamos en el sector de Las Vertientes, reemplazando el conductor de 35 mm por uno de 70 mm, lo que permitir\u00e1 \u00a0prestar un mejor servicio en la zona serrana\u201d se\u00f1al\u00f3 el gerente de la CELT.<br \/>\n\u201cEsto nos permitir\u00e1 asistir las demandas sin que se produzcan ca\u00eddas de tensi\u00f3n\u201d explic\u00f3 Barone, al tiempo que adelant\u00f3 que habr\u00e1 otros cortes programados \u00a0\u201cnos quedan los sectores m\u00e1s dif\u00edciles que son los de Abra de la Ventana, lo que estamos previendo realizar en un tiempo en que no perjudiquemos a los prestadores y a la gente que est\u00e1 habitando la Villa\u201d se\u00f1al\u00f3.\u201cSomos consientes que en todo el sector que abastece la l\u00ednea de media tensi\u00f3n, y no solo en Villa Ventana, que tenemos que seguir mejorando la calidad del servicio y estos cortes que son programados y publicados previamente a trav\u00e9s de los distintos medios, locales y de la regi\u00f3n, est\u00e1n dirigidos a mejorar el servicio y no solamente el el\u00e9ctrico. En la zona serrana estamos pr\u00e1cticamente duplicando la capacidad de energ\u00eda\u201d asegur\u00f3 Gabriel Artola, integrante del Consejo de Administraci\u00f3n de la CELT.<br \/>\n<a href=\"https:\/\/www.youtube.com\/watch?v=wxgbYdLwBBc\">httpv:\/\/www.youtube.com\/watch?v=wxgbYdLwBBc<\/a><br \/>\n<a href=\"https:\/\/www.youtube.com\/watch?v=26wmKeaKOis\">httpv:\/\/www.youtube.com\/watch?v=26wmKeaKOis<\/a><br \/>\n&nbsp;<br \/>\n&nbsp;<\/p>\n","protected":false},"excerpt":{"rendered":"<p>httpv:\/\/www.youtube.com\/watch?v=UedTi6BYU7c httpv:\/\/www.youtube.com\/watch?v=TgIsmOW-R_c Al mismo coraz\u00f3n de la comarca la Cooperativa El\u00e9ctrica Ltda. De Tornquist llegar\u00e1 con fibra \u00f3ptica y la posibilidad de acceder a importantes servicios como lo son Internet, televisi\u00f3n y telefon\u00eda. La Cooperativa El\u00e9ctrica de Tornquist ya adquiri\u00f3 los metros necesarios de fibra para llegar a la zona de Villa Serrana La Gruta [&hellip;]<\/p>\n","protected":false},"author":1,"featured_media":0,"comment_status":"closed","ping_status":"open","sticky":false,"template":"","format":"standard","meta":{"footnotes":""},"categories":[51,52,64],"tags":[],"class_list":["post-20971","post","type-post","status-publish","format-standard","hentry","category-comunidad","category-destacadas","category-videos-destacados"],"yoast_head":"<!-- This site is optimized with the Yoast SEO plugin v19.7.1 - https:\/\/yoast.com\/wordpress\/plugins\/seo\/ -->\n<title>LA CELT. INSTALARA FIBRA OPTICA EN LA ZONA SERRANA (videoentrevistas) - CELTTV<\/title>\n<meta name=\"description\" content=\"Sitio web de noticias de la localidad de Tornquist, provincia de Buenos Aires, Rep\u00fablica Argentina. Contenido propio originado por periodistas de CELTTV, el canal de TV local de la Cooperativa El\u00e9ctrica de Tornquist. Turismo, Pol\u00edtica, Sociedad, Deporte, Cultura y todo el contenido de inter\u00e9s general que la gente del pueblo y la regi\u00f3n debe conocer.\" \/>\n<meta name=\"robots\" content=\"index, follow, max-snippet:-1, max-image-preview:large, max-video-preview:-1\" \/>\n<link rel=\"canonical\" href=\"https:\/\/www.celttv.com.ar\/index.php\/2014\/06\/08\/la-celt-instalara-fibra-optica-en-la-zona-serrana-videoentrevistas\/\" \/>\n<meta property=\"og:locale\" content=\"es_ES\" \/>\n<meta property=\"og:type\" content=\"article\" \/>\n<meta property=\"og:title\" content=\"LA CELT. INSTALARA FIBRA OPTICA EN LA ZONA SERRANA (videoentrevistas) - CELTTV\" \/>\n<meta property=\"og:description\" content=\"Sitio web de noticias de la localidad de Tornquist, provincia de Buenos Aires, Rep\u00fablica Argentina. Contenido propio originado por periodistas de CELTTV, el canal de TV local de la Cooperativa El\u00e9ctrica de Tornquist. Turismo, Pol\u00edtica, Sociedad, Deporte, Cultura y todo el contenido de inter\u00e9s general que la gente del pueblo y la regi\u00f3n debe conocer.\" \/>\n<meta property=\"og:url\" content=\"https:\/\/www.celttv.com.ar\/index.php\/2014\/06\/08\/la-celt-instalara-fibra-optica-en-la-zona-serrana-videoentrevistas\/\" \/>\n<meta property=\"og:site_name\" content=\"CELTTV\" \/>\n<meta property=\"article:publisher\" content=\"https:\/\/www.facebook.com\/celtTV\/\" \/>\n<meta property=\"article:published_time\" content=\"2014-06-08T14:33:59+00:00\" \/>\n<meta name=\"author\" content=\"ulises\" \/>\n<meta name=\"twitter:card\" content=\"summary_large_image\" \/>\n<meta name=\"twitter:label1\" content=\"Escrito por\" \/>\n\t<meta name=\"twitter:data1\" content=\"ulises\" \/>\n\t<meta name=\"twitter:label2\" content=\"Tiempo de lectura\" \/>\n\t<meta name=\"twitter:data2\" content=\"2 minutos\" \/>\n<script type=\"application\/ld+json\" class=\"yoast-schema-graph\">{\"@context\":\"https:\/\/schema.org\",\"@graph\":[{\"@type\":\"NewsArticle\",\"@id\":\"https:\/\/www.celttv.com.ar\/index.php\/2014\/06\/08\/la-celt-instalara-fibra-optica-en-la-zona-serrana-videoentrevistas\/#article\",\"isPartOf\":{\"@id\":\"https:\/\/www.celttv.com.ar\/index.php\/2014\/06\/08\/la-celt-instalara-fibra-optica-en-la-zona-serrana-videoentrevistas\/\"},\"author\":{\"name\":\"ulises\",\"@id\":\"https:\/\/www.celttv.com.ar\/#\/schema\/person\/6d99c072dba59953809c81446e9d0ace\"},\"headline\":\"LA CELT. INSTALARA FIBRA OPTICA EN LA ZONA SERRANA (videoentrevistas)\",\"datePublished\":\"2014-06-08T14:33:59+00:00\",\"dateModified\":\"2014-06-08T14:33:59+00:00\",\"mainEntityOfPage\":{\"@id\":\"https:\/\/www.celttv.com.ar\/index.php\/2014\/06\/08\/la-celt-instalara-fibra-optica-en-la-zona-serrana-videoentrevistas\/\"},\"wordCount\":397,\"publisher\":{\"@id\":\"https:\/\/www.celttv.com.ar\/#organization\"},\"articleSection\":[\"Comunidad\",\"Destacadas\",\"Videos Destacados\"],\"inLanguage\":\"es\"},{\"@type\":\"WebPage\",\"@id\":\"https:\/\/www.celttv.com.ar\/index.php\/2014\/06\/08\/la-celt-instalara-fibra-optica-en-la-zona-serrana-videoentrevistas\/\",\"url\":\"https:\/\/www.celttv.com.ar\/index.php\/2014\/06\/08\/la-celt-instalara-fibra-optica-en-la-zona-serrana-videoentrevistas\/\",\"name\":\"LA CELT. INSTALARA FIBRA OPTICA EN LA ZONA SERRANA (videoentrevistas) - CELTTV\",\"isPartOf\":{\"@id\":\"https:\/\/www.celttv.com.ar\/#website\"},\"datePublished\":\"2014-06-08T14:33:59+00:00\",\"dateModified\":\"2014-06-08T14:33:59+00:00\",\"description\":\"Sitio web de noticias de la localidad de Tornquist, provincia de Buenos Aires, Rep\u00fablica Argentina. Contenido propio originado por periodistas de CELTTV, el canal de TV local de la Cooperativa El\u00e9ctrica de Tornquist. Turismo, Pol\u00edtica, Sociedad, Deporte, Cultura y todo el contenido de inter\u00e9s general que la gente del pueblo y la regi\u00f3n debe conocer.\",\"breadcrumb\":{\"@id\":\"https:\/\/www.celttv.com.ar\/index.php\/2014\/06\/08\/la-celt-instalara-fibra-optica-en-la-zona-serrana-videoentrevistas\/#breadcrumb\"},\"inLanguage\":\"es\",\"potentialAction\":[{\"@type\":\"ReadAction\",\"target\":[\"https:\/\/www.celttv.com.ar\/index.php\/2014\/06\/08\/la-celt-instalara-fibra-optica-en-la-zona-serrana-videoentrevistas\/\"]}]},{\"@type\":\"BreadcrumbList\",\"@id\":\"https:\/\/www.celttv.com.ar\/index.php\/2014\/06\/08\/la-celt-instalara-fibra-optica-en-la-zona-serrana-videoentrevistas\/#breadcrumb\",\"itemListElement\":[{\"@type\":\"ListItem\",\"position\":1,\"name\":\"Inicio\",\"item\":\"https:\/\/www.celttv.com.ar\/\"},{\"@type\":\"ListItem\",\"position\":2,\"name\":\"LA CELT. INSTALARA FIBRA OPTICA EN LA ZONA SERRANA (videoentrevistas)\"}]},{\"@type\":\"WebSite\",\"@id\":\"https:\/\/www.celttv.com.ar\/#website\",\"url\":\"https:\/\/www.celttv.com.ar\/\",\"name\":\"CELTTV\",\"description\":\"Cooperativa El\u00e9ctrica de Tornquist\",\"publisher\":{\"@id\":\"https:\/\/www.celttv.com.ar\/#organization\"},\"potentialAction\":[{\"@type\":\"SearchAction\",\"target\":{\"@type\":\"EntryPoint\",\"urlTemplate\":\"https:\/\/www.celttv.com.ar\/?s={search_term_string}\"},\"query-input\":\"required name=search_term_string\"}],\"inLanguage\":\"es\"},{\"@type\":\"Organization\",\"@id\":\"https:\/\/www.celttv.com.ar\/#organization\",\"name\":\"CELTTV\",\"url\":\"https:\/\/www.celttv.com.ar\/\",\"sameAs\":[\"https:\/\/www.youtube.com\/channel\/UCz_oIt8Hig64Ub-EmcNPIhg\",\"https:\/\/www.facebook.com\/celtTV\/\"],\"logo\":{\"@type\":\"ImageObject\",\"inLanguage\":\"es\",\"@id\":\"https:\/\/www.celttv.com.ar\/#\/schema\/logo\/image\/\",\"url\":\"http:\/\/www.celttv.com.ar\/wp-content\/uploads\/2022\/08\/logo-1.png\",\"contentUrl\":\"http:\/\/www.celttv.com.ar\/wp-content\/uploads\/2022\/08\/logo-1.png\",\"width\":461,\"height\":159,\"caption\":\"CELTTV\"},\"image\":{\"@id\":\"https:\/\/www.celttv.com.ar\/#\/schema\/logo\/image\/\"}},{\"@type\":\"Person\",\"@id\":\"https:\/\/www.celttv.com.ar\/#\/schema\/person\/6d99c072dba59953809c81446e9d0ace\",\"name\":\"ulises\",\"image\":{\"@type\":\"ImageObject\",\"inLanguage\":\"es\",\"@id\":\"https:\/\/www.celttv.com.ar\/#\/schema\/person\/image\/\",\"url\":\"https:\/\/secure.gravatar.com\/avatar\/7f2c48bdc33b30088f941fb6082e555f2874c98e20cb159d7b92b50eadfce793?s=96&d=mm&r=g\",\"contentUrl\":\"https:\/\/secure.gravatar.com\/avatar\/7f2c48bdc33b30088f941fb6082e555f2874c98e20cb159d7b92b50eadfce793?s=96&d=mm&r=g\",\"caption\":\"ulises\"},\"sameAs\":[\"http:\/\/www.celttv.com.ar\"]}]}<\/script>\n<!-- \/ Yoast SEO plugin. -->","yoast_head_json":{"title":"LA CELT. INSTALARA FIBRA OPTICA EN LA ZONA SERRANA (videoentrevistas) - CELTTV","description":"Sitio web de noticias de la localidad de Tornquist, provincia de Buenos Aires, Rep\u00fablica Argentina. Contenido propio originado por periodistas de CELTTV, el canal de TV local de la Cooperativa El\u00e9ctrica de Tornquist. Turismo, Pol\u00edtica, Sociedad, Deporte, Cultura y todo el contenido de inter\u00e9s general que la gente del pueblo y la regi\u00f3n debe conocer.","robots":{"index":"index","follow":"follow","max-snippet":"max-snippet:-1","max-image-preview":"max-image-preview:large","max-video-preview":"max-video-preview:-1"},"canonical":"https:\/\/www.celttv.com.ar\/index.php\/2014\/06\/08\/la-celt-instalara-fibra-optica-en-la-zona-serrana-videoentrevistas\/","og_locale":"es_ES","og_type":"article","og_title":"LA CELT. INSTALARA FIBRA OPTICA EN LA ZONA SERRANA (videoentrevistas) - CELTTV","og_description":"Sitio web de noticias de la localidad de Tornquist, provincia de Buenos Aires, Rep\u00fablica Argentina. Contenido propio originado por periodistas de CELTTV, el canal de TV local de la Cooperativa El\u00e9ctrica de Tornquist. Turismo, Pol\u00edtica, Sociedad, Deporte, Cultura y todo el contenido de inter\u00e9s general que la gente del pueblo y la regi\u00f3n debe conocer.","og_url":"https:\/\/www.celttv.com.ar\/index.php\/2014\/06\/08\/la-celt-instalara-fibra-optica-en-la-zona-serrana-videoentrevistas\/","og_site_name":"CELTTV","article_publisher":"https:\/\/www.facebook.com\/celtTV\/","article_published_time":"2014-06-08T14:33:59+00:00","author":"ulises","twitter_card":"summary_large_image","twitter_misc":{"Escrito por":"ulises","Tiempo de lectura":"2 minutos"},"schema":{"@context":"https:\/\/schema.org","@graph":[{"@type":"NewsArticle","@id":"https:\/\/www.celttv.com.ar\/index.php\/2014\/06\/08\/la-celt-instalara-fibra-optica-en-la-zona-serrana-videoentrevistas\/#article","isPartOf":{"@id":"https:\/\/www.celttv.com.ar\/index.php\/2014\/06\/08\/la-celt-instalara-fibra-optica-en-la-zona-serrana-videoentrevistas\/"},"author":{"name":"ulises","@id":"https:\/\/www.celttv.com.ar\/#\/schema\/person\/6d99c072dba59953809c81446e9d0ace"},"headline":"LA CELT. INSTALARA FIBRA OPTICA EN LA ZONA SERRANA (videoentrevistas)","datePublished":"2014-06-08T14:33:59+00:00","dateModified":"2014-06-08T14:33:59+00:00","mainEntityOfPage":{"@id":"https:\/\/www.celttv.com.ar\/index.php\/2014\/06\/08\/la-celt-instalara-fibra-optica-en-la-zona-serrana-videoentrevistas\/"},"wordCount":397,"publisher":{"@id":"https:\/\/www.celttv.com.ar\/#organization"},"articleSection":["Comunidad","Destacadas","Videos Destacados"],"inLanguage":"es"},{"@type":"WebPage","@id":"https:\/\/www.celttv.com.ar\/index.php\/2014\/06\/08\/la-celt-instalara-fibra-optica-en-la-zona-serrana-videoentrevistas\/","url":"https:\/\/www.celttv.com.ar\/index.php\/2014\/06\/08\/la-celt-instalara-fibra-optica-en-la-zona-serrana-videoentrevistas\/","name":"LA CELT. INSTALARA FIBRA OPTICA EN LA ZONA SERRANA (videoentrevistas) - CELTTV","isPartOf":{"@id":"https:\/\/www.celttv.com.ar\/#website"},"datePublished":"2014-06-08T14:33:59+00:00","dateModified":"2014-06-08T14:33:59+00:00","description":"Sitio web de noticias de la localidad de Tornquist, provincia de Buenos Aires, Rep\u00fablica Argentina. Contenido propio originado por periodistas de CELTTV, el canal de TV local de la Cooperativa El\u00e9ctrica de Tornquist. Turismo, Pol\u00edtica, Sociedad, Deporte, Cultura y todo el contenido de inter\u00e9s general que la gente del pueblo y la regi\u00f3n debe conocer.","breadcrumb":{"@id":"https:\/\/www.celttv.com.ar\/index.php\/2014\/06\/08\/la-celt-instalara-fibra-optica-en-la-zona-serrana-videoentrevistas\/#breadcrumb"},"inLanguage":"es","potentialAction":[{"@type":"ReadAction","target":["https:\/\/www.celttv.com.ar\/index.php\/2014\/06\/08\/la-celt-instalara-fibra-optica-en-la-zona-serrana-videoentrevistas\/"]}]},{"@type":"BreadcrumbList","@id":"https:\/\/www.celttv.com.ar\/index.php\/2014\/06\/08\/la-celt-instalara-fibra-optica-en-la-zona-serrana-videoentrevistas\/#breadcrumb","itemListElement":[{"@type":"ListItem","position":1,"name":"Inicio","item":"https:\/\/www.celttv.com.ar\/"},{"@type":"ListItem","position":2,"name":"LA CELT. INSTALARA FIBRA OPTICA EN LA ZONA SERRANA (videoentrevistas)"}]},{"@type":"WebSite","@id":"https:\/\/www.celttv.com.ar\/#website","url":"https:\/\/www.celttv.com.ar\/","name":"CELTTV","description":"Cooperativa El\u00e9ctrica de Tornquist","publisher":{"@id":"https:\/\/www.celttv.com.ar\/#organization"},"potentialAction":[{"@type":"SearchAction","target":{"@type":"EntryPoint","urlTemplate":"https:\/\/www.celttv.com.ar\/?s={search_term_string}"},"query-input":"required name=search_term_string"}],"inLanguage":"es"},{"@type":"Organization","@id":"https:\/\/www.celttv.com.ar\/#organization","name":"CELTTV","url":"https:\/\/www.celttv.com.ar\/","sameAs":["https:\/\/www.youtube.com\/channel\/UCz_oIt8Hig64Ub-EmcNPIhg","https:\/\/www.facebook.com\/celtTV\/"],"logo":{"@type":"ImageObject","inLanguage":"es","@id":"https:\/\/www.celttv.com.ar\/#\/schema\/logo\/image\/","url":"http:\/\/www.celttv.com.ar\/wp-content\/uploads\/2022\/08\/logo-1.png","contentUrl":"http:\/\/www.celttv.com.ar\/wp-content\/uploads\/2022\/08\/logo-1.png","width":461,"height":159,"caption":"CELTTV"},"image":{"@id":"https:\/\/www.celttv.com.ar\/#\/schema\/logo\/image\/"}},{"@type":"Person","@id":"https:\/\/www.celttv.com.ar\/#\/schema\/person\/6d99c072dba59953809c81446e9d0ace","name":"ulises","image":{"@type":"ImageObject","inLanguage":"es","@id":"https:\/\/www.celttv.com.ar\/#\/schema\/person\/image\/","url":"https:\/\/secure.gravatar.com\/avatar\/7f2c48bdc33b30088f941fb6082e555f2874c98e20cb159d7b92b50eadfce793?s=96&d=mm&r=g","contentUrl":"https:\/\/secure.gravatar.com\/avatar\/7f2c48bdc33b30088f941fb6082e555f2874c98e20cb159d7b92b50eadfce793?s=96&d=mm&r=g","caption":"ulises"},"sameAs":["http:\/\/www.celttv.com.ar"]}]}},"_links":{"self":[{"href":"https:\/\/www.celttv.com.ar\/index.php\/wp-json\/wp\/v2\/posts\/20971","targetHints":{"allow":["GET"]}}],"collection":[{"href":"https:\/\/www.celttv.com.ar\/index.php\/wp-json\/wp\/v2\/posts"}],"about":[{"href":"https:\/\/www.celttv.com.ar\/index.php\/wp-json\/wp\/v2\/types\/post"}],"author":[{"embeddable":true,"href":"https:\/\/www.celttv.com.ar\/index.php\/wp-json\/wp\/v2\/users\/1"}],"replies":[{"embeddable":true,"href":"https:\/\/www.celttv.com.ar\/index.php\/wp-json\/wp\/v2\/comments?post=20971"}],"version-history":[{"count":0,"href":"https:\/\/www.celttv.com.ar\/index.php\/wp-json\/wp\/v2\/posts\/20971\/revisions"}],"wp:attachment":[{"href":"https:\/\/www.celttv.com.ar\/index.php\/wp-json\/wp\/v2\/media?parent=20971"}],"wp:term":[{"taxonomy":"category","embeddable":true,"href":"https:\/\/www.celttv.com.ar\/index.php\/wp-json\/wp\/v2\/categories?post=20971"},{"taxonomy":"post_tag","embeddable":true,"href":"https:\/\/www.celttv.com.ar\/index.php\/wp-json\/wp\/v2\/tags?post=20971"}],"curies":[{"name":"wp","href":"https:\/\/api.w.org\/{rel}","templated":true}]}}