{"id":20979,"date":"2014-06-09T13:36:16","date_gmt":"2014-06-09T13:36:16","guid":{"rendered":"http:\/\/www.tvcnoticias.com.ar\/?p=20979"},"modified":"2014-06-09T13:36:16","modified_gmt":"2014-06-09T13:36:16","slug":"sesion-extraordinaria-del-hcd-trataran-los-temas-aerodromo-municipal-y-compra-de-terrenos-para-el-pro-ce-ar","status":"publish","type":"post","link":"https:\/\/www.celttv.com.ar\/index.php\/2014\/06\/09\/sesion-extraordinaria-del-hcd-trataran-los-temas-aerodromo-municipal-y-compra-de-terrenos-para-el-pro-ce-ar\/","title":{"rendered":"SESION EXTRAORDINARIA DEL HCD.: TRATARAN LOS TEMAS AERODROMO MUNICIPAL Y COMPRA DE TERRENOS PARA EL PRO.CRE.AR"},"content":{"rendered":"<p><a rel=\"attachment wp-att-20980\" href=\"http:\/\/www.tvcnoticias.com.ar\/?attachment_id=20980\"><img loading=\"lazy\" decoding=\"async\" class=\"aligncenter size-full wp-image-20980\" title=\"HCD\" src=\"http:\/\/www.tvcnoticias.com.ar\/wp-content\/uploads\/2014\/06\/HCD.jpg\" alt=\"\" width=\"333\" height=\"165\" \/><\/a>DECRETO\u00a0 N\u00ba 05\/14<br \/>\n<strong><span style=\"text-decoration: underline;\"> <\/span><\/strong><br \/>\n<strong><span style=\"text-decoration: underline;\">VISTO:<\/span><\/strong><br \/>\nLas facultades otorgadas al Presidente del Honorable Concejo Deliberante por el Art\u00edculo 98\u00ba de la Ley Org\u00e1nica de las Municipalidades, a efectos de que se convoque a Sesi\u00f3n Extraordinaria para el d\u00eda 09 de Junio de 2014, y;<br \/>\n&nbsp;<br \/>\n<strong><span style=\"text-decoration: underline;\">CONSIDERANDO:<\/span><\/strong><br \/>\n&nbsp;<br \/>\nQue el Presidente del Honorable Concejo Deliberante, se encuentra facultado para que tal solicitud proceda, conforme a las disposiciones del Art\u00edculo 68\u00ba, Inciso 5\u00ba de la Ley Org\u00e1nica de la Municipalidades y al Art\u00edculo 5\u00ba, Inciso 5\u00ba del Reglamento Interno de este Cuerpo;<br \/>\n&nbsp;<br \/>\n<strong><span style=\"text-decoration: underline;\">POR ELLO:<\/span><\/strong><br \/>\n<strong> <\/strong><\/p>\n<h3>El PRESIDENTE del HONORABLE CONCEJO DELIBERANTE,<\/h3>\n<p><strong>en uso de sus facultades,<\/strong><br \/>\n<strong><span style=\"text-decoration: underline;\"> <\/span><\/strong><br \/>\n<strong><span style=\"text-decoration: underline;\">D E C R E T A<\/span><\/strong><br \/>\n<strong><span style=\"text-decoration: underline;\"> <\/span><\/strong><br \/>\n<strong><span style=\"text-decoration: underline;\">ART\u00cdCULO 1\u00ba:<\/span><\/strong> Conv\u00f3quese a los miembros del Honorable Concejo Deliberante a Sesi\u00f3n Extraordinaria, para el d\u00eda 09 de Junio de 2014, a la hora 20:00, con el objeto de dar tratamiento a los siguientes temas:<br \/>\n&nbsp;<\/p>\n<ul>\n<li><strong><span style=\"text-decoration: underline;\">Expte N\u00ba 160\/14:<\/span><\/strong> &#8211; D.E. \u2013 Aer\u00f3dromo Municipal<\/li>\n<li><strong><span style=\"text-decoration: underline;\">Expte. N\u00ba 196\/14: <\/span><\/strong>&#8211; D.E. \u2013 Autoriza la compra de inmuebles. Programa Pro.Cre.Ar.<\/li>\n<\/ul>\n<p>&nbsp;<br \/>\n&nbsp;<br \/>\n<strong><span style=\"text-decoration: underline;\">ARTICULO 2\u00ba:<\/span><\/strong> Comun\u00edquese, reg\u00edstrese y cumplido ARCHIVESE.-<br \/>\n&nbsp;<\/p>\n<h1>TORNQUIST, 09 DE MAYO DE 2014.-<\/h1>\n<p>&nbsp;<br \/>\n&nbsp;<br \/>\n&nbsp;<br \/>\n&nbsp;<br \/>\n<strong>Ma. Valentina Nyez\u00a0\u00a0\u00a0\u00a0\u00a0\u00a0\u00a0\u00a0\u00a0\u00a0\u00a0\u00a0\u00a0\u00a0\u00a0\u00a0\u00a0\u00a0\u00a0\u00a0\u00a0\u00a0\u00a0\u00a0\u00a0\u00a0\u00a0\u00a0\u00a0\u00a0\u00a0\u00a0\u00a0\u00a0\u00a0\u00a0\u00a0\u00a0\u00a0\u00a0\u00a0\u00a0\u00a0 Sergio Bordoni<\/strong><br \/>\n<strong> Secretaria\u00a0\u00a0\u00a0\u00a0\u00a0\u00a0\u00a0\u00a0\u00a0\u00a0\u00a0\u00a0\u00a0\u00a0\u00a0\u00a0\u00a0\u00a0\u00a0\u00a0\u00a0\u00a0\u00a0\u00a0\u00a0\u00a0\u00a0\u00a0\u00a0\u00a0\u00a0\u00a0\u00a0\u00a0\u00a0\u00a0\u00a0\u00a0\u00a0\u00a0\u00a0\u00a0\u00a0\u00a0\u00a0\u00a0\u00a0\u00a0\u00a0\u00a0\u00a0 \u00a0\u00a0\u00a0Presidente<\/strong><br \/>\n<strong> <\/strong><strong>H.C.D.\u00a0\u00a0 \u00a0\u00a0\u00a0\u00a0\u00a0\u00a0\u00a0\u00a0\u00a0\u00a0\u00a0\u00a0\u00a0\u00a0\u00a0\u00a0\u00a0\u00a0\u00a0\u00a0\u00a0\u00a0\u00a0\u00a0\u00a0\u00a0\u00a0\u00a0\u00a0\u00a0\u00a0\u00a0\u00a0\u00a0\u00a0\u00a0\u00a0\u00a0\u00a0\u00a0\u00a0\u00a0\u00a0\u00a0\u00a0\u00a0\u00a0\u00a0\u00a0\u00a0\u00a0\u00a0\u00a0\u00a0\u00a0\u00a0\u00a0\u00a0\u00a0H.C.D.<a rel=\"attachment wp-att-20980\" href=\"http:\/\/www.tvcnoticias.com.ar\/?attachment_id=20980\"><img loading=\"lazy\" decoding=\"async\" class=\"aligncenter size-full wp-image-20980\" title=\"HCD\" src=\"http:\/\/www.tvcnoticias.com.ar\/wp-content\/uploads\/2014\/06\/HCD.jpg\" alt=\"\" width=\"333\" height=\"165\" \/><\/a><\/strong><br \/>\n&nbsp;<\/p>\n","protected":false},"excerpt":{"rendered":"<p>DECRETO\u00a0 N\u00ba 05\/14 VISTO: Las facultades otorgadas al Presidente del Honorable Concejo Deliberante por el Art\u00edculo 98\u00ba de la Ley Org\u00e1nica de las Municipalidades, a efectos de que se convoque a Sesi\u00f3n Extraordinaria para el d\u00eda 09 de Junio de 2014, y; &nbsp; CONSIDERANDO: &nbsp; Que el Presidente del Honorable Concejo Deliberante, se encuentra facultado [&hellip;]<\/p>\n","protected":false},"author":1,"featured_media":0,"comment_status":"closed","ping_status":"open","sticky":false,"template":"","format":"standard","meta":{"footnotes":""},"categories":[51,53],"tags":[],"class_list":["post-20979","post","type-post","status-publish","format-standard","hentry","category-comunidad","category-politica"],"yoast_head":"<!-- This site is optimized with the Yoast SEO plugin v19.7.1 - https:\/\/yoast.com\/wordpress\/plugins\/seo\/ -->\n<title>SESION EXTRAORDINARIA DEL HCD.: TRATARAN LOS TEMAS AERODROMO MUNICIPAL Y COMPRA DE TERRENOS PARA EL PRO.CRE.AR - CELTTV<\/title>\n<meta name=\"description\" content=\"Sitio web de noticias de la localidad de Tornquist, provincia de Buenos Aires, Rep\u00fablica Argentina. Contenido propio originado por periodistas de CELTTV, el canal de TV local de la Cooperativa El\u00e9ctrica de Tornquist. Turismo, Pol\u00edtica, Sociedad, Deporte, Cultura y todo el contenido de inter\u00e9s general que la gente del pueblo y la regi\u00f3n debe conocer.\" \/>\n<meta name=\"robots\" content=\"index, follow, max-snippet:-1, max-image-preview:large, max-video-preview:-1\" \/>\n<link rel=\"canonical\" href=\"https:\/\/www.celttv.com.ar\/index.php\/2014\/06\/09\/sesion-extraordinaria-del-hcd-trataran-los-temas-aerodromo-municipal-y-compra-de-terrenos-para-el-pro-ce-ar\/\" \/>\n<meta property=\"og:locale\" content=\"es_ES\" \/>\n<meta property=\"og:type\" content=\"article\" \/>\n<meta property=\"og:title\" content=\"SESION EXTRAORDINARIA DEL HCD.: TRATARAN LOS TEMAS AERODROMO MUNICIPAL Y COMPRA DE TERRENOS PARA EL PRO.CRE.AR - CELTTV\" \/>\n<meta property=\"og:description\" content=\"Sitio web de noticias de la localidad de Tornquist, provincia de Buenos Aires, Rep\u00fablica Argentina. Contenido propio originado por periodistas de CELTTV, el canal de TV local de la Cooperativa El\u00e9ctrica de Tornquist. Turismo, Pol\u00edtica, Sociedad, Deporte, Cultura y todo el contenido de inter\u00e9s general que la gente del pueblo y la regi\u00f3n debe conocer.\" \/>\n<meta property=\"og:url\" content=\"https:\/\/www.celttv.com.ar\/index.php\/2014\/06\/09\/sesion-extraordinaria-del-hcd-trataran-los-temas-aerodromo-municipal-y-compra-de-terrenos-para-el-pro-ce-ar\/\" \/>\n<meta property=\"og:site_name\" content=\"CELTTV\" \/>\n<meta property=\"article:publisher\" content=\"https:\/\/www.facebook.com\/celtTV\/\" \/>\n<meta property=\"article:published_time\" content=\"2014-06-09T13:36:16+00:00\" \/>\n<meta property=\"og:image\" content=\"http:\/\/www.tvcnoticias.com.ar\/wp-content\/uploads\/2014\/06\/HCD.jpg\" \/>\n<meta name=\"author\" content=\"ulises\" \/>\n<meta name=\"twitter:card\" content=\"summary_large_image\" \/>\n<meta name=\"twitter:label1\" content=\"Escrito por\" \/>\n\t<meta name=\"twitter:data1\" content=\"ulises\" \/>\n\t<meta name=\"twitter:label2\" content=\"Tiempo de lectura\" \/>\n\t<meta name=\"twitter:data2\" content=\"1 minuto\" \/>\n<script type=\"application\/ld+json\" class=\"yoast-schema-graph\">{\"@context\":\"https:\/\/schema.org\",\"@graph\":[{\"@type\":\"NewsArticle\",\"@id\":\"https:\/\/www.celttv.com.ar\/index.php\/2014\/06\/09\/sesion-extraordinaria-del-hcd-trataran-los-temas-aerodromo-municipal-y-compra-de-terrenos-para-el-pro-ce-ar\/#article\",\"isPartOf\":{\"@id\":\"https:\/\/www.celttv.com.ar\/index.php\/2014\/06\/09\/sesion-extraordinaria-del-hcd-trataran-los-temas-aerodromo-municipal-y-compra-de-terrenos-para-el-pro-ce-ar\/\"},\"author\":{\"name\":\"ulises\",\"@id\":\"https:\/\/www.celttv.com.ar\/#\/schema\/person\/6d99c072dba59953809c81446e9d0ace\"},\"headline\":\"SESION EXTRAORDINARIA DEL HCD.: TRATARAN LOS TEMAS AERODROMO MUNICIPAL Y COMPRA DE TERRENOS PARA EL PRO.CRE.AR\",\"datePublished\":\"2014-06-09T13:36:16+00:00\",\"dateModified\":\"2014-06-09T13:36:16+00:00\",\"mainEntityOfPage\":{\"@id\":\"https:\/\/www.celttv.com.ar\/index.php\/2014\/06\/09\/sesion-extraordinaria-del-hcd-trataran-los-temas-aerodromo-municipal-y-compra-de-terrenos-para-el-pro-ce-ar\/\"},\"wordCount\":219,\"publisher\":{\"@id\":\"https:\/\/www.celttv.com.ar\/#organization\"},\"articleSection\":[\"Comunidad\",\"Pol\u00edtica\"],\"inLanguage\":\"es\"},{\"@type\":\"WebPage\",\"@id\":\"https:\/\/www.celttv.com.ar\/index.php\/2014\/06\/09\/sesion-extraordinaria-del-hcd-trataran-los-temas-aerodromo-municipal-y-compra-de-terrenos-para-el-pro-ce-ar\/\",\"url\":\"https:\/\/www.celttv.com.ar\/index.php\/2014\/06\/09\/sesion-extraordinaria-del-hcd-trataran-los-temas-aerodromo-municipal-y-compra-de-terrenos-para-el-pro-ce-ar\/\",\"name\":\"SESION EXTRAORDINARIA DEL HCD.: TRATARAN LOS TEMAS AERODROMO MUNICIPAL Y COMPRA DE TERRENOS PARA EL PRO.CRE.AR - CELTTV\",\"isPartOf\":{\"@id\":\"https:\/\/www.celttv.com.ar\/#website\"},\"datePublished\":\"2014-06-09T13:36:16+00:00\",\"dateModified\":\"2014-06-09T13:36:16+00:00\",\"description\":\"Sitio web de noticias de la localidad de Tornquist, provincia de Buenos Aires, Rep\u00fablica Argentina. Contenido propio originado por periodistas de CELTTV, el canal de TV local de la Cooperativa El\u00e9ctrica de Tornquist. Turismo, Pol\u00edtica, Sociedad, Deporte, Cultura y todo el contenido de inter\u00e9s general que la gente del pueblo y la regi\u00f3n debe conocer.\",\"breadcrumb\":{\"@id\":\"https:\/\/www.celttv.com.ar\/index.php\/2014\/06\/09\/sesion-extraordinaria-del-hcd-trataran-los-temas-aerodromo-municipal-y-compra-de-terrenos-para-el-pro-ce-ar\/#breadcrumb\"},\"inLanguage\":\"es\",\"potentialAction\":[{\"@type\":\"ReadAction\",\"target\":[\"https:\/\/www.celttv.com.ar\/index.php\/2014\/06\/09\/sesion-extraordinaria-del-hcd-trataran-los-temas-aerodromo-municipal-y-compra-de-terrenos-para-el-pro-ce-ar\/\"]}]},{\"@type\":\"BreadcrumbList\",\"@id\":\"https:\/\/www.celttv.com.ar\/index.php\/2014\/06\/09\/sesion-extraordinaria-del-hcd-trataran-los-temas-aerodromo-municipal-y-compra-de-terrenos-para-el-pro-ce-ar\/#breadcrumb\",\"itemListElement\":[{\"@type\":\"ListItem\",\"position\":1,\"name\":\"Inicio\",\"item\":\"https:\/\/www.celttv.com.ar\/\"},{\"@type\":\"ListItem\",\"position\":2,\"name\":\"SESION EXTRAORDINARIA DEL HCD.: TRATARAN LOS TEMAS AERODROMO MUNICIPAL Y COMPRA DE TERRENOS PARA EL PRO.CRE.AR\"}]},{\"@type\":\"WebSite\",\"@id\":\"https:\/\/www.celttv.com.ar\/#website\",\"url\":\"https:\/\/www.celttv.com.ar\/\",\"name\":\"CELTTV\",\"description\":\"Cooperativa El\u00e9ctrica de Tornquist\",\"publisher\":{\"@id\":\"https:\/\/www.celttv.com.ar\/#organization\"},\"potentialAction\":[{\"@type\":\"SearchAction\",\"target\":{\"@type\":\"EntryPoint\",\"urlTemplate\":\"https:\/\/www.celttv.com.ar\/?s={search_term_string}\"},\"query-input\":\"required name=search_term_string\"}],\"inLanguage\":\"es\"},{\"@type\":\"Organization\",\"@id\":\"https:\/\/www.celttv.com.ar\/#organization\",\"name\":\"CELTTV\",\"url\":\"https:\/\/www.celttv.com.ar\/\",\"sameAs\":[\"https:\/\/www.youtube.com\/channel\/UCz_oIt8Hig64Ub-EmcNPIhg\",\"https:\/\/www.facebook.com\/celtTV\/\"],\"logo\":{\"@type\":\"ImageObject\",\"inLanguage\":\"es\",\"@id\":\"https:\/\/www.celttv.com.ar\/#\/schema\/logo\/image\/\",\"url\":\"http:\/\/www.celttv.com.ar\/wp-content\/uploads\/2022\/08\/logo-1.png\",\"contentUrl\":\"http:\/\/www.celttv.com.ar\/wp-content\/uploads\/2022\/08\/logo-1.png\",\"width\":461,\"height\":159,\"caption\":\"CELTTV\"},\"image\":{\"@id\":\"https:\/\/www.celttv.com.ar\/#\/schema\/logo\/image\/\"}},{\"@type\":\"Person\",\"@id\":\"https:\/\/www.celttv.com.ar\/#\/schema\/person\/6d99c072dba59953809c81446e9d0ace\",\"name\":\"ulises\",\"image\":{\"@type\":\"ImageObject\",\"inLanguage\":\"es\",\"@id\":\"https:\/\/www.celttv.com.ar\/#\/schema\/person\/image\/\",\"url\":\"https:\/\/secure.gravatar.com\/avatar\/7f2c48bdc33b30088f941fb6082e555f2874c98e20cb159d7b92b50eadfce793?s=96&d=mm&r=g\",\"contentUrl\":\"https:\/\/secure.gravatar.com\/avatar\/7f2c48bdc33b30088f941fb6082e555f2874c98e20cb159d7b92b50eadfce793?s=96&d=mm&r=g\",\"caption\":\"ulises\"},\"sameAs\":[\"http:\/\/www.celttv.com.ar\"]}]}<\/script>\n<!-- \/ Yoast SEO plugin. -->","yoast_head_json":{"title":"SESION EXTRAORDINARIA DEL HCD.: TRATARAN LOS TEMAS AERODROMO MUNICIPAL Y COMPRA DE TERRENOS PARA EL PRO.CRE.AR - CELTTV","description":"Sitio web de noticias de la localidad de Tornquist, provincia de Buenos Aires, Rep\u00fablica Argentina. Contenido propio originado por periodistas de CELTTV, el canal de TV local de la Cooperativa El\u00e9ctrica de Tornquist. Turismo, Pol\u00edtica, Sociedad, Deporte, Cultura y todo el contenido de inter\u00e9s general que la gente del pueblo y la regi\u00f3n debe conocer.","robots":{"index":"index","follow":"follow","max-snippet":"max-snippet:-1","max-image-preview":"max-image-preview:large","max-video-preview":"max-video-preview:-1"},"canonical":"https:\/\/www.celttv.com.ar\/index.php\/2014\/06\/09\/sesion-extraordinaria-del-hcd-trataran-los-temas-aerodromo-municipal-y-compra-de-terrenos-para-el-pro-ce-ar\/","og_locale":"es_ES","og_type":"article","og_title":"SESION EXTRAORDINARIA DEL HCD.: TRATARAN LOS TEMAS AERODROMO MUNICIPAL Y COMPRA DE TERRENOS PARA EL PRO.CRE.AR - CELTTV","og_description":"Sitio web de noticias de la localidad de Tornquist, provincia de Buenos Aires, Rep\u00fablica Argentina. Contenido propio originado por periodistas de CELTTV, el canal de TV local de la Cooperativa El\u00e9ctrica de Tornquist. Turismo, Pol\u00edtica, Sociedad, Deporte, Cultura y todo el contenido de inter\u00e9s general que la gente del pueblo y la regi\u00f3n debe conocer.","og_url":"https:\/\/www.celttv.com.ar\/index.php\/2014\/06\/09\/sesion-extraordinaria-del-hcd-trataran-los-temas-aerodromo-municipal-y-compra-de-terrenos-para-el-pro-ce-ar\/","og_site_name":"CELTTV","article_publisher":"https:\/\/www.facebook.com\/celtTV\/","article_published_time":"2014-06-09T13:36:16+00:00","og_image":[{"url":"http:\/\/www.tvcnoticias.com.ar\/wp-content\/uploads\/2014\/06\/HCD.jpg"}],"author":"ulises","twitter_card":"summary_large_image","twitter_misc":{"Escrito por":"ulises","Tiempo de lectura":"1 minuto"},"schema":{"@context":"https:\/\/schema.org","@graph":[{"@type":"NewsArticle","@id":"https:\/\/www.celttv.com.ar\/index.php\/2014\/06\/09\/sesion-extraordinaria-del-hcd-trataran-los-temas-aerodromo-municipal-y-compra-de-terrenos-para-el-pro-ce-ar\/#article","isPartOf":{"@id":"https:\/\/www.celttv.com.ar\/index.php\/2014\/06\/09\/sesion-extraordinaria-del-hcd-trataran-los-temas-aerodromo-municipal-y-compra-de-terrenos-para-el-pro-ce-ar\/"},"author":{"name":"ulises","@id":"https:\/\/www.celttv.com.ar\/#\/schema\/person\/6d99c072dba59953809c81446e9d0ace"},"headline":"SESION EXTRAORDINARIA DEL HCD.: TRATARAN LOS TEMAS AERODROMO MUNICIPAL Y COMPRA DE TERRENOS PARA EL PRO.CRE.AR","datePublished":"2014-06-09T13:36:16+00:00","dateModified":"2014-06-09T13:36:16+00:00","mainEntityOfPage":{"@id":"https:\/\/www.celttv.com.ar\/index.php\/2014\/06\/09\/sesion-extraordinaria-del-hcd-trataran-los-temas-aerodromo-municipal-y-compra-de-terrenos-para-el-pro-ce-ar\/"},"wordCount":219,"publisher":{"@id":"https:\/\/www.celttv.com.ar\/#organization"},"articleSection":["Comunidad","Pol\u00edtica"],"inLanguage":"es"},{"@type":"WebPage","@id":"https:\/\/www.celttv.com.ar\/index.php\/2014\/06\/09\/sesion-extraordinaria-del-hcd-trataran-los-temas-aerodromo-municipal-y-compra-de-terrenos-para-el-pro-ce-ar\/","url":"https:\/\/www.celttv.com.ar\/index.php\/2014\/06\/09\/sesion-extraordinaria-del-hcd-trataran-los-temas-aerodromo-municipal-y-compra-de-terrenos-para-el-pro-ce-ar\/","name":"SESION EXTRAORDINARIA DEL HCD.: TRATARAN LOS TEMAS AERODROMO MUNICIPAL Y COMPRA DE TERRENOS PARA EL PRO.CRE.AR - CELTTV","isPartOf":{"@id":"https:\/\/www.celttv.com.ar\/#website"},"datePublished":"2014-06-09T13:36:16+00:00","dateModified":"2014-06-09T13:36:16+00:00","description":"Sitio web de noticias de la localidad de Tornquist, provincia de Buenos Aires, Rep\u00fablica Argentina. Contenido propio originado por periodistas de CELTTV, el canal de TV local de la Cooperativa El\u00e9ctrica de Tornquist. Turismo, Pol\u00edtica, Sociedad, Deporte, Cultura y todo el contenido de inter\u00e9s general que la gente del pueblo y la regi\u00f3n debe conocer.","breadcrumb":{"@id":"https:\/\/www.celttv.com.ar\/index.php\/2014\/06\/09\/sesion-extraordinaria-del-hcd-trataran-los-temas-aerodromo-municipal-y-compra-de-terrenos-para-el-pro-ce-ar\/#breadcrumb"},"inLanguage":"es","potentialAction":[{"@type":"ReadAction","target":["https:\/\/www.celttv.com.ar\/index.php\/2014\/06\/09\/sesion-extraordinaria-del-hcd-trataran-los-temas-aerodromo-municipal-y-compra-de-terrenos-para-el-pro-ce-ar\/"]}]},{"@type":"BreadcrumbList","@id":"https:\/\/www.celttv.com.ar\/index.php\/2014\/06\/09\/sesion-extraordinaria-del-hcd-trataran-los-temas-aerodromo-municipal-y-compra-de-terrenos-para-el-pro-ce-ar\/#breadcrumb","itemListElement":[{"@type":"ListItem","position":1,"name":"Inicio","item":"https:\/\/www.celttv.com.ar\/"},{"@type":"ListItem","position":2,"name":"SESION EXTRAORDINARIA DEL HCD.: TRATARAN LOS TEMAS AERODROMO MUNICIPAL Y COMPRA DE TERRENOS PARA EL PRO.CRE.AR"}]},{"@type":"WebSite","@id":"https:\/\/www.celttv.com.ar\/#website","url":"https:\/\/www.celttv.com.ar\/","name":"CELTTV","description":"Cooperativa El\u00e9ctrica de Tornquist","publisher":{"@id":"https:\/\/www.celttv.com.ar\/#organization"},"potentialAction":[{"@type":"SearchAction","target":{"@type":"EntryPoint","urlTemplate":"https:\/\/www.celttv.com.ar\/?s={search_term_string}"},"query-input":"required name=search_term_string"}],"inLanguage":"es"},{"@type":"Organization","@id":"https:\/\/www.celttv.com.ar\/#organization","name":"CELTTV","url":"https:\/\/www.celttv.com.ar\/","sameAs":["https:\/\/www.youtube.com\/channel\/UCz_oIt8Hig64Ub-EmcNPIhg","https:\/\/www.facebook.com\/celtTV\/"],"logo":{"@type":"ImageObject","inLanguage":"es","@id":"https:\/\/www.celttv.com.ar\/#\/schema\/logo\/image\/","url":"http:\/\/www.celttv.com.ar\/wp-content\/uploads\/2022\/08\/logo-1.png","contentUrl":"http:\/\/www.celttv.com.ar\/wp-content\/uploads\/2022\/08\/logo-1.png","width":461,"height":159,"caption":"CELTTV"},"image":{"@id":"https:\/\/www.celttv.com.ar\/#\/schema\/logo\/image\/"}},{"@type":"Person","@id":"https:\/\/www.celttv.com.ar\/#\/schema\/person\/6d99c072dba59953809c81446e9d0ace","name":"ulises","image":{"@type":"ImageObject","inLanguage":"es","@id":"https:\/\/www.celttv.com.ar\/#\/schema\/person\/image\/","url":"https:\/\/secure.gravatar.com\/avatar\/7f2c48bdc33b30088f941fb6082e555f2874c98e20cb159d7b92b50eadfce793?s=96&d=mm&r=g","contentUrl":"https:\/\/secure.gravatar.com\/avatar\/7f2c48bdc33b30088f941fb6082e555f2874c98e20cb159d7b92b50eadfce793?s=96&d=mm&r=g","caption":"ulises"},"sameAs":["http:\/\/www.celttv.com.ar"]}]}},"_links":{"self":[{"href":"https:\/\/www.celttv.com.ar\/index.php\/wp-json\/wp\/v2\/posts\/20979","targetHints":{"allow":["GET"]}}],"collection":[{"href":"https:\/\/www.celttv.com.ar\/index.php\/wp-json\/wp\/v2\/posts"}],"about":[{"href":"https:\/\/www.celttv.com.ar\/index.php\/wp-json\/wp\/v2\/types\/post"}],"author":[{"embeddable":true,"href":"https:\/\/www.celttv.com.ar\/index.php\/wp-json\/wp\/v2\/users\/1"}],"replies":[{"embeddable":true,"href":"https:\/\/www.celttv.com.ar\/index.php\/wp-json\/wp\/v2\/comments?post=20979"}],"version-history":[{"count":0,"href":"https:\/\/www.celttv.com.ar\/index.php\/wp-json\/wp\/v2\/posts\/20979\/revisions"}],"wp:attachment":[{"href":"https:\/\/www.celttv.com.ar\/index.php\/wp-json\/wp\/v2\/media?parent=20979"}],"wp:term":[{"taxonomy":"category","embeddable":true,"href":"https:\/\/www.celttv.com.ar\/index.php\/wp-json\/wp\/v2\/categories?post=20979"},{"taxonomy":"post_tag","embeddable":true,"href":"https:\/\/www.celttv.com.ar\/index.php\/wp-json\/wp\/v2\/tags?post=20979"}],"curies":[{"name":"wp","href":"https:\/\/api.w.org\/{rel}","templated":true}]}}