{"id":2100,"date":"2011-10-01T17:36:18","date_gmt":"2011-10-01T17:36:18","guid":{"rendered":"http:\/\/www.tvcnoticias.com.ar\/?p=2100"},"modified":"2011-10-01T17:36:18","modified_gmt":"2011-10-01T17:36:18","slug":"se-inauguran-este-lunes-obras-en-la-plaza-ernesto-tornquist-invitacion-del-intendente-municipal-imagenes-de-la-renovada-plaza-y-videoentrevista","status":"publish","type":"post","link":"https:\/\/www.celttv.com.ar\/index.php\/2011\/10\/01\/se-inauguran-este-lunes-obras-en-la-plaza-ernesto-tornquist-invitacion-del-intendente-municipal-imagenes-de-la-renovada-plaza-y-videoentrevista\/","title":{"rendered":"SE INAUGURAN ESTE LUNES OBRAS EN LA PLAZA ERNESTO TORNQUIST &#8211; Invitacion del Intendente Municipal (imagenes de la renovada plaza y videoentrevista)"},"content":{"rendered":"<p>El Intendente Municipal Lic. Gustavo Trankels invita a la comunidad a la inauguraci\u00f3n de la primera etapa del proyecto de puesta en valor de nuestra plaza, que incluye un nuevo sistema de luminarias en todo el per\u00edmetro, un novedoso sistema de circulaci\u00f3n de agua en uno de sus lagos y todo lo realizado en la parte est\u00e9tica.<a rel=\"attachment wp-att-2101\" href=\"http:\/\/www.tvcnoticias.com.ar\/?attachment_id=2101\"><img loading=\"lazy\" decoding=\"async\" class=\"aligncenter size-full wp-image-2101\" title=\"PLAZA E (Small)\" src=\"http:\/\/www.tvcnoticias.com.ar\/wp-content\/uploads\/2011\/10\/PLAZA-E-Small.jpg\" alt=\"\" width=\"640\" height=\"503\" \/><\/a><br \/>\n<a>httpv:\/\/www.youtube.com\/watch?v=KBftlCo8nP4<\/a><\/p>\n","protected":false},"excerpt":{"rendered":"<p>El Intendente Municipal Lic. Gustavo Trankels invita a la comunidad a la inauguraci\u00f3n de la primera etapa del proyecto de puesta en valor de nuestra plaza, que incluye un nuevo sistema de luminarias en todo el per\u00edmetro, un novedoso sistema de circulaci\u00f3n de agua en uno de sus lagos y todo lo realizado en la [&hellip;]<\/p>\n","protected":false},"author":1,"featured_media":0,"comment_status":"closed","ping_status":"open","sticky":false,"template":"","format":"standard","meta":{"footnotes":""},"categories":[51,52,53,64],"tags":[],"class_list":["post-2100","post","type-post","status-publish","format-standard","hentry","category-comunidad","category-destacadas","category-politica","category-videos-destacados"],"yoast_head":"<!-- This site is optimized with the Yoast SEO plugin v19.7.1 - https:\/\/yoast.com\/wordpress\/plugins\/seo\/ -->\n<title>SE INAUGURAN ESTE LUNES OBRAS EN LA PLAZA ERNESTO TORNQUIST - Invitacion del Intendente Municipal (imagenes de la renovada plaza y videoentrevista) - CELTTV<\/title>\n<meta name=\"description\" content=\"Sitio web de noticias de la localidad de Tornquist, provincia de Buenos Aires, Rep\u00fablica Argentina. Contenido propio originado por periodistas de CELTTV, el canal de TV local de la Cooperativa El\u00e9ctrica de Tornquist. Turismo, Pol\u00edtica, Sociedad, Deporte, Cultura y todo el contenido de inter\u00e9s general que la gente del pueblo y la regi\u00f3n debe conocer.\" \/>\n<meta name=\"robots\" content=\"index, follow, max-snippet:-1, max-image-preview:large, max-video-preview:-1\" \/>\n<link rel=\"canonical\" href=\"https:\/\/www.celttv.com.ar\/index.php\/2011\/10\/01\/se-inauguran-este-lunes-obras-en-la-plaza-ernesto-tornquist-invitacion-del-intendente-municipal-imagenes-de-la-renovada-plaza-y-videoentrevista\/\" \/>\n<meta property=\"og:locale\" content=\"es_ES\" \/>\n<meta property=\"og:type\" content=\"article\" \/>\n<meta property=\"og:title\" content=\"SE INAUGURAN ESTE LUNES OBRAS EN LA PLAZA ERNESTO TORNQUIST - Invitacion del Intendente Municipal (imagenes de la renovada plaza y videoentrevista) - CELTTV\" \/>\n<meta property=\"og:description\" content=\"Sitio web de noticias de la localidad de Tornquist, provincia de Buenos Aires, Rep\u00fablica Argentina. Contenido propio originado por periodistas de CELTTV, el canal de TV local de la Cooperativa El\u00e9ctrica de Tornquist. Turismo, Pol\u00edtica, Sociedad, Deporte, Cultura y todo el contenido de inter\u00e9s general que la gente del pueblo y la regi\u00f3n debe conocer.\" \/>\n<meta property=\"og:url\" content=\"https:\/\/www.celttv.com.ar\/index.php\/2011\/10\/01\/se-inauguran-este-lunes-obras-en-la-plaza-ernesto-tornquist-invitacion-del-intendente-municipal-imagenes-de-la-renovada-plaza-y-videoentrevista\/\" \/>\n<meta property=\"og:site_name\" content=\"CELTTV\" \/>\n<meta property=\"article:publisher\" content=\"https:\/\/www.facebook.com\/celtTV\/\" \/>\n<meta property=\"article:published_time\" content=\"2011-10-01T17:36:18+00:00\" \/>\n<meta property=\"og:image\" content=\"http:\/\/www.tvcnoticias.com.ar\/wp-content\/uploads\/2011\/10\/PLAZA-E-Small.jpg\" \/>\n<meta name=\"author\" content=\"ulises\" \/>\n<meta name=\"twitter:card\" content=\"summary_large_image\" \/>\n<meta name=\"twitter:label1\" content=\"Escrito por\" \/>\n\t<meta name=\"twitter:data1\" content=\"ulises\" \/>\n<script type=\"application\/ld+json\" class=\"yoast-schema-graph\">{\"@context\":\"https:\/\/schema.org\",\"@graph\":[{\"@type\":\"NewsArticle\",\"@id\":\"https:\/\/www.celttv.com.ar\/index.php\/2011\/10\/01\/se-inauguran-este-lunes-obras-en-la-plaza-ernesto-tornquist-invitacion-del-intendente-municipal-imagenes-de-la-renovada-plaza-y-videoentrevista\/#article\",\"isPartOf\":{\"@id\":\"https:\/\/www.celttv.com.ar\/index.php\/2011\/10\/01\/se-inauguran-este-lunes-obras-en-la-plaza-ernesto-tornquist-invitacion-del-intendente-municipal-imagenes-de-la-renovada-plaza-y-videoentrevista\/\"},\"author\":{\"name\":\"ulises\",\"@id\":\"https:\/\/www.celttv.com.ar\/#\/schema\/person\/6d99c072dba59953809c81446e9d0ace\"},\"headline\":\"SE INAUGURAN ESTE LUNES OBRAS EN LA PLAZA ERNESTO TORNQUIST &#8211; Invitacion del Intendente Municipal (imagenes de la renovada plaza y videoentrevista)\",\"datePublished\":\"2011-10-01T17:36:18+00:00\",\"dateModified\":\"2011-10-01T17:36:18+00:00\",\"mainEntityOfPage\":{\"@id\":\"https:\/\/www.celttv.com.ar\/index.php\/2011\/10\/01\/se-inauguran-este-lunes-obras-en-la-plaza-ernesto-tornquist-invitacion-del-intendente-municipal-imagenes-de-la-renovada-plaza-y-videoentrevista\/\"},\"wordCount\":91,\"publisher\":{\"@id\":\"https:\/\/www.celttv.com.ar\/#organization\"},\"articleSection\":[\"Comunidad\",\"Destacadas\",\"Pol\u00edtica\",\"Videos Destacados\"],\"inLanguage\":\"es\"},{\"@type\":\"WebPage\",\"@id\":\"https:\/\/www.celttv.com.ar\/index.php\/2011\/10\/01\/se-inauguran-este-lunes-obras-en-la-plaza-ernesto-tornquist-invitacion-del-intendente-municipal-imagenes-de-la-renovada-plaza-y-videoentrevista\/\",\"url\":\"https:\/\/www.celttv.com.ar\/index.php\/2011\/10\/01\/se-inauguran-este-lunes-obras-en-la-plaza-ernesto-tornquist-invitacion-del-intendente-municipal-imagenes-de-la-renovada-plaza-y-videoentrevista\/\",\"name\":\"SE INAUGURAN ESTE LUNES OBRAS EN LA PLAZA ERNESTO TORNQUIST - Invitacion del Intendente Municipal (imagenes de la renovada plaza y videoentrevista) - CELTTV\",\"isPartOf\":{\"@id\":\"https:\/\/www.celttv.com.ar\/#website\"},\"datePublished\":\"2011-10-01T17:36:18+00:00\",\"dateModified\":\"2011-10-01T17:36:18+00:00\",\"description\":\"Sitio web de noticias de la localidad de Tornquist, provincia de Buenos Aires, Rep\u00fablica Argentina. Contenido propio originado por periodistas de CELTTV, el canal de TV local de la Cooperativa El\u00e9ctrica de Tornquist. Turismo, Pol\u00edtica, Sociedad, Deporte, Cultura y todo el contenido de inter\u00e9s general que la gente del pueblo y la regi\u00f3n debe conocer.\",\"breadcrumb\":{\"@id\":\"https:\/\/www.celttv.com.ar\/index.php\/2011\/10\/01\/se-inauguran-este-lunes-obras-en-la-plaza-ernesto-tornquist-invitacion-del-intendente-municipal-imagenes-de-la-renovada-plaza-y-videoentrevista\/#breadcrumb\"},\"inLanguage\":\"es\",\"potentialAction\":[{\"@type\":\"ReadAction\",\"target\":[\"https:\/\/www.celttv.com.ar\/index.php\/2011\/10\/01\/se-inauguran-este-lunes-obras-en-la-plaza-ernesto-tornquist-invitacion-del-intendente-municipal-imagenes-de-la-renovada-plaza-y-videoentrevista\/\"]}]},{\"@type\":\"BreadcrumbList\",\"@id\":\"https:\/\/www.celttv.com.ar\/index.php\/2011\/10\/01\/se-inauguran-este-lunes-obras-en-la-plaza-ernesto-tornquist-invitacion-del-intendente-municipal-imagenes-de-la-renovada-plaza-y-videoentrevista\/#breadcrumb\",\"itemListElement\":[{\"@type\":\"ListItem\",\"position\":1,\"name\":\"Inicio\",\"item\":\"https:\/\/www.celttv.com.ar\/\"},{\"@type\":\"ListItem\",\"position\":2,\"name\":\"SE INAUGURAN ESTE LUNES OBRAS EN LA PLAZA ERNESTO TORNQUIST &#8211; Invitacion del Intendente Municipal (imagenes de la renovada plaza y videoentrevista)\"}]},{\"@type\":\"WebSite\",\"@id\":\"https:\/\/www.celttv.com.ar\/#website\",\"url\":\"https:\/\/www.celttv.com.ar\/\",\"name\":\"CELTTV\",\"description\":\"Cooperativa El\u00e9ctrica de Tornquist\",\"publisher\":{\"@id\":\"https:\/\/www.celttv.com.ar\/#organization\"},\"potentialAction\":[{\"@type\":\"SearchAction\",\"target\":{\"@type\":\"EntryPoint\",\"urlTemplate\":\"https:\/\/www.celttv.com.ar\/?s={search_term_string}\"},\"query-input\":\"required name=search_term_string\"}],\"inLanguage\":\"es\"},{\"@type\":\"Organization\",\"@id\":\"https:\/\/www.celttv.com.ar\/#organization\",\"name\":\"CELTTV\",\"url\":\"https:\/\/www.celttv.com.ar\/\",\"sameAs\":[\"https:\/\/www.youtube.com\/channel\/UCz_oIt8Hig64Ub-EmcNPIhg\",\"https:\/\/www.facebook.com\/celtTV\/\"],\"logo\":{\"@type\":\"ImageObject\",\"inLanguage\":\"es\",\"@id\":\"https:\/\/www.celttv.com.ar\/#\/schema\/logo\/image\/\",\"url\":\"http:\/\/www.celttv.com.ar\/wp-content\/uploads\/2022\/08\/logo-1.png\",\"contentUrl\":\"http:\/\/www.celttv.com.ar\/wp-content\/uploads\/2022\/08\/logo-1.png\",\"width\":461,\"height\":159,\"caption\":\"CELTTV\"},\"image\":{\"@id\":\"https:\/\/www.celttv.com.ar\/#\/schema\/logo\/image\/\"}},{\"@type\":\"Person\",\"@id\":\"https:\/\/www.celttv.com.ar\/#\/schema\/person\/6d99c072dba59953809c81446e9d0ace\",\"name\":\"ulises\",\"image\":{\"@type\":\"ImageObject\",\"inLanguage\":\"es\",\"@id\":\"https:\/\/www.celttv.com.ar\/#\/schema\/person\/image\/\",\"url\":\"https:\/\/secure.gravatar.com\/avatar\/7f2c48bdc33b30088f941fb6082e555f2874c98e20cb159d7b92b50eadfce793?s=96&d=mm&r=g\",\"contentUrl\":\"https:\/\/secure.gravatar.com\/avatar\/7f2c48bdc33b30088f941fb6082e555f2874c98e20cb159d7b92b50eadfce793?s=96&d=mm&r=g\",\"caption\":\"ulises\"},\"sameAs\":[\"http:\/\/www.celttv.com.ar\"]}]}<\/script>\n<!-- \/ Yoast SEO plugin. -->","yoast_head_json":{"title":"SE INAUGURAN ESTE LUNES OBRAS EN LA PLAZA ERNESTO TORNQUIST - Invitacion del Intendente Municipal (imagenes de la renovada plaza y videoentrevista) - CELTTV","description":"Sitio web de noticias de la localidad de Tornquist, provincia de Buenos Aires, Rep\u00fablica Argentina. Contenido propio originado por periodistas de CELTTV, el canal de TV local de la Cooperativa El\u00e9ctrica de Tornquist. Turismo, Pol\u00edtica, Sociedad, Deporte, Cultura y todo el contenido de inter\u00e9s general que la gente del pueblo y la regi\u00f3n debe conocer.","robots":{"index":"index","follow":"follow","max-snippet":"max-snippet:-1","max-image-preview":"max-image-preview:large","max-video-preview":"max-video-preview:-1"},"canonical":"https:\/\/www.celttv.com.ar\/index.php\/2011\/10\/01\/se-inauguran-este-lunes-obras-en-la-plaza-ernesto-tornquist-invitacion-del-intendente-municipal-imagenes-de-la-renovada-plaza-y-videoentrevista\/","og_locale":"es_ES","og_type":"article","og_title":"SE INAUGURAN ESTE LUNES OBRAS EN LA PLAZA ERNESTO TORNQUIST - Invitacion del Intendente Municipal (imagenes de la renovada plaza y videoentrevista) - CELTTV","og_description":"Sitio web de noticias de la localidad de Tornquist, provincia de Buenos Aires, Rep\u00fablica Argentina. Contenido propio originado por periodistas de CELTTV, el canal de TV local de la Cooperativa El\u00e9ctrica de Tornquist. Turismo, Pol\u00edtica, Sociedad, Deporte, Cultura y todo el contenido de inter\u00e9s general que la gente del pueblo y la regi\u00f3n debe conocer.","og_url":"https:\/\/www.celttv.com.ar\/index.php\/2011\/10\/01\/se-inauguran-este-lunes-obras-en-la-plaza-ernesto-tornquist-invitacion-del-intendente-municipal-imagenes-de-la-renovada-plaza-y-videoentrevista\/","og_site_name":"CELTTV","article_publisher":"https:\/\/www.facebook.com\/celtTV\/","article_published_time":"2011-10-01T17:36:18+00:00","og_image":[{"url":"http:\/\/www.tvcnoticias.com.ar\/wp-content\/uploads\/2011\/10\/PLAZA-E-Small.jpg"}],"author":"ulises","twitter_card":"summary_large_image","twitter_misc":{"Escrito por":"ulises"},"schema":{"@context":"https:\/\/schema.org","@graph":[{"@type":"NewsArticle","@id":"https:\/\/www.celttv.com.ar\/index.php\/2011\/10\/01\/se-inauguran-este-lunes-obras-en-la-plaza-ernesto-tornquist-invitacion-del-intendente-municipal-imagenes-de-la-renovada-plaza-y-videoentrevista\/#article","isPartOf":{"@id":"https:\/\/www.celttv.com.ar\/index.php\/2011\/10\/01\/se-inauguran-este-lunes-obras-en-la-plaza-ernesto-tornquist-invitacion-del-intendente-municipal-imagenes-de-la-renovada-plaza-y-videoentrevista\/"},"author":{"name":"ulises","@id":"https:\/\/www.celttv.com.ar\/#\/schema\/person\/6d99c072dba59953809c81446e9d0ace"},"headline":"SE INAUGURAN ESTE LUNES OBRAS EN LA PLAZA ERNESTO TORNQUIST &#8211; Invitacion del Intendente Municipal (imagenes de la renovada plaza y videoentrevista)","datePublished":"2011-10-01T17:36:18+00:00","dateModified":"2011-10-01T17:36:18+00:00","mainEntityOfPage":{"@id":"https:\/\/www.celttv.com.ar\/index.php\/2011\/10\/01\/se-inauguran-este-lunes-obras-en-la-plaza-ernesto-tornquist-invitacion-del-intendente-municipal-imagenes-de-la-renovada-plaza-y-videoentrevista\/"},"wordCount":91,"publisher":{"@id":"https:\/\/www.celttv.com.ar\/#organization"},"articleSection":["Comunidad","Destacadas","Pol\u00edtica","Videos Destacados"],"inLanguage":"es"},{"@type":"WebPage","@id":"https:\/\/www.celttv.com.ar\/index.php\/2011\/10\/01\/se-inauguran-este-lunes-obras-en-la-plaza-ernesto-tornquist-invitacion-del-intendente-municipal-imagenes-de-la-renovada-plaza-y-videoentrevista\/","url":"https:\/\/www.celttv.com.ar\/index.php\/2011\/10\/01\/se-inauguran-este-lunes-obras-en-la-plaza-ernesto-tornquist-invitacion-del-intendente-municipal-imagenes-de-la-renovada-plaza-y-videoentrevista\/","name":"SE INAUGURAN ESTE LUNES OBRAS EN LA PLAZA ERNESTO TORNQUIST - Invitacion del Intendente Municipal (imagenes de la renovada plaza y videoentrevista) - CELTTV","isPartOf":{"@id":"https:\/\/www.celttv.com.ar\/#website"},"datePublished":"2011-10-01T17:36:18+00:00","dateModified":"2011-10-01T17:36:18+00:00","description":"Sitio web de noticias de la localidad de Tornquist, provincia de Buenos Aires, Rep\u00fablica Argentina. Contenido propio originado por periodistas de CELTTV, el canal de TV local de la Cooperativa El\u00e9ctrica de Tornquist. Turismo, Pol\u00edtica, Sociedad, Deporte, Cultura y todo el contenido de inter\u00e9s general que la gente del pueblo y la regi\u00f3n debe conocer.","breadcrumb":{"@id":"https:\/\/www.celttv.com.ar\/index.php\/2011\/10\/01\/se-inauguran-este-lunes-obras-en-la-plaza-ernesto-tornquist-invitacion-del-intendente-municipal-imagenes-de-la-renovada-plaza-y-videoentrevista\/#breadcrumb"},"inLanguage":"es","potentialAction":[{"@type":"ReadAction","target":["https:\/\/www.celttv.com.ar\/index.php\/2011\/10\/01\/se-inauguran-este-lunes-obras-en-la-plaza-ernesto-tornquist-invitacion-del-intendente-municipal-imagenes-de-la-renovada-plaza-y-videoentrevista\/"]}]},{"@type":"BreadcrumbList","@id":"https:\/\/www.celttv.com.ar\/index.php\/2011\/10\/01\/se-inauguran-este-lunes-obras-en-la-plaza-ernesto-tornquist-invitacion-del-intendente-municipal-imagenes-de-la-renovada-plaza-y-videoentrevista\/#breadcrumb","itemListElement":[{"@type":"ListItem","position":1,"name":"Inicio","item":"https:\/\/www.celttv.com.ar\/"},{"@type":"ListItem","position":2,"name":"SE INAUGURAN ESTE LUNES OBRAS EN LA PLAZA ERNESTO TORNQUIST &#8211; Invitacion del Intendente Municipal (imagenes de la renovada plaza y videoentrevista)"}]},{"@type":"WebSite","@id":"https:\/\/www.celttv.com.ar\/#website","url":"https:\/\/www.celttv.com.ar\/","name":"CELTTV","description":"Cooperativa El\u00e9ctrica de Tornquist","publisher":{"@id":"https:\/\/www.celttv.com.ar\/#organization"},"potentialAction":[{"@type":"SearchAction","target":{"@type":"EntryPoint","urlTemplate":"https:\/\/www.celttv.com.ar\/?s={search_term_string}"},"query-input":"required name=search_term_string"}],"inLanguage":"es"},{"@type":"Organization","@id":"https:\/\/www.celttv.com.ar\/#organization","name":"CELTTV","url":"https:\/\/www.celttv.com.ar\/","sameAs":["https:\/\/www.youtube.com\/channel\/UCz_oIt8Hig64Ub-EmcNPIhg","https:\/\/www.facebook.com\/celtTV\/"],"logo":{"@type":"ImageObject","inLanguage":"es","@id":"https:\/\/www.celttv.com.ar\/#\/schema\/logo\/image\/","url":"http:\/\/www.celttv.com.ar\/wp-content\/uploads\/2022\/08\/logo-1.png","contentUrl":"http:\/\/www.celttv.com.ar\/wp-content\/uploads\/2022\/08\/logo-1.png","width":461,"height":159,"caption":"CELTTV"},"image":{"@id":"https:\/\/www.celttv.com.ar\/#\/schema\/logo\/image\/"}},{"@type":"Person","@id":"https:\/\/www.celttv.com.ar\/#\/schema\/person\/6d99c072dba59953809c81446e9d0ace","name":"ulises","image":{"@type":"ImageObject","inLanguage":"es","@id":"https:\/\/www.celttv.com.ar\/#\/schema\/person\/image\/","url":"https:\/\/secure.gravatar.com\/avatar\/7f2c48bdc33b30088f941fb6082e555f2874c98e20cb159d7b92b50eadfce793?s=96&d=mm&r=g","contentUrl":"https:\/\/secure.gravatar.com\/avatar\/7f2c48bdc33b30088f941fb6082e555f2874c98e20cb159d7b92b50eadfce793?s=96&d=mm&r=g","caption":"ulises"},"sameAs":["http:\/\/www.celttv.com.ar"]}]}},"_links":{"self":[{"href":"https:\/\/www.celttv.com.ar\/index.php\/wp-json\/wp\/v2\/posts\/2100","targetHints":{"allow":["GET"]}}],"collection":[{"href":"https:\/\/www.celttv.com.ar\/index.php\/wp-json\/wp\/v2\/posts"}],"about":[{"href":"https:\/\/www.celttv.com.ar\/index.php\/wp-json\/wp\/v2\/types\/post"}],"author":[{"embeddable":true,"href":"https:\/\/www.celttv.com.ar\/index.php\/wp-json\/wp\/v2\/users\/1"}],"replies":[{"embeddable":true,"href":"https:\/\/www.celttv.com.ar\/index.php\/wp-json\/wp\/v2\/comments?post=2100"}],"version-history":[{"count":0,"href":"https:\/\/www.celttv.com.ar\/index.php\/wp-json\/wp\/v2\/posts\/2100\/revisions"}],"wp:attachment":[{"href":"https:\/\/www.celttv.com.ar\/index.php\/wp-json\/wp\/v2\/media?parent=2100"}],"wp:term":[{"taxonomy":"category","embeddable":true,"href":"https:\/\/www.celttv.com.ar\/index.php\/wp-json\/wp\/v2\/categories?post=2100"},{"taxonomy":"post_tag","embeddable":true,"href":"https:\/\/www.celttv.com.ar\/index.php\/wp-json\/wp\/v2\/tags?post=2100"}],"curies":[{"name":"wp","href":"https:\/\/api.w.org\/{rel}","templated":true}]}}