{"id":21034,"date":"2014-06-10T20:44:41","date_gmt":"2014-06-10T20:44:41","guid":{"rendered":"http:\/\/www.tvcnoticias.com.ar\/?p=21034"},"modified":"2014-06-10T20:44:41","modified_gmt":"2014-06-10T20:44:41","slug":"licitaron-obras-para-la-ruta-provincial-76","status":"publish","type":"post","link":"https:\/\/www.celttv.com.ar\/index.php\/2014\/06\/10\/licitaron-obras-para-la-ruta-provincial-76\/","title":{"rendered":"LICITARON OBRAS PARA LA RUTA PROVINCIAL 76 (fotos y audios)"},"content":{"rendered":"<p><a rel=\"attachment wp-att-21035\" href=\"http:\/\/www.tvcnoticias.com.ar\/?attachment_id=21035\"><img loading=\"lazy\" decoding=\"async\" class=\"aligncenter size-medium wp-image-21035\" title=\"DSCN4596 (1280x960) (Medium)\" src=\"http:\/\/www.tvcnoticias.com.ar\/wp-content\/uploads\/2014\/06\/DSCN4596-1280x960-Medium-450x337.jpg\" alt=\"\" width=\"450\" height=\"337\" \/><\/a><br \/>\n[audio:http:\/\/www.tvcnoticias.com.ar\/wp-content\/uploads\/2014\/06\/Licitaci\u00f3n-Vialidad-Gustavo.mp3|titles=Licitaci\u00f3n Vialidad Gustavo]<br \/>\n[audio:http:\/\/www.tvcnoticias.com.ar\/wp-content\/uploads\/2014\/06\/Licitaci\u00f3n-Vialidad-Tombesi-y-Linch.mp3|titles=Licitaci\u00f3n Vialidad Tombesi y Linch]<br \/>\nDos empresas presentaron sus propuestas para realizar trabajos de rehabilitaci\u00f3n y conservaci\u00f3n de capa de rodamiento en diferentes rutas de nuestra regi\u00f3n, entre ellas la ruta provincial 76, durante el acto de apertura de sobres de la licitaci\u00f3n respectiva, que se realiz\u00f3 en la Sala de Situaciones de la Municipalidad de Tornquist.<br \/>\nDe acuerdo con el pliego de la licitaci\u00f3n p\u00fablica N\u00b0 16\/2014, la traza que atraviesa nuestro distrito ser\u00e1 sometida a ese proceso en el trayecto comprendido entre la ruta nacional 33 y el ruta provincial 76. La licitaci\u00f3n dirigida por la Direcci\u00f3n de Vialidad de la Provincia de Buenos Aires incluye tambi\u00e9n trabajos en el las rutas 51, 85 y 67, en los distritos de Bah\u00eda Blanca, Coronel Rosales, Coronel Pringles, Saavedra y Puan.<br \/>\nEl acto de apertura cont\u00f3 con la presencia de la administradora general de la DVP, ingeniera Patricia Tombesi; el sub administrador general del organismo, contador Walter Lynch; la jefa de Departamento de la Zona XI de Bah\u00eda Blanca, ingeniera Claudia Rossi; el intendente municipal, licenciado Gustavo Trankels; su par de Puan, contador Facundo Castelli; los secretarios comunales Guillermo L\u00f6ffler (Gobierno y Hacienda) y Anabella Madue\u00f1a (Obras y Servicios P\u00fablicos); y representantes de las firmas que adquirieron los pliegos.<br \/>\nLas ofertas presentadas fueron las siguientes:<br \/>\n&#8211;\u00a0\u00a0\u00a0\u00a0\u00a0\u00a0\u00a0\u00a0\u00a0 Plantel SA-Pasalto Materiales SRL (UTE-Rutas Provinciales): 76.538.570,72.<br \/>\n&#8211;\u00a0\u00a0\u00a0\u00a0\u00a0\u00a0\u00a0\u00a0\u00a0 Carreteras 2000 SA-Obras Abedul SRL-Cerra y Moro SRL-Coinc e Bah\u00eda SA UTE: 75.015.255,40.<br \/>\n\u201cEste es un d\u00eda important\u00edsimo. M\u00e1s all\u00e1 de la ansiedad, es una alegr\u00eda llegar a este momento. Por supuesto que el vecino espera ver la obra terminada, pero a quienes nos toca estar detr\u00e1s de la parte administrativa sabemos que esto es fundamental. Estamos muy contentos por la decisi\u00f3n pol\u00edtica del gobernador, el trabajo de todo el equipo de Vialidad que encabeza Patricia Tombesi y el compromiso asumido oportunamente que est\u00e1 cumpliendo el ministro (de Infraestructura) Alejandro Arl\u00eda\u201d, enfatiz\u00f3 el intendente Trankels.<br \/>\nTombesi, en tanto, resalt\u00f3 el programa de rehabilitaci\u00f3n y conservaci\u00f3n de rutas provinciales que viene implementando la Direcci\u00f3n que administra.<br \/>\n\u201cEstamos abordando un plan que nos pidi\u00f3 el gobernador (Daniel Scioli) para rehabilitar la mayor cantidad de kil\u00f3metros posibles de la red vial pavimentada de la Provincia. Las rutas de la regi\u00f3n van a recibir un trabajo profundo\u201d, se\u00f1al\u00f3 y recalc\u00f3 que en los sectores en donde es necesario se realizar\u00e1n tramos completos de pavimento de 10 cent\u00edmetros de espesor y tareas en la base del mismo.<br \/>\n\u201cEstamos trabajando con mucho empe\u00f1o desde Vialidad para que las obras se pongan en marcha en el tiempo m\u00e1s corto posible. Las mismas se financian con el Fondo Fiduciario de Infraestructura Vial, que desde el a\u00f1o 2014 se opera s\u00f3lo para obras viales. Este es un programa ambicioso, en el cual ya licitamos 2.300 kil\u00f3metros pertenecientes a unos 80 municipios, por unos 700 millones de pesos\u201d, se\u00f1al\u00f3.<br \/>\n&nbsp;<\/p>\n","protected":false},"excerpt":{"rendered":"<p>[audio:http:\/\/www.tvcnoticias.com.ar\/wp-content\/uploads\/2014\/06\/Licitaci\u00f3n-Vialidad-Gustavo.mp3|titles=Licitaci\u00f3n Vialidad Gustavo] [audio:http:\/\/www.tvcnoticias.com.ar\/wp-content\/uploads\/2014\/06\/Licitaci\u00f3n-Vialidad-Tombesi-y-Linch.mp3|titles=Licitaci\u00f3n Vialidad Tombesi y Linch] Dos empresas presentaron sus propuestas para realizar trabajos de rehabilitaci\u00f3n y conservaci\u00f3n de capa de rodamiento en diferentes rutas de nuestra regi\u00f3n, entre ellas la ruta provincial 76, durante el acto de apertura de sobres de la licitaci\u00f3n respectiva, que se realiz\u00f3 en la Sala de Situaciones [&hellip;]<\/p>\n","protected":false},"author":1,"featured_media":0,"comment_status":"closed","ping_status":"open","sticky":false,"template":"","format":"standard","meta":{"footnotes":""},"categories":[51,52,53],"tags":[],"class_list":["post-21034","post","type-post","status-publish","format-standard","hentry","category-comunidad","category-destacadas","category-politica"],"yoast_head":"<!-- This site is optimized with the Yoast SEO plugin v19.7.1 - https:\/\/yoast.com\/wordpress\/plugins\/seo\/ -->\n<title>LICITARON OBRAS PARA LA RUTA PROVINCIAL 76 (fotos y audios) - CELTTV<\/title>\n<meta name=\"description\" content=\"Sitio web de noticias de la localidad de Tornquist, provincia de Buenos Aires, Rep\u00fablica Argentina. Contenido propio originado por periodistas de CELTTV, el canal de TV local de la Cooperativa El\u00e9ctrica de Tornquist. Turismo, Pol\u00edtica, Sociedad, Deporte, Cultura y todo el contenido de inter\u00e9s general que la gente del pueblo y la regi\u00f3n debe conocer.\" \/>\n<meta name=\"robots\" content=\"index, follow, max-snippet:-1, max-image-preview:large, max-video-preview:-1\" \/>\n<link rel=\"canonical\" href=\"https:\/\/www.celttv.com.ar\/index.php\/2014\/06\/10\/licitaron-obras-para-la-ruta-provincial-76\/\" \/>\n<meta property=\"og:locale\" content=\"es_ES\" \/>\n<meta property=\"og:type\" content=\"article\" \/>\n<meta property=\"og:title\" content=\"LICITARON OBRAS PARA LA RUTA PROVINCIAL 76 (fotos y audios) - CELTTV\" \/>\n<meta property=\"og:description\" content=\"Sitio web de noticias de la localidad de Tornquist, provincia de Buenos Aires, Rep\u00fablica Argentina. Contenido propio originado por periodistas de CELTTV, el canal de TV local de la Cooperativa El\u00e9ctrica de Tornquist. Turismo, Pol\u00edtica, Sociedad, Deporte, Cultura y todo el contenido de inter\u00e9s general que la gente del pueblo y la regi\u00f3n debe conocer.\" \/>\n<meta property=\"og:url\" content=\"https:\/\/www.celttv.com.ar\/index.php\/2014\/06\/10\/licitaron-obras-para-la-ruta-provincial-76\/\" \/>\n<meta property=\"og:site_name\" content=\"CELTTV\" \/>\n<meta property=\"article:publisher\" content=\"https:\/\/www.facebook.com\/celtTV\/\" \/>\n<meta property=\"article:published_time\" content=\"2014-06-10T20:44:41+00:00\" \/>\n<meta property=\"og:image\" content=\"http:\/\/www.tvcnoticias.com.ar\/wp-content\/uploads\/2014\/06\/DSCN4596-1280x960-Medium-450x337.jpg\" \/>\n<meta name=\"author\" content=\"ulises\" \/>\n<meta name=\"twitter:card\" content=\"summary_large_image\" \/>\n<meta name=\"twitter:label1\" content=\"Escrito por\" \/>\n\t<meta name=\"twitter:data1\" content=\"ulises\" \/>\n\t<meta name=\"twitter:label2\" content=\"Tiempo de lectura\" \/>\n\t<meta name=\"twitter:data2\" content=\"3 minutos\" \/>\n<script type=\"application\/ld+json\" class=\"yoast-schema-graph\">{\"@context\":\"https:\/\/schema.org\",\"@graph\":[{\"@type\":\"NewsArticle\",\"@id\":\"https:\/\/www.celttv.com.ar\/index.php\/2014\/06\/10\/licitaron-obras-para-la-ruta-provincial-76\/#article\",\"isPartOf\":{\"@id\":\"https:\/\/www.celttv.com.ar\/index.php\/2014\/06\/10\/licitaron-obras-para-la-ruta-provincial-76\/\"},\"author\":{\"name\":\"ulises\",\"@id\":\"https:\/\/www.celttv.com.ar\/#\/schema\/person\/6d99c072dba59953809c81446e9d0ace\"},\"headline\":\"LICITARON OBRAS PARA LA RUTA PROVINCIAL 76 (fotos y audios)\",\"datePublished\":\"2014-06-10T20:44:41+00:00\",\"dateModified\":\"2014-06-10T20:44:41+00:00\",\"mainEntityOfPage\":{\"@id\":\"https:\/\/www.celttv.com.ar\/index.php\/2014\/06\/10\/licitaron-obras-para-la-ruta-provincial-76\/\"},\"wordCount\":538,\"publisher\":{\"@id\":\"https:\/\/www.celttv.com.ar\/#organization\"},\"articleSection\":[\"Comunidad\",\"Destacadas\",\"Pol\u00edtica\"],\"inLanguage\":\"es\"},{\"@type\":\"WebPage\",\"@id\":\"https:\/\/www.celttv.com.ar\/index.php\/2014\/06\/10\/licitaron-obras-para-la-ruta-provincial-76\/\",\"url\":\"https:\/\/www.celttv.com.ar\/index.php\/2014\/06\/10\/licitaron-obras-para-la-ruta-provincial-76\/\",\"name\":\"LICITARON OBRAS PARA LA RUTA PROVINCIAL 76 (fotos y audios) - CELTTV\",\"isPartOf\":{\"@id\":\"https:\/\/www.celttv.com.ar\/#website\"},\"datePublished\":\"2014-06-10T20:44:41+00:00\",\"dateModified\":\"2014-06-10T20:44:41+00:00\",\"description\":\"Sitio web de noticias de la localidad de Tornquist, provincia de Buenos Aires, Rep\u00fablica Argentina. Contenido propio originado por periodistas de CELTTV, el canal de TV local de la Cooperativa El\u00e9ctrica de Tornquist. Turismo, Pol\u00edtica, Sociedad, Deporte, Cultura y todo el contenido de inter\u00e9s general que la gente del pueblo y la regi\u00f3n debe conocer.\",\"breadcrumb\":{\"@id\":\"https:\/\/www.celttv.com.ar\/index.php\/2014\/06\/10\/licitaron-obras-para-la-ruta-provincial-76\/#breadcrumb\"},\"inLanguage\":\"es\",\"potentialAction\":[{\"@type\":\"ReadAction\",\"target\":[\"https:\/\/www.celttv.com.ar\/index.php\/2014\/06\/10\/licitaron-obras-para-la-ruta-provincial-76\/\"]}]},{\"@type\":\"BreadcrumbList\",\"@id\":\"https:\/\/www.celttv.com.ar\/index.php\/2014\/06\/10\/licitaron-obras-para-la-ruta-provincial-76\/#breadcrumb\",\"itemListElement\":[{\"@type\":\"ListItem\",\"position\":1,\"name\":\"Inicio\",\"item\":\"https:\/\/www.celttv.com.ar\/\"},{\"@type\":\"ListItem\",\"position\":2,\"name\":\"LICITARON OBRAS PARA LA RUTA PROVINCIAL 76 (fotos y audios)\"}]},{\"@type\":\"WebSite\",\"@id\":\"https:\/\/www.celttv.com.ar\/#website\",\"url\":\"https:\/\/www.celttv.com.ar\/\",\"name\":\"CELTTV\",\"description\":\"Cooperativa El\u00e9ctrica de Tornquist\",\"publisher\":{\"@id\":\"https:\/\/www.celttv.com.ar\/#organization\"},\"potentialAction\":[{\"@type\":\"SearchAction\",\"target\":{\"@type\":\"EntryPoint\",\"urlTemplate\":\"https:\/\/www.celttv.com.ar\/?s={search_term_string}\"},\"query-input\":\"required name=search_term_string\"}],\"inLanguage\":\"es\"},{\"@type\":\"Organization\",\"@id\":\"https:\/\/www.celttv.com.ar\/#organization\",\"name\":\"CELTTV\",\"url\":\"https:\/\/www.celttv.com.ar\/\",\"sameAs\":[\"https:\/\/www.youtube.com\/channel\/UCz_oIt8Hig64Ub-EmcNPIhg\",\"https:\/\/www.facebook.com\/celtTV\/\"],\"logo\":{\"@type\":\"ImageObject\",\"inLanguage\":\"es\",\"@id\":\"https:\/\/www.celttv.com.ar\/#\/schema\/logo\/image\/\",\"url\":\"http:\/\/www.celttv.com.ar\/wp-content\/uploads\/2022\/08\/logo-1.png\",\"contentUrl\":\"http:\/\/www.celttv.com.ar\/wp-content\/uploads\/2022\/08\/logo-1.png\",\"width\":461,\"height\":159,\"caption\":\"CELTTV\"},\"image\":{\"@id\":\"https:\/\/www.celttv.com.ar\/#\/schema\/logo\/image\/\"}},{\"@type\":\"Person\",\"@id\":\"https:\/\/www.celttv.com.ar\/#\/schema\/person\/6d99c072dba59953809c81446e9d0ace\",\"name\":\"ulises\",\"image\":{\"@type\":\"ImageObject\",\"inLanguage\":\"es\",\"@id\":\"https:\/\/www.celttv.com.ar\/#\/schema\/person\/image\/\",\"url\":\"https:\/\/secure.gravatar.com\/avatar\/7f2c48bdc33b30088f941fb6082e555f2874c98e20cb159d7b92b50eadfce793?s=96&d=mm&r=g\",\"contentUrl\":\"https:\/\/secure.gravatar.com\/avatar\/7f2c48bdc33b30088f941fb6082e555f2874c98e20cb159d7b92b50eadfce793?s=96&d=mm&r=g\",\"caption\":\"ulises\"},\"sameAs\":[\"http:\/\/www.celttv.com.ar\"]}]}<\/script>\n<!-- \/ Yoast SEO plugin. -->","yoast_head_json":{"title":"LICITARON OBRAS PARA LA RUTA PROVINCIAL 76 (fotos y audios) - CELTTV","description":"Sitio web de noticias de la localidad de Tornquist, provincia de Buenos Aires, Rep\u00fablica Argentina. Contenido propio originado por periodistas de CELTTV, el canal de TV local de la Cooperativa El\u00e9ctrica de Tornquist. Turismo, Pol\u00edtica, Sociedad, Deporte, Cultura y todo el contenido de inter\u00e9s general que la gente del pueblo y la regi\u00f3n debe conocer.","robots":{"index":"index","follow":"follow","max-snippet":"max-snippet:-1","max-image-preview":"max-image-preview:large","max-video-preview":"max-video-preview:-1"},"canonical":"https:\/\/www.celttv.com.ar\/index.php\/2014\/06\/10\/licitaron-obras-para-la-ruta-provincial-76\/","og_locale":"es_ES","og_type":"article","og_title":"LICITARON OBRAS PARA LA RUTA PROVINCIAL 76 (fotos y audios) - CELTTV","og_description":"Sitio web de noticias de la localidad de Tornquist, provincia de Buenos Aires, Rep\u00fablica Argentina. Contenido propio originado por periodistas de CELTTV, el canal de TV local de la Cooperativa El\u00e9ctrica de Tornquist. Turismo, Pol\u00edtica, Sociedad, Deporte, Cultura y todo el contenido de inter\u00e9s general que la gente del pueblo y la regi\u00f3n debe conocer.","og_url":"https:\/\/www.celttv.com.ar\/index.php\/2014\/06\/10\/licitaron-obras-para-la-ruta-provincial-76\/","og_site_name":"CELTTV","article_publisher":"https:\/\/www.facebook.com\/celtTV\/","article_published_time":"2014-06-10T20:44:41+00:00","og_image":[{"url":"http:\/\/www.tvcnoticias.com.ar\/wp-content\/uploads\/2014\/06\/DSCN4596-1280x960-Medium-450x337.jpg"}],"author":"ulises","twitter_card":"summary_large_image","twitter_misc":{"Escrito por":"ulises","Tiempo de lectura":"3 minutos"},"schema":{"@context":"https:\/\/schema.org","@graph":[{"@type":"NewsArticle","@id":"https:\/\/www.celttv.com.ar\/index.php\/2014\/06\/10\/licitaron-obras-para-la-ruta-provincial-76\/#article","isPartOf":{"@id":"https:\/\/www.celttv.com.ar\/index.php\/2014\/06\/10\/licitaron-obras-para-la-ruta-provincial-76\/"},"author":{"name":"ulises","@id":"https:\/\/www.celttv.com.ar\/#\/schema\/person\/6d99c072dba59953809c81446e9d0ace"},"headline":"LICITARON OBRAS PARA LA RUTA PROVINCIAL 76 (fotos y audios)","datePublished":"2014-06-10T20:44:41+00:00","dateModified":"2014-06-10T20:44:41+00:00","mainEntityOfPage":{"@id":"https:\/\/www.celttv.com.ar\/index.php\/2014\/06\/10\/licitaron-obras-para-la-ruta-provincial-76\/"},"wordCount":538,"publisher":{"@id":"https:\/\/www.celttv.com.ar\/#organization"},"articleSection":["Comunidad","Destacadas","Pol\u00edtica"],"inLanguage":"es"},{"@type":"WebPage","@id":"https:\/\/www.celttv.com.ar\/index.php\/2014\/06\/10\/licitaron-obras-para-la-ruta-provincial-76\/","url":"https:\/\/www.celttv.com.ar\/index.php\/2014\/06\/10\/licitaron-obras-para-la-ruta-provincial-76\/","name":"LICITARON OBRAS PARA LA RUTA PROVINCIAL 76 (fotos y audios) - CELTTV","isPartOf":{"@id":"https:\/\/www.celttv.com.ar\/#website"},"datePublished":"2014-06-10T20:44:41+00:00","dateModified":"2014-06-10T20:44:41+00:00","description":"Sitio web de noticias de la localidad de Tornquist, provincia de Buenos Aires, Rep\u00fablica Argentina. Contenido propio originado por periodistas de CELTTV, el canal de TV local de la Cooperativa El\u00e9ctrica de Tornquist. Turismo, Pol\u00edtica, Sociedad, Deporte, Cultura y todo el contenido de inter\u00e9s general que la gente del pueblo y la regi\u00f3n debe conocer.","breadcrumb":{"@id":"https:\/\/www.celttv.com.ar\/index.php\/2014\/06\/10\/licitaron-obras-para-la-ruta-provincial-76\/#breadcrumb"},"inLanguage":"es","potentialAction":[{"@type":"ReadAction","target":["https:\/\/www.celttv.com.ar\/index.php\/2014\/06\/10\/licitaron-obras-para-la-ruta-provincial-76\/"]}]},{"@type":"BreadcrumbList","@id":"https:\/\/www.celttv.com.ar\/index.php\/2014\/06\/10\/licitaron-obras-para-la-ruta-provincial-76\/#breadcrumb","itemListElement":[{"@type":"ListItem","position":1,"name":"Inicio","item":"https:\/\/www.celttv.com.ar\/"},{"@type":"ListItem","position":2,"name":"LICITARON OBRAS PARA LA RUTA PROVINCIAL 76 (fotos y audios)"}]},{"@type":"WebSite","@id":"https:\/\/www.celttv.com.ar\/#website","url":"https:\/\/www.celttv.com.ar\/","name":"CELTTV","description":"Cooperativa El\u00e9ctrica de Tornquist","publisher":{"@id":"https:\/\/www.celttv.com.ar\/#organization"},"potentialAction":[{"@type":"SearchAction","target":{"@type":"EntryPoint","urlTemplate":"https:\/\/www.celttv.com.ar\/?s={search_term_string}"},"query-input":"required name=search_term_string"}],"inLanguage":"es"},{"@type":"Organization","@id":"https:\/\/www.celttv.com.ar\/#organization","name":"CELTTV","url":"https:\/\/www.celttv.com.ar\/","sameAs":["https:\/\/www.youtube.com\/channel\/UCz_oIt8Hig64Ub-EmcNPIhg","https:\/\/www.facebook.com\/celtTV\/"],"logo":{"@type":"ImageObject","inLanguage":"es","@id":"https:\/\/www.celttv.com.ar\/#\/schema\/logo\/image\/","url":"http:\/\/www.celttv.com.ar\/wp-content\/uploads\/2022\/08\/logo-1.png","contentUrl":"http:\/\/www.celttv.com.ar\/wp-content\/uploads\/2022\/08\/logo-1.png","width":461,"height":159,"caption":"CELTTV"},"image":{"@id":"https:\/\/www.celttv.com.ar\/#\/schema\/logo\/image\/"}},{"@type":"Person","@id":"https:\/\/www.celttv.com.ar\/#\/schema\/person\/6d99c072dba59953809c81446e9d0ace","name":"ulises","image":{"@type":"ImageObject","inLanguage":"es","@id":"https:\/\/www.celttv.com.ar\/#\/schema\/person\/image\/","url":"https:\/\/secure.gravatar.com\/avatar\/7f2c48bdc33b30088f941fb6082e555f2874c98e20cb159d7b92b50eadfce793?s=96&d=mm&r=g","contentUrl":"https:\/\/secure.gravatar.com\/avatar\/7f2c48bdc33b30088f941fb6082e555f2874c98e20cb159d7b92b50eadfce793?s=96&d=mm&r=g","caption":"ulises"},"sameAs":["http:\/\/www.celttv.com.ar"]}]}},"_links":{"self":[{"href":"https:\/\/www.celttv.com.ar\/index.php\/wp-json\/wp\/v2\/posts\/21034","targetHints":{"allow":["GET"]}}],"collection":[{"href":"https:\/\/www.celttv.com.ar\/index.php\/wp-json\/wp\/v2\/posts"}],"about":[{"href":"https:\/\/www.celttv.com.ar\/index.php\/wp-json\/wp\/v2\/types\/post"}],"author":[{"embeddable":true,"href":"https:\/\/www.celttv.com.ar\/index.php\/wp-json\/wp\/v2\/users\/1"}],"replies":[{"embeddable":true,"href":"https:\/\/www.celttv.com.ar\/index.php\/wp-json\/wp\/v2\/comments?post=21034"}],"version-history":[{"count":0,"href":"https:\/\/www.celttv.com.ar\/index.php\/wp-json\/wp\/v2\/posts\/21034\/revisions"}],"wp:attachment":[{"href":"https:\/\/www.celttv.com.ar\/index.php\/wp-json\/wp\/v2\/media?parent=21034"}],"wp:term":[{"taxonomy":"category","embeddable":true,"href":"https:\/\/www.celttv.com.ar\/index.php\/wp-json\/wp\/v2\/categories?post=21034"},{"taxonomy":"post_tag","embeddable":true,"href":"https:\/\/www.celttv.com.ar\/index.php\/wp-json\/wp\/v2\/tags?post=21034"}],"curies":[{"name":"wp","href":"https:\/\/api.w.org\/{rel}","templated":true}]}}