{"id":21055,"date":"2014-06-11T13:40:16","date_gmt":"2014-06-11T13:40:16","guid":{"rendered":"http:\/\/www.tvcnoticias.com.ar\/?p=21055"},"modified":"2014-06-11T13:40:16","modified_gmt":"2014-06-11T13:40:16","slug":"tribunal-de-penas-tres-partidos-para-fernando-neudert","status":"publish","type":"post","link":"https:\/\/www.celttv.com.ar\/index.php\/2014\/06\/11\/tribunal-de-penas-tres-partidos-para-fernando-neudert\/","title":{"rendered":"TRIBUNAL DE PENAS: TRES PARTIDOS PARA FERNANDO NEUDERT"},"content":{"rendered":"<p><img loading=\"lazy\" decoding=\"async\" class=\"aligncenter size-medium wp-image-21056\" title=\"1430 - ARCO Y PELOTA (Medium)\" src=\"http:\/\/www.tvcnoticias.com.ar\/wp-content\/uploads\/2014\/06\/1430-ARCO-Y-PELOTA-Medium4-450x261.jpg\" alt=\"\" width=\"450\" height=\"261\" \/>El Tribunal de Penas de la Liga Regional de F\u00fatbol resolvi\u00f3, en la reuni\u00f3n realizada el martes pasado, mantener la suspensi\u00f3n provisoria al zaguero central Gonzalo Mart\u00ednez (Tiro Federal de Coronel Su\u00e1rez).<br \/>\nEl cuerpo que preside Osvaldo Delgado recibi\u00f3 el informe por escrito solicitado la semana anterior tanto de parte del club de Villa Belgrano y como de la Polic\u00eda Comunal local, adem\u00e1s de la ampliaci\u00f3n verbal del \u00e1rbitro Juan Ariel Ferreyra y de los jueces asistentes N\u00e9stor Segui y Ricardo Borger, tras lo cual dispuso continuar con el estudio del expediente.<br \/>\nVale se\u00f1alar que la apertura del mismo obedece a la agresi\u00f3n f\u00edsica que Mart\u00ednez perpetr\u00f3, luego de haber sido expulsado, contra la autoridad m\u00e1xima del partido frente a Deportivo Sarmiento, v\u00e1lido por la d\u00e9cima fecha del torneo Apertura de Primera divisi\u00f3n.<br \/>\nEn otras resoluciones, Fernando Neudert (Uni\u00f3n de Tornquist) fue sancionado por 3 fechas; Facundo Sierra (Empleados de Comercio) por 2 cotejos, Lucas Dukart (Independiente) y Sebasti\u00e1n Balvidares (Boca Juniors) por 1 encuentro, habiendo quedado el \u00faltimo de ellos habilitado para jugar dado que ven\u00eda con suspensi\u00f3n provisional.<br \/>\nEn tanto, quedaron con inhabilitaci\u00f3n provisoria Ariel Patthauer (Deportivo Argentino) y Sebasti\u00e1n Gonz\u00e1lez (San Mart\u00edn de Carhu\u00e9).<br \/>\nPor haber arribado al l\u00edmite de 5 tarjetas amarillas no podr\u00e1n disputar el pr\u00f3ximo compromiso de sus equipos los jugadores Lucas Ruesga (Tiro Federal de Puan), Carlos S\u00e1nchez (Deportivo Argentino), Maximiliano Diel y Neri Eiras (ambos de Uni\u00f3n Pig\u00fc\u00e9) y Walter Rantucho (Pe\u00f1arol de Guamin\u00ed).<br \/>\n&nbsp;<br \/>\nEn Reserva<br \/>\n&nbsp;<br \/>\nEn relaci\u00f3n a la divisi\u00f3n Reserva se dieron a conocer seis fallos. Dami\u00e1n Hildman (Uni\u00f3n de Tornquist), Santiago Colla (Tiro Federal de Puan) y Gerardo Garc\u00eda Pereira (Pe\u00f1arol de Guamin\u00ed) recibieron 2 fechas de suspensi\u00f3n.<br \/>\nPor su parte, Adri\u00e1n Roppel (Blanco y Negro) y Maximiliano Mura\u00f1a (Deportivo Argentino) merecieron 1 cotejo y Facundo Minnig (El Progreso) result\u00f3 suspendido de manera provisoria.<br \/>\n&nbsp;<br \/>\n&nbsp;<\/p>\n","protected":false},"excerpt":{"rendered":"<p>El Tribunal de Penas de la Liga Regional de F\u00fatbol resolvi\u00f3, en la reuni\u00f3n realizada el martes pasado, mantener la suspensi\u00f3n provisoria al zaguero central Gonzalo Mart\u00ednez (Tiro Federal de Coronel Su\u00e1rez). El cuerpo que preside Osvaldo Delgado recibi\u00f3 el informe por escrito solicitado la semana anterior tanto de parte del club de Villa Belgrano [&hellip;]<\/p>\n","protected":false},"author":1,"featured_media":0,"comment_status":"closed","ping_status":"open","sticky":false,"template":"","format":"standard","meta":{"footnotes":""},"categories":[60,52],"tags":[],"class_list":["post-21055","post","type-post","status-publish","format-standard","hentry","category-deporte","category-destacadas"],"yoast_head":"<!-- This site is optimized with the Yoast SEO plugin v19.7.1 - https:\/\/yoast.com\/wordpress\/plugins\/seo\/ -->\n<title>TRIBUNAL DE PENAS: TRES PARTIDOS PARA FERNANDO NEUDERT - CELTTV<\/title>\n<meta name=\"description\" content=\"Sitio web de noticias de la localidad de Tornquist, provincia de Buenos Aires, Rep\u00fablica Argentina. Contenido propio originado por periodistas de CELTTV, el canal de TV local de la Cooperativa El\u00e9ctrica de Tornquist. Turismo, Pol\u00edtica, Sociedad, Deporte, Cultura y todo el contenido de inter\u00e9s general que la gente del pueblo y la regi\u00f3n debe conocer.\" \/>\n<meta name=\"robots\" content=\"index, follow, max-snippet:-1, max-image-preview:large, max-video-preview:-1\" \/>\n<link rel=\"canonical\" href=\"https:\/\/www.celttv.com.ar\/index.php\/2014\/06\/11\/tribunal-de-penas-tres-partidos-para-fernando-neudert\/\" \/>\n<meta property=\"og:locale\" content=\"es_ES\" \/>\n<meta property=\"og:type\" content=\"article\" \/>\n<meta property=\"og:title\" content=\"TRIBUNAL DE PENAS: TRES PARTIDOS PARA FERNANDO NEUDERT - CELTTV\" \/>\n<meta property=\"og:description\" content=\"Sitio web de noticias de la localidad de Tornquist, provincia de Buenos Aires, Rep\u00fablica Argentina. Contenido propio originado por periodistas de CELTTV, el canal de TV local de la Cooperativa El\u00e9ctrica de Tornquist. Turismo, Pol\u00edtica, Sociedad, Deporte, Cultura y todo el contenido de inter\u00e9s general que la gente del pueblo y la regi\u00f3n debe conocer.\" \/>\n<meta property=\"og:url\" content=\"https:\/\/www.celttv.com.ar\/index.php\/2014\/06\/11\/tribunal-de-penas-tres-partidos-para-fernando-neudert\/\" \/>\n<meta property=\"og:site_name\" content=\"CELTTV\" \/>\n<meta property=\"article:publisher\" content=\"https:\/\/www.facebook.com\/celtTV\/\" \/>\n<meta property=\"article:published_time\" content=\"2014-06-11T13:40:16+00:00\" \/>\n<meta property=\"og:image\" content=\"http:\/\/www.tvcnoticias.com.ar\/wp-content\/uploads\/2014\/06\/1430-ARCO-Y-PELOTA-Medium4-450x261.jpg\" \/>\n<meta name=\"author\" content=\"ulises\" \/>\n<meta name=\"twitter:card\" content=\"summary_large_image\" \/>\n<meta name=\"twitter:label1\" content=\"Escrito por\" \/>\n\t<meta name=\"twitter:data1\" content=\"ulises\" \/>\n\t<meta name=\"twitter:label2\" content=\"Tiempo de lectura\" \/>\n\t<meta name=\"twitter:data2\" content=\"2 minutos\" \/>\n<script type=\"application\/ld+json\" class=\"yoast-schema-graph\">{\"@context\":\"https:\/\/schema.org\",\"@graph\":[{\"@type\":\"NewsArticle\",\"@id\":\"https:\/\/www.celttv.com.ar\/index.php\/2014\/06\/11\/tribunal-de-penas-tres-partidos-para-fernando-neudert\/#article\",\"isPartOf\":{\"@id\":\"https:\/\/www.celttv.com.ar\/index.php\/2014\/06\/11\/tribunal-de-penas-tres-partidos-para-fernando-neudert\/\"},\"author\":{\"name\":\"ulises\",\"@id\":\"https:\/\/www.celttv.com.ar\/#\/schema\/person\/6d99c072dba59953809c81446e9d0ace\"},\"headline\":\"TRIBUNAL DE PENAS: TRES PARTIDOS PARA FERNANDO NEUDERT\",\"datePublished\":\"2014-06-11T13:40:16+00:00\",\"dateModified\":\"2014-06-11T13:40:16+00:00\",\"mainEntityOfPage\":{\"@id\":\"https:\/\/www.celttv.com.ar\/index.php\/2014\/06\/11\/tribunal-de-penas-tres-partidos-para-fernando-neudert\/\"},\"wordCount\":351,\"publisher\":{\"@id\":\"https:\/\/www.celttv.com.ar\/#organization\"},\"articleSection\":[\"Deporte\",\"Destacadas\"],\"inLanguage\":\"es\"},{\"@type\":\"WebPage\",\"@id\":\"https:\/\/www.celttv.com.ar\/index.php\/2014\/06\/11\/tribunal-de-penas-tres-partidos-para-fernando-neudert\/\",\"url\":\"https:\/\/www.celttv.com.ar\/index.php\/2014\/06\/11\/tribunal-de-penas-tres-partidos-para-fernando-neudert\/\",\"name\":\"TRIBUNAL DE PENAS: TRES PARTIDOS PARA FERNANDO NEUDERT - CELTTV\",\"isPartOf\":{\"@id\":\"https:\/\/www.celttv.com.ar\/#website\"},\"datePublished\":\"2014-06-11T13:40:16+00:00\",\"dateModified\":\"2014-06-11T13:40:16+00:00\",\"description\":\"Sitio web de noticias de la localidad de Tornquist, provincia de Buenos Aires, Rep\u00fablica Argentina. Contenido propio originado por periodistas de CELTTV, el canal de TV local de la Cooperativa El\u00e9ctrica de Tornquist. Turismo, Pol\u00edtica, Sociedad, Deporte, Cultura y todo el contenido de inter\u00e9s general que la gente del pueblo y la regi\u00f3n debe conocer.\",\"breadcrumb\":{\"@id\":\"https:\/\/www.celttv.com.ar\/index.php\/2014\/06\/11\/tribunal-de-penas-tres-partidos-para-fernando-neudert\/#breadcrumb\"},\"inLanguage\":\"es\",\"potentialAction\":[{\"@type\":\"ReadAction\",\"target\":[\"https:\/\/www.celttv.com.ar\/index.php\/2014\/06\/11\/tribunal-de-penas-tres-partidos-para-fernando-neudert\/\"]}]},{\"@type\":\"BreadcrumbList\",\"@id\":\"https:\/\/www.celttv.com.ar\/index.php\/2014\/06\/11\/tribunal-de-penas-tres-partidos-para-fernando-neudert\/#breadcrumb\",\"itemListElement\":[{\"@type\":\"ListItem\",\"position\":1,\"name\":\"Inicio\",\"item\":\"https:\/\/www.celttv.com.ar\/\"},{\"@type\":\"ListItem\",\"position\":2,\"name\":\"TRIBUNAL DE PENAS: TRES PARTIDOS PARA FERNANDO NEUDERT\"}]},{\"@type\":\"WebSite\",\"@id\":\"https:\/\/www.celttv.com.ar\/#website\",\"url\":\"https:\/\/www.celttv.com.ar\/\",\"name\":\"CELTTV\",\"description\":\"Cooperativa El\u00e9ctrica de Tornquist\",\"publisher\":{\"@id\":\"https:\/\/www.celttv.com.ar\/#organization\"},\"potentialAction\":[{\"@type\":\"SearchAction\",\"target\":{\"@type\":\"EntryPoint\",\"urlTemplate\":\"https:\/\/www.celttv.com.ar\/?s={search_term_string}\"},\"query-input\":\"required name=search_term_string\"}],\"inLanguage\":\"es\"},{\"@type\":\"Organization\",\"@id\":\"https:\/\/www.celttv.com.ar\/#organization\",\"name\":\"CELTTV\",\"url\":\"https:\/\/www.celttv.com.ar\/\",\"sameAs\":[\"https:\/\/www.youtube.com\/channel\/UCz_oIt8Hig64Ub-EmcNPIhg\",\"https:\/\/www.facebook.com\/celtTV\/\"],\"logo\":{\"@type\":\"ImageObject\",\"inLanguage\":\"es\",\"@id\":\"https:\/\/www.celttv.com.ar\/#\/schema\/logo\/image\/\",\"url\":\"http:\/\/www.celttv.com.ar\/wp-content\/uploads\/2022\/08\/logo-1.png\",\"contentUrl\":\"http:\/\/www.celttv.com.ar\/wp-content\/uploads\/2022\/08\/logo-1.png\",\"width\":461,\"height\":159,\"caption\":\"CELTTV\"},\"image\":{\"@id\":\"https:\/\/www.celttv.com.ar\/#\/schema\/logo\/image\/\"}},{\"@type\":\"Person\",\"@id\":\"https:\/\/www.celttv.com.ar\/#\/schema\/person\/6d99c072dba59953809c81446e9d0ace\",\"name\":\"ulises\",\"image\":{\"@type\":\"ImageObject\",\"inLanguage\":\"es\",\"@id\":\"https:\/\/www.celttv.com.ar\/#\/schema\/person\/image\/\",\"url\":\"https:\/\/secure.gravatar.com\/avatar\/7f2c48bdc33b30088f941fb6082e555f2874c98e20cb159d7b92b50eadfce793?s=96&d=mm&r=g\",\"contentUrl\":\"https:\/\/secure.gravatar.com\/avatar\/7f2c48bdc33b30088f941fb6082e555f2874c98e20cb159d7b92b50eadfce793?s=96&d=mm&r=g\",\"caption\":\"ulises\"},\"sameAs\":[\"http:\/\/www.celttv.com.ar\"]}]}<\/script>\n<!-- \/ Yoast SEO plugin. -->","yoast_head_json":{"title":"TRIBUNAL DE PENAS: TRES PARTIDOS PARA FERNANDO NEUDERT - CELTTV","description":"Sitio web de noticias de la localidad de Tornquist, provincia de Buenos Aires, Rep\u00fablica Argentina. Contenido propio originado por periodistas de CELTTV, el canal de TV local de la Cooperativa El\u00e9ctrica de Tornquist. Turismo, Pol\u00edtica, Sociedad, Deporte, Cultura y todo el contenido de inter\u00e9s general que la gente del pueblo y la regi\u00f3n debe conocer.","robots":{"index":"index","follow":"follow","max-snippet":"max-snippet:-1","max-image-preview":"max-image-preview:large","max-video-preview":"max-video-preview:-1"},"canonical":"https:\/\/www.celttv.com.ar\/index.php\/2014\/06\/11\/tribunal-de-penas-tres-partidos-para-fernando-neudert\/","og_locale":"es_ES","og_type":"article","og_title":"TRIBUNAL DE PENAS: TRES PARTIDOS PARA FERNANDO NEUDERT - CELTTV","og_description":"Sitio web de noticias de la localidad de Tornquist, provincia de Buenos Aires, Rep\u00fablica Argentina. Contenido propio originado por periodistas de CELTTV, el canal de TV local de la Cooperativa El\u00e9ctrica de Tornquist. Turismo, Pol\u00edtica, Sociedad, Deporte, Cultura y todo el contenido de inter\u00e9s general que la gente del pueblo y la regi\u00f3n debe conocer.","og_url":"https:\/\/www.celttv.com.ar\/index.php\/2014\/06\/11\/tribunal-de-penas-tres-partidos-para-fernando-neudert\/","og_site_name":"CELTTV","article_publisher":"https:\/\/www.facebook.com\/celtTV\/","article_published_time":"2014-06-11T13:40:16+00:00","og_image":[{"url":"http:\/\/www.tvcnoticias.com.ar\/wp-content\/uploads\/2014\/06\/1430-ARCO-Y-PELOTA-Medium4-450x261.jpg"}],"author":"ulises","twitter_card":"summary_large_image","twitter_misc":{"Escrito por":"ulises","Tiempo de lectura":"2 minutos"},"schema":{"@context":"https:\/\/schema.org","@graph":[{"@type":"NewsArticle","@id":"https:\/\/www.celttv.com.ar\/index.php\/2014\/06\/11\/tribunal-de-penas-tres-partidos-para-fernando-neudert\/#article","isPartOf":{"@id":"https:\/\/www.celttv.com.ar\/index.php\/2014\/06\/11\/tribunal-de-penas-tres-partidos-para-fernando-neudert\/"},"author":{"name":"ulises","@id":"https:\/\/www.celttv.com.ar\/#\/schema\/person\/6d99c072dba59953809c81446e9d0ace"},"headline":"TRIBUNAL DE PENAS: TRES PARTIDOS PARA FERNANDO NEUDERT","datePublished":"2014-06-11T13:40:16+00:00","dateModified":"2014-06-11T13:40:16+00:00","mainEntityOfPage":{"@id":"https:\/\/www.celttv.com.ar\/index.php\/2014\/06\/11\/tribunal-de-penas-tres-partidos-para-fernando-neudert\/"},"wordCount":351,"publisher":{"@id":"https:\/\/www.celttv.com.ar\/#organization"},"articleSection":["Deporte","Destacadas"],"inLanguage":"es"},{"@type":"WebPage","@id":"https:\/\/www.celttv.com.ar\/index.php\/2014\/06\/11\/tribunal-de-penas-tres-partidos-para-fernando-neudert\/","url":"https:\/\/www.celttv.com.ar\/index.php\/2014\/06\/11\/tribunal-de-penas-tres-partidos-para-fernando-neudert\/","name":"TRIBUNAL DE PENAS: TRES PARTIDOS PARA FERNANDO NEUDERT - CELTTV","isPartOf":{"@id":"https:\/\/www.celttv.com.ar\/#website"},"datePublished":"2014-06-11T13:40:16+00:00","dateModified":"2014-06-11T13:40:16+00:00","description":"Sitio web de noticias de la localidad de Tornquist, provincia de Buenos Aires, Rep\u00fablica Argentina. Contenido propio originado por periodistas de CELTTV, el canal de TV local de la Cooperativa El\u00e9ctrica de Tornquist. Turismo, Pol\u00edtica, Sociedad, Deporte, Cultura y todo el contenido de inter\u00e9s general que la gente del pueblo y la regi\u00f3n debe conocer.","breadcrumb":{"@id":"https:\/\/www.celttv.com.ar\/index.php\/2014\/06\/11\/tribunal-de-penas-tres-partidos-para-fernando-neudert\/#breadcrumb"},"inLanguage":"es","potentialAction":[{"@type":"ReadAction","target":["https:\/\/www.celttv.com.ar\/index.php\/2014\/06\/11\/tribunal-de-penas-tres-partidos-para-fernando-neudert\/"]}]},{"@type":"BreadcrumbList","@id":"https:\/\/www.celttv.com.ar\/index.php\/2014\/06\/11\/tribunal-de-penas-tres-partidos-para-fernando-neudert\/#breadcrumb","itemListElement":[{"@type":"ListItem","position":1,"name":"Inicio","item":"https:\/\/www.celttv.com.ar\/"},{"@type":"ListItem","position":2,"name":"TRIBUNAL DE PENAS: TRES PARTIDOS PARA FERNANDO NEUDERT"}]},{"@type":"WebSite","@id":"https:\/\/www.celttv.com.ar\/#website","url":"https:\/\/www.celttv.com.ar\/","name":"CELTTV","description":"Cooperativa El\u00e9ctrica de Tornquist","publisher":{"@id":"https:\/\/www.celttv.com.ar\/#organization"},"potentialAction":[{"@type":"SearchAction","target":{"@type":"EntryPoint","urlTemplate":"https:\/\/www.celttv.com.ar\/?s={search_term_string}"},"query-input":"required name=search_term_string"}],"inLanguage":"es"},{"@type":"Organization","@id":"https:\/\/www.celttv.com.ar\/#organization","name":"CELTTV","url":"https:\/\/www.celttv.com.ar\/","sameAs":["https:\/\/www.youtube.com\/channel\/UCz_oIt8Hig64Ub-EmcNPIhg","https:\/\/www.facebook.com\/celtTV\/"],"logo":{"@type":"ImageObject","inLanguage":"es","@id":"https:\/\/www.celttv.com.ar\/#\/schema\/logo\/image\/","url":"http:\/\/www.celttv.com.ar\/wp-content\/uploads\/2022\/08\/logo-1.png","contentUrl":"http:\/\/www.celttv.com.ar\/wp-content\/uploads\/2022\/08\/logo-1.png","width":461,"height":159,"caption":"CELTTV"},"image":{"@id":"https:\/\/www.celttv.com.ar\/#\/schema\/logo\/image\/"}},{"@type":"Person","@id":"https:\/\/www.celttv.com.ar\/#\/schema\/person\/6d99c072dba59953809c81446e9d0ace","name":"ulises","image":{"@type":"ImageObject","inLanguage":"es","@id":"https:\/\/www.celttv.com.ar\/#\/schema\/person\/image\/","url":"https:\/\/secure.gravatar.com\/avatar\/7f2c48bdc33b30088f941fb6082e555f2874c98e20cb159d7b92b50eadfce793?s=96&d=mm&r=g","contentUrl":"https:\/\/secure.gravatar.com\/avatar\/7f2c48bdc33b30088f941fb6082e555f2874c98e20cb159d7b92b50eadfce793?s=96&d=mm&r=g","caption":"ulises"},"sameAs":["http:\/\/www.celttv.com.ar"]}]}},"_links":{"self":[{"href":"https:\/\/www.celttv.com.ar\/index.php\/wp-json\/wp\/v2\/posts\/21055","targetHints":{"allow":["GET"]}}],"collection":[{"href":"https:\/\/www.celttv.com.ar\/index.php\/wp-json\/wp\/v2\/posts"}],"about":[{"href":"https:\/\/www.celttv.com.ar\/index.php\/wp-json\/wp\/v2\/types\/post"}],"author":[{"embeddable":true,"href":"https:\/\/www.celttv.com.ar\/index.php\/wp-json\/wp\/v2\/users\/1"}],"replies":[{"embeddable":true,"href":"https:\/\/www.celttv.com.ar\/index.php\/wp-json\/wp\/v2\/comments?post=21055"}],"version-history":[{"count":0,"href":"https:\/\/www.celttv.com.ar\/index.php\/wp-json\/wp\/v2\/posts\/21055\/revisions"}],"wp:attachment":[{"href":"https:\/\/www.celttv.com.ar\/index.php\/wp-json\/wp\/v2\/media?parent=21055"}],"wp:term":[{"taxonomy":"category","embeddable":true,"href":"https:\/\/www.celttv.com.ar\/index.php\/wp-json\/wp\/v2\/categories?post=21055"},{"taxonomy":"post_tag","embeddable":true,"href":"https:\/\/www.celttv.com.ar\/index.php\/wp-json\/wp\/v2\/tags?post=21055"}],"curies":[{"name":"wp","href":"https:\/\/api.w.org\/{rel}","templated":true}]}}