{"id":21059,"date":"2014-06-11T14:37:35","date_gmt":"2014-06-11T14:37:35","guid":{"rendered":"http:\/\/www.tvcnoticias.com.ar\/?p=21059"},"modified":"2014-06-11T14:37:35","modified_gmt":"2014-06-11T14:37:35","slug":"mujeres-protagonistas-en-tornquist-y-sierra-de-la-ventana","status":"publish","type":"post","link":"https:\/\/www.celttv.com.ar\/index.php\/2014\/06\/11\/mujeres-protagonistas-en-tornquist-y-sierra-de-la-ventana\/","title":{"rendered":"MUJERES PROTAGONISTAS EN TORNQUIST Y SIERRA DE LA VENTANA"},"content":{"rendered":"<p>Desde el\u00a0<strong>Frente Renovador Tornquist<\/strong> invitamos a participar de la charla de\u00a0la\u00a0<strong>Diputada Mar\u00eda<\/strong><strong> Marta Corrado<\/strong> sobre Abuso y Violencia de G\u00e9nero, que se desarrollar\u00e1 el pr\u00f3ximo viernes, desde las 14 en\u00a0la Biblioteca\u00a0Popular\u00a0Ernesto Tornquist y a las 17:30 en el Hogar Agr\u00edcola de Sierra de\u00a0la Ventana.<br \/>\nLa entrada al taller de Mujeres Protagonistas ser\u00e1 libre y gratuita. Este proyecto facilitara que las mujeres puedan capacitarse para lograr su independencia econ\u00f3mica.<br \/>\nMar\u00eda Marta Corrado es Diputada Provincial del Frente Renovador y\u00a0 Presidente de\u00a0la\u00a0Comisi\u00f3n\u00a0de Ni\u00f1ez, Adolescencia, Familia y Mujer de\u00a0la Honorable C\u00e1mara\u00a0de Diputados de\u00a0la Provincia\u00a0de Buenos Aires.<br \/>\nNoel\u00ed Kloster<br \/>\nBloque Renovador Tornquist<br \/>\n&nbsp;<\/p>\n","protected":false},"excerpt":{"rendered":"<p>Desde el\u00a0Frente Renovador Tornquist invitamos a participar de la charla de\u00a0la\u00a0Diputada Mar\u00eda Marta Corrado sobre Abuso y Violencia de G\u00e9nero, que se desarrollar\u00e1 el pr\u00f3ximo viernes, desde las 14 en\u00a0la Biblioteca\u00a0Popular\u00a0Ernesto Tornquist y a las 17:30 en el Hogar Agr\u00edcola de Sierra de\u00a0la Ventana. La entrada al taller de Mujeres Protagonistas ser\u00e1 libre y gratuita. [&hellip;]<\/p>\n","protected":false},"author":1,"featured_media":0,"comment_status":"closed","ping_status":"open","sticky":false,"template":"","format":"standard","meta":{"footnotes":""},"categories":[51,52,53],"tags":[],"class_list":["post-21059","post","type-post","status-publish","format-standard","hentry","category-comunidad","category-destacadas","category-politica"],"yoast_head":"<!-- This site is optimized with the Yoast SEO plugin v19.7.1 - https:\/\/yoast.com\/wordpress\/plugins\/seo\/ -->\n<title>MUJERES PROTAGONISTAS EN TORNQUIST Y SIERRA DE LA VENTANA - CELTTV<\/title>\n<meta name=\"description\" content=\"Sitio web de noticias de la localidad de Tornquist, provincia de Buenos Aires, Rep\u00fablica Argentina. Contenido propio originado por periodistas de CELTTV, el canal de TV local de la Cooperativa El\u00e9ctrica de Tornquist. Turismo, Pol\u00edtica, Sociedad, Deporte, Cultura y todo el contenido de inter\u00e9s general que la gente del pueblo y la regi\u00f3n debe conocer.\" \/>\n<meta name=\"robots\" content=\"index, follow, max-snippet:-1, max-image-preview:large, max-video-preview:-1\" \/>\n<link rel=\"canonical\" href=\"https:\/\/www.celttv.com.ar\/index.php\/2014\/06\/11\/mujeres-protagonistas-en-tornquist-y-sierra-de-la-ventana\/\" \/>\n<meta property=\"og:locale\" content=\"es_ES\" \/>\n<meta property=\"og:type\" content=\"article\" \/>\n<meta property=\"og:title\" content=\"MUJERES PROTAGONISTAS EN TORNQUIST Y SIERRA DE LA VENTANA - CELTTV\" \/>\n<meta property=\"og:description\" content=\"Sitio web de noticias de la localidad de Tornquist, provincia de Buenos Aires, Rep\u00fablica Argentina. Contenido propio originado por periodistas de CELTTV, el canal de TV local de la Cooperativa El\u00e9ctrica de Tornquist. Turismo, Pol\u00edtica, Sociedad, Deporte, Cultura y todo el contenido de inter\u00e9s general que la gente del pueblo y la regi\u00f3n debe conocer.\" \/>\n<meta property=\"og:url\" content=\"https:\/\/www.celttv.com.ar\/index.php\/2014\/06\/11\/mujeres-protagonistas-en-tornquist-y-sierra-de-la-ventana\/\" \/>\n<meta property=\"og:site_name\" content=\"CELTTV\" \/>\n<meta property=\"article:publisher\" content=\"https:\/\/www.facebook.com\/celtTV\/\" \/>\n<meta property=\"article:published_time\" content=\"2014-06-11T14:37:35+00:00\" \/>\n<meta name=\"author\" content=\"ulises\" \/>\n<meta name=\"twitter:card\" content=\"summary_large_image\" \/>\n<meta name=\"twitter:label1\" content=\"Escrito por\" \/>\n\t<meta name=\"twitter:data1\" content=\"ulises\" \/>\n\t<meta name=\"twitter:label2\" content=\"Tiempo de lectura\" \/>\n\t<meta name=\"twitter:data2\" content=\"1 minuto\" \/>\n<script type=\"application\/ld+json\" class=\"yoast-schema-graph\">{\"@context\":\"https:\/\/schema.org\",\"@graph\":[{\"@type\":\"NewsArticle\",\"@id\":\"https:\/\/www.celttv.com.ar\/index.php\/2014\/06\/11\/mujeres-protagonistas-en-tornquist-y-sierra-de-la-ventana\/#article\",\"isPartOf\":{\"@id\":\"https:\/\/www.celttv.com.ar\/index.php\/2014\/06\/11\/mujeres-protagonistas-en-tornquist-y-sierra-de-la-ventana\/\"},\"author\":{\"name\":\"ulises\",\"@id\":\"https:\/\/www.celttv.com.ar\/#\/schema\/person\/6d99c072dba59953809c81446e9d0ace\"},\"headline\":\"MUJERES PROTAGONISTAS EN TORNQUIST Y SIERRA DE LA VENTANA\",\"datePublished\":\"2014-06-11T14:37:35+00:00\",\"dateModified\":\"2014-06-11T14:37:35+00:00\",\"mainEntityOfPage\":{\"@id\":\"https:\/\/www.celttv.com.ar\/index.php\/2014\/06\/11\/mujeres-protagonistas-en-tornquist-y-sierra-de-la-ventana\/\"},\"wordCount\":129,\"publisher\":{\"@id\":\"https:\/\/www.celttv.com.ar\/#organization\"},\"articleSection\":[\"Comunidad\",\"Destacadas\",\"Pol\u00edtica\"],\"inLanguage\":\"es\"},{\"@type\":\"WebPage\",\"@id\":\"https:\/\/www.celttv.com.ar\/index.php\/2014\/06\/11\/mujeres-protagonistas-en-tornquist-y-sierra-de-la-ventana\/\",\"url\":\"https:\/\/www.celttv.com.ar\/index.php\/2014\/06\/11\/mujeres-protagonistas-en-tornquist-y-sierra-de-la-ventana\/\",\"name\":\"MUJERES PROTAGONISTAS EN TORNQUIST Y SIERRA DE LA VENTANA - CELTTV\",\"isPartOf\":{\"@id\":\"https:\/\/www.celttv.com.ar\/#website\"},\"datePublished\":\"2014-06-11T14:37:35+00:00\",\"dateModified\":\"2014-06-11T14:37:35+00:00\",\"description\":\"Sitio web de noticias de la localidad de Tornquist, provincia de Buenos Aires, Rep\u00fablica Argentina. Contenido propio originado por periodistas de CELTTV, el canal de TV local de la Cooperativa El\u00e9ctrica de Tornquist. Turismo, Pol\u00edtica, Sociedad, Deporte, Cultura y todo el contenido de inter\u00e9s general que la gente del pueblo y la regi\u00f3n debe conocer.\",\"breadcrumb\":{\"@id\":\"https:\/\/www.celttv.com.ar\/index.php\/2014\/06\/11\/mujeres-protagonistas-en-tornquist-y-sierra-de-la-ventana\/#breadcrumb\"},\"inLanguage\":\"es\",\"potentialAction\":[{\"@type\":\"ReadAction\",\"target\":[\"https:\/\/www.celttv.com.ar\/index.php\/2014\/06\/11\/mujeres-protagonistas-en-tornquist-y-sierra-de-la-ventana\/\"]}]},{\"@type\":\"BreadcrumbList\",\"@id\":\"https:\/\/www.celttv.com.ar\/index.php\/2014\/06\/11\/mujeres-protagonistas-en-tornquist-y-sierra-de-la-ventana\/#breadcrumb\",\"itemListElement\":[{\"@type\":\"ListItem\",\"position\":1,\"name\":\"Inicio\",\"item\":\"https:\/\/www.celttv.com.ar\/\"},{\"@type\":\"ListItem\",\"position\":2,\"name\":\"MUJERES PROTAGONISTAS EN TORNQUIST Y SIERRA DE LA VENTANA\"}]},{\"@type\":\"WebSite\",\"@id\":\"https:\/\/www.celttv.com.ar\/#website\",\"url\":\"https:\/\/www.celttv.com.ar\/\",\"name\":\"CELTTV\",\"description\":\"Cooperativa El\u00e9ctrica de Tornquist\",\"publisher\":{\"@id\":\"https:\/\/www.celttv.com.ar\/#organization\"},\"potentialAction\":[{\"@type\":\"SearchAction\",\"target\":{\"@type\":\"EntryPoint\",\"urlTemplate\":\"https:\/\/www.celttv.com.ar\/?s={search_term_string}\"},\"query-input\":\"required name=search_term_string\"}],\"inLanguage\":\"es\"},{\"@type\":\"Organization\",\"@id\":\"https:\/\/www.celttv.com.ar\/#organization\",\"name\":\"CELTTV\",\"url\":\"https:\/\/www.celttv.com.ar\/\",\"sameAs\":[\"https:\/\/www.youtube.com\/channel\/UCz_oIt8Hig64Ub-EmcNPIhg\",\"https:\/\/www.facebook.com\/celtTV\/\"],\"logo\":{\"@type\":\"ImageObject\",\"inLanguage\":\"es\",\"@id\":\"https:\/\/www.celttv.com.ar\/#\/schema\/logo\/image\/\",\"url\":\"http:\/\/www.celttv.com.ar\/wp-content\/uploads\/2022\/08\/logo-1.png\",\"contentUrl\":\"http:\/\/www.celttv.com.ar\/wp-content\/uploads\/2022\/08\/logo-1.png\",\"width\":461,\"height\":159,\"caption\":\"CELTTV\"},\"image\":{\"@id\":\"https:\/\/www.celttv.com.ar\/#\/schema\/logo\/image\/\"}},{\"@type\":\"Person\",\"@id\":\"https:\/\/www.celttv.com.ar\/#\/schema\/person\/6d99c072dba59953809c81446e9d0ace\",\"name\":\"ulises\",\"image\":{\"@type\":\"ImageObject\",\"inLanguage\":\"es\",\"@id\":\"https:\/\/www.celttv.com.ar\/#\/schema\/person\/image\/\",\"url\":\"https:\/\/secure.gravatar.com\/avatar\/7f2c48bdc33b30088f941fb6082e555f2874c98e20cb159d7b92b50eadfce793?s=96&d=mm&r=g\",\"contentUrl\":\"https:\/\/secure.gravatar.com\/avatar\/7f2c48bdc33b30088f941fb6082e555f2874c98e20cb159d7b92b50eadfce793?s=96&d=mm&r=g\",\"caption\":\"ulises\"},\"sameAs\":[\"http:\/\/www.celttv.com.ar\"]}]}<\/script>\n<!-- \/ Yoast SEO plugin. -->","yoast_head_json":{"title":"MUJERES PROTAGONISTAS EN TORNQUIST Y SIERRA DE LA VENTANA - CELTTV","description":"Sitio web de noticias de la localidad de Tornquist, provincia de Buenos Aires, Rep\u00fablica Argentina. Contenido propio originado por periodistas de CELTTV, el canal de TV local de la Cooperativa El\u00e9ctrica de Tornquist. Turismo, Pol\u00edtica, Sociedad, Deporte, Cultura y todo el contenido de inter\u00e9s general que la gente del pueblo y la regi\u00f3n debe conocer.","robots":{"index":"index","follow":"follow","max-snippet":"max-snippet:-1","max-image-preview":"max-image-preview:large","max-video-preview":"max-video-preview:-1"},"canonical":"https:\/\/www.celttv.com.ar\/index.php\/2014\/06\/11\/mujeres-protagonistas-en-tornquist-y-sierra-de-la-ventana\/","og_locale":"es_ES","og_type":"article","og_title":"MUJERES PROTAGONISTAS EN TORNQUIST Y SIERRA DE LA VENTANA - CELTTV","og_description":"Sitio web de noticias de la localidad de Tornquist, provincia de Buenos Aires, Rep\u00fablica Argentina. Contenido propio originado por periodistas de CELTTV, el canal de TV local de la Cooperativa El\u00e9ctrica de Tornquist. Turismo, Pol\u00edtica, Sociedad, Deporte, Cultura y todo el contenido de inter\u00e9s general que la gente del pueblo y la regi\u00f3n debe conocer.","og_url":"https:\/\/www.celttv.com.ar\/index.php\/2014\/06\/11\/mujeres-protagonistas-en-tornquist-y-sierra-de-la-ventana\/","og_site_name":"CELTTV","article_publisher":"https:\/\/www.facebook.com\/celtTV\/","article_published_time":"2014-06-11T14:37:35+00:00","author":"ulises","twitter_card":"summary_large_image","twitter_misc":{"Escrito por":"ulises","Tiempo de lectura":"1 minuto"},"schema":{"@context":"https:\/\/schema.org","@graph":[{"@type":"NewsArticle","@id":"https:\/\/www.celttv.com.ar\/index.php\/2014\/06\/11\/mujeres-protagonistas-en-tornquist-y-sierra-de-la-ventana\/#article","isPartOf":{"@id":"https:\/\/www.celttv.com.ar\/index.php\/2014\/06\/11\/mujeres-protagonistas-en-tornquist-y-sierra-de-la-ventana\/"},"author":{"name":"ulises","@id":"https:\/\/www.celttv.com.ar\/#\/schema\/person\/6d99c072dba59953809c81446e9d0ace"},"headline":"MUJERES PROTAGONISTAS EN TORNQUIST Y SIERRA DE LA VENTANA","datePublished":"2014-06-11T14:37:35+00:00","dateModified":"2014-06-11T14:37:35+00:00","mainEntityOfPage":{"@id":"https:\/\/www.celttv.com.ar\/index.php\/2014\/06\/11\/mujeres-protagonistas-en-tornquist-y-sierra-de-la-ventana\/"},"wordCount":129,"publisher":{"@id":"https:\/\/www.celttv.com.ar\/#organization"},"articleSection":["Comunidad","Destacadas","Pol\u00edtica"],"inLanguage":"es"},{"@type":"WebPage","@id":"https:\/\/www.celttv.com.ar\/index.php\/2014\/06\/11\/mujeres-protagonistas-en-tornquist-y-sierra-de-la-ventana\/","url":"https:\/\/www.celttv.com.ar\/index.php\/2014\/06\/11\/mujeres-protagonistas-en-tornquist-y-sierra-de-la-ventana\/","name":"MUJERES PROTAGONISTAS EN TORNQUIST Y SIERRA DE LA VENTANA - CELTTV","isPartOf":{"@id":"https:\/\/www.celttv.com.ar\/#website"},"datePublished":"2014-06-11T14:37:35+00:00","dateModified":"2014-06-11T14:37:35+00:00","description":"Sitio web de noticias de la localidad de Tornquist, provincia de Buenos Aires, Rep\u00fablica Argentina. Contenido propio originado por periodistas de CELTTV, el canal de TV local de la Cooperativa El\u00e9ctrica de Tornquist. Turismo, Pol\u00edtica, Sociedad, Deporte, Cultura y todo el contenido de inter\u00e9s general que la gente del pueblo y la regi\u00f3n debe conocer.","breadcrumb":{"@id":"https:\/\/www.celttv.com.ar\/index.php\/2014\/06\/11\/mujeres-protagonistas-en-tornquist-y-sierra-de-la-ventana\/#breadcrumb"},"inLanguage":"es","potentialAction":[{"@type":"ReadAction","target":["https:\/\/www.celttv.com.ar\/index.php\/2014\/06\/11\/mujeres-protagonistas-en-tornquist-y-sierra-de-la-ventana\/"]}]},{"@type":"BreadcrumbList","@id":"https:\/\/www.celttv.com.ar\/index.php\/2014\/06\/11\/mujeres-protagonistas-en-tornquist-y-sierra-de-la-ventana\/#breadcrumb","itemListElement":[{"@type":"ListItem","position":1,"name":"Inicio","item":"https:\/\/www.celttv.com.ar\/"},{"@type":"ListItem","position":2,"name":"MUJERES PROTAGONISTAS EN TORNQUIST Y SIERRA DE LA VENTANA"}]},{"@type":"WebSite","@id":"https:\/\/www.celttv.com.ar\/#website","url":"https:\/\/www.celttv.com.ar\/","name":"CELTTV","description":"Cooperativa El\u00e9ctrica de Tornquist","publisher":{"@id":"https:\/\/www.celttv.com.ar\/#organization"},"potentialAction":[{"@type":"SearchAction","target":{"@type":"EntryPoint","urlTemplate":"https:\/\/www.celttv.com.ar\/?s={search_term_string}"},"query-input":"required name=search_term_string"}],"inLanguage":"es"},{"@type":"Organization","@id":"https:\/\/www.celttv.com.ar\/#organization","name":"CELTTV","url":"https:\/\/www.celttv.com.ar\/","sameAs":["https:\/\/www.youtube.com\/channel\/UCz_oIt8Hig64Ub-EmcNPIhg","https:\/\/www.facebook.com\/celtTV\/"],"logo":{"@type":"ImageObject","inLanguage":"es","@id":"https:\/\/www.celttv.com.ar\/#\/schema\/logo\/image\/","url":"http:\/\/www.celttv.com.ar\/wp-content\/uploads\/2022\/08\/logo-1.png","contentUrl":"http:\/\/www.celttv.com.ar\/wp-content\/uploads\/2022\/08\/logo-1.png","width":461,"height":159,"caption":"CELTTV"},"image":{"@id":"https:\/\/www.celttv.com.ar\/#\/schema\/logo\/image\/"}},{"@type":"Person","@id":"https:\/\/www.celttv.com.ar\/#\/schema\/person\/6d99c072dba59953809c81446e9d0ace","name":"ulises","image":{"@type":"ImageObject","inLanguage":"es","@id":"https:\/\/www.celttv.com.ar\/#\/schema\/person\/image\/","url":"https:\/\/secure.gravatar.com\/avatar\/7f2c48bdc33b30088f941fb6082e555f2874c98e20cb159d7b92b50eadfce793?s=96&d=mm&r=g","contentUrl":"https:\/\/secure.gravatar.com\/avatar\/7f2c48bdc33b30088f941fb6082e555f2874c98e20cb159d7b92b50eadfce793?s=96&d=mm&r=g","caption":"ulises"},"sameAs":["http:\/\/www.celttv.com.ar"]}]}},"_links":{"self":[{"href":"https:\/\/www.celttv.com.ar\/index.php\/wp-json\/wp\/v2\/posts\/21059","targetHints":{"allow":["GET"]}}],"collection":[{"href":"https:\/\/www.celttv.com.ar\/index.php\/wp-json\/wp\/v2\/posts"}],"about":[{"href":"https:\/\/www.celttv.com.ar\/index.php\/wp-json\/wp\/v2\/types\/post"}],"author":[{"embeddable":true,"href":"https:\/\/www.celttv.com.ar\/index.php\/wp-json\/wp\/v2\/users\/1"}],"replies":[{"embeddable":true,"href":"https:\/\/www.celttv.com.ar\/index.php\/wp-json\/wp\/v2\/comments?post=21059"}],"version-history":[{"count":0,"href":"https:\/\/www.celttv.com.ar\/index.php\/wp-json\/wp\/v2\/posts\/21059\/revisions"}],"wp:attachment":[{"href":"https:\/\/www.celttv.com.ar\/index.php\/wp-json\/wp\/v2\/media?parent=21059"}],"wp:term":[{"taxonomy":"category","embeddable":true,"href":"https:\/\/www.celttv.com.ar\/index.php\/wp-json\/wp\/v2\/categories?post=21059"},{"taxonomy":"post_tag","embeddable":true,"href":"https:\/\/www.celttv.com.ar\/index.php\/wp-json\/wp\/v2\/tags?post=21059"}],"curies":[{"name":"wp","href":"https:\/\/api.w.org\/{rel}","templated":true}]}}