{"id":21062,"date":"2014-06-11T14:54:29","date_gmt":"2014-06-11T14:54:29","guid":{"rendered":"http:\/\/www.tvcnoticias.com.ar\/?p=21062"},"modified":"2014-06-11T14:54:29","modified_gmt":"2014-06-11T14:54:29","slug":"hcd-aprueban-compra-de-terreno-para-el-aerodromo-e-inmuebles-para-el-programa-pro-cre-ar-informe-y-opiniones","status":"publish","type":"post","link":"https:\/\/www.celttv.com.ar\/index.php\/2014\/06\/11\/hcd-aprueban-compra-de-terreno-para-el-aerodromo-e-inmuebles-para-el-programa-pro-cre-ar-informe-y-opiniones\/","title":{"rendered":"HCD.: APRUEBAN COMPRA DE TERRENO PARA EL AERODROMO E INMUEBLES PARA EL PROGRAMA PRO.CRE.AR (Informe y opiniones)"},"content":{"rendered":"<p>INFORME SESI\u00d3N EXTRAORDINARIA DE FECHA 9 DE JUNIO DE 2014<br \/>\nConvocada seg\u00fan Decreto N\u00ba 05\/14 del Honorable Concejo Deliberante, el martes 9 de junio se realiz\u00f3 una Sesi\u00f3n Extraordinaria para tratar los siguientes temas:<br \/>\n&nbsp;<br \/>\n<strong><span style=\"text-decoration: underline;\">Expte N\u00ba 160\/14:<\/span><\/strong> \u201cD.E. \u2013 Aer\u00f3dromo Municipal\u201d.<br \/>\nSe aprueba por unanimidad la Ordenanza bajo el N\u00ba 2673\/14 <ins datetime=\"2014-06-10T08:37\" cite=\"mailto:pc\"> <\/ins><ins datetime=\"2014-06-10T08:36\" cite=\"mailto:pc\"> <\/ins> por la que se autoriza al Departamento Ejecutivo a la adquisici\u00f3n del inmueble cuya denominaci\u00f3n catastral es: Circ. II, Secci\u00f3n C, Chacra 177-a, con destino a ser utilizado para la construcci\u00f3n de un Aer\u00f3dromo Municipal. Autoriza al Departamento Ejecutivo a abonar todos los gastos inherentes a la compra, que asciende seg\u00fan lo detallado en este expediente a la suma de $ 1.366.550 con escritura incluida.<br \/>\n&nbsp;<br \/>\n<strong><span style=\"text-decoration: underline;\">Expte. N\u00ba 196\/14:<\/span><\/strong> \u201cD.E. \u2013 Autoriza la compra de inmuebles. Programa Pro.Cre.Ar\u201d.<br \/>\nSe aprueba por unanimidad la Ordenanza bajo el N\u00ba 2672\/14 <ins datetime=\"2014-06-10T08:37\" cite=\"mailto:pc\"> <\/ins><ins datetime=\"2014-06-10T08:36\" cite=\"mailto:pc\"> <\/ins> por la que se autoriza al Departamento Ejecutivo a la adquisici\u00f3n del inmueble cuya denominaci\u00f3n catastral es Circ. I- Secci\u00f3n B- Manzana 148- Parcela 1 y otro de similares caracter\u00edsticas con ubicaci\u00f3n a definir, situados en el casco urbano de la ciudad de Tornquist, con destino a la realizaci\u00f3n de loteos para la construcci\u00f3n de viviendas.<br \/>\n&nbsp;<br \/>\nHacen uso de la palabra los Se\u00f1ores Concejales:<br \/>\n&nbsp;<br \/>\nConcejal Gabella Ezequiel:<br \/>\n\u201cM\u00e1s all\u00e1 de que se acaban de aprobar por unanimidad dos dict\u00e1menes aprobando sendas ordenanzas, quiz\u00e1 vale la pena hacer alguna aclaraci\u00f3n al respecto, sobre todo con lo que se refiere a la compra de tierras para el futuro aer\u00f3dromo municipal. Uno ha hablado con la gente, ha escuchado lo que se ha publicado en los medios, lo que ha manifestado la gente a trav\u00e9s de las redes sociales, y muchas veces por ah\u00ed no es algo p\u00fablico oficial pero no deja de ser algo en donde la gente se manifiesta. Y es claro que la mayor\u00eda de la gente por ah\u00ed no comprende, o no entiende o no asume que en este momento\u00a0 se est\u00e9n comprando\u00a0 tierras para destinarlas a la construcci\u00f3n de un futuro aer\u00f3dromo, y que quiz\u00e1 no figuraba en la lista de prioridades del com\u00fan de la gente. En su momento y en lo personal tambi\u00e9n me llam\u00f3 mucho la atenci\u00f3n que\u00a0 con tan poco tiempo nosotros nos enteremos de que exist\u00eda esta posibilidad, hace muy pocos d\u00edas que nos enteramos, mantuvimos una reuni\u00f3n con el Sr. Intendente Municipal, nos explic\u00f3 cuales eran las motivaciones o el motivo por el cual era tan corto este plazo, desde que se tom\u00f3 la decisi\u00f3n de comprarlo hasta ahora, y entendemos, haciendo un\u00a0 an\u00e1lisis de cual va a ser el costo total de las tierras, que era una gran oportunidad para que la municipalidad se haga de tierras destinadas a algo que tarde o temprano va a tener que construir. Desde el espacio pol\u00edtico que hoy me toca ocupar, y creo que medianamente todos quienes ocupamos ese espacio pensamos igual, porque ha sido una de las banderas que desde hace bastante tiempo venimos reclamando, que era la real prioridad de hacernos de tierras como municipio para destinarla a aquellos beneficiarios del plan Pro.Cre.Ar, que algunos incluso hasta han perdido la posibilidad de hacer su casa, por falta de terrenos, porque no lo pudieron \u00a0conseguir en el mercado privado, y desde la municipalidad lo hemos repetido en m\u00e1s de una oportunidad, no se han hecho las cosas como corresponde durante todo este tiempo y ha generado que hoy en d\u00eda no sabemos donde estamos parados en cuanto a tierras p\u00fablicas, que tranquilamente podr\u00edan haber sido destinados a los beneficiarios de este plan, tal cual \u00a0y conforme lo han hecho sin distinci\u00f3n de partido pol\u00edtico que llevan adelante las intendencias de Monte Hermoso, de Pig\u00fc\u00e9, de Coronel Su\u00e1rez, de Coronel Dorrego, Pringles, que ha aplicado mecanismos similares, tales como sorteos, o remates, para que la gente se haga de esas tierras, y hacerlo de una manera m\u00e1s democr\u00e1tica. \u00bfPor qu\u00e9 hago esta aclaraci\u00f3n? Porque del momento que nosotros nos enteramos de que se iban a comprar tierras para destinarlas a la construcci\u00f3n de un aeropuerto, perd\u00f3n, de un aer\u00f3dromo, vimos que era la gran oportunidad de ampliar esa movida de generar un gasto para adquirir tierras, y la oportunidad de hacerlo de una manzana o de dos manzanas en la ciudad de Tornquist, para destinarlas al loteo y a la venta a los beneficiarios del Pro.Cre.Ar. Esta ordenanza entiendo que estuvo poco tiempo de confecci\u00f3n y entiendo que hay que cumplir con ciertos pasos y en cierta manera la verdad es que es bastante abstracta, es poco clara porque sencillamente habla de identificar una manzana de la cual no se sabe cual es el costo, y de otra manzana que ni siquiera est\u00e1 determinada, que podr\u00eda llegar a ser otra manzana ubicada en la ciudad de Tornquist. As\u00ed que entiendo, y as\u00ed qued\u00f3 corroborado, en conversaci\u00f3n telef\u00f3nica que mantuvo usted Sr. Presidente hace instantes con el Sr. Intendente, en el cual m\u00e1s adelante se va a individualizar, se le va a poner un costo, y nuevamente va a ser el Concejo Deliberante quien va a tener que autorizar esa compra. Quer\u00eda hacer esta aclaraci\u00f3n porque sencillamente vot\u00e1bamos y aprob\u00e1bamos pod\u00edamos tener el reproche e iba a ser muy justo ese reproche, de que porqu\u00e9 est\u00e1bamos aprobando algo y no entend\u00edamos bien si era prioridad o no hoy en d\u00eda para los tornquistenses. Nada m\u00e1s Sr. Presidente\u201d.<br \/>\n&nbsp;<br \/>\nConcejal Ant\u00f3n V\u00edctor:<br \/>\n\u201cPara referirme a estas dos ordenanzas aprobadas. Creo que es muy importante m\u00e1s all\u00e1 del hecho de que es verdad, que hoy por hoy la prioridad son los terrenos para que los vecinos que a\u00fan no tienen la posibilidad de tener su vivienda propia a trav\u00e9s del programa Pro.Cre.Ar la puedan tener. Es muy importante tambi\u00e9n esta posibilidad que se abre a futuro, con la compra de las tierras para el aer\u00f3dromo. Como sabemos y lo ha explicado el Intendente en la reuni\u00f3n ac\u00e1, que mantuvimos la semana pasada, este distrito es cabecera del plan nacional del manejo del fuego, con lo cual digamos que se requiere un espacio y un lugar para que el aeroclub se mude y tenga un espacio mayor, lo mismo en lo que tiene que ver para la parte tur\u00edstica, \u00bfno es cierto?, porque no es lo mismo llegar hoy por hoy al aeroclub que est\u00e1 cerca del predio del basurero municipal, con una pista bastante corta, que llegar al pueblo digamos despu\u00e9s de bajarse de un avi\u00f3n, por digamos el acceso principal y es muy importante tambi\u00e9n, aclarar que desde el ejecutivo municipal, y esto lo hemos conversado en reuniones que hemos mantenido los concejales de nuestro bloque con el ejecutivo, hace tiempo que se viene trabajando en el tema de\u00a0 la adquisici\u00f3n de tierras. Ocurre que tambi\u00e9n como todos sabemos no es sencillo hoy por hoy en Tornquist, contar con tierras de f\u00e1cil acceso, pero bueno, las gestiones se han hecho y gracias a estas gestiones vamos a poder tener en poco tiempo la primer manzana que est\u00e1 mencionada en esta ordenanza, y luego se individualizar\u00e1 la segunda manzana para que todos los vecinos que tengan acceso al programa Pro.Cre.Ar. ma\u00f1ana hay un nuevo sorteo se puedan hacer de su pedacito de tierra ac\u00e1 en Tornquist, para tener su vivienda \u00fanica y familiar. Nada m\u00e1s, muchas gracias Sr. Presidente\u201d.<br \/>\n&nbsp;<br \/>\nPresidente del H.C.D. Concejal Bordoni Sergio:<br \/>\n\u201cComo bien sabemos es un distrito muy amplio, y seguramente vamos a tener que seguir trabajando en el tema de terrenos para la gente del distrito, sobre todo gente de Saldungaray que ya hemos tenido reuniones con muchos de los que han venido al Concejo, preocupados por el tema del Pro.Cre.Ar. as\u00ed que invito a todo este Concejo a ponernos a trabajar para el tema de conseguir terrenos en todo el distrito para facilitar a la gente del plan Pro.Cre.Ar. el tema de la vivienda que es lo que m\u00e1s anhela la gente que tiene la posibilidad del acceso a ese cr\u00e9dito. As\u00ed que no es una moci\u00f3n, es una invitaci\u00f3n para que todos nos pongamos a trabajar codo a codo para que eso sea posible\u201d.<br \/>\n&nbsp;<br \/>\nConcejal Kloster Noel\u00ed:<br \/>\n\u201cDesde ya le agradezco esta oportunidad desde el Frente Renovador una invitaci\u00f3n. La diputada provincial por el Frente Renovador Mar\u00eda Marta Corrado que es la  Presidente de la  Comisi\u00f3n de Ni\u00f1ez, Adolescencia, Familia y Mujer de la Honorable C\u00e1mara de Diputados de la Provincia de Buenos Aires, va a visitar nuestro distrito el pr\u00f3ximo viernes 13. Va a brindar una charla donde se abordar\u00e1n temas de suma importancia. Uno de ellos que ha estado candente en los \u00faltimos tiempos en nuestro lugar que es el de la violencia de g\u00e9nero, ese ser\u00e1 uno de los temas que va a abordar la diputada, y el otro va a ser el abuso. Adem\u00e1s la diputada Corrado va a presentar el proyecto \u201cMujeres Protagonistas\u201d, que est\u00e1 destinado a aquellas mujeres que tienen la dif\u00edcil misi\u00f3n de llevar adelante una familia, y entonces este proyecto les permitir\u00e1 capacitarse y poder reinsertarse en la sociedad\u00a0 a trav\u00e9s de un trabajo digno. La visita vuelvo a reiterar ser\u00e1 el pr\u00f3ximo viernes 13 de junio, el lugar va a ser la Biblioteca Popular Ernesto Tornquist, y a partir de las 14 horas. La misma charla se va a llevar a cabo a las 17:30 hs. en el Hogar Agr\u00edcola de Sierra de la Ventana. Gracias Sr. Presidente\u201d.<br \/>\n&nbsp;<br \/>\nConcejal Musso Mar\u00eda Graciela:<br \/>\n\u201cQuer\u00eda hacer menci\u00f3n a las palabras del Concejal Gabella, respecto del apuro del expediente del futuro aer\u00f3dromo. Le quiero decir que la experiencia que me dieron seis a\u00f1os dentro de un organismo de gesti\u00f3n y de legislaci\u00f3n como el Consejo Escolar, que difiere mucho, una cosa es gestionar y otra cosa es gestionar. Los tiempos de la gesti\u00f3n a veces apremian. En el trabajo diario de la gesti\u00f3n es muy com\u00fan que de pronto se presenten situaciones de compras o de convenios, etc, que no dan demasiado tiempo a pensar o a comunicar salvo obviamente, la reglamentaci\u00f3n correspondiente que es lo que hizo el Intendente, manifestarlo al Concejo Deliberante y tener la reuni\u00f3n que tuvo, porque obviamente esto debe pasar \u00a0por este cuerpo, y precisamente\u00a0 cuando suceden este tipo de cosas, que se dan de pronto, ah\u00ed se ve la habilidad de quien est\u00e1 a cargo de la gesti\u00f3n en m\u00e1s de una vez no dudar, no esperar, porque en esa espera, en esa consulta, se pierden a veces muchas cosas, y se lo digo por experiencia personal, porque ya se sabe que desde un Consejo Escolar hay que gestionar desde el servicio alimentario hasta los bancos. Y m\u00e1s de una vez he tenido que salir de urgencia porque ameritaba una reuni\u00f3n con determinado director, a efectos de poder lograr una gesti\u00f3n determinada, y no pod\u00edamos la verdad, m\u00e1s que consultarlo entre los consejeros, y viajar. Eso en primer lugar. Y en segundo lugar respecto de la compra de terrenos, me preocupa un poco la postura Sr. Presidente del Sr. Gabella. Primero expresa que es un expediente un poco incompleto, porque aparentemente no hay, aparentemente no, no hay costos de la manzana, y antes de eso hace alusi\u00f3n a una realidad que es la falta de terreno para le plan Pro.Cre.Ar. Entonces ante la necesidad de la falta de terrenos la importancia de que se gestione, que todos estamos de acuerdo, pero siempre encuentra la quinta pata. Se compra pero no se sabe cuanto se va a pagar. Me quedo con el optimismo del Sr. Presidente del Concejo Deliberante que acaba de precisamente expresarse al respecto, en que sigamos adelante para que contin\u00faen las gestiones de tierras. Muchas gracias Sr. Presidente\u201d.<br \/>\n&nbsp;<br \/>\nConcejal Gabella Ezequiel:<br \/>\n\u201cNo es mi intenci\u00f3n entrar en una pol\u00e9mica est\u00e9ril, pero ya desde bastante tiempo atr\u00e1s hasta ahora escucho a mi criterio mal utilizada la palabra gesti\u00f3n, gestionar. Considero que gestionar es cuando uno hace todas las tratativas para obtener algo que no nos viene de regalo o de arriba, o que nos viene ofrecido, sino sabemos que es algo con lo cual uno insiste, busca, tramita, hasta logra su cometido, considero que eso es gestionar. No considero para nada que esta posibilidad que hoy tiene el municipio de Tornquist de adquirir tierras para construir un aer\u00f3dromo, sea obra de la gesti\u00f3n municipal, porque consta en el expediente, de hecho lo sabemos por la reuni\u00f3n mantenida, se le vino a ofrecer a la municipalidad a un precio muy bajo, estas tierras, y que vieron la posibilidad de que era una gran oportunidad de destinarlas como futuro aer\u00f3dromo. Y con respecto a los tiempos de gesti\u00f3n, tambi\u00e9n constaba en el expediente de que desde el momento que nosotros nos enteramos de que ya estaba todo cerrado como para hacer esta compra de tierras, ya hab\u00eda pasado m\u00e1s de un mes en el cual se hab\u00edan enviado las notas a los organismos correspondientes para ver la factibilidad de construir el aer\u00f3dromo en este lugar. Se lo hice saber en su momento al Sr. Intendente, en la reuni\u00f3n, considerando que si ya estaba la intenci\u00f3n de adquirir las tierras por m\u00e1s que todav\u00eda no estuviera la respuesta de factibilidad, hubiera estado bueno a la par, al menos en una reuni\u00f3n saber de que exist\u00eda esta intenci\u00f3n, si tarde o temprano iba a tener que pasar por el Concejo Deliberante, y no que nos apuren como quiz\u00e1s nos apuraron, a que en poco tiempo hab\u00eda que cerrarlo porque sino se perd\u00eda, porque sino se venc\u00edan certificados. Entonces, no es mi intenci\u00f3n decir\u00a0 lo contrario a lo que dice la Concejal Musso, pero son dos conceptos que al menos quer\u00eda dejar mi postura. Nada m\u00e1s Sr. Presidente\u201d.<br \/>\n&nbsp;<br \/>\nConcejal Musso Mar\u00eda Graciela:<br \/>\n\u201cA mi me gustar\u00eda que el Sr. Gabella explicara a este Cuerpo qu\u00e9 es gestionar y cu\u00e1l es su experiencia en gesti\u00f3n espec\u00edficamente. Porque yo le puedo dar muchos ejemplos de apuro de cosas que a veces se piensan con anticipaci\u00f3n, hay cosas que a veces surgen, no me parece que tenga autoridad para hablar de lo que es gestionar. Y repito, los tiempos en los que supuestamente estaban ya haciendo los tr\u00e1mites o estaban sabiendo de esto, si no se le explicaron inmediatamente no creo que haya habido mala intenci\u00f3n del Departamento Ejecutivo, de hecho el Sr. Presidente del Concejo Deliberante hab\u00eda tenido algunas conversaciones con el Intendente Municipal,\u00a0 y lo sab\u00eda, y yo me pregunto, tuvimos que hacer de apuro una Sesi\u00f3n Extraordinaria para la compra de terrenos de Pro.Cre.Ar. que usted acaba de decir precisamente que son important\u00edsimos. \u00a0Con el mismo apuro con el que hubo que sacar la ordenanza de vendedores ambulantes. \u00bfQui\u00e9n nos apuraba tanto?, \u00bfno hab\u00eda un poco m\u00e1s de tiempo para dialogar algunas cosas? Pensemos en mirar la viga en el ojo propio antes de la paja en el ojo ajeno. Gracias Sr. Presidente\u201d.<br \/>\n&nbsp;<br \/>\nConcejal Skolak Mar\u00eda Ofelia:<br \/>\n\u201cYo no voy a entrar en el debate, porque no lo considero pertinente. Simplemente porque estoy muy feliz por lo que acabamos de aprobar en este Honorable Cuerpo. Porque esto se trata de toma de decisiones, y de gesti\u00f3n, puramente gesti\u00f3n. Hemos aprobado dos proyectos de ordenanzas que tienen un significado, crecimiento y desarrollo para el distrito. Nada m\u00e1s Sr. Presidente\u201d.<br \/>\n&nbsp;<br \/>\nHONORABLE CONCEJO DELIBERANTE<br \/>\n<a href=\"https:\/\/www.youtube.com\/watch?v=2So1LTzaOJg\">httpv:\/\/www.youtube.com\/watch?v=2So1LTzaOJg<\/a><br \/>\n<a href=\"https:\/\/www.youtube.com\/watch?v=rTHQ25PZTT4\">httpv:\/\/www.youtube.com\/watch?v=rTHQ25PZTT4<\/a><br \/>\n<a href=\"https:\/\/www.youtube.com\/watch?v=EVATFDQJOV4\">httpv:\/\/www.youtube.com\/watch?v=EVATFDQJOV4<\/a><br \/>\n<a href=\"https:\/\/www.youtube.com\/watch?v=p-JRYlf1Z0w\">httpv:\/\/www.youtube.com\/watch?v=p-JRYlf1Z0w<\/a><br \/>\n<a href=\"https:\/\/www.youtube.com\/watch?v=Fecu6exuCR4\">httpv:\/\/www.youtube.com\/watch?v=Fecu6exuCR4<\/a><br \/>\n<a href=\"https:\/\/www.youtube.com\/watch?v=ty7MVYZYPvo\">httpv:\/\/www.youtube.com\/watch?v=ty7MVYZYPvo<\/a><br \/>\n<a href=\"https:\/\/www.youtube.com\/watch?v=8AdRTh5_3-k\">httpv:\/\/www.youtube.com\/watch?v=8AdRTh5_3-k<\/a><br \/>\n<a href=\"https:\/\/www.youtube.com\/watch?v=imk_LmDW_7E\">httpv:\/\/www.youtube.com\/watch?v=imk_LmDW_7E<\/a><br \/>\n<a href=\"https:\/\/www.youtube.com\/watch?v=v1L7Ou3jkow\">httpv:\/\/www.youtube.com\/watch?v=v1L7Ou3jkow<\/a><br \/>\n<a href=\"https:\/\/www.youtube.com\/watch?v=-zX9_Dq3Yh4\">httpv:\/\/www.youtube.com\/watch?v=-zX9_Dq3Yh4<\/a><br \/>\n&nbsp;<\/p>\n","protected":false},"excerpt":{"rendered":"<p>INFORME SESI\u00d3N EXTRAORDINARIA DE FECHA 9 DE JUNIO DE 2014 Convocada seg\u00fan Decreto N\u00ba 05\/14 del Honorable Concejo Deliberante, el martes 9 de junio se realiz\u00f3 una Sesi\u00f3n Extraordinaria para tratar los siguientes temas: &nbsp; Expte N\u00ba 160\/14: \u201cD.E. \u2013 Aer\u00f3dromo Municipal\u201d. Se aprueba por unanimidad la Ordenanza bajo el N\u00ba 2673\/14 por la que [&hellip;]<\/p>\n","protected":false},"author":1,"featured_media":0,"comment_status":"closed","ping_status":"open","sticky":false,"template":"","format":"standard","meta":{"footnotes":""},"categories":[51,52,53],"tags":[],"class_list":["post-21062","post","type-post","status-publish","format-standard","hentry","category-comunidad","category-destacadas","category-politica"],"yoast_head":"<!-- This site is optimized with the Yoast SEO plugin v19.7.1 - https:\/\/yoast.com\/wordpress\/plugins\/seo\/ -->\n<title>HCD.: APRUEBAN COMPRA DE TERRENO PARA EL AERODROMO E INMUEBLES PARA EL PROGRAMA PRO.CRE.AR (Informe y opiniones) - CELTTV<\/title>\n<meta name=\"description\" content=\"Sitio web de noticias de la localidad de Tornquist, provincia de Buenos Aires, Rep\u00fablica Argentina. Contenido propio originado por periodistas de CELTTV, el canal de TV local de la Cooperativa El\u00e9ctrica de Tornquist. Turismo, Pol\u00edtica, Sociedad, Deporte, Cultura y todo el contenido de inter\u00e9s general que la gente del pueblo y la regi\u00f3n debe conocer.\" \/>\n<meta name=\"robots\" content=\"index, follow, max-snippet:-1, max-image-preview:large, max-video-preview:-1\" \/>\n<link rel=\"canonical\" href=\"https:\/\/www.celttv.com.ar\/index.php\/2014\/06\/11\/hcd-aprueban-compra-de-terreno-para-el-aerodromo-e-inmuebles-para-el-programa-pro-cre-ar-informe-y-opiniones\/\" \/>\n<meta property=\"og:locale\" content=\"es_ES\" \/>\n<meta property=\"og:type\" content=\"article\" \/>\n<meta property=\"og:title\" content=\"HCD.: APRUEBAN COMPRA DE TERRENO PARA EL AERODROMO E INMUEBLES PARA EL PROGRAMA PRO.CRE.AR (Informe y opiniones) - CELTTV\" \/>\n<meta property=\"og:description\" content=\"Sitio web de noticias de la localidad de Tornquist, provincia de Buenos Aires, Rep\u00fablica Argentina. Contenido propio originado por periodistas de CELTTV, el canal de TV local de la Cooperativa El\u00e9ctrica de Tornquist. Turismo, Pol\u00edtica, Sociedad, Deporte, Cultura y todo el contenido de inter\u00e9s general que la gente del pueblo y la regi\u00f3n debe conocer.\" \/>\n<meta property=\"og:url\" content=\"https:\/\/www.celttv.com.ar\/index.php\/2014\/06\/11\/hcd-aprueban-compra-de-terreno-para-el-aerodromo-e-inmuebles-para-el-programa-pro-cre-ar-informe-y-opiniones\/\" \/>\n<meta property=\"og:site_name\" content=\"CELTTV\" \/>\n<meta property=\"article:publisher\" content=\"https:\/\/www.facebook.com\/celtTV\/\" \/>\n<meta property=\"article:published_time\" content=\"2014-06-11T14:54:29+00:00\" \/>\n<meta name=\"author\" content=\"ulises\" \/>\n<meta name=\"twitter:card\" content=\"summary_large_image\" \/>\n<meta name=\"twitter:label1\" content=\"Escrito por\" \/>\n\t<meta name=\"twitter:data1\" content=\"ulises\" \/>\n\t<meta name=\"twitter:label2\" content=\"Tiempo de lectura\" \/>\n\t<meta name=\"twitter:data2\" content=\"14 minutos\" \/>\n<script type=\"application\/ld+json\" class=\"yoast-schema-graph\">{\"@context\":\"https:\/\/schema.org\",\"@graph\":[{\"@type\":\"NewsArticle\",\"@id\":\"https:\/\/www.celttv.com.ar\/index.php\/2014\/06\/11\/hcd-aprueban-compra-de-terreno-para-el-aerodromo-e-inmuebles-para-el-programa-pro-cre-ar-informe-y-opiniones\/#article\",\"isPartOf\":{\"@id\":\"https:\/\/www.celttv.com.ar\/index.php\/2014\/06\/11\/hcd-aprueban-compra-de-terreno-para-el-aerodromo-e-inmuebles-para-el-programa-pro-cre-ar-informe-y-opiniones\/\"},\"author\":{\"name\":\"ulises\",\"@id\":\"https:\/\/www.celttv.com.ar\/#\/schema\/person\/6d99c072dba59953809c81446e9d0ace\"},\"headline\":\"HCD.: APRUEBAN COMPRA DE TERRENO PARA EL AERODROMO E INMUEBLES PARA EL PROGRAMA PRO.CRE.AR (Informe y opiniones)\",\"datePublished\":\"2014-06-11T14:54:29+00:00\",\"dateModified\":\"2014-06-11T14:54:29+00:00\",\"mainEntityOfPage\":{\"@id\":\"https:\/\/www.celttv.com.ar\/index.php\/2014\/06\/11\/hcd-aprueban-compra-de-terreno-para-el-aerodromo-e-inmuebles-para-el-programa-pro-cre-ar-informe-y-opiniones\/\"},\"wordCount\":2815,\"publisher\":{\"@id\":\"https:\/\/www.celttv.com.ar\/#organization\"},\"articleSection\":[\"Comunidad\",\"Destacadas\",\"Pol\u00edtica\"],\"inLanguage\":\"es\"},{\"@type\":\"WebPage\",\"@id\":\"https:\/\/www.celttv.com.ar\/index.php\/2014\/06\/11\/hcd-aprueban-compra-de-terreno-para-el-aerodromo-e-inmuebles-para-el-programa-pro-cre-ar-informe-y-opiniones\/\",\"url\":\"https:\/\/www.celttv.com.ar\/index.php\/2014\/06\/11\/hcd-aprueban-compra-de-terreno-para-el-aerodromo-e-inmuebles-para-el-programa-pro-cre-ar-informe-y-opiniones\/\",\"name\":\"HCD.: APRUEBAN COMPRA DE TERRENO PARA EL AERODROMO E INMUEBLES PARA EL PROGRAMA PRO.CRE.AR (Informe y opiniones) - CELTTV\",\"isPartOf\":{\"@id\":\"https:\/\/www.celttv.com.ar\/#website\"},\"datePublished\":\"2014-06-11T14:54:29+00:00\",\"dateModified\":\"2014-06-11T14:54:29+00:00\",\"description\":\"Sitio web de noticias de la localidad de Tornquist, provincia de Buenos Aires, Rep\u00fablica Argentina. Contenido propio originado por periodistas de CELTTV, el canal de TV local de la Cooperativa El\u00e9ctrica de Tornquist. Turismo, Pol\u00edtica, Sociedad, Deporte, Cultura y todo el contenido de inter\u00e9s general que la gente del pueblo y la regi\u00f3n debe conocer.\",\"breadcrumb\":{\"@id\":\"https:\/\/www.celttv.com.ar\/index.php\/2014\/06\/11\/hcd-aprueban-compra-de-terreno-para-el-aerodromo-e-inmuebles-para-el-programa-pro-cre-ar-informe-y-opiniones\/#breadcrumb\"},\"inLanguage\":\"es\",\"potentialAction\":[{\"@type\":\"ReadAction\",\"target\":[\"https:\/\/www.celttv.com.ar\/index.php\/2014\/06\/11\/hcd-aprueban-compra-de-terreno-para-el-aerodromo-e-inmuebles-para-el-programa-pro-cre-ar-informe-y-opiniones\/\"]}]},{\"@type\":\"BreadcrumbList\",\"@id\":\"https:\/\/www.celttv.com.ar\/index.php\/2014\/06\/11\/hcd-aprueban-compra-de-terreno-para-el-aerodromo-e-inmuebles-para-el-programa-pro-cre-ar-informe-y-opiniones\/#breadcrumb\",\"itemListElement\":[{\"@type\":\"ListItem\",\"position\":1,\"name\":\"Inicio\",\"item\":\"https:\/\/www.celttv.com.ar\/\"},{\"@type\":\"ListItem\",\"position\":2,\"name\":\"HCD.: APRUEBAN COMPRA DE TERRENO PARA EL AERODROMO E INMUEBLES PARA EL PROGRAMA PRO.CRE.AR (Informe y opiniones)\"}]},{\"@type\":\"WebSite\",\"@id\":\"https:\/\/www.celttv.com.ar\/#website\",\"url\":\"https:\/\/www.celttv.com.ar\/\",\"name\":\"CELTTV\",\"description\":\"Cooperativa El\u00e9ctrica de Tornquist\",\"publisher\":{\"@id\":\"https:\/\/www.celttv.com.ar\/#organization\"},\"potentialAction\":[{\"@type\":\"SearchAction\",\"target\":{\"@type\":\"EntryPoint\",\"urlTemplate\":\"https:\/\/www.celttv.com.ar\/?s={search_term_string}\"},\"query-input\":\"required name=search_term_string\"}],\"inLanguage\":\"es\"},{\"@type\":\"Organization\",\"@id\":\"https:\/\/www.celttv.com.ar\/#organization\",\"name\":\"CELTTV\",\"url\":\"https:\/\/www.celttv.com.ar\/\",\"sameAs\":[\"https:\/\/www.youtube.com\/channel\/UCz_oIt8Hig64Ub-EmcNPIhg\",\"https:\/\/www.facebook.com\/celtTV\/\"],\"logo\":{\"@type\":\"ImageObject\",\"inLanguage\":\"es\",\"@id\":\"https:\/\/www.celttv.com.ar\/#\/schema\/logo\/image\/\",\"url\":\"http:\/\/www.celttv.com.ar\/wp-content\/uploads\/2022\/08\/logo-1.png\",\"contentUrl\":\"http:\/\/www.celttv.com.ar\/wp-content\/uploads\/2022\/08\/logo-1.png\",\"width\":461,\"height\":159,\"caption\":\"CELTTV\"},\"image\":{\"@id\":\"https:\/\/www.celttv.com.ar\/#\/schema\/logo\/image\/\"}},{\"@type\":\"Person\",\"@id\":\"https:\/\/www.celttv.com.ar\/#\/schema\/person\/6d99c072dba59953809c81446e9d0ace\",\"name\":\"ulises\",\"image\":{\"@type\":\"ImageObject\",\"inLanguage\":\"es\",\"@id\":\"https:\/\/www.celttv.com.ar\/#\/schema\/person\/image\/\",\"url\":\"https:\/\/secure.gravatar.com\/avatar\/7f2c48bdc33b30088f941fb6082e555f2874c98e20cb159d7b92b50eadfce793?s=96&d=mm&r=g\",\"contentUrl\":\"https:\/\/secure.gravatar.com\/avatar\/7f2c48bdc33b30088f941fb6082e555f2874c98e20cb159d7b92b50eadfce793?s=96&d=mm&r=g\",\"caption\":\"ulises\"},\"sameAs\":[\"http:\/\/www.celttv.com.ar\"]}]}<\/script>\n<!-- \/ Yoast SEO plugin. -->","yoast_head_json":{"title":"HCD.: APRUEBAN COMPRA DE TERRENO PARA EL AERODROMO E INMUEBLES PARA EL PROGRAMA PRO.CRE.AR (Informe y opiniones) - CELTTV","description":"Sitio web de noticias de la localidad de Tornquist, provincia de Buenos Aires, Rep\u00fablica Argentina. Contenido propio originado por periodistas de CELTTV, el canal de TV local de la Cooperativa El\u00e9ctrica de Tornquist. Turismo, Pol\u00edtica, Sociedad, Deporte, Cultura y todo el contenido de inter\u00e9s general que la gente del pueblo y la regi\u00f3n debe conocer.","robots":{"index":"index","follow":"follow","max-snippet":"max-snippet:-1","max-image-preview":"max-image-preview:large","max-video-preview":"max-video-preview:-1"},"canonical":"https:\/\/www.celttv.com.ar\/index.php\/2014\/06\/11\/hcd-aprueban-compra-de-terreno-para-el-aerodromo-e-inmuebles-para-el-programa-pro-cre-ar-informe-y-opiniones\/","og_locale":"es_ES","og_type":"article","og_title":"HCD.: APRUEBAN COMPRA DE TERRENO PARA EL AERODROMO E INMUEBLES PARA EL PROGRAMA PRO.CRE.AR (Informe y opiniones) - CELTTV","og_description":"Sitio web de noticias de la localidad de Tornquist, provincia de Buenos Aires, Rep\u00fablica Argentina. Contenido propio originado por periodistas de CELTTV, el canal de TV local de la Cooperativa El\u00e9ctrica de Tornquist. Turismo, Pol\u00edtica, Sociedad, Deporte, Cultura y todo el contenido de inter\u00e9s general que la gente del pueblo y la regi\u00f3n debe conocer.","og_url":"https:\/\/www.celttv.com.ar\/index.php\/2014\/06\/11\/hcd-aprueban-compra-de-terreno-para-el-aerodromo-e-inmuebles-para-el-programa-pro-cre-ar-informe-y-opiniones\/","og_site_name":"CELTTV","article_publisher":"https:\/\/www.facebook.com\/celtTV\/","article_published_time":"2014-06-11T14:54:29+00:00","author":"ulises","twitter_card":"summary_large_image","twitter_misc":{"Escrito por":"ulises","Tiempo de lectura":"14 minutos"},"schema":{"@context":"https:\/\/schema.org","@graph":[{"@type":"NewsArticle","@id":"https:\/\/www.celttv.com.ar\/index.php\/2014\/06\/11\/hcd-aprueban-compra-de-terreno-para-el-aerodromo-e-inmuebles-para-el-programa-pro-cre-ar-informe-y-opiniones\/#article","isPartOf":{"@id":"https:\/\/www.celttv.com.ar\/index.php\/2014\/06\/11\/hcd-aprueban-compra-de-terreno-para-el-aerodromo-e-inmuebles-para-el-programa-pro-cre-ar-informe-y-opiniones\/"},"author":{"name":"ulises","@id":"https:\/\/www.celttv.com.ar\/#\/schema\/person\/6d99c072dba59953809c81446e9d0ace"},"headline":"HCD.: APRUEBAN COMPRA DE TERRENO PARA EL AERODROMO E INMUEBLES PARA EL PROGRAMA PRO.CRE.AR (Informe y opiniones)","datePublished":"2014-06-11T14:54:29+00:00","dateModified":"2014-06-11T14:54:29+00:00","mainEntityOfPage":{"@id":"https:\/\/www.celttv.com.ar\/index.php\/2014\/06\/11\/hcd-aprueban-compra-de-terreno-para-el-aerodromo-e-inmuebles-para-el-programa-pro-cre-ar-informe-y-opiniones\/"},"wordCount":2815,"publisher":{"@id":"https:\/\/www.celttv.com.ar\/#organization"},"articleSection":["Comunidad","Destacadas","Pol\u00edtica"],"inLanguage":"es"},{"@type":"WebPage","@id":"https:\/\/www.celttv.com.ar\/index.php\/2014\/06\/11\/hcd-aprueban-compra-de-terreno-para-el-aerodromo-e-inmuebles-para-el-programa-pro-cre-ar-informe-y-opiniones\/","url":"https:\/\/www.celttv.com.ar\/index.php\/2014\/06\/11\/hcd-aprueban-compra-de-terreno-para-el-aerodromo-e-inmuebles-para-el-programa-pro-cre-ar-informe-y-opiniones\/","name":"HCD.: APRUEBAN COMPRA DE TERRENO PARA EL AERODROMO E INMUEBLES PARA EL PROGRAMA PRO.CRE.AR (Informe y opiniones) - CELTTV","isPartOf":{"@id":"https:\/\/www.celttv.com.ar\/#website"},"datePublished":"2014-06-11T14:54:29+00:00","dateModified":"2014-06-11T14:54:29+00:00","description":"Sitio web de noticias de la localidad de Tornquist, provincia de Buenos Aires, Rep\u00fablica Argentina. Contenido propio originado por periodistas de CELTTV, el canal de TV local de la Cooperativa El\u00e9ctrica de Tornquist. Turismo, Pol\u00edtica, Sociedad, Deporte, Cultura y todo el contenido de inter\u00e9s general que la gente del pueblo y la regi\u00f3n debe conocer.","breadcrumb":{"@id":"https:\/\/www.celttv.com.ar\/index.php\/2014\/06\/11\/hcd-aprueban-compra-de-terreno-para-el-aerodromo-e-inmuebles-para-el-programa-pro-cre-ar-informe-y-opiniones\/#breadcrumb"},"inLanguage":"es","potentialAction":[{"@type":"ReadAction","target":["https:\/\/www.celttv.com.ar\/index.php\/2014\/06\/11\/hcd-aprueban-compra-de-terreno-para-el-aerodromo-e-inmuebles-para-el-programa-pro-cre-ar-informe-y-opiniones\/"]}]},{"@type":"BreadcrumbList","@id":"https:\/\/www.celttv.com.ar\/index.php\/2014\/06\/11\/hcd-aprueban-compra-de-terreno-para-el-aerodromo-e-inmuebles-para-el-programa-pro-cre-ar-informe-y-opiniones\/#breadcrumb","itemListElement":[{"@type":"ListItem","position":1,"name":"Inicio","item":"https:\/\/www.celttv.com.ar\/"},{"@type":"ListItem","position":2,"name":"HCD.: APRUEBAN COMPRA DE TERRENO PARA EL AERODROMO E INMUEBLES PARA EL PROGRAMA PRO.CRE.AR (Informe y opiniones)"}]},{"@type":"WebSite","@id":"https:\/\/www.celttv.com.ar\/#website","url":"https:\/\/www.celttv.com.ar\/","name":"CELTTV","description":"Cooperativa El\u00e9ctrica de Tornquist","publisher":{"@id":"https:\/\/www.celttv.com.ar\/#organization"},"potentialAction":[{"@type":"SearchAction","target":{"@type":"EntryPoint","urlTemplate":"https:\/\/www.celttv.com.ar\/?s={search_term_string}"},"query-input":"required name=search_term_string"}],"inLanguage":"es"},{"@type":"Organization","@id":"https:\/\/www.celttv.com.ar\/#organization","name":"CELTTV","url":"https:\/\/www.celttv.com.ar\/","sameAs":["https:\/\/www.youtube.com\/channel\/UCz_oIt8Hig64Ub-EmcNPIhg","https:\/\/www.facebook.com\/celtTV\/"],"logo":{"@type":"ImageObject","inLanguage":"es","@id":"https:\/\/www.celttv.com.ar\/#\/schema\/logo\/image\/","url":"http:\/\/www.celttv.com.ar\/wp-content\/uploads\/2022\/08\/logo-1.png","contentUrl":"http:\/\/www.celttv.com.ar\/wp-content\/uploads\/2022\/08\/logo-1.png","width":461,"height":159,"caption":"CELTTV"},"image":{"@id":"https:\/\/www.celttv.com.ar\/#\/schema\/logo\/image\/"}},{"@type":"Person","@id":"https:\/\/www.celttv.com.ar\/#\/schema\/person\/6d99c072dba59953809c81446e9d0ace","name":"ulises","image":{"@type":"ImageObject","inLanguage":"es","@id":"https:\/\/www.celttv.com.ar\/#\/schema\/person\/image\/","url":"https:\/\/secure.gravatar.com\/avatar\/7f2c48bdc33b30088f941fb6082e555f2874c98e20cb159d7b92b50eadfce793?s=96&d=mm&r=g","contentUrl":"https:\/\/secure.gravatar.com\/avatar\/7f2c48bdc33b30088f941fb6082e555f2874c98e20cb159d7b92b50eadfce793?s=96&d=mm&r=g","caption":"ulises"},"sameAs":["http:\/\/www.celttv.com.ar"]}]}},"_links":{"self":[{"href":"https:\/\/www.celttv.com.ar\/index.php\/wp-json\/wp\/v2\/posts\/21062","targetHints":{"allow":["GET"]}}],"collection":[{"href":"https:\/\/www.celttv.com.ar\/index.php\/wp-json\/wp\/v2\/posts"}],"about":[{"href":"https:\/\/www.celttv.com.ar\/index.php\/wp-json\/wp\/v2\/types\/post"}],"author":[{"embeddable":true,"href":"https:\/\/www.celttv.com.ar\/index.php\/wp-json\/wp\/v2\/users\/1"}],"replies":[{"embeddable":true,"href":"https:\/\/www.celttv.com.ar\/index.php\/wp-json\/wp\/v2\/comments?post=21062"}],"version-history":[{"count":0,"href":"https:\/\/www.celttv.com.ar\/index.php\/wp-json\/wp\/v2\/posts\/21062\/revisions"}],"wp:attachment":[{"href":"https:\/\/www.celttv.com.ar\/index.php\/wp-json\/wp\/v2\/media?parent=21062"}],"wp:term":[{"taxonomy":"category","embeddable":true,"href":"https:\/\/www.celttv.com.ar\/index.php\/wp-json\/wp\/v2\/categories?post=21062"},{"taxonomy":"post_tag","embeddable":true,"href":"https:\/\/www.celttv.com.ar\/index.php\/wp-json\/wp\/v2\/tags?post=21062"}],"curies":[{"name":"wp","href":"https:\/\/api.w.org\/{rel}","templated":true}]}}