{"id":21078,"date":"2014-06-12T20:26:45","date_gmt":"2014-06-12T20:26:45","guid":{"rendered":"http:\/\/www.tvcnoticias.com.ar\/?p=21078"},"modified":"2014-06-12T20:26:45","modified_gmt":"2014-06-12T20:26:45","slug":"automoto-se-quedo-con-el-primer-clasico-de-la-temporada-compacto-goles-y-notas","status":"publish","type":"post","link":"https:\/\/www.celttv.com.ar\/index.php\/2014\/06\/12\/automoto-se-quedo-con-el-primer-clasico-de-la-temporada-compacto-goles-y-notas\/","title":{"rendered":"AUTOMOTO SE QUEDO CON EL PRIMER CLASICO DE LA TEMPORADA (compacto, goles y notas)"},"content":{"rendered":"<p><a href=\"https:\/\/www.youtube.com\/watch?v=o4fOr1NZn5g\">httpv:\/\/www.youtube.com\/watch?v=o4fOr1NZn5g<\/a><br \/>\n<a href=\"https:\/\/www.youtube.com\/watch?v=PoZes3X7QWI\">httpv:\/\/www.youtube.com\/watch?v=PoZes3X7QWI<\/a><br \/>\n<a href=\"https:\/\/www.youtube.com\/watch?v=ycxoIXm0UaY\">httpv:\/\/www.youtube.com\/watch?v=ycxoIXm0UaY<\/a><br \/>\nAunque Uni\u00f3n intent\u00f3 sorprender con una r\u00e1pida llegada al arco rival a los 20 segundos, fue Automoto quien peg\u00f3 primero. Es que a los dos minutos de juego,\u00a0<strong>Kevin Villalba<\/strong> tom\u00f3 un rebote de un c\u00f3rner y desde la l\u00ednea del \u00e1rea remat\u00f3 cruzado a media altura, dejando sin chances a Javier Rubio y poniendo el 1 a 0 parcial.<br \/>\nBaldazo de agua fr\u00eda para Uni\u00f3n, que tuvo que cambiar todo lo planificado anteriormente y salir a igualar el tr\u00e1mite. Sin embargo, el local, con la tranquilidad de estar en ventaja, manej\u00f3 el bal\u00f3n y jug\u00f3 con la desesperaci\u00f3n del visitante por empatar el partido, que cuando baj\u00f3 las revoluciones, mostr\u00f3 m\u00e1s que su rival y tuvo chances para emparejar.<br \/>\nNo obstante, lo que domin\u00f3 en la primera parte fue la fricci\u00f3n en el mediocampo y la gran cantidad de infracciones que se registraron. Piernas fuertes de los dos elencos y pocas amarillas por parte del \u00e1rbitro Ram\u00f3n Mart\u00ednez, quien a pesar de ello, tuvo una buena actuaci\u00f3n.<br \/>\nUn cabezazo de Alexis Espinosa pudo haber encontrado el 1 a 1, pero Rodrigo Mart\u00ednez se estir\u00f3 de gran manera y atenaz\u00f3 con lo justo un bal\u00f3n que parec\u00eda que se met\u00eda en el \u00e1ngulo inferior derecho.<br \/>\nEn el complemento, los dirigidos por Miguel Idoeta salieron decididos a buscar el empate, resignaron espacios y con la potencia de sus delanteros tuvieron situaciones para igualar el tr\u00e1mite, pero nuevamente la figura de Mart\u00ednez se agrand\u00f3 y mantuvo el 1 a 0 parcial.<br \/>\nLa salida de Mat\u00edas Fritz por lesi\u00f3n le quit\u00f3 desequilibro al Verde por el sector derecho, pero sum\u00f3 ideas de juego con el ingreso de Juan Meder, que intent\u00f3 generar espacios y asistir a los atacantes, ante una firma defensa de Automoto.<br \/>\nUn Automoto que nunca perdi\u00f3 la calma y jug\u00f3 con los espacios que ced\u00eda la visita, para as\u00ed estirar ventajas, momento que lleg\u00f3 a los 20 minutos, tras una excelente habilitaci\u00f3n que recibi\u00f3\u00a0<strong>Hern\u00e1n Bilbao<\/strong>, quien le gan\u00f3 las espaldas a los zagueros de Uni\u00f3n y defini\u00f3 solo ante la salida de Rubio.<br \/>\nEl ingreso de Paulo Bauer en Uni\u00f3n le insert\u00f3 a su equipo potencia a la hora de atacar, que con m\u00e1s coraz\u00f3n que f\u00fatbol fue a buscar el descuento que nunca lleg\u00f3. La fiesta fue de Automoto.<br \/>\n<strong><span style=\"text-decoration: underline;\">S\u00edntesis<\/span><\/strong><br \/>\n<strong>Automoto 2:<\/strong> Rodrigo Mart\u00ednez; Valeriano Artigas, Justo Zas, Mat\u00edas Sonzini, Kevin Villalba; Facundo Villar, Emiliano Sandoval, Mat\u00edas Salas, Carlos Fr\u00edas; Alexis \u00c1vila y Hern\u00e1n Bilbao. DT: Guillermo Gatti.<br \/>\nSuplentes: Fabi\u00e1n Villar y F\u00e9lix C\u00f3seres.<br \/>\nCambios: ST 36m. Lucas Gim\u00e9nez por Fr\u00edas, 40m. Emmanuel Montero por Bilbao y 45m. Nicol\u00e1s Sep\u00falveda por Salas.<br \/>\n<strong>Uni\u00f3n 0: <\/strong>Javier Rubio; Sebasti\u00e1n Callava, Alexis Espinosa, Federico Franco, Leonel Moyano; Gast\u00f3n Ackerman, Miguel Castro, Alejandro Gim\u00e9nez, Mat\u00edas Fritz; Ezequiel Schmidt y Leandro Schwab. DT: Miguel Idoeta.<br \/>\nSuplentes: Jos\u00e9 Flores y Juan Pastori.<br \/>\nCambios: ST 15m. Juan Ignacio Meder por Fritz, 21m. Tom\u00e1s Terrugi por Castro y 26m. Paulo Bauer por Franco.<br \/>\nGoles: PT 2m. Villalba (A). ST: 20m. Bilbao (A).<br \/>\nExpulsado: ST 21m. Facundo Villar (A).<br \/>\n\u00c1rbitro: Ram\u00f3n Mart\u00ednez (7).<br \/>\nGaspar Oll\u00e9 para DeporTornquist<br \/>\n&nbsp;<\/p>\n","protected":false},"excerpt":{"rendered":"<p>httpv:\/\/www.youtube.com\/watch?v=o4fOr1NZn5g httpv:\/\/www.youtube.com\/watch?v=PoZes3X7QWI httpv:\/\/www.youtube.com\/watch?v=ycxoIXm0UaY Aunque Uni\u00f3n intent\u00f3 sorprender con una r\u00e1pida llegada al arco rival a los 20 segundos, fue Automoto quien peg\u00f3 primero. Es que a los dos minutos de juego,\u00a0Kevin Villalba tom\u00f3 un rebote de un c\u00f3rner y desde la l\u00ednea del \u00e1rea remat\u00f3 cruzado a media altura, dejando sin chances a Javier Rubio [&hellip;]<\/p>\n","protected":false},"author":1,"featured_media":0,"comment_status":"closed","ping_status":"open","sticky":false,"template":"","format":"standard","meta":{"footnotes":""},"categories":[60,52,64],"tags":[],"class_list":["post-21078","post","type-post","status-publish","format-standard","hentry","category-deporte","category-destacadas","category-videos-destacados"],"yoast_head":"<!-- This site is optimized with the Yoast SEO plugin v19.7.1 - https:\/\/yoast.com\/wordpress\/plugins\/seo\/ -->\n<title>AUTOMOTO SE QUEDO CON EL PRIMER CLASICO DE LA TEMPORADA (compacto, goles y notas) - CELTTV<\/title>\n<meta name=\"description\" content=\"Sitio web de noticias de la localidad de Tornquist, provincia de Buenos Aires, Rep\u00fablica Argentina. Contenido propio originado por periodistas de CELTTV, el canal de TV local de la Cooperativa El\u00e9ctrica de Tornquist. Turismo, Pol\u00edtica, Sociedad, Deporte, Cultura y todo el contenido de inter\u00e9s general que la gente del pueblo y la regi\u00f3n debe conocer.\" \/>\n<meta name=\"robots\" content=\"index, follow, max-snippet:-1, max-image-preview:large, max-video-preview:-1\" \/>\n<link rel=\"canonical\" href=\"https:\/\/www.celttv.com.ar\/index.php\/2014\/06\/12\/automoto-se-quedo-con-el-primer-clasico-de-la-temporada-compacto-goles-y-notas\/\" \/>\n<meta property=\"og:locale\" content=\"es_ES\" \/>\n<meta property=\"og:type\" content=\"article\" \/>\n<meta property=\"og:title\" content=\"AUTOMOTO SE QUEDO CON EL PRIMER CLASICO DE LA TEMPORADA (compacto, goles y notas) - CELTTV\" \/>\n<meta property=\"og:description\" content=\"Sitio web de noticias de la localidad de Tornquist, provincia de Buenos Aires, Rep\u00fablica Argentina. Contenido propio originado por periodistas de CELTTV, el canal de TV local de la Cooperativa El\u00e9ctrica de Tornquist. Turismo, Pol\u00edtica, Sociedad, Deporte, Cultura y todo el contenido de inter\u00e9s general que la gente del pueblo y la regi\u00f3n debe conocer.\" \/>\n<meta property=\"og:url\" content=\"https:\/\/www.celttv.com.ar\/index.php\/2014\/06\/12\/automoto-se-quedo-con-el-primer-clasico-de-la-temporada-compacto-goles-y-notas\/\" \/>\n<meta property=\"og:site_name\" content=\"CELTTV\" \/>\n<meta property=\"article:publisher\" content=\"https:\/\/www.facebook.com\/celtTV\/\" \/>\n<meta property=\"article:published_time\" content=\"2014-06-12T20:26:45+00:00\" \/>\n<meta name=\"author\" content=\"ulises\" \/>\n<meta name=\"twitter:card\" content=\"summary_large_image\" \/>\n<meta name=\"twitter:label1\" content=\"Escrito por\" \/>\n\t<meta name=\"twitter:data1\" content=\"ulises\" \/>\n\t<meta name=\"twitter:label2\" content=\"Tiempo de lectura\" \/>\n\t<meta name=\"twitter:data2\" content=\"3 minutos\" \/>\n<script type=\"application\/ld+json\" class=\"yoast-schema-graph\">{\"@context\":\"https:\/\/schema.org\",\"@graph\":[{\"@type\":\"NewsArticle\",\"@id\":\"https:\/\/www.celttv.com.ar\/index.php\/2014\/06\/12\/automoto-se-quedo-con-el-primer-clasico-de-la-temporada-compacto-goles-y-notas\/#article\",\"isPartOf\":{\"@id\":\"https:\/\/www.celttv.com.ar\/index.php\/2014\/06\/12\/automoto-se-quedo-con-el-primer-clasico-de-la-temporada-compacto-goles-y-notas\/\"},\"author\":{\"name\":\"ulises\",\"@id\":\"https:\/\/www.celttv.com.ar\/#\/schema\/person\/6d99c072dba59953809c81446e9d0ace\"},\"headline\":\"AUTOMOTO SE QUEDO CON EL PRIMER CLASICO DE LA TEMPORADA (compacto, goles y notas)\",\"datePublished\":\"2014-06-12T20:26:45+00:00\",\"dateModified\":\"2014-06-12T20:26:45+00:00\",\"mainEntityOfPage\":{\"@id\":\"https:\/\/www.celttv.com.ar\/index.php\/2014\/06\/12\/automoto-se-quedo-con-el-primer-clasico-de-la-temporada-compacto-goles-y-notas\/\"},\"wordCount\":592,\"publisher\":{\"@id\":\"https:\/\/www.celttv.com.ar\/#organization\"},\"articleSection\":[\"Deporte\",\"Destacadas\",\"Videos Destacados\"],\"inLanguage\":\"es\"},{\"@type\":\"WebPage\",\"@id\":\"https:\/\/www.celttv.com.ar\/index.php\/2014\/06\/12\/automoto-se-quedo-con-el-primer-clasico-de-la-temporada-compacto-goles-y-notas\/\",\"url\":\"https:\/\/www.celttv.com.ar\/index.php\/2014\/06\/12\/automoto-se-quedo-con-el-primer-clasico-de-la-temporada-compacto-goles-y-notas\/\",\"name\":\"AUTOMOTO SE QUEDO CON EL PRIMER CLASICO DE LA TEMPORADA (compacto, goles y notas) - CELTTV\",\"isPartOf\":{\"@id\":\"https:\/\/www.celttv.com.ar\/#website\"},\"datePublished\":\"2014-06-12T20:26:45+00:00\",\"dateModified\":\"2014-06-12T20:26:45+00:00\",\"description\":\"Sitio web de noticias de la localidad de Tornquist, provincia de Buenos Aires, Rep\u00fablica Argentina. Contenido propio originado por periodistas de CELTTV, el canal de TV local de la Cooperativa El\u00e9ctrica de Tornquist. Turismo, Pol\u00edtica, Sociedad, Deporte, Cultura y todo el contenido de inter\u00e9s general que la gente del pueblo y la regi\u00f3n debe conocer.\",\"breadcrumb\":{\"@id\":\"https:\/\/www.celttv.com.ar\/index.php\/2014\/06\/12\/automoto-se-quedo-con-el-primer-clasico-de-la-temporada-compacto-goles-y-notas\/#breadcrumb\"},\"inLanguage\":\"es\",\"potentialAction\":[{\"@type\":\"ReadAction\",\"target\":[\"https:\/\/www.celttv.com.ar\/index.php\/2014\/06\/12\/automoto-se-quedo-con-el-primer-clasico-de-la-temporada-compacto-goles-y-notas\/\"]}]},{\"@type\":\"BreadcrumbList\",\"@id\":\"https:\/\/www.celttv.com.ar\/index.php\/2014\/06\/12\/automoto-se-quedo-con-el-primer-clasico-de-la-temporada-compacto-goles-y-notas\/#breadcrumb\",\"itemListElement\":[{\"@type\":\"ListItem\",\"position\":1,\"name\":\"Inicio\",\"item\":\"https:\/\/www.celttv.com.ar\/\"},{\"@type\":\"ListItem\",\"position\":2,\"name\":\"AUTOMOTO SE QUEDO CON EL PRIMER CLASICO DE LA TEMPORADA (compacto, goles y notas)\"}]},{\"@type\":\"WebSite\",\"@id\":\"https:\/\/www.celttv.com.ar\/#website\",\"url\":\"https:\/\/www.celttv.com.ar\/\",\"name\":\"CELTTV\",\"description\":\"Cooperativa El\u00e9ctrica de Tornquist\",\"publisher\":{\"@id\":\"https:\/\/www.celttv.com.ar\/#organization\"},\"potentialAction\":[{\"@type\":\"SearchAction\",\"target\":{\"@type\":\"EntryPoint\",\"urlTemplate\":\"https:\/\/www.celttv.com.ar\/?s={search_term_string}\"},\"query-input\":\"required name=search_term_string\"}],\"inLanguage\":\"es\"},{\"@type\":\"Organization\",\"@id\":\"https:\/\/www.celttv.com.ar\/#organization\",\"name\":\"CELTTV\",\"url\":\"https:\/\/www.celttv.com.ar\/\",\"sameAs\":[\"https:\/\/www.youtube.com\/channel\/UCz_oIt8Hig64Ub-EmcNPIhg\",\"https:\/\/www.facebook.com\/celtTV\/\"],\"logo\":{\"@type\":\"ImageObject\",\"inLanguage\":\"es\",\"@id\":\"https:\/\/www.celttv.com.ar\/#\/schema\/logo\/image\/\",\"url\":\"http:\/\/www.celttv.com.ar\/wp-content\/uploads\/2022\/08\/logo-1.png\",\"contentUrl\":\"http:\/\/www.celttv.com.ar\/wp-content\/uploads\/2022\/08\/logo-1.png\",\"width\":461,\"height\":159,\"caption\":\"CELTTV\"},\"image\":{\"@id\":\"https:\/\/www.celttv.com.ar\/#\/schema\/logo\/image\/\"}},{\"@type\":\"Person\",\"@id\":\"https:\/\/www.celttv.com.ar\/#\/schema\/person\/6d99c072dba59953809c81446e9d0ace\",\"name\":\"ulises\",\"image\":{\"@type\":\"ImageObject\",\"inLanguage\":\"es\",\"@id\":\"https:\/\/www.celttv.com.ar\/#\/schema\/person\/image\/\",\"url\":\"https:\/\/secure.gravatar.com\/avatar\/7f2c48bdc33b30088f941fb6082e555f2874c98e20cb159d7b92b50eadfce793?s=96&d=mm&r=g\",\"contentUrl\":\"https:\/\/secure.gravatar.com\/avatar\/7f2c48bdc33b30088f941fb6082e555f2874c98e20cb159d7b92b50eadfce793?s=96&d=mm&r=g\",\"caption\":\"ulises\"},\"sameAs\":[\"http:\/\/www.celttv.com.ar\"]}]}<\/script>\n<!-- \/ Yoast SEO plugin. -->","yoast_head_json":{"title":"AUTOMOTO SE QUEDO CON EL PRIMER CLASICO DE LA TEMPORADA (compacto, goles y notas) - CELTTV","description":"Sitio web de noticias de la localidad de Tornquist, provincia de Buenos Aires, Rep\u00fablica Argentina. Contenido propio originado por periodistas de CELTTV, el canal de TV local de la Cooperativa El\u00e9ctrica de Tornquist. Turismo, Pol\u00edtica, Sociedad, Deporte, Cultura y todo el contenido de inter\u00e9s general que la gente del pueblo y la regi\u00f3n debe conocer.","robots":{"index":"index","follow":"follow","max-snippet":"max-snippet:-1","max-image-preview":"max-image-preview:large","max-video-preview":"max-video-preview:-1"},"canonical":"https:\/\/www.celttv.com.ar\/index.php\/2014\/06\/12\/automoto-se-quedo-con-el-primer-clasico-de-la-temporada-compacto-goles-y-notas\/","og_locale":"es_ES","og_type":"article","og_title":"AUTOMOTO SE QUEDO CON EL PRIMER CLASICO DE LA TEMPORADA (compacto, goles y notas) - CELTTV","og_description":"Sitio web de noticias de la localidad de Tornquist, provincia de Buenos Aires, Rep\u00fablica Argentina. Contenido propio originado por periodistas de CELTTV, el canal de TV local de la Cooperativa El\u00e9ctrica de Tornquist. Turismo, Pol\u00edtica, Sociedad, Deporte, Cultura y todo el contenido de inter\u00e9s general que la gente del pueblo y la regi\u00f3n debe conocer.","og_url":"https:\/\/www.celttv.com.ar\/index.php\/2014\/06\/12\/automoto-se-quedo-con-el-primer-clasico-de-la-temporada-compacto-goles-y-notas\/","og_site_name":"CELTTV","article_publisher":"https:\/\/www.facebook.com\/celtTV\/","article_published_time":"2014-06-12T20:26:45+00:00","author":"ulises","twitter_card":"summary_large_image","twitter_misc":{"Escrito por":"ulises","Tiempo de lectura":"3 minutos"},"schema":{"@context":"https:\/\/schema.org","@graph":[{"@type":"NewsArticle","@id":"https:\/\/www.celttv.com.ar\/index.php\/2014\/06\/12\/automoto-se-quedo-con-el-primer-clasico-de-la-temporada-compacto-goles-y-notas\/#article","isPartOf":{"@id":"https:\/\/www.celttv.com.ar\/index.php\/2014\/06\/12\/automoto-se-quedo-con-el-primer-clasico-de-la-temporada-compacto-goles-y-notas\/"},"author":{"name":"ulises","@id":"https:\/\/www.celttv.com.ar\/#\/schema\/person\/6d99c072dba59953809c81446e9d0ace"},"headline":"AUTOMOTO SE QUEDO CON EL PRIMER CLASICO DE LA TEMPORADA (compacto, goles y notas)","datePublished":"2014-06-12T20:26:45+00:00","dateModified":"2014-06-12T20:26:45+00:00","mainEntityOfPage":{"@id":"https:\/\/www.celttv.com.ar\/index.php\/2014\/06\/12\/automoto-se-quedo-con-el-primer-clasico-de-la-temporada-compacto-goles-y-notas\/"},"wordCount":592,"publisher":{"@id":"https:\/\/www.celttv.com.ar\/#organization"},"articleSection":["Deporte","Destacadas","Videos Destacados"],"inLanguage":"es"},{"@type":"WebPage","@id":"https:\/\/www.celttv.com.ar\/index.php\/2014\/06\/12\/automoto-se-quedo-con-el-primer-clasico-de-la-temporada-compacto-goles-y-notas\/","url":"https:\/\/www.celttv.com.ar\/index.php\/2014\/06\/12\/automoto-se-quedo-con-el-primer-clasico-de-la-temporada-compacto-goles-y-notas\/","name":"AUTOMOTO SE QUEDO CON EL PRIMER CLASICO DE LA TEMPORADA (compacto, goles y notas) - CELTTV","isPartOf":{"@id":"https:\/\/www.celttv.com.ar\/#website"},"datePublished":"2014-06-12T20:26:45+00:00","dateModified":"2014-06-12T20:26:45+00:00","description":"Sitio web de noticias de la localidad de Tornquist, provincia de Buenos Aires, Rep\u00fablica Argentina. Contenido propio originado por periodistas de CELTTV, el canal de TV local de la Cooperativa El\u00e9ctrica de Tornquist. Turismo, Pol\u00edtica, Sociedad, Deporte, Cultura y todo el contenido de inter\u00e9s general que la gente del pueblo y la regi\u00f3n debe conocer.","breadcrumb":{"@id":"https:\/\/www.celttv.com.ar\/index.php\/2014\/06\/12\/automoto-se-quedo-con-el-primer-clasico-de-la-temporada-compacto-goles-y-notas\/#breadcrumb"},"inLanguage":"es","potentialAction":[{"@type":"ReadAction","target":["https:\/\/www.celttv.com.ar\/index.php\/2014\/06\/12\/automoto-se-quedo-con-el-primer-clasico-de-la-temporada-compacto-goles-y-notas\/"]}]},{"@type":"BreadcrumbList","@id":"https:\/\/www.celttv.com.ar\/index.php\/2014\/06\/12\/automoto-se-quedo-con-el-primer-clasico-de-la-temporada-compacto-goles-y-notas\/#breadcrumb","itemListElement":[{"@type":"ListItem","position":1,"name":"Inicio","item":"https:\/\/www.celttv.com.ar\/"},{"@type":"ListItem","position":2,"name":"AUTOMOTO SE QUEDO CON EL PRIMER CLASICO DE LA TEMPORADA (compacto, goles y notas)"}]},{"@type":"WebSite","@id":"https:\/\/www.celttv.com.ar\/#website","url":"https:\/\/www.celttv.com.ar\/","name":"CELTTV","description":"Cooperativa El\u00e9ctrica de Tornquist","publisher":{"@id":"https:\/\/www.celttv.com.ar\/#organization"},"potentialAction":[{"@type":"SearchAction","target":{"@type":"EntryPoint","urlTemplate":"https:\/\/www.celttv.com.ar\/?s={search_term_string}"},"query-input":"required name=search_term_string"}],"inLanguage":"es"},{"@type":"Organization","@id":"https:\/\/www.celttv.com.ar\/#organization","name":"CELTTV","url":"https:\/\/www.celttv.com.ar\/","sameAs":["https:\/\/www.youtube.com\/channel\/UCz_oIt8Hig64Ub-EmcNPIhg","https:\/\/www.facebook.com\/celtTV\/"],"logo":{"@type":"ImageObject","inLanguage":"es","@id":"https:\/\/www.celttv.com.ar\/#\/schema\/logo\/image\/","url":"http:\/\/www.celttv.com.ar\/wp-content\/uploads\/2022\/08\/logo-1.png","contentUrl":"http:\/\/www.celttv.com.ar\/wp-content\/uploads\/2022\/08\/logo-1.png","width":461,"height":159,"caption":"CELTTV"},"image":{"@id":"https:\/\/www.celttv.com.ar\/#\/schema\/logo\/image\/"}},{"@type":"Person","@id":"https:\/\/www.celttv.com.ar\/#\/schema\/person\/6d99c072dba59953809c81446e9d0ace","name":"ulises","image":{"@type":"ImageObject","inLanguage":"es","@id":"https:\/\/www.celttv.com.ar\/#\/schema\/person\/image\/","url":"https:\/\/secure.gravatar.com\/avatar\/7f2c48bdc33b30088f941fb6082e555f2874c98e20cb159d7b92b50eadfce793?s=96&d=mm&r=g","contentUrl":"https:\/\/secure.gravatar.com\/avatar\/7f2c48bdc33b30088f941fb6082e555f2874c98e20cb159d7b92b50eadfce793?s=96&d=mm&r=g","caption":"ulises"},"sameAs":["http:\/\/www.celttv.com.ar"]}]}},"_links":{"self":[{"href":"https:\/\/www.celttv.com.ar\/index.php\/wp-json\/wp\/v2\/posts\/21078","targetHints":{"allow":["GET"]}}],"collection":[{"href":"https:\/\/www.celttv.com.ar\/index.php\/wp-json\/wp\/v2\/posts"}],"about":[{"href":"https:\/\/www.celttv.com.ar\/index.php\/wp-json\/wp\/v2\/types\/post"}],"author":[{"embeddable":true,"href":"https:\/\/www.celttv.com.ar\/index.php\/wp-json\/wp\/v2\/users\/1"}],"replies":[{"embeddable":true,"href":"https:\/\/www.celttv.com.ar\/index.php\/wp-json\/wp\/v2\/comments?post=21078"}],"version-history":[{"count":0,"href":"https:\/\/www.celttv.com.ar\/index.php\/wp-json\/wp\/v2\/posts\/21078\/revisions"}],"wp:attachment":[{"href":"https:\/\/www.celttv.com.ar\/index.php\/wp-json\/wp\/v2\/media?parent=21078"}],"wp:term":[{"taxonomy":"category","embeddable":true,"href":"https:\/\/www.celttv.com.ar\/index.php\/wp-json\/wp\/v2\/categories?post=21078"},{"taxonomy":"post_tag","embeddable":true,"href":"https:\/\/www.celttv.com.ar\/index.php\/wp-json\/wp\/v2\/tags?post=21078"}],"curies":[{"name":"wp","href":"https:\/\/api.w.org\/{rel}","templated":true}]}}